{"id":1711,"date":"2021-03-17T11:45:06","date_gmt":"2021-03-17T15:45:06","guid":{"rendered":"https:\/\/soynuevaprensadigital.com\/news1053fm\/?p=1711"},"modified":"2022-06-02T09:51:44","modified_gmt":"2022-06-02T13:51:44","slug":"efemerides-deportivas-17-de-marzo-kimi-raikkonen-gana-el-gp-de-australia-2013","status":"publish","type":"post","link":"https:\/\/soynuevaprensadigital.com\/news1053fm\/efemerides-deportivas-17-de-marzo-kimi-raikkonen-gana-el-gp-de-australia-2013\/","title":{"rendered":"Efem\u00e9rides Deportivas 17 de marzo: Kimi Raikkonen gana el GP de Australia 2013"},"content":{"rendered":"<p><strong>Ciudad Guayana. <\/strong>El finland\u00e9s Kimi Raikkonen se convirti\u00f3 un d\u00eda como hoy, en el primer l\u00edder de la Temporada 2013 de F\u00f3rmula 1 al ganar el Gran Premio de Australia, disputado en el circuito semiurbano de Albert Park, en Melbourne, en el que Fernando Alonso (Ferrari) termin\u00f3 segundo.<\/p>\n<p>Espect\u00e1culo matutino para comenzar aquella temporada. Raikkonen y Fernando Alonso rompieron todos los pron\u00f3sticos, que indicaban una carrera f\u00e1cil para los Red Bull, y llevaron al grado m\u00e1ximo el &#8216;circo&#8217; de la F\u00f3rmula 1. La calificaci\u00f3n, retrasada hasta el domingo por la intensa lluvia que ca\u00eda el s\u00e1bado sobre Melbourne, hab\u00eda indicado el poder\u00edo de la escuder\u00eda brit\u00e1nica, pero Vettel sufri\u00f3 en exceso la degradaci\u00f3n de los neum\u00e1ticos y acab\u00f3 sin opciones.<\/p>\n<p>El enfado que ten\u00eda Alonso tras la suspensi\u00f3n de la calificaci\u00f3n sobre lluvia, situaci\u00f3n ideal para el asturiano, se calm\u00f3 tras la gran carrera que protagoniz\u00f3 en el trazado semiurbano de Albert Park.<\/p>\n<p>Alonso rodaba tercero, tras Vettel y tras Felipe Massa (Ferrari), cuando sus jefes le encargaban pasar por &#8216;boxes&#8217;. Hab\u00eda que cambiar la estrategia y tocaba ir a tres paradas. Antes, Alonso hab\u00eda protagonizado una salida de las suyas. Como si fuese la \u00faltima carrera del Mundial, el asturiano, que part\u00eda quinto, se ech\u00f3 encima de Lewis Hamilton (Mercedes) y de un Mark Webber (Red Bull) que volv\u00eda a dejar mucho que desear a la hora de ponerse el sem\u00e1foro en verde.<\/p>\n<p>De forma inesperada, Massa consigui\u00f3 colocarse segundo y, tras \u00e9l, se situ\u00f3 Alonso a la espera de su momento para atacar. Por delante, el &#8216;poleman&#8217; Sebastian Vettel hab\u00eda tomado la cabeza de carrera y nadie esperaba que no se llevara la victoria. Pero Red Bull no contaba con que la degradaci\u00f3n de neum\u00e1ticos le jugar\u00eda una mala pasada. Vettel no acababa de conseguir el m\u00e1ximo rendimiento de su monoplaza y Ferrari lo aprovechaba para que no se escapara en solitario.<\/p>\n<p>Massa lo presionaba mientras la escuder\u00eda italiana pensaba en gestionar una nueva estrategia para romper la carrera con Alonso. El asturiano entraba en el &#8216;pit lane&#8217; en la vuelta 21 y consegu\u00eda recortar m\u00e1s de medio segundo en el siguiente giro sobre Vettel y Massa. Red Bull reaccionaba inmediatamente, pero ya era tarde y Alonso le ganaba la posici\u00f3n, mientras que el brasile\u00f1o se mostraba muy enfadado por la radio por la apuesta de su equipo por el asturiano y no por \u00e9l.<\/p>\n<p>Alonso se pon\u00eda cuarto, pero l\u00edder virtual. Adrian Sutil (Force India), Raikkonen y Hamilton estaban por delante, rivales que se acabar\u00edan cayendo por su propio peso al tener que pasar por &#8216;boxes&#8217;. Pero pasaban las vueltas y Sutil y Raikkonen resist\u00edan.<\/p>\n<p>Alonso hab\u00eda conseguido adelantar a Hamilton pese a la oposici\u00f3n del brit\u00e1nico y hab\u00eda puesto su punto de mira en Raikkonen. Sutil se daba por vencido y entraba a cambiar neum\u00e1ticos, pero Raikkonen continuaba en pista, indicando que su estrategia ser\u00eda de dos paradas. Por tanto, a falta de una parada para cada piloto, si Alonso quer\u00eda subir a lo m\u00e1s alto del podio, tendr\u00eda que adelantarlo en pista.<\/p>\n<p>El asturiano intentaba recortar los cinco segundos que le separaban del finland\u00e9s, pero el Lotus marchaba muy bien y el Ferrari era incapaz de reducir la diferencia. La lluvia amenazaba con descargar sobre Albert Park, as\u00ed que Alonso empez\u00f3 a controlar la distancia que ten\u00eda con respecto a Vettel, que continuaba sufriendo la degradaci\u00f3n de sus neum\u00e1ticos, dejando que Raikkonen rodara hacia la primera victoria del a\u00f1o.<\/p>\n","protected":false},"excerpt":{"rendered":"<p>Ciudad Guayana. El finland\u00e9s Kimi Raikkonen se convirti\u00f3 un d\u00eda como hoy, en el primer l\u00edder de la Temporada 2013 de F\u00f3rmula 1 al ganar el Gran Premio de Australia, disputado en el circuito semiurbano de Albert Park, en Melbourne, en el que Fernando Alonso (Ferrari) termin\u00f3 segundo. Espect\u00e1culo matutino para comenzar aquella temporada. Raikkonen [&hellip;]<\/p>\n","protected":false},"author":158,"featured_media":0,"comment_status":"closed","ping_status":"closed","sticky":false,"template":"","format":"standard","meta":{"footnotes":""},"categories":[2,19],"tags":[],"class_list":["post-1711","post","type-post","status-publish","format-standard","hentry","category-featured","category-mundo-deportivo"],"yoast_head":"<!-- This site is optimized with the Yoast SEO plugin v27.5 - https:\/\/yoast.com\/product\/yoast-seo-wordpress\/ -->\n<title>Efem\u00e9rides Deportivas 17 de marzo: Kimi Raikkonen gana el GP de Australia 2013 - News 105.3 FM<\/title>\n<meta name=\"description\" content=\"El finland\u00e9s Kimi Raikkonen se convirti\u00f3 un d\u00eda como hoy, en el primer l\u00edder de la Temporada 2013 de F\u00f3rmula 1\" \/>\n<meta name=\"robots\" content=\"index, follow, max-snippet:-1, max-image-preview:large, max-video-preview:-1\" \/>\n<link rel=\"canonical\" href=\"https:\/\/soynuevaprensadigital.com\/news1053fm\/efemerides-deportivas-17-de-marzo-kimi-raikkonen-gana-el-gp-de-australia-2013\/\" \/>\n<meta property=\"og:locale\" content=\"es_ES\" \/>\n<meta property=\"og:type\" content=\"article\" \/>\n<meta property=\"og:title\" content=\"Efem\u00e9rides Deportivas 17 de marzo: Kimi Raikkonen gana el GP de Australia 2013 - News 105.3 FM\" \/>\n<meta property=\"og:description\" content=\"El finland\u00e9s Kimi Raikkonen se convirti\u00f3 un d\u00eda como hoy, en el primer l\u00edder de la Temporada 2013 de F\u00f3rmula 1\" \/>\n<meta property=\"og:url\" content=\"https:\/\/soynuevaprensadigital.com\/news1053fm\/efemerides-deportivas-17-de-marzo-kimi-raikkonen-gana-el-gp-de-australia-2013\/\" \/>\n<meta property=\"og:site_name\" content=\"News 105.3 FM\" \/>\n<meta property=\"article:publisher\" content=\"https:\/\/www.facebook.com\/News1053fm-1655395028099413\/\" \/>\n<meta property=\"article:author\" content=\"https:\/\/www.facebook.com\/AlvisCristinaHe\" \/>\n<meta property=\"article:published_time\" content=\"2021-03-17T15:45:06+00:00\" \/>\n<meta property=\"article:modified_time\" content=\"2022-06-02T13:51:44+00:00\" \/>\n<meta name=\"author\" content=\"Alvis Cristina Herrera\" \/>\n<meta name=\"twitter:card\" content=\"summary_large_image\" \/>\n<meta name=\"twitter:creator\" content=\"@https:\/\/www.twitter.com\/alviscristinahe\/\" \/>\n<meta name=\"twitter:site\" content=\"@news105_3fm\" \/>\n<meta name=\"twitter:label1\" content=\"Escrito por\" \/>\n\t<meta name=\"twitter:data1\" content=\"Alvis Cristina Herrera\" \/>\n\t<meta name=\"twitter:label2\" content=\"Tiempo de lectura\" \/>\n\t<meta name=\"twitter:data2\" content=\"3 minutos\" \/>\n<script type=\"application\/ld+json\" class=\"yoast-schema-graph\">{\"@context\":\"https:\\\/\\\/schema.org\",\"@graph\":[{\"@type\":\"Article\",\"@id\":\"https:\\\/\\\/soynuevaprensadigital.com\\\/news1053fm\\\/efemerides-deportivas-17-de-marzo-kimi-raikkonen-gana-el-gp-de-australia-2013\\\/#article\",\"isPartOf\":{\"@id\":\"https:\\\/\\\/soynuevaprensadigital.com\\\/news1053fm\\\/efemerides-deportivas-17-de-marzo-kimi-raikkonen-gana-el-gp-de-australia-2013\\\/\"},\"author\":{\"name\":\"Alvis Cristina Herrera\",\"@id\":\"https:\\\/\\\/soynuevaprensadigital.com\\\/news1053fm\\\/#\\\/schema\\\/person\\\/aa2d09ab130e943e3c7b360a32177538\"},\"headline\":\"Efem\u00e9rides Deportivas 17 de marzo: Kimi Raikkonen gana el GP de Australia 2013\",\"datePublished\":\"2021-03-17T15:45:06+00:00\",\"dateModified\":\"2022-06-02T13:51:44+00:00\",\"mainEntityOfPage\":{\"@id\":\"https:\\\/\\\/soynuevaprensadigital.com\\\/news1053fm\\\/efemerides-deportivas-17-de-marzo-kimi-raikkonen-gana-el-gp-de-australia-2013\\\/\"},\"wordCount\":637,\"articleSection\":[\"Featured\",\"Mundo Deportivo\"],\"inLanguage\":\"es\"},{\"@type\":\"WebPage\",\"@id\":\"https:\\\/\\\/soynuevaprensadigital.com\\\/news1053fm\\\/efemerides-deportivas-17-de-marzo-kimi-raikkonen-gana-el-gp-de-australia-2013\\\/\",\"url\":\"https:\\\/\\\/soynuevaprensadigital.com\\\/news1053fm\\\/efemerides-deportivas-17-de-marzo-kimi-raikkonen-gana-el-gp-de-australia-2013\\\/\",\"name\":\"Efem\u00e9rides Deportivas 17 de marzo: Kimi Raikkonen gana el GP de Australia 2013 - News 105.3 FM\",\"isPartOf\":{\"@id\":\"https:\\\/\\\/soynuevaprensadigital.com\\\/news1053fm\\\/#website\"},\"datePublished\":\"2021-03-17T15:45:06+00:00\",\"dateModified\":\"2022-06-02T13:51:44+00:00\",\"author\":{\"@id\":\"https:\\\/\\\/soynuevaprensadigital.com\\\/news1053fm\\\/#\\\/schema\\\/person\\\/aa2d09ab130e943e3c7b360a32177538\"},\"description\":\"El finland\u00e9s Kimi Raikkonen se convirti\u00f3 un d\u00eda como hoy, en el primer l\u00edder de la Temporada 2013 de F\u00f3rmula 1\",\"breadcrumb\":{\"@id\":\"https:\\\/\\\/soynuevaprensadigital.com\\\/news1053fm\\\/efemerides-deportivas-17-de-marzo-kimi-raikkonen-gana-el-gp-de-australia-2013\\\/#breadcrumb\"},\"inLanguage\":\"es\",\"potentialAction\":[{\"@type\":\"ReadAction\",\"target\":[\"https:\\\/\\\/soynuevaprensadigital.com\\\/news1053fm\\\/efemerides-deportivas-17-de-marzo-kimi-raikkonen-gana-el-gp-de-australia-2013\\\/\"]}]},{\"@type\":\"BreadcrumbList\",\"@id\":\"https:\\\/\\\/soynuevaprensadigital.com\\\/news1053fm\\\/efemerides-deportivas-17-de-marzo-kimi-raikkonen-gana-el-gp-de-australia-2013\\\/#breadcrumb\",\"itemListElement\":[{\"@type\":\"ListItem\",\"position\":1,\"name\":\"Portada\",\"item\":\"https:\\\/\\\/soynuevaprensadigital.com\\\/news1053fm\\\/\"},{\"@type\":\"ListItem\",\"position\":2,\"name\":\"Efem\u00e9rides Deportivas 17 de marzo: Kimi Raikkonen gana el GP de Australia 2013\"}]},{\"@type\":\"WebSite\",\"@id\":\"https:\\\/\\\/soynuevaprensadigital.com\\\/news1053fm\\\/#website\",\"url\":\"https:\\\/\\\/soynuevaprensadigital.com\\\/news1053fm\\\/\",\"name\":\"News 105.3 FM\",\"description\":\"Nuestro compromiso contigo nos permite ofrecerte la radio de mejor calidad, la frecuencia m\u00e1s limpia yel entretenimiento para todos los gustos.\",\"potentialAction\":[{\"@type\":\"SearchAction\",\"target\":{\"@type\":\"EntryPoint\",\"urlTemplate\":\"https:\\\/\\\/soynuevaprensadigital.com\\\/news1053fm\\\/?s={search_term_string}\"},\"query-input\":{\"@type\":\"PropertyValueSpecification\",\"valueRequired\":true,\"valueName\":\"search_term_string\"}}],\"inLanguage\":\"es\"},{\"@type\":\"Person\",\"@id\":\"https:\\\/\\\/soynuevaprensadigital.com\\\/news1053fm\\\/#\\\/schema\\\/person\\\/aa2d09ab130e943e3c7b360a32177538\",\"name\":\"Alvis Cristina Herrera\",\"image\":{\"@type\":\"ImageObject\",\"inLanguage\":\"es\",\"@id\":\"https:\\\/\\\/secure.gravatar.com\\\/avatar\\\/6a4b461595fbd8c4d0947e89062b7b1df5ea5bc6348126d9594f8d0cece5be89?s=96&d=mm&r=g\",\"url\":\"https:\\\/\\\/secure.gravatar.com\\\/avatar\\\/6a4b461595fbd8c4d0947e89062b7b1df5ea5bc6348126d9594f8d0cece5be89?s=96&d=mm&r=g\",\"contentUrl\":\"https:\\\/\\\/secure.gravatar.com\\\/avatar\\\/6a4b461595fbd8c4d0947e89062b7b1df5ea5bc6348126d9594f8d0cece5be89?s=96&d=mm&r=g\",\"caption\":\"Alvis Cristina Herrera\"},\"sameAs\":[\"https:\\\/\\\/www.facebook.com\\\/AlvisCristinaHe\",\"https:\\\/\\\/www.instagram.com\\\/alviscristinahe\\\/\",\"https:\\\/\\\/www.linkedin.com\\\/in\\\/alviscristinahe\\\/\",\"https:\\\/\\\/x.com\\\/https:\\\/\\\/www.twitter.com\\\/alviscristinahe\\\/\"],\"url\":\"https:\\\/\\\/soynuevaprensadigital.com\\\/news1053fm\\\/author\\\/alvisherrera\\\/\"}]}<\/script>\n<!-- \/ Yoast SEO plugin. -->","yoast_head_json":{"title":"Efem\u00e9rides Deportivas 17 de marzo: Kimi Raikkonen gana el GP de Australia 2013 - News 105.3 FM","description":"El finland\u00e9s Kimi Raikkonen se convirti\u00f3 un d\u00eda como hoy, en el primer l\u00edder de la Temporada 2013 de F\u00f3rmula 1","robots":{"index":"index","follow":"follow","max-snippet":"max-snippet:-1","max-image-preview":"max-image-preview:large","max-video-preview":"max-video-preview:-1"},"canonical":"https:\/\/soynuevaprensadigital.com\/news1053fm\/efemerides-deportivas-17-de-marzo-kimi-raikkonen-gana-el-gp-de-australia-2013\/","og_locale":"es_ES","og_type":"article","og_title":"Efem\u00e9rides Deportivas 17 de marzo: Kimi Raikkonen gana el GP de Australia 2013 - News 105.3 FM","og_description":"El finland\u00e9s Kimi Raikkonen se convirti\u00f3 un d\u00eda como hoy, en el primer l\u00edder de la Temporada 2013 de F\u00f3rmula 1","og_url":"https:\/\/soynuevaprensadigital.com\/news1053fm\/efemerides-deportivas-17-de-marzo-kimi-raikkonen-gana-el-gp-de-australia-2013\/","og_site_name":"News 105.3 FM","article_publisher":"https:\/\/www.facebook.com\/News1053fm-1655395028099413\/","article_author":"https:\/\/www.facebook.com\/AlvisCristinaHe","article_published_time":"2021-03-17T15:45:06+00:00","article_modified_time":"2022-06-02T13:51:44+00:00","author":"Alvis Cristina Herrera","twitter_card":"summary_large_image","twitter_creator":"@https:\/\/www.twitter.com\/alviscristinahe\/","twitter_site":"@news105_3fm","twitter_misc":{"Escrito por":"Alvis Cristina Herrera","Tiempo de lectura":"3 minutos"},"schema":{"@context":"https:\/\/schema.org","@graph":[{"@type":"Article","@id":"https:\/\/soynuevaprensadigital.com\/news1053fm\/efemerides-deportivas-17-de-marzo-kimi-raikkonen-gana-el-gp-de-australia-2013\/#article","isPartOf":{"@id":"https:\/\/soynuevaprensadigital.com\/news1053fm\/efemerides-deportivas-17-de-marzo-kimi-raikkonen-gana-el-gp-de-australia-2013\/"},"author":{"name":"Alvis Cristina Herrera","@id":"https:\/\/soynuevaprensadigital.com\/news1053fm\/#\/schema\/person\/aa2d09ab130e943e3c7b360a32177538"},"headline":"Efem\u00e9rides Deportivas 17 de marzo: Kimi Raikkonen gana el GP de Australia 2013","datePublished":"2021-03-17T15:45:06+00:00","dateModified":"2022-06-02T13:51:44+00:00","mainEntityOfPage":{"@id":"https:\/\/soynuevaprensadigital.com\/news1053fm\/efemerides-deportivas-17-de-marzo-kimi-raikkonen-gana-el-gp-de-australia-2013\/"},"wordCount":637,"articleSection":["Featured","Mundo Deportivo"],"inLanguage":"es"},{"@type":"WebPage","@id":"https:\/\/soynuevaprensadigital.com\/news1053fm\/efemerides-deportivas-17-de-marzo-kimi-raikkonen-gana-el-gp-de-australia-2013\/","url":"https:\/\/soynuevaprensadigital.com\/news1053fm\/efemerides-deportivas-17-de-marzo-kimi-raikkonen-gana-el-gp-de-australia-2013\/","name":"Efem\u00e9rides Deportivas 17 de marzo: Kimi Raikkonen gana el GP de Australia 2013 - News 105.3 FM","isPartOf":{"@id":"https:\/\/soynuevaprensadigital.com\/news1053fm\/#website"},"datePublished":"2021-03-17T15:45:06+00:00","dateModified":"2022-06-02T13:51:44+00:00","author":{"@id":"https:\/\/soynuevaprensadigital.com\/news1053fm\/#\/schema\/person\/aa2d09ab130e943e3c7b360a32177538"},"description":"El finland\u00e9s Kimi Raikkonen se convirti\u00f3 un d\u00eda como hoy, en el primer l\u00edder de la Temporada 2013 de F\u00f3rmula 1","breadcrumb":{"@id":"https:\/\/soynuevaprensadigital.com\/news1053fm\/efemerides-deportivas-17-de-marzo-kimi-raikkonen-gana-el-gp-de-australia-2013\/#breadcrumb"},"inLanguage":"es","potentialAction":[{"@type":"ReadAction","target":["https:\/\/soynuevaprensadigital.com\/news1053fm\/efemerides-deportivas-17-de-marzo-kimi-raikkonen-gana-el-gp-de-australia-2013\/"]}]},{"@type":"BreadcrumbList","@id":"https:\/\/soynuevaprensadigital.com\/news1053fm\/efemerides-deportivas-17-de-marzo-kimi-raikkonen-gana-el-gp-de-australia-2013\/#breadcrumb","itemListElement":[{"@type":"ListItem","position":1,"name":"Portada","item":"https:\/\/soynuevaprensadigital.com\/news1053fm\/"},{"@type":"ListItem","position":2,"name":"Efem\u00e9rides Deportivas 17 de marzo: Kimi Raikkonen gana el GP de Australia 2013"}]},{"@type":"WebSite","@id":"https:\/\/soynuevaprensadigital.com\/news1053fm\/#website","url":"https:\/\/soynuevaprensadigital.com\/news1053fm\/","name":"News 105.3 FM","description":"Nuestro compromiso contigo nos permite ofrecerte la radio de mejor calidad, la frecuencia m\u00e1s limpia yel entretenimiento para todos los gustos.","potentialAction":[{"@type":"SearchAction","target":{"@type":"EntryPoint","urlTemplate":"https:\/\/soynuevaprensadigital.com\/news1053fm\/?s={search_term_string}"},"query-input":{"@type":"PropertyValueSpecification","valueRequired":true,"valueName":"search_term_string"}}],"inLanguage":"es"},{"@type":"Person","@id":"https:\/\/soynuevaprensadigital.com\/news1053fm\/#\/schema\/person\/aa2d09ab130e943e3c7b360a32177538","name":"Alvis Cristina Herrera","image":{"@type":"ImageObject","inLanguage":"es","@id":"https:\/\/secure.gravatar.com\/avatar\/6a4b461595fbd8c4d0947e89062b7b1df5ea5bc6348126d9594f8d0cece5be89?s=96&d=mm&r=g","url":"https:\/\/secure.gravatar.com\/avatar\/6a4b461595fbd8c4d0947e89062b7b1df5ea5bc6348126d9594f8d0cece5be89?s=96&d=mm&r=g","contentUrl":"https:\/\/secure.gravatar.com\/avatar\/6a4b461595fbd8c4d0947e89062b7b1df5ea5bc6348126d9594f8d0cece5be89?s=96&d=mm&r=g","caption":"Alvis Cristina Herrera"},"sameAs":["https:\/\/www.facebook.com\/AlvisCristinaHe","https:\/\/www.instagram.com\/alviscristinahe\/","https:\/\/www.linkedin.com\/in\/alviscristinahe\/","https:\/\/x.com\/https:\/\/www.twitter.com\/alviscristinahe\/"],"url":"https:\/\/soynuevaprensadigital.com\/news1053fm\/author\/alvisherrera\/"}]}},"_links":{"self":[{"href":"https:\/\/soynuevaprensadigital.com\/news1053fm\/wp-json\/wp\/v2\/posts\/1711","targetHints":{"allow":["GET"]}}],"collection":[{"href":"https:\/\/soynuevaprensadigital.com\/news1053fm\/wp-json\/wp\/v2\/posts"}],"about":[{"href":"https:\/\/soynuevaprensadigital.com\/news1053fm\/wp-json\/wp\/v2\/types\/post"}],"author":[{"embeddable":true,"href":"https:\/\/soynuevaprensadigital.com\/news1053fm\/wp-json\/wp\/v2\/users\/158"}],"replies":[{"embeddable":true,"href":"https:\/\/soynuevaprensadigital.com\/news1053fm\/wp-json\/wp\/v2\/comments?post=1711"}],"version-history":[{"count":0,"href":"https:\/\/soynuevaprensadigital.com\/news1053fm\/wp-json\/wp\/v2\/posts\/1711\/revisions"}],"wp:attachment":[{"href":"https:\/\/soynuevaprensadigital.com\/news1053fm\/wp-json\/wp\/v2\/media?parent=1711"}],"wp:term":[{"taxonomy":"category","embeddable":true,"href":"https:\/\/soynuevaprensadigital.com\/news1053fm\/wp-json\/wp\/v2\/categories?post=1711"},{"taxonomy":"post_tag","embeddable":true,"href":"https:\/\/soynuevaprensadigital.com\/news1053fm\/wp-json\/wp\/v2\/tags?post=1711"}],"curies":[{"name":"wp","href":"https:\/\/api.w.org\/{rel}","templated":true}]}}