{"id":1720,"date":"2021-03-18T12:23:49","date_gmt":"2021-03-18T16:23:49","guid":{"rendered":"https:\/\/soynuevaprensadigital.com\/news1053fm\/?p=1720"},"modified":"2021-05-18T21:47:26","modified_gmt":"2021-05-19T01:47:26","slug":"efemerides-deportivas-18-de-marzo-guaros-de-lara-se-consagro-bicampeon-de-la-liga-de-las-americas","status":"publish","type":"post","link":"https:\/\/soynuevaprensadigital.com\/news1053fm\/efemerides-deportivas-18-de-marzo-guaros-de-lara-se-consagro-bicampeon-de-la-liga-de-las-americas\/","title":{"rendered":"Efem\u00e9rides Deportivas 18 de marzo: Guaros de Lara bicampe\u00f3n de la Liga de las Am\u00e9ricas"},"content":{"rendered":"<p><strong>Ciudad Guayana. <\/strong>Guaros de Lara revalid\u00f3 un d\u00eda como hoy el t\u00edtulo de campe\u00f3n de la Liga de las Am\u00e9ricas 2017, al derrotar a Weber Bah\u00eda Basket de Argentina, con marcador de 88-65. El compromiso del certamen organizado por la Federaci\u00f3n Internacional de Baloncesto (Fiba Am\u00e9ricas), se escenific\u00f3 en el Domo Bolivariano de la ciudad de Barquisimeto.<\/p>\n<p>Aquel d\u00eda el conjunto criollo se impuso en el primer parcial 22-20 y cay\u00f3 en el segundo 17-13, para irse al descanso por dos puntos por debajo en la pizarra, que marcaba 37-35, a favor de Bah\u00eda B\u00e1sket. Sin embargo, los crepusculares con un gran juego asociativo arrollaron en el tercer cuarto, para alcanzar una ventaja de 26-13; que se repiti\u00f3 en el cierre con score de 27-15.<\/p>\n<p>Por el cuadro venezolano, los m\u00e1s destacados fueron Zach Graham con 20 puntos y Luis \u201cEl tsunami\u201d Bethelmy con doble-doble, 18 puntos y 12 rebotes. Por la acera visitante sobresalieron Lucio Redivo con 17 puntos, M\u00e1ximo Fjellerup y Jamaal Levy con 11 positivos cada uno.<\/p>\n<p>Graham fue nombrado el Jugador M\u00e1s Valioso de esa final.<\/p>\n<p>El conjunto venezolano se uni\u00f3 a Pe\u00f1arol de Mar del Plata como los \u00fanicos bicampeones de la justa que junta anualmente a los mejores del continente desde el a\u00f1o 2007.<\/p>\n<p>La victoria del quinteto larense hizo historia, tras transformarse en el primer elenco que consigue sumar dos t\u00edtulos seguidos en el torneo continental. Cabe destacar, que Guaros se proclam\u00f3 campe\u00f3n en 2016 de la Liga al imponerse al Baur\u00fa de Brasil 84-79, en el mismo Domo Bolivariano.<\/p>\n<p>Aquel podio del campeonato lo complet\u00f3 Leones de Ponce (Puerto Rico), quienes previamente superaron por el choque del tercer lugar a Fuerza Regia (M\u00e9xico) 90-68.<\/p>\n","protected":false},"excerpt":{"rendered":"<p>Ciudad Guayana. Guaros de Lara revalid\u00f3 un d\u00eda como hoy el t\u00edtulo de campe\u00f3n de la Liga de las Am\u00e9ricas 2017, al derrotar a Weber Bah\u00eda Basket de Argentina, con marcador de 88-65. El compromiso del certamen organizado por la Federaci\u00f3n Internacional de Baloncesto (Fiba Am\u00e9ricas), se escenific\u00f3 en el Domo Bolivariano de la ciudad [&hellip;]<\/p>\n","protected":false},"author":158,"featured_media":0,"comment_status":"closed","ping_status":"closed","sticky":false,"template":"","format":"standard","meta":{"footnotes":""},"categories":[2,19,14],"tags":[],"class_list":["post-1720","post","type-post","status-publish","format-standard","hentry","category-featured","category-mundo-deportivo","category-noticias"],"yoast_head":"<!-- This site is optimized with the Yoast SEO plugin v27.5 - https:\/\/yoast.com\/product\/yoast-seo-wordpress\/ -->\n<title>Efem\u00e9rides Deportivas 18 de marzo: Guaros de Lara bicampe\u00f3n de la Liga de las Am\u00e9ricas - News 105.3 FM<\/title>\n<meta name=\"description\" content=\"Guaros de Lara revalid\u00f3 un d\u00eda como hoy el t\u00edtulo de campe\u00f3n de la Liga de las Am\u00e9ricas 2017, al derrotar a Weber Bah\u00eda Basket de Argentina\" \/>\n<meta name=\"robots\" content=\"index, follow, max-snippet:-1, max-image-preview:large, max-video-preview:-1\" \/>\n<link rel=\"canonical\" href=\"https:\/\/soynuevaprensadigital.com\/news1053fm\/efemerides-deportivas-18-de-marzo-guaros-de-lara-se-consagro-bicampeon-de-la-liga-de-las-americas\/\" \/>\n<meta property=\"og:locale\" content=\"es_ES\" \/>\n<meta property=\"og:type\" content=\"article\" \/>\n<meta property=\"og:title\" content=\"Efem\u00e9rides Deportivas 18 de marzo: Guaros de Lara bicampe\u00f3n de la Liga de las Am\u00e9ricas - News 105.3 FM\" \/>\n<meta property=\"og:description\" content=\"Guaros de Lara revalid\u00f3 un d\u00eda como hoy el t\u00edtulo de campe\u00f3n de la Liga de las Am\u00e9ricas 2017, al derrotar a Weber Bah\u00eda Basket de Argentina\" \/>\n<meta property=\"og:url\" content=\"https:\/\/soynuevaprensadigital.com\/news1053fm\/efemerides-deportivas-18-de-marzo-guaros-de-lara-se-consagro-bicampeon-de-la-liga-de-las-americas\/\" \/>\n<meta property=\"og:site_name\" content=\"News 105.3 FM\" \/>\n<meta property=\"article:publisher\" content=\"https:\/\/www.facebook.com\/News1053fm-1655395028099413\/\" \/>\n<meta property=\"article:author\" content=\"https:\/\/www.facebook.com\/AlvisCristinaHe\" \/>\n<meta property=\"article:published_time\" content=\"2021-03-18T16:23:49+00:00\" \/>\n<meta property=\"article:modified_time\" content=\"2021-05-19T01:47:26+00:00\" \/>\n<meta property=\"og:image\" content=\"https:\/\/soynuevaprensadigital.com\/news1053fm\/wp-content\/uploads\/sites\/3\/2021\/03\/GUAROOOS.jpg\" \/>\n\t<meta property=\"og:image:width\" content=\"1050\" \/>\n\t<meta property=\"og:image:height\" content=\"629\" \/>\n\t<meta property=\"og:image:type\" content=\"image\/jpeg\" \/>\n<meta name=\"author\" content=\"Alvis Cristina Herrera\" \/>\n<meta name=\"twitter:card\" content=\"summary_large_image\" \/>\n<meta name=\"twitter:creator\" content=\"@https:\/\/www.twitter.com\/alviscristinahe\/\" \/>\n<meta name=\"twitter:site\" content=\"@news105_3fm\" \/>\n<meta name=\"twitter:label1\" content=\"Escrito por\" \/>\n\t<meta name=\"twitter:data1\" content=\"Alvis Cristina Herrera\" \/>\n\t<meta name=\"twitter:label2\" content=\"Tiempo de lectura\" \/>\n\t<meta name=\"twitter:data2\" content=\"2 minutos\" \/>\n<script type=\"application\/ld+json\" class=\"yoast-schema-graph\">{\"@context\":\"https:\\\/\\\/schema.org\",\"@graph\":[{\"@type\":\"Article\",\"@id\":\"https:\\\/\\\/soynuevaprensadigital.com\\\/news1053fm\\\/efemerides-deportivas-18-de-marzo-guaros-de-lara-se-consagro-bicampeon-de-la-liga-de-las-americas\\\/#article\",\"isPartOf\":{\"@id\":\"https:\\\/\\\/soynuevaprensadigital.com\\\/news1053fm\\\/efemerides-deportivas-18-de-marzo-guaros-de-lara-se-consagro-bicampeon-de-la-liga-de-las-americas\\\/\"},\"author\":{\"name\":\"Alvis Cristina Herrera\",\"@id\":\"https:\\\/\\\/soynuevaprensadigital.com\\\/news1053fm\\\/#\\\/schema\\\/person\\\/aa2d09ab130e943e3c7b360a32177538\"},\"headline\":\"Efem\u00e9rides Deportivas 18 de marzo: Guaros de Lara bicampe\u00f3n de la Liga de las Am\u00e9ricas\",\"datePublished\":\"2021-03-18T16:23:49+00:00\",\"dateModified\":\"2021-05-19T01:47:26+00:00\",\"mainEntityOfPage\":{\"@id\":\"https:\\\/\\\/soynuevaprensadigital.com\\\/news1053fm\\\/efemerides-deportivas-18-de-marzo-guaros-de-lara-se-consagro-bicampeon-de-la-liga-de-las-americas\\\/\"},\"wordCount\":309,\"articleSection\":[\"Featured\",\"Mundo Deportivo\",\"Noticias\"],\"inLanguage\":\"es\"},{\"@type\":\"WebPage\",\"@id\":\"https:\\\/\\\/soynuevaprensadigital.com\\\/news1053fm\\\/efemerides-deportivas-18-de-marzo-guaros-de-lara-se-consagro-bicampeon-de-la-liga-de-las-americas\\\/\",\"url\":\"https:\\\/\\\/soynuevaprensadigital.com\\\/news1053fm\\\/efemerides-deportivas-18-de-marzo-guaros-de-lara-se-consagro-bicampeon-de-la-liga-de-las-americas\\\/\",\"name\":\"Efem\u00e9rides Deportivas 18 de marzo: Guaros de Lara bicampe\u00f3n de la Liga de las Am\u00e9ricas - News 105.3 FM\",\"isPartOf\":{\"@id\":\"https:\\\/\\\/soynuevaprensadigital.com\\\/news1053fm\\\/#website\"},\"datePublished\":\"2021-03-18T16:23:49+00:00\",\"dateModified\":\"2021-05-19T01:47:26+00:00\",\"author\":{\"@id\":\"https:\\\/\\\/soynuevaprensadigital.com\\\/news1053fm\\\/#\\\/schema\\\/person\\\/aa2d09ab130e943e3c7b360a32177538\"},\"description\":\"Guaros de Lara revalid\u00f3 un d\u00eda como hoy el t\u00edtulo de campe\u00f3n de la Liga de las Am\u00e9ricas 2017, al derrotar a Weber Bah\u00eda Basket de Argentina\",\"breadcrumb\":{\"@id\":\"https:\\\/\\\/soynuevaprensadigital.com\\\/news1053fm\\\/efemerides-deportivas-18-de-marzo-guaros-de-lara-se-consagro-bicampeon-de-la-liga-de-las-americas\\\/#breadcrumb\"},\"inLanguage\":\"es\",\"potentialAction\":[{\"@type\":\"ReadAction\",\"target\":[\"https:\\\/\\\/soynuevaprensadigital.com\\\/news1053fm\\\/efemerides-deportivas-18-de-marzo-guaros-de-lara-se-consagro-bicampeon-de-la-liga-de-las-americas\\\/\"]}]},{\"@type\":\"BreadcrumbList\",\"@id\":\"https:\\\/\\\/soynuevaprensadigital.com\\\/news1053fm\\\/efemerides-deportivas-18-de-marzo-guaros-de-lara-se-consagro-bicampeon-de-la-liga-de-las-americas\\\/#breadcrumb\",\"itemListElement\":[{\"@type\":\"ListItem\",\"position\":1,\"name\":\"Portada\",\"item\":\"https:\\\/\\\/soynuevaprensadigital.com\\\/news1053fm\\\/\"},{\"@type\":\"ListItem\",\"position\":2,\"name\":\"Efem\u00e9rides Deportivas 18 de marzo: Guaros de Lara bicampe\u00f3n de la Liga de las Am\u00e9ricas\"}]},{\"@type\":\"WebSite\",\"@id\":\"https:\\\/\\\/soynuevaprensadigital.com\\\/news1053fm\\\/#website\",\"url\":\"https:\\\/\\\/soynuevaprensadigital.com\\\/news1053fm\\\/\",\"name\":\"News 105.3 FM\",\"description\":\"Nuestro compromiso contigo nos permite ofrecerte la radio de mejor calidad, la frecuencia m\u00e1s limpia yel entretenimiento para todos los gustos.\",\"potentialAction\":[{\"@type\":\"SearchAction\",\"target\":{\"@type\":\"EntryPoint\",\"urlTemplate\":\"https:\\\/\\\/soynuevaprensadigital.com\\\/news1053fm\\\/?s={search_term_string}\"},\"query-input\":{\"@type\":\"PropertyValueSpecification\",\"valueRequired\":true,\"valueName\":\"search_term_string\"}}],\"inLanguage\":\"es\"},{\"@type\":\"Person\",\"@id\":\"https:\\\/\\\/soynuevaprensadigital.com\\\/news1053fm\\\/#\\\/schema\\\/person\\\/aa2d09ab130e943e3c7b360a32177538\",\"name\":\"Alvis Cristina Herrera\",\"image\":{\"@type\":\"ImageObject\",\"inLanguage\":\"es\",\"@id\":\"https:\\\/\\\/secure.gravatar.com\\\/avatar\\\/6a4b461595fbd8c4d0947e89062b7b1df5ea5bc6348126d9594f8d0cece5be89?s=96&d=mm&r=g\",\"url\":\"https:\\\/\\\/secure.gravatar.com\\\/avatar\\\/6a4b461595fbd8c4d0947e89062b7b1df5ea5bc6348126d9594f8d0cece5be89?s=96&d=mm&r=g\",\"contentUrl\":\"https:\\\/\\\/secure.gravatar.com\\\/avatar\\\/6a4b461595fbd8c4d0947e89062b7b1df5ea5bc6348126d9594f8d0cece5be89?s=96&d=mm&r=g\",\"caption\":\"Alvis Cristina Herrera\"},\"sameAs\":[\"https:\\\/\\\/www.facebook.com\\\/AlvisCristinaHe\",\"https:\\\/\\\/www.instagram.com\\\/alviscristinahe\\\/\",\"https:\\\/\\\/www.linkedin.com\\\/in\\\/alviscristinahe\\\/\",\"https:\\\/\\\/x.com\\\/https:\\\/\\\/www.twitter.com\\\/alviscristinahe\\\/\"],\"url\":\"https:\\\/\\\/soynuevaprensadigital.com\\\/news1053fm\\\/author\\\/alvisherrera\\\/\"}]}<\/script>\n<!-- \/ Yoast SEO plugin. -->","yoast_head_json":{"title":"Efem\u00e9rides Deportivas 18 de marzo: Guaros de Lara bicampe\u00f3n de la Liga de las Am\u00e9ricas - News 105.3 FM","description":"Guaros de Lara revalid\u00f3 un d\u00eda como hoy el t\u00edtulo de campe\u00f3n de la Liga de las Am\u00e9ricas 2017, al derrotar a Weber Bah\u00eda Basket de Argentina","robots":{"index":"index","follow":"follow","max-snippet":"max-snippet:-1","max-image-preview":"max-image-preview:large","max-video-preview":"max-video-preview:-1"},"canonical":"https:\/\/soynuevaprensadigital.com\/news1053fm\/efemerides-deportivas-18-de-marzo-guaros-de-lara-se-consagro-bicampeon-de-la-liga-de-las-americas\/","og_locale":"es_ES","og_type":"article","og_title":"Efem\u00e9rides Deportivas 18 de marzo: Guaros de Lara bicampe\u00f3n de la Liga de las Am\u00e9ricas - News 105.3 FM","og_description":"Guaros de Lara revalid\u00f3 un d\u00eda como hoy el t\u00edtulo de campe\u00f3n de la Liga de las Am\u00e9ricas 2017, al derrotar a Weber Bah\u00eda Basket de Argentina","og_url":"https:\/\/soynuevaprensadigital.com\/news1053fm\/efemerides-deportivas-18-de-marzo-guaros-de-lara-se-consagro-bicampeon-de-la-liga-de-las-americas\/","og_site_name":"News 105.3 FM","article_publisher":"https:\/\/www.facebook.com\/News1053fm-1655395028099413\/","article_author":"https:\/\/www.facebook.com\/AlvisCristinaHe","article_published_time":"2021-03-18T16:23:49+00:00","article_modified_time":"2021-05-19T01:47:26+00:00","og_image":[{"width":1050,"height":629,"url":"https:\/\/soynuevaprensadigital.com\/news1053fm\/wp-content\/uploads\/sites\/3\/2021\/03\/GUAROOOS.jpg","type":"image\/jpeg"}],"author":"Alvis Cristina Herrera","twitter_card":"summary_large_image","twitter_creator":"@https:\/\/www.twitter.com\/alviscristinahe\/","twitter_site":"@news105_3fm","twitter_misc":{"Escrito por":"Alvis Cristina Herrera","Tiempo de lectura":"2 minutos"},"schema":{"@context":"https:\/\/schema.org","@graph":[{"@type":"Article","@id":"https:\/\/soynuevaprensadigital.com\/news1053fm\/efemerides-deportivas-18-de-marzo-guaros-de-lara-se-consagro-bicampeon-de-la-liga-de-las-americas\/#article","isPartOf":{"@id":"https:\/\/soynuevaprensadigital.com\/news1053fm\/efemerides-deportivas-18-de-marzo-guaros-de-lara-se-consagro-bicampeon-de-la-liga-de-las-americas\/"},"author":{"name":"Alvis Cristina Herrera","@id":"https:\/\/soynuevaprensadigital.com\/news1053fm\/#\/schema\/person\/aa2d09ab130e943e3c7b360a32177538"},"headline":"Efem\u00e9rides Deportivas 18 de marzo: Guaros de Lara bicampe\u00f3n de la Liga de las Am\u00e9ricas","datePublished":"2021-03-18T16:23:49+00:00","dateModified":"2021-05-19T01:47:26+00:00","mainEntityOfPage":{"@id":"https:\/\/soynuevaprensadigital.com\/news1053fm\/efemerides-deportivas-18-de-marzo-guaros-de-lara-se-consagro-bicampeon-de-la-liga-de-las-americas\/"},"wordCount":309,"articleSection":["Featured","Mundo Deportivo","Noticias"],"inLanguage":"es"},{"@type":"WebPage","@id":"https:\/\/soynuevaprensadigital.com\/news1053fm\/efemerides-deportivas-18-de-marzo-guaros-de-lara-se-consagro-bicampeon-de-la-liga-de-las-americas\/","url":"https:\/\/soynuevaprensadigital.com\/news1053fm\/efemerides-deportivas-18-de-marzo-guaros-de-lara-se-consagro-bicampeon-de-la-liga-de-las-americas\/","name":"Efem\u00e9rides Deportivas 18 de marzo: Guaros de Lara bicampe\u00f3n de la Liga de las Am\u00e9ricas - News 105.3 FM","isPartOf":{"@id":"https:\/\/soynuevaprensadigital.com\/news1053fm\/#website"},"datePublished":"2021-03-18T16:23:49+00:00","dateModified":"2021-05-19T01:47:26+00:00","author":{"@id":"https:\/\/soynuevaprensadigital.com\/news1053fm\/#\/schema\/person\/aa2d09ab130e943e3c7b360a32177538"},"description":"Guaros de Lara revalid\u00f3 un d\u00eda como hoy el t\u00edtulo de campe\u00f3n de la Liga de las Am\u00e9ricas 2017, al derrotar a Weber Bah\u00eda Basket de Argentina","breadcrumb":{"@id":"https:\/\/soynuevaprensadigital.com\/news1053fm\/efemerides-deportivas-18-de-marzo-guaros-de-lara-se-consagro-bicampeon-de-la-liga-de-las-americas\/#breadcrumb"},"inLanguage":"es","potentialAction":[{"@type":"ReadAction","target":["https:\/\/soynuevaprensadigital.com\/news1053fm\/efemerides-deportivas-18-de-marzo-guaros-de-lara-se-consagro-bicampeon-de-la-liga-de-las-americas\/"]}]},{"@type":"BreadcrumbList","@id":"https:\/\/soynuevaprensadigital.com\/news1053fm\/efemerides-deportivas-18-de-marzo-guaros-de-lara-se-consagro-bicampeon-de-la-liga-de-las-americas\/#breadcrumb","itemListElement":[{"@type":"ListItem","position":1,"name":"Portada","item":"https:\/\/soynuevaprensadigital.com\/news1053fm\/"},{"@type":"ListItem","position":2,"name":"Efem\u00e9rides Deportivas 18 de marzo: Guaros de Lara bicampe\u00f3n de la Liga de las Am\u00e9ricas"}]},{"@type":"WebSite","@id":"https:\/\/soynuevaprensadigital.com\/news1053fm\/#website","url":"https:\/\/soynuevaprensadigital.com\/news1053fm\/","name":"News 105.3 FM","description":"Nuestro compromiso contigo nos permite ofrecerte la radio de mejor calidad, la frecuencia m\u00e1s limpia yel entretenimiento para todos los gustos.","potentialAction":[{"@type":"SearchAction","target":{"@type":"EntryPoint","urlTemplate":"https:\/\/soynuevaprensadigital.com\/news1053fm\/?s={search_term_string}"},"query-input":{"@type":"PropertyValueSpecification","valueRequired":true,"valueName":"search_term_string"}}],"inLanguage":"es"},{"@type":"Person","@id":"https:\/\/soynuevaprensadigital.com\/news1053fm\/#\/schema\/person\/aa2d09ab130e943e3c7b360a32177538","name":"Alvis Cristina Herrera","image":{"@type":"ImageObject","inLanguage":"es","@id":"https:\/\/secure.gravatar.com\/avatar\/6a4b461595fbd8c4d0947e89062b7b1df5ea5bc6348126d9594f8d0cece5be89?s=96&d=mm&r=g","url":"https:\/\/secure.gravatar.com\/avatar\/6a4b461595fbd8c4d0947e89062b7b1df5ea5bc6348126d9594f8d0cece5be89?s=96&d=mm&r=g","contentUrl":"https:\/\/secure.gravatar.com\/avatar\/6a4b461595fbd8c4d0947e89062b7b1df5ea5bc6348126d9594f8d0cece5be89?s=96&d=mm&r=g","caption":"Alvis Cristina Herrera"},"sameAs":["https:\/\/www.facebook.com\/AlvisCristinaHe","https:\/\/www.instagram.com\/alviscristinahe\/","https:\/\/www.linkedin.com\/in\/alviscristinahe\/","https:\/\/x.com\/https:\/\/www.twitter.com\/alviscristinahe\/"],"url":"https:\/\/soynuevaprensadigital.com\/news1053fm\/author\/alvisherrera\/"}]}},"_links":{"self":[{"href":"https:\/\/soynuevaprensadigital.com\/news1053fm\/wp-json\/wp\/v2\/posts\/1720","targetHints":{"allow":["GET"]}}],"collection":[{"href":"https:\/\/soynuevaprensadigital.com\/news1053fm\/wp-json\/wp\/v2\/posts"}],"about":[{"href":"https:\/\/soynuevaprensadigital.com\/news1053fm\/wp-json\/wp\/v2\/types\/post"}],"author":[{"embeddable":true,"href":"https:\/\/soynuevaprensadigital.com\/news1053fm\/wp-json\/wp\/v2\/users\/158"}],"replies":[{"embeddable":true,"href":"https:\/\/soynuevaprensadigital.com\/news1053fm\/wp-json\/wp\/v2\/comments?post=1720"}],"version-history":[{"count":0,"href":"https:\/\/soynuevaprensadigital.com\/news1053fm\/wp-json\/wp\/v2\/posts\/1720\/revisions"}],"wp:attachment":[{"href":"https:\/\/soynuevaprensadigital.com\/news1053fm\/wp-json\/wp\/v2\/media?parent=1720"}],"wp:term":[{"taxonomy":"category","embeddable":true,"href":"https:\/\/soynuevaprensadigital.com\/news1053fm\/wp-json\/wp\/v2\/categories?post=1720"},{"taxonomy":"post_tag","embeddable":true,"href":"https:\/\/soynuevaprensadigital.com\/news1053fm\/wp-json\/wp\/v2\/tags?post=1720"}],"curies":[{"name":"wp","href":"https:\/\/api.w.org\/{rel}","templated":true}]}}