{"id":1722,"date":"2021-03-18T12:44:13","date_gmt":"2021-03-18T16:44:13","guid":{"rendered":"https:\/\/soynuevaprensadigital.com\/news1053fm\/?p=1722"},"modified":"2021-05-18T21:47:26","modified_gmt":"2021-05-19T01:47:26","slug":"demi-lovato-dice-que-perdio-la-virginidad-en-una-violacion-de-adolescente","status":"publish","type":"post","link":"https:\/\/soynuevaprensadigital.com\/news1053fm\/demi-lovato-dice-que-perdio-la-virginidad-en-una-violacion-de-adolescente\/","title":{"rendered":"Demi Lovato dice que perdi\u00f3 la virginidad en una violaci\u00f3n de adolescente"},"content":{"rendered":"<p><strong>Los \u00c1ngeles.<\/strong> Demi Lovato revel\u00f3 en un nuevo documental sobre su vida que perdi\u00f3 la virginidad en una violaci\u00f3n cuando era adolescente y trabajaba como estrella infantil de Disney Channel.<\/p>\n<p>Es el testimonio m\u00e1s impactante de una cinta que, a trav\u00e9s de cuatro partes, repasa la accidentada fama de la cantante con declaraciones sobre sus episodios m\u00e1s tr\u00e1gicos como el ingreso que sufri\u00f3 en 2018 tras una sobredosis por la que casi pierde la vida.<\/p>\n<p>\u00abPerd\u00ed mi virginidad en una violaci\u00f3n\u00bb, dijo la actriz en el documental estrenado este martes en el festival South by Southwest (SXSW).<\/p>\n<p>\u00abNos est\u00e1bamos besando y le dije &#8216;Oye, esto no va m\u00e1s lejos, soy virgen y no quiero hacerlo de esta manera&#8217;. Pero eso no le import\u00f3, lo hizo de todos modos. Yo lo interioric\u00e9 y me dije a m\u00ed misma que era mi culpa, porque fui a la habitaci\u00f3n con \u00e9l\u00bb, record\u00f3.<\/p>\n<p>Seg\u00fan la artista, la presi\u00f3n por ser una joven ejemplar de Disney impidi\u00f3 que hablara del asunto. Por aquel entonces, Lovato, Selena G\u00f3mez, Miley Cyrus y los Jonas Brothers eran las estrellas de la factor\u00eda de entretenimiento, que, entre otros detalles, llevaban anillos de castidad en eventos p\u00fablicos.<\/p>\n<p>\u00abLas mujeres suelen estar m\u00e1s oprimidas que los hombres, especialmente a los 15 a\u00f1os\u00bb, asegur\u00f3.<\/p>\n<p>Sin identificar a su agresor, Lovato indic\u00f3 que tuvo que ver a ese chico \u00abtodos los d\u00edas\u00bb en el trabajo y que desarroll\u00f3 un trastorno alimenticio mientras lidiaba con el trauma.<\/p>\n<p>Adem\u00e1s, la cantante tambi\u00e9n repas\u00f3 otro episodio en el que fue asaltada sexualmente por la persona que le suministr\u00f3 drogas el mismo d\u00eda que sufri\u00f3 una sobredosis. \u00abNo solo tuve una sobredosis, tambi\u00e9n se aprovecharon de m\u00ed\u00bb, afirm\u00f3 Lovato, que tiene la sospecha de que le dieron varias sustancias mezcladas sin su conocimiento.<\/p>\n<p>Tras esa sobredosis, por la que casi pierde la vida, Lovato sufri\u00f3 un infarto y tres derrames cerebrales.<\/p>\n<p>\u00abLos m\u00e9dicos dijeron que solo ten\u00eda 5 o 10 minutos m\u00e1s de vida (&#8230;) -explic\u00f3-. Me qued\u00e9 con da\u00f1o cerebral y todav\u00eda estoy lidiando con los efectos. No puedo conducir veh\u00edculos porque tengo puntos ciegos en la vista. Durante mucho tiempo no pude leer\u00bb.<\/p>\n<p>Lovato asegur\u00f3 que esos efectos secundarios le recuerdan lo que podr\u00eda haber pasado y lo que le suceder\u00eda si vuelve a \u00abesa zona oscura otra vez\u00bb.<\/p>\n<p>\u00abTodo ten\u00eda que suceder para que pudiera aprender las lecciones que aprend\u00ed -a\u00f1adi\u00f3-. Estoy muy orgullosa de la persona que soy ahora\u00bb.<\/p>\n<p>El documental, que forma parte del cat\u00e1logo de YouTube, est\u00e1 acompa\u00f1ado de una anotaci\u00f3n que alerta de contenido sensible que puede ser inc\u00f3modo para algunas audiencias.<\/p>\n<p>Lovato publicar\u00e1 el pr\u00f3ximo 2 de abril el \u00e1lbum \u00abDancing With The Devil. The Art Of Starting Over\u00bb, el primero tras su par\u00f3n de 2018.<\/p>\n","protected":false},"excerpt":{"rendered":"<p>Los \u00c1ngeles. Demi Lovato revel\u00f3 en un nuevo documental sobre su vida que perdi\u00f3 la virginidad en una violaci\u00f3n cuando era adolescente y trabajaba como estrella infantil de Disney Channel. Es el testimonio m\u00e1s impactante de una cinta que, a trav\u00e9s de cuatro partes, repasa la accidentada fama de la cantante con declaraciones sobre sus [&hellip;]<\/p>\n","protected":false},"author":158,"featured_media":0,"comment_status":"closed","ping_status":"closed","sticky":false,"template":"","format":"standard","meta":{"footnotes":""},"categories":[2,14],"tags":[],"class_list":["post-1722","post","type-post","status-publish","format-standard","hentry","category-featured","category-noticias"],"yoast_head":"<!-- This site is optimized with the Yoast SEO plugin v27.5 - https:\/\/yoast.com\/product\/yoast-seo-wordpress\/ -->\n<title>Demi Lovato dice que perdi\u00f3 la virginidad en una violaci\u00f3n de adolescente - News 105.3 FM<\/title>\n<meta name=\"description\" content=\"Demi Lovato revel\u00f3 en un nuevo documental sobre su vida que perdi\u00f3 la virginidad en una violaci\u00f3n cuando era adolescente\" \/>\n<meta name=\"robots\" content=\"index, follow, max-snippet:-1, max-image-preview:large, max-video-preview:-1\" \/>\n<link rel=\"canonical\" href=\"https:\/\/soynuevaprensadigital.com\/news1053fm\/demi-lovato-dice-que-perdio-la-virginidad-en-una-violacion-de-adolescente\/\" \/>\n<meta property=\"og:locale\" content=\"es_ES\" \/>\n<meta property=\"og:type\" content=\"article\" \/>\n<meta property=\"og:title\" content=\"Demi Lovato dice que perdi\u00f3 la virginidad en una violaci\u00f3n de adolescente - News 105.3 FM\" \/>\n<meta property=\"og:description\" content=\"Demi Lovato revel\u00f3 en un nuevo documental sobre su vida que perdi\u00f3 la virginidad en una violaci\u00f3n cuando era adolescente\" \/>\n<meta property=\"og:url\" content=\"https:\/\/soynuevaprensadigital.com\/news1053fm\/demi-lovato-dice-que-perdio-la-virginidad-en-una-violacion-de-adolescente\/\" \/>\n<meta property=\"og:site_name\" content=\"News 105.3 FM\" \/>\n<meta property=\"article:publisher\" content=\"https:\/\/www.facebook.com\/News1053fm-1655395028099413\/\" \/>\n<meta property=\"article:author\" content=\"https:\/\/www.facebook.com\/AlvisCristinaHe\" \/>\n<meta property=\"article:published_time\" content=\"2021-03-18T16:44:13+00:00\" \/>\n<meta property=\"article:modified_time\" content=\"2021-05-19T01:47:26+00:00\" \/>\n<meta property=\"og:image\" content=\"https:\/\/soynuevaprensadigital.com\/news1053fm\/wp-content\/uploads\/sites\/3\/2021\/03\/02-Demi-Lovato-Dancing-with-the-Devil-_-Official-Trailer-billboard-1548-1613577950-compressed.jpg\" \/>\n\t<meta property=\"og:image:width\" content=\"1548\" \/>\n\t<meta property=\"og:image:height\" content=\"1024\" \/>\n\t<meta property=\"og:image:type\" content=\"image\/jpeg\" \/>\n<meta name=\"author\" content=\"Alvis Cristina Herrera\" \/>\n<meta name=\"twitter:card\" content=\"summary_large_image\" \/>\n<meta name=\"twitter:creator\" content=\"@https:\/\/www.twitter.com\/alviscristinahe\/\" \/>\n<meta name=\"twitter:site\" content=\"@news105_3fm\" \/>\n<meta name=\"twitter:label1\" content=\"Escrito por\" \/>\n\t<meta name=\"twitter:data1\" content=\"Alvis Cristina Herrera\" \/>\n\t<meta name=\"twitter:label2\" content=\"Tiempo de lectura\" \/>\n\t<meta name=\"twitter:data2\" content=\"2 minutos\" \/>\n<script type=\"application\/ld+json\" class=\"yoast-schema-graph\">{\"@context\":\"https:\\\/\\\/schema.org\",\"@graph\":[{\"@type\":\"Article\",\"@id\":\"https:\\\/\\\/soynuevaprensadigital.com\\\/news1053fm\\\/demi-lovato-dice-que-perdio-la-virginidad-en-una-violacion-de-adolescente\\\/#article\",\"isPartOf\":{\"@id\":\"https:\\\/\\\/soynuevaprensadigital.com\\\/news1053fm\\\/demi-lovato-dice-que-perdio-la-virginidad-en-una-violacion-de-adolescente\\\/\"},\"author\":{\"name\":\"Alvis Cristina Herrera\",\"@id\":\"https:\\\/\\\/soynuevaprensadigital.com\\\/news1053fm\\\/#\\\/schema\\\/person\\\/aa2d09ab130e943e3c7b360a32177538\"},\"headline\":\"Demi Lovato dice que perdi\u00f3 la virginidad en una violaci\u00f3n de adolescente\",\"datePublished\":\"2021-03-18T16:44:13+00:00\",\"dateModified\":\"2021-05-19T01:47:26+00:00\",\"mainEntityOfPage\":{\"@id\":\"https:\\\/\\\/soynuevaprensadigital.com\\\/news1053fm\\\/demi-lovato-dice-que-perdio-la-virginidad-en-una-violacion-de-adolescente\\\/\"},\"wordCount\":502,\"articleSection\":[\"Featured\",\"Noticias\"],\"inLanguage\":\"es\"},{\"@type\":\"WebPage\",\"@id\":\"https:\\\/\\\/soynuevaprensadigital.com\\\/news1053fm\\\/demi-lovato-dice-que-perdio-la-virginidad-en-una-violacion-de-adolescente\\\/\",\"url\":\"https:\\\/\\\/soynuevaprensadigital.com\\\/news1053fm\\\/demi-lovato-dice-que-perdio-la-virginidad-en-una-violacion-de-adolescente\\\/\",\"name\":\"Demi Lovato dice que perdi\u00f3 la virginidad en una violaci\u00f3n de adolescente - News 105.3 FM\",\"isPartOf\":{\"@id\":\"https:\\\/\\\/soynuevaprensadigital.com\\\/news1053fm\\\/#website\"},\"datePublished\":\"2021-03-18T16:44:13+00:00\",\"dateModified\":\"2021-05-19T01:47:26+00:00\",\"author\":{\"@id\":\"https:\\\/\\\/soynuevaprensadigital.com\\\/news1053fm\\\/#\\\/schema\\\/person\\\/aa2d09ab130e943e3c7b360a32177538\"},\"description\":\"Demi Lovato revel\u00f3 en un nuevo documental sobre su vida que perdi\u00f3 la virginidad en una violaci\u00f3n cuando era adolescente\",\"breadcrumb\":{\"@id\":\"https:\\\/\\\/soynuevaprensadigital.com\\\/news1053fm\\\/demi-lovato-dice-que-perdio-la-virginidad-en-una-violacion-de-adolescente\\\/#breadcrumb\"},\"inLanguage\":\"es\",\"potentialAction\":[{\"@type\":\"ReadAction\",\"target\":[\"https:\\\/\\\/soynuevaprensadigital.com\\\/news1053fm\\\/demi-lovato-dice-que-perdio-la-virginidad-en-una-violacion-de-adolescente\\\/\"]}]},{\"@type\":\"BreadcrumbList\",\"@id\":\"https:\\\/\\\/soynuevaprensadigital.com\\\/news1053fm\\\/demi-lovato-dice-que-perdio-la-virginidad-en-una-violacion-de-adolescente\\\/#breadcrumb\",\"itemListElement\":[{\"@type\":\"ListItem\",\"position\":1,\"name\":\"Portada\",\"item\":\"https:\\\/\\\/soynuevaprensadigital.com\\\/news1053fm\\\/\"},{\"@type\":\"ListItem\",\"position\":2,\"name\":\"Demi Lovato dice que perdi\u00f3 la virginidad en una violaci\u00f3n de adolescente\"}]},{\"@type\":\"WebSite\",\"@id\":\"https:\\\/\\\/soynuevaprensadigital.com\\\/news1053fm\\\/#website\",\"url\":\"https:\\\/\\\/soynuevaprensadigital.com\\\/news1053fm\\\/\",\"name\":\"News 105.3 FM\",\"description\":\"Nuestro compromiso contigo nos permite ofrecerte la radio de mejor calidad, la frecuencia m\u00e1s limpia yel entretenimiento para todos los gustos.\",\"potentialAction\":[{\"@type\":\"SearchAction\",\"target\":{\"@type\":\"EntryPoint\",\"urlTemplate\":\"https:\\\/\\\/soynuevaprensadigital.com\\\/news1053fm\\\/?s={search_term_string}\"},\"query-input\":{\"@type\":\"PropertyValueSpecification\",\"valueRequired\":true,\"valueName\":\"search_term_string\"}}],\"inLanguage\":\"es\"},{\"@type\":\"Person\",\"@id\":\"https:\\\/\\\/soynuevaprensadigital.com\\\/news1053fm\\\/#\\\/schema\\\/person\\\/aa2d09ab130e943e3c7b360a32177538\",\"name\":\"Alvis Cristina Herrera\",\"image\":{\"@type\":\"ImageObject\",\"inLanguage\":\"es\",\"@id\":\"https:\\\/\\\/secure.gravatar.com\\\/avatar\\\/6a4b461595fbd8c4d0947e89062b7b1df5ea5bc6348126d9594f8d0cece5be89?s=96&d=mm&r=g\",\"url\":\"https:\\\/\\\/secure.gravatar.com\\\/avatar\\\/6a4b461595fbd8c4d0947e89062b7b1df5ea5bc6348126d9594f8d0cece5be89?s=96&d=mm&r=g\",\"contentUrl\":\"https:\\\/\\\/secure.gravatar.com\\\/avatar\\\/6a4b461595fbd8c4d0947e89062b7b1df5ea5bc6348126d9594f8d0cece5be89?s=96&d=mm&r=g\",\"caption\":\"Alvis Cristina Herrera\"},\"sameAs\":[\"https:\\\/\\\/www.facebook.com\\\/AlvisCristinaHe\",\"https:\\\/\\\/www.instagram.com\\\/alviscristinahe\\\/\",\"https:\\\/\\\/www.linkedin.com\\\/in\\\/alviscristinahe\\\/\",\"https:\\\/\\\/x.com\\\/https:\\\/\\\/www.twitter.com\\\/alviscristinahe\\\/\"],\"url\":\"https:\\\/\\\/soynuevaprensadigital.com\\\/news1053fm\\\/author\\\/alvisherrera\\\/\"}]}<\/script>\n<!-- \/ Yoast SEO plugin. -->","yoast_head_json":{"title":"Demi Lovato dice que perdi\u00f3 la virginidad en una violaci\u00f3n de adolescente - News 105.3 FM","description":"Demi Lovato revel\u00f3 en un nuevo documental sobre su vida que perdi\u00f3 la virginidad en una violaci\u00f3n cuando era adolescente","robots":{"index":"index","follow":"follow","max-snippet":"max-snippet:-1","max-image-preview":"max-image-preview:large","max-video-preview":"max-video-preview:-1"},"canonical":"https:\/\/soynuevaprensadigital.com\/news1053fm\/demi-lovato-dice-que-perdio-la-virginidad-en-una-violacion-de-adolescente\/","og_locale":"es_ES","og_type":"article","og_title":"Demi Lovato dice que perdi\u00f3 la virginidad en una violaci\u00f3n de adolescente - News 105.3 FM","og_description":"Demi Lovato revel\u00f3 en un nuevo documental sobre su vida que perdi\u00f3 la virginidad en una violaci\u00f3n cuando era adolescente","og_url":"https:\/\/soynuevaprensadigital.com\/news1053fm\/demi-lovato-dice-que-perdio-la-virginidad-en-una-violacion-de-adolescente\/","og_site_name":"News 105.3 FM","article_publisher":"https:\/\/www.facebook.com\/News1053fm-1655395028099413\/","article_author":"https:\/\/www.facebook.com\/AlvisCristinaHe","article_published_time":"2021-03-18T16:44:13+00:00","article_modified_time":"2021-05-19T01:47:26+00:00","og_image":[{"width":1548,"height":1024,"url":"https:\/\/soynuevaprensadigital.com\/news1053fm\/wp-content\/uploads\/sites\/3\/2021\/03\/02-Demi-Lovato-Dancing-with-the-Devil-_-Official-Trailer-billboard-1548-1613577950-compressed.jpg","type":"image\/jpeg"}],"author":"Alvis Cristina Herrera","twitter_card":"summary_large_image","twitter_creator":"@https:\/\/www.twitter.com\/alviscristinahe\/","twitter_site":"@news105_3fm","twitter_misc":{"Escrito por":"Alvis Cristina Herrera","Tiempo de lectura":"2 minutos"},"schema":{"@context":"https:\/\/schema.org","@graph":[{"@type":"Article","@id":"https:\/\/soynuevaprensadigital.com\/news1053fm\/demi-lovato-dice-que-perdio-la-virginidad-en-una-violacion-de-adolescente\/#article","isPartOf":{"@id":"https:\/\/soynuevaprensadigital.com\/news1053fm\/demi-lovato-dice-que-perdio-la-virginidad-en-una-violacion-de-adolescente\/"},"author":{"name":"Alvis Cristina Herrera","@id":"https:\/\/soynuevaprensadigital.com\/news1053fm\/#\/schema\/person\/aa2d09ab130e943e3c7b360a32177538"},"headline":"Demi Lovato dice que perdi\u00f3 la virginidad en una violaci\u00f3n de adolescente","datePublished":"2021-03-18T16:44:13+00:00","dateModified":"2021-05-19T01:47:26+00:00","mainEntityOfPage":{"@id":"https:\/\/soynuevaprensadigital.com\/news1053fm\/demi-lovato-dice-que-perdio-la-virginidad-en-una-violacion-de-adolescente\/"},"wordCount":502,"articleSection":["Featured","Noticias"],"inLanguage":"es"},{"@type":"WebPage","@id":"https:\/\/soynuevaprensadigital.com\/news1053fm\/demi-lovato-dice-que-perdio-la-virginidad-en-una-violacion-de-adolescente\/","url":"https:\/\/soynuevaprensadigital.com\/news1053fm\/demi-lovato-dice-que-perdio-la-virginidad-en-una-violacion-de-adolescente\/","name":"Demi Lovato dice que perdi\u00f3 la virginidad en una violaci\u00f3n de adolescente - News 105.3 FM","isPartOf":{"@id":"https:\/\/soynuevaprensadigital.com\/news1053fm\/#website"},"datePublished":"2021-03-18T16:44:13+00:00","dateModified":"2021-05-19T01:47:26+00:00","author":{"@id":"https:\/\/soynuevaprensadigital.com\/news1053fm\/#\/schema\/person\/aa2d09ab130e943e3c7b360a32177538"},"description":"Demi Lovato revel\u00f3 en un nuevo documental sobre su vida que perdi\u00f3 la virginidad en una violaci\u00f3n cuando era adolescente","breadcrumb":{"@id":"https:\/\/soynuevaprensadigital.com\/news1053fm\/demi-lovato-dice-que-perdio-la-virginidad-en-una-violacion-de-adolescente\/#breadcrumb"},"inLanguage":"es","potentialAction":[{"@type":"ReadAction","target":["https:\/\/soynuevaprensadigital.com\/news1053fm\/demi-lovato-dice-que-perdio-la-virginidad-en-una-violacion-de-adolescente\/"]}]},{"@type":"BreadcrumbList","@id":"https:\/\/soynuevaprensadigital.com\/news1053fm\/demi-lovato-dice-que-perdio-la-virginidad-en-una-violacion-de-adolescente\/#breadcrumb","itemListElement":[{"@type":"ListItem","position":1,"name":"Portada","item":"https:\/\/soynuevaprensadigital.com\/news1053fm\/"},{"@type":"ListItem","position":2,"name":"Demi Lovato dice que perdi\u00f3 la virginidad en una violaci\u00f3n de adolescente"}]},{"@type":"WebSite","@id":"https:\/\/soynuevaprensadigital.com\/news1053fm\/#website","url":"https:\/\/soynuevaprensadigital.com\/news1053fm\/","name":"News 105.3 FM","description":"Nuestro compromiso contigo nos permite ofrecerte la radio de mejor calidad, la frecuencia m\u00e1s limpia yel entretenimiento para todos los gustos.","potentialAction":[{"@type":"SearchAction","target":{"@type":"EntryPoint","urlTemplate":"https:\/\/soynuevaprensadigital.com\/news1053fm\/?s={search_term_string}"},"query-input":{"@type":"PropertyValueSpecification","valueRequired":true,"valueName":"search_term_string"}}],"inLanguage":"es"},{"@type":"Person","@id":"https:\/\/soynuevaprensadigital.com\/news1053fm\/#\/schema\/person\/aa2d09ab130e943e3c7b360a32177538","name":"Alvis Cristina Herrera","image":{"@type":"ImageObject","inLanguage":"es","@id":"https:\/\/secure.gravatar.com\/avatar\/6a4b461595fbd8c4d0947e89062b7b1df5ea5bc6348126d9594f8d0cece5be89?s=96&d=mm&r=g","url":"https:\/\/secure.gravatar.com\/avatar\/6a4b461595fbd8c4d0947e89062b7b1df5ea5bc6348126d9594f8d0cece5be89?s=96&d=mm&r=g","contentUrl":"https:\/\/secure.gravatar.com\/avatar\/6a4b461595fbd8c4d0947e89062b7b1df5ea5bc6348126d9594f8d0cece5be89?s=96&d=mm&r=g","caption":"Alvis Cristina Herrera"},"sameAs":["https:\/\/www.facebook.com\/AlvisCristinaHe","https:\/\/www.instagram.com\/alviscristinahe\/","https:\/\/www.linkedin.com\/in\/alviscristinahe\/","https:\/\/x.com\/https:\/\/www.twitter.com\/alviscristinahe\/"],"url":"https:\/\/soynuevaprensadigital.com\/news1053fm\/author\/alvisherrera\/"}]}},"_links":{"self":[{"href":"https:\/\/soynuevaprensadigital.com\/news1053fm\/wp-json\/wp\/v2\/posts\/1722","targetHints":{"allow":["GET"]}}],"collection":[{"href":"https:\/\/soynuevaprensadigital.com\/news1053fm\/wp-json\/wp\/v2\/posts"}],"about":[{"href":"https:\/\/soynuevaprensadigital.com\/news1053fm\/wp-json\/wp\/v2\/types\/post"}],"author":[{"embeddable":true,"href":"https:\/\/soynuevaprensadigital.com\/news1053fm\/wp-json\/wp\/v2\/users\/158"}],"replies":[{"embeddable":true,"href":"https:\/\/soynuevaprensadigital.com\/news1053fm\/wp-json\/wp\/v2\/comments?post=1722"}],"version-history":[{"count":0,"href":"https:\/\/soynuevaprensadigital.com\/news1053fm\/wp-json\/wp\/v2\/posts\/1722\/revisions"}],"wp:attachment":[{"href":"https:\/\/soynuevaprensadigital.com\/news1053fm\/wp-json\/wp\/v2\/media?parent=1722"}],"wp:term":[{"taxonomy":"category","embeddable":true,"href":"https:\/\/soynuevaprensadigital.com\/news1053fm\/wp-json\/wp\/v2\/categories?post=1722"},{"taxonomy":"post_tag","embeddable":true,"href":"https:\/\/soynuevaprensadigital.com\/news1053fm\/wp-json\/wp\/v2\/tags?post=1722"}],"curies":[{"name":"wp","href":"https:\/\/api.w.org\/{rel}","templated":true}]}}