{"id":1724,"date":"2021-03-18T12:57:17","date_gmt":"2021-03-18T16:57:17","guid":{"rendered":"https:\/\/soynuevaprensadigital.com\/news1053fm\/?p=1724"},"modified":"2022-06-02T09:54:25","modified_gmt":"2022-06-02T13:54:25","slug":"quien-como-ellos-deyna-castellanos","status":"publish","type":"post","link":"https:\/\/soynuevaprensadigital.com\/news1053fm\/quien-como-ellos-deyna-castellanos\/","title":{"rendered":"\u00bfQui\u00e9n como ellos?: Deyna Castellanos"},"content":{"rendered":"<p><strong>Ciudad Guayana. <\/strong>Considerada como una de las mejores futbolistas a nivel mundial, el 18 de abril de 1999 naci\u00f3 en Maracay, estado Aragua, la delantera Deyna Castellanos, quien actualmente se desempe\u00f1a en el Atl\u00e9tico de Madrid de la primera divisi\u00f3n femenina de Espa\u00f1a.<\/p>\n<p>En su recorrido con las selecciones juveniles femeninas de Venezuela, Castellanos logr\u00f3 obtener dos veces el primer lugar en el Campeonato Sudamericano Femenino Sub-17, convirti\u00e9ndose en la m\u00e1xima goleadora hist\u00f3rica del certamen con 14 tantos.<\/p>\n<p>Durante 2017, la FIFA la galardon\u00f3 a los Premios The Best y al Pusk\u00e1s, quedando en la tercera posici\u00f3n en ambas ceremonias y un a\u00f1o despu\u00e9s, obtuvo el Campeonato Nacional Universitario en el balompi\u00e9 de Estados Unidos.<\/p>\n<p>Tambi\u00e9n lleg\u00f3 a clasificar a dos mundiales sub-17 de la FIFA con la selecci\u00f3n femenina venezolana, ganando en ambas ediciones el Bal\u00f3n de Bronce, la Bota de Oro y la Bota de Bronce, adem\u00e1s de ser la m\u00e1xima goleadora hist\u00f3rica del evento con 11 anotaciones.<\/p>\n<p>Deyna Castellanos dio inicio a su carrera futbol\u00edstica a los 5 a\u00f1os en Maracay, donde fue descubierta por el entrenador Jorge Riera y tras comenzar a jugar fue destac\u00e1ndose como una goleadora nata, siendo la m\u00e1xima anotadora en las distintas categor\u00edas en las que particip\u00f3.<\/p>\n<p>Para 2013, la jugadora continu\u00f3 su evoluci\u00f3n como futbolista en la academia de f\u00fatbol del excapit\u00e1n Vinotinto, Juan Arango y para 2014 recibi\u00f3 la Orden Sam\u00e1n de Aragua y la Orden Negra Hip\u00f3lita por parte de la Gobernaci\u00f3n de Aragua.<\/p>\n<p>Adem\u00e1s, Castellanos es la primera atleta venezolana en ser invitada por la FIFA a la Gala del Bal\u00f3n de Oro.<\/p>\n<p><strong>ESTADOS UNIDOS<\/strong><\/p>\n<p>Tras demostrar su talento en las selecciones juveniles de Venezuela, en 2016 logr\u00f3 obtener una beca para ingresar en la Universidad Estatal de Florida, en Estados Unidos, donde jugar\u00eda con su equipo femenino, el Florida State Seminoles y disputar el campeonato de la NCAA.<\/p>\n<p>Durante su paso por los Seminoles, Deyna Castellanos lleg\u00f3 a jugar 20 compromisos, y marc\u00f3 19 goles solo en su primera temporada; mientras que para la temporada siguiente marc\u00f3 tres goles en el primer compromiso.<\/p>\n<p>Durante el Campeonato Nacional la venezolana se volvi\u00f3 a imponer marcando un par de dobletes ante Ole Miss y Arizona, pero terminaron cayendo eliminadas en los octavos de final ante el Stanford.<\/p>\n<p>Gracias a su desempe\u00f1o, se le nombr\u00f3 para formar parte del primer equipo de All-Region Teams y para integrar el segundo equipo del All-american por la United Soccer Coaches.<\/p>\n<p>Debido a la gran cantidad de goles anotados durante su paso por el equipo universitario, la delantera arag\u00fce\u00f1a se convirti\u00f3 en la jugadora en marcar m\u00e1s goles para ganar con 20 tantos y se impuso como la segunda m\u00e1xima goleadora hist\u00f3rica del equipo con 48 anotaciones.<\/p>\n<p><strong>ATL\u00c9TICO DE MADRID<\/strong><\/p>\n<p>Tuvo que esperar hasta el 2 de enero de 2020 para ser fichada por la divisi\u00f3n femenina del Club Atl\u00e9tico de Madrid de Espa\u00f1a, cuyo contrato expira en 2022 y su debut tuvo lugar el 11 de enero frente al Sporting Club de Huelva, donde ingres\u00f3 al campo al minuto 65.<\/p>\n<div class=\"youtube-embed\" data-video_id=\"5gyAEu7AhSM\"><iframe loading=\"lazy\" title=\"Deyna Castellanos \u25ba Goles, Asistencias y Mejores Jugadas \u26bd2021\u26bd\" width=\"696\" height=\"392\" src=\"https:\/\/www.youtube.com\/embed\/5gyAEu7AhSM?feature=oembed&#038;enablejsapi=1\" frameborder=\"0\" allow=\"accelerometer; autoplay; clipboard-write; encrypted-media; gyroscope; picture-in-picture\" allowfullscreen><\/iframe><\/div>\n","protected":false},"excerpt":{"rendered":"<p>Ciudad Guayana. Considerada como una de las mejores futbolistas a nivel mundial, el 18 de abril de 1999 naci\u00f3 en Maracay, estado Aragua, la delantera Deyna Castellanos, quien actualmente se desempe\u00f1a en el Atl\u00e9tico de Madrid de la primera divisi\u00f3n femenina de Espa\u00f1a. En su recorrido con las selecciones juveniles femeninas de Venezuela, Castellanos logr\u00f3 [&hellip;]<\/p>\n","protected":false},"author":158,"featured_media":0,"comment_status":"closed","ping_status":"closed","sticky":false,"template":"","format":"standard","meta":{"footnotes":""},"categories":[2,19],"tags":[],"class_list":["post-1724","post","type-post","status-publish","format-standard","hentry","category-featured","category-mundo-deportivo"],"yoast_head":"<!-- This site is optimized with the Yoast SEO plugin v27.5 - https:\/\/yoast.com\/product\/yoast-seo-wordpress\/ -->\n<title>\u00bfQui\u00e9n como ellos?: Deyna Castellanos - News 105.3 FM<\/title>\n<meta name=\"description\" content=\"Deyna Castellanos, quien actualmente se desempe\u00f1a en el Atl\u00e9tico de Madrid de la primera divisi\u00f3n femenina de\" \/>\n<meta name=\"robots\" content=\"index, follow, max-snippet:-1, max-image-preview:large, max-video-preview:-1\" \/>\n<link rel=\"canonical\" href=\"https:\/\/soynuevaprensadigital.com\/news1053fm\/quien-como-ellos-deyna-castellanos\/\" \/>\n<meta property=\"og:locale\" content=\"es_ES\" \/>\n<meta property=\"og:type\" content=\"article\" \/>\n<meta property=\"og:title\" content=\"\u00bfQui\u00e9n como ellos?: Deyna Castellanos - News 105.3 FM\" \/>\n<meta property=\"og:description\" content=\"Deyna Castellanos, quien actualmente se desempe\u00f1a en el Atl\u00e9tico de Madrid de la primera divisi\u00f3n femenina de\" \/>\n<meta property=\"og:url\" content=\"https:\/\/soynuevaprensadigital.com\/news1053fm\/quien-como-ellos-deyna-castellanos\/\" \/>\n<meta property=\"og:site_name\" content=\"News 105.3 FM\" \/>\n<meta property=\"article:publisher\" content=\"https:\/\/www.facebook.com\/News1053fm-1655395028099413\/\" \/>\n<meta property=\"article:author\" content=\"https:\/\/www.facebook.com\/AlvisCristinaHe\" \/>\n<meta property=\"article:published_time\" content=\"2021-03-18T16:57:17+00:00\" \/>\n<meta property=\"article:modified_time\" content=\"2022-06-02T13:54:25+00:00\" \/>\n<meta name=\"author\" content=\"Alvis Cristina Herrera\" \/>\n<meta name=\"twitter:card\" content=\"summary_large_image\" \/>\n<meta name=\"twitter:creator\" content=\"@https:\/\/www.twitter.com\/alviscristinahe\/\" \/>\n<meta name=\"twitter:site\" content=\"@news105_3fm\" \/>\n<meta name=\"twitter:label1\" content=\"Escrito por\" \/>\n\t<meta name=\"twitter:data1\" content=\"Alvis Cristina Herrera\" \/>\n\t<meta name=\"twitter:label2\" content=\"Tiempo de lectura\" \/>\n\t<meta name=\"twitter:data2\" content=\"3 minutos\" \/>\n<script type=\"application\/ld+json\" class=\"yoast-schema-graph\">{\"@context\":\"https:\\\/\\\/schema.org\",\"@graph\":[{\"@type\":\"Article\",\"@id\":\"https:\\\/\\\/soynuevaprensadigital.com\\\/news1053fm\\\/quien-como-ellos-deyna-castellanos\\\/#article\",\"isPartOf\":{\"@id\":\"https:\\\/\\\/soynuevaprensadigital.com\\\/news1053fm\\\/quien-como-ellos-deyna-castellanos\\\/\"},\"author\":{\"name\":\"Alvis Cristina Herrera\",\"@id\":\"https:\\\/\\\/soynuevaprensadigital.com\\\/news1053fm\\\/#\\\/schema\\\/person\\\/aa2d09ab130e943e3c7b360a32177538\"},\"headline\":\"\u00bfQui\u00e9n como ellos?: Deyna Castellanos\",\"datePublished\":\"2021-03-18T16:57:17+00:00\",\"dateModified\":\"2022-06-02T13:54:25+00:00\",\"mainEntityOfPage\":{\"@id\":\"https:\\\/\\\/soynuevaprensadigital.com\\\/news1053fm\\\/quien-como-ellos-deyna-castellanos\\\/\"},\"wordCount\":546,\"articleSection\":[\"Featured\",\"Mundo Deportivo\"],\"inLanguage\":\"es\"},{\"@type\":\"WebPage\",\"@id\":\"https:\\\/\\\/soynuevaprensadigital.com\\\/news1053fm\\\/quien-como-ellos-deyna-castellanos\\\/\",\"url\":\"https:\\\/\\\/soynuevaprensadigital.com\\\/news1053fm\\\/quien-como-ellos-deyna-castellanos\\\/\",\"name\":\"\u00bfQui\u00e9n como ellos?: Deyna Castellanos - News 105.3 FM\",\"isPartOf\":{\"@id\":\"https:\\\/\\\/soynuevaprensadigital.com\\\/news1053fm\\\/#website\"},\"datePublished\":\"2021-03-18T16:57:17+00:00\",\"dateModified\":\"2022-06-02T13:54:25+00:00\",\"author\":{\"@id\":\"https:\\\/\\\/soynuevaprensadigital.com\\\/news1053fm\\\/#\\\/schema\\\/person\\\/aa2d09ab130e943e3c7b360a32177538\"},\"description\":\"Deyna Castellanos, quien actualmente se desempe\u00f1a en el Atl\u00e9tico de Madrid de la primera divisi\u00f3n femenina de\",\"breadcrumb\":{\"@id\":\"https:\\\/\\\/soynuevaprensadigital.com\\\/news1053fm\\\/quien-como-ellos-deyna-castellanos\\\/#breadcrumb\"},\"inLanguage\":\"es\",\"potentialAction\":[{\"@type\":\"ReadAction\",\"target\":[\"https:\\\/\\\/soynuevaprensadigital.com\\\/news1053fm\\\/quien-como-ellos-deyna-castellanos\\\/\"]}]},{\"@type\":\"BreadcrumbList\",\"@id\":\"https:\\\/\\\/soynuevaprensadigital.com\\\/news1053fm\\\/quien-como-ellos-deyna-castellanos\\\/#breadcrumb\",\"itemListElement\":[{\"@type\":\"ListItem\",\"position\":1,\"name\":\"Portada\",\"item\":\"https:\\\/\\\/soynuevaprensadigital.com\\\/news1053fm\\\/\"},{\"@type\":\"ListItem\",\"position\":2,\"name\":\"\u00bfQui\u00e9n como ellos?: Deyna Castellanos\"}]},{\"@type\":\"WebSite\",\"@id\":\"https:\\\/\\\/soynuevaprensadigital.com\\\/news1053fm\\\/#website\",\"url\":\"https:\\\/\\\/soynuevaprensadigital.com\\\/news1053fm\\\/\",\"name\":\"News 105.3 FM\",\"description\":\"Nuestro compromiso contigo nos permite ofrecerte la radio de mejor calidad, la frecuencia m\u00e1s limpia yel entretenimiento para todos los gustos.\",\"potentialAction\":[{\"@type\":\"SearchAction\",\"target\":{\"@type\":\"EntryPoint\",\"urlTemplate\":\"https:\\\/\\\/soynuevaprensadigital.com\\\/news1053fm\\\/?s={search_term_string}\"},\"query-input\":{\"@type\":\"PropertyValueSpecification\",\"valueRequired\":true,\"valueName\":\"search_term_string\"}}],\"inLanguage\":\"es\"},{\"@type\":\"Person\",\"@id\":\"https:\\\/\\\/soynuevaprensadigital.com\\\/news1053fm\\\/#\\\/schema\\\/person\\\/aa2d09ab130e943e3c7b360a32177538\",\"name\":\"Alvis Cristina Herrera\",\"image\":{\"@type\":\"ImageObject\",\"inLanguage\":\"es\",\"@id\":\"https:\\\/\\\/secure.gravatar.com\\\/avatar\\\/6a4b461595fbd8c4d0947e89062b7b1df5ea5bc6348126d9594f8d0cece5be89?s=96&d=mm&r=g\",\"url\":\"https:\\\/\\\/secure.gravatar.com\\\/avatar\\\/6a4b461595fbd8c4d0947e89062b7b1df5ea5bc6348126d9594f8d0cece5be89?s=96&d=mm&r=g\",\"contentUrl\":\"https:\\\/\\\/secure.gravatar.com\\\/avatar\\\/6a4b461595fbd8c4d0947e89062b7b1df5ea5bc6348126d9594f8d0cece5be89?s=96&d=mm&r=g\",\"caption\":\"Alvis Cristina Herrera\"},\"sameAs\":[\"https:\\\/\\\/www.facebook.com\\\/AlvisCristinaHe\",\"https:\\\/\\\/www.instagram.com\\\/alviscristinahe\\\/\",\"https:\\\/\\\/www.linkedin.com\\\/in\\\/alviscristinahe\\\/\",\"https:\\\/\\\/x.com\\\/https:\\\/\\\/www.twitter.com\\\/alviscristinahe\\\/\"],\"url\":\"https:\\\/\\\/soynuevaprensadigital.com\\\/news1053fm\\\/author\\\/alvisherrera\\\/\"}]}<\/script>\n<!-- \/ Yoast SEO plugin. -->","yoast_head_json":{"title":"\u00bfQui\u00e9n como ellos?: Deyna Castellanos - News 105.3 FM","description":"Deyna Castellanos, quien actualmente se desempe\u00f1a en el Atl\u00e9tico de Madrid de la primera divisi\u00f3n femenina de","robots":{"index":"index","follow":"follow","max-snippet":"max-snippet:-1","max-image-preview":"max-image-preview:large","max-video-preview":"max-video-preview:-1"},"canonical":"https:\/\/soynuevaprensadigital.com\/news1053fm\/quien-como-ellos-deyna-castellanos\/","og_locale":"es_ES","og_type":"article","og_title":"\u00bfQui\u00e9n como ellos?: Deyna Castellanos - News 105.3 FM","og_description":"Deyna Castellanos, quien actualmente se desempe\u00f1a en el Atl\u00e9tico de Madrid de la primera divisi\u00f3n femenina de","og_url":"https:\/\/soynuevaprensadigital.com\/news1053fm\/quien-como-ellos-deyna-castellanos\/","og_site_name":"News 105.3 FM","article_publisher":"https:\/\/www.facebook.com\/News1053fm-1655395028099413\/","article_author":"https:\/\/www.facebook.com\/AlvisCristinaHe","article_published_time":"2021-03-18T16:57:17+00:00","article_modified_time":"2022-06-02T13:54:25+00:00","author":"Alvis Cristina Herrera","twitter_card":"summary_large_image","twitter_creator":"@https:\/\/www.twitter.com\/alviscristinahe\/","twitter_site":"@news105_3fm","twitter_misc":{"Escrito por":"Alvis Cristina Herrera","Tiempo de lectura":"3 minutos"},"schema":{"@context":"https:\/\/schema.org","@graph":[{"@type":"Article","@id":"https:\/\/soynuevaprensadigital.com\/news1053fm\/quien-como-ellos-deyna-castellanos\/#article","isPartOf":{"@id":"https:\/\/soynuevaprensadigital.com\/news1053fm\/quien-como-ellos-deyna-castellanos\/"},"author":{"name":"Alvis Cristina Herrera","@id":"https:\/\/soynuevaprensadigital.com\/news1053fm\/#\/schema\/person\/aa2d09ab130e943e3c7b360a32177538"},"headline":"\u00bfQui\u00e9n como ellos?: Deyna Castellanos","datePublished":"2021-03-18T16:57:17+00:00","dateModified":"2022-06-02T13:54:25+00:00","mainEntityOfPage":{"@id":"https:\/\/soynuevaprensadigital.com\/news1053fm\/quien-como-ellos-deyna-castellanos\/"},"wordCount":546,"articleSection":["Featured","Mundo Deportivo"],"inLanguage":"es"},{"@type":"WebPage","@id":"https:\/\/soynuevaprensadigital.com\/news1053fm\/quien-como-ellos-deyna-castellanos\/","url":"https:\/\/soynuevaprensadigital.com\/news1053fm\/quien-como-ellos-deyna-castellanos\/","name":"\u00bfQui\u00e9n como ellos?: Deyna Castellanos - News 105.3 FM","isPartOf":{"@id":"https:\/\/soynuevaprensadigital.com\/news1053fm\/#website"},"datePublished":"2021-03-18T16:57:17+00:00","dateModified":"2022-06-02T13:54:25+00:00","author":{"@id":"https:\/\/soynuevaprensadigital.com\/news1053fm\/#\/schema\/person\/aa2d09ab130e943e3c7b360a32177538"},"description":"Deyna Castellanos, quien actualmente se desempe\u00f1a en el Atl\u00e9tico de Madrid de la primera divisi\u00f3n femenina de","breadcrumb":{"@id":"https:\/\/soynuevaprensadigital.com\/news1053fm\/quien-como-ellos-deyna-castellanos\/#breadcrumb"},"inLanguage":"es","potentialAction":[{"@type":"ReadAction","target":["https:\/\/soynuevaprensadigital.com\/news1053fm\/quien-como-ellos-deyna-castellanos\/"]}]},{"@type":"BreadcrumbList","@id":"https:\/\/soynuevaprensadigital.com\/news1053fm\/quien-como-ellos-deyna-castellanos\/#breadcrumb","itemListElement":[{"@type":"ListItem","position":1,"name":"Portada","item":"https:\/\/soynuevaprensadigital.com\/news1053fm\/"},{"@type":"ListItem","position":2,"name":"\u00bfQui\u00e9n como ellos?: Deyna Castellanos"}]},{"@type":"WebSite","@id":"https:\/\/soynuevaprensadigital.com\/news1053fm\/#website","url":"https:\/\/soynuevaprensadigital.com\/news1053fm\/","name":"News 105.3 FM","description":"Nuestro compromiso contigo nos permite ofrecerte la radio de mejor calidad, la frecuencia m\u00e1s limpia yel entretenimiento para todos los gustos.","potentialAction":[{"@type":"SearchAction","target":{"@type":"EntryPoint","urlTemplate":"https:\/\/soynuevaprensadigital.com\/news1053fm\/?s={search_term_string}"},"query-input":{"@type":"PropertyValueSpecification","valueRequired":true,"valueName":"search_term_string"}}],"inLanguage":"es"},{"@type":"Person","@id":"https:\/\/soynuevaprensadigital.com\/news1053fm\/#\/schema\/person\/aa2d09ab130e943e3c7b360a32177538","name":"Alvis Cristina Herrera","image":{"@type":"ImageObject","inLanguage":"es","@id":"https:\/\/secure.gravatar.com\/avatar\/6a4b461595fbd8c4d0947e89062b7b1df5ea5bc6348126d9594f8d0cece5be89?s=96&d=mm&r=g","url":"https:\/\/secure.gravatar.com\/avatar\/6a4b461595fbd8c4d0947e89062b7b1df5ea5bc6348126d9594f8d0cece5be89?s=96&d=mm&r=g","contentUrl":"https:\/\/secure.gravatar.com\/avatar\/6a4b461595fbd8c4d0947e89062b7b1df5ea5bc6348126d9594f8d0cece5be89?s=96&d=mm&r=g","caption":"Alvis Cristina Herrera"},"sameAs":["https:\/\/www.facebook.com\/AlvisCristinaHe","https:\/\/www.instagram.com\/alviscristinahe\/","https:\/\/www.linkedin.com\/in\/alviscristinahe\/","https:\/\/x.com\/https:\/\/www.twitter.com\/alviscristinahe\/"],"url":"https:\/\/soynuevaprensadigital.com\/news1053fm\/author\/alvisherrera\/"}]}},"_links":{"self":[{"href":"https:\/\/soynuevaprensadigital.com\/news1053fm\/wp-json\/wp\/v2\/posts\/1724","targetHints":{"allow":["GET"]}}],"collection":[{"href":"https:\/\/soynuevaprensadigital.com\/news1053fm\/wp-json\/wp\/v2\/posts"}],"about":[{"href":"https:\/\/soynuevaprensadigital.com\/news1053fm\/wp-json\/wp\/v2\/types\/post"}],"author":[{"embeddable":true,"href":"https:\/\/soynuevaprensadigital.com\/news1053fm\/wp-json\/wp\/v2\/users\/158"}],"replies":[{"embeddable":true,"href":"https:\/\/soynuevaprensadigital.com\/news1053fm\/wp-json\/wp\/v2\/comments?post=1724"}],"version-history":[{"count":0,"href":"https:\/\/soynuevaprensadigital.com\/news1053fm\/wp-json\/wp\/v2\/posts\/1724\/revisions"}],"wp:attachment":[{"href":"https:\/\/soynuevaprensadigital.com\/news1053fm\/wp-json\/wp\/v2\/media?parent=1724"}],"wp:term":[{"taxonomy":"category","embeddable":true,"href":"https:\/\/soynuevaprensadigital.com\/news1053fm\/wp-json\/wp\/v2\/categories?post=1724"},{"taxonomy":"post_tag","embeddable":true,"href":"https:\/\/soynuevaprensadigital.com\/news1053fm\/wp-json\/wp\/v2\/tags?post=1724"}],"curies":[{"name":"wp","href":"https:\/\/api.w.org\/{rel}","templated":true}]}}