{"id":1760,"date":"2021-03-24T15:34:53","date_gmt":"2021-03-24T19:34:53","guid":{"rendered":"https:\/\/soynuevaprensadigital.com\/news1053fm\/?p=1760"},"modified":"2021-03-24T15:39:37","modified_gmt":"2021-03-24T19:39:37","slug":"lo-que-no-sabias-de-jabulani","status":"publish","type":"post","link":"https:\/\/soynuevaprensadigital.com\/news1053fm\/lo-que-no-sabias-de-jabulani\/","title":{"rendered":"Lo que no sab\u00edas de&#8230; Jabulani"},"content":{"rendered":"<p style=\"text-align: justify\"><span style=\"font-family: verdana, geneva, sans-serif\"><strong>Ciudad Guayana.-<\/strong>Fue el bal\u00f3n oficial para la Copa Mundial de F\u00fatbol de 2010 dise\u00f1ada en la Universidad de Loughborough en Reino Unido.<\/span><\/p>\n<p style=\"text-align: justify\"><span style=\"font-family: verdana, geneva, sans-serif\">Fue uno de los balones mundialistas m\u00e1s criticados por los jugadores y t\u00e9cnicos, ya que, era ingobernable e imprevisible en su desplazamiento.<\/span><\/p>\n<h3 style=\"text-align: justify\"><span style=\"font-family: verdana, geneva, sans-serif\"><strong>DESCRIPCI\u00d3N<\/strong><\/span><\/h3>\n<p style=\"text-align: justify\"><span style=\"font-family: verdana, geneva, sans-serif\">El Jabulani tiene un di\u00e1metro una circunferencia de 69 cent\u00edmetros, no permite la absorci\u00f3n del agua, tiene un peso de 440 gramos y una p\u00e9rdida de presi\u00f3n de 10%.<\/span><\/p>\n<p style=\"text-align: justify\"><span style=\"font-family: verdana, geneva, sans-serif\">Est\u00e1 construido con un nuevo dise\u00f1o que consiste en ocho capas selladas t\u00e9rmicamente y tres paneles dimensionales. Est\u00e1 moldeado esf\u00e9ricamente de etileno acetato de vinilo y poliuretano termopl\u00e1stico. La superficie del bal\u00f3n esta texturizada con surcos, una tecnolog\u00eda de Adidas llamada Grip \u2018n Groove que mejora la aerodin\u00e1mica de la bola.<\/span><\/p>\n<h3 style=\"text-align: justify\"><span style=\"font-family: verdana, geneva, sans-serif\"><strong>IMPREDECIBLE A M\u00c1S DE 72 KM\/H<\/strong><\/span><\/h3>\n<p style=\"text-align: justify\"><span style=\"font-family: verdana, geneva, sans-serif\">El aluvi\u00f3n de cr\u00edticas que jugadores, t\u00e9cnicos y expertos han dedicado al Jabulani, llev\u00f3 a la mism\u00edsima NASA a analizar el comportamiento y la aerodin\u00e1mica del esf\u00e9rico.<\/span><\/p>\n<p style=\"text-align: justify\"><span style=\"font-family: verdana, geneva, sans-serif\">Los resultados no pudieron ser m\u00e1s contundentes: es impredecible. Los porteros de Inglaterra, Argelia, Jap\u00f3n y Ghana protagonizaron algunas de las cantadas m\u00e1s sonadas del mundial de Sud\u00e1frica. Sin embargo, ellos villanos crucificados por sus aficiones, tuvieron una coartada a la que agarrarse: el Jabulani es err\u00e1tico e impredecible.<\/span><\/p>\n<p style=\"text-align: justify\"><span style=\"font-family: verdana, geneva, sans-serif\">No solo se trata de una simple impresi\u00f3n o de sus sensaciones dentro del campo. Esto lo dijo la misma NASA.<\/span><\/p>\n<p style=\"text-align: justify\"><span style=\"font-family: verdana, geneva, sans-serif\">Con la ayuda de un jugador profesional de la Liga estadounidense expertos en aerodin\u00e1mica de la NASA estudiaron al detalle el comportamiento del pol\u00e9mico bal\u00f3n.<\/span><\/p>\n<p style=\"text-align: justify\"><span style=\"font-family: verdana, geneva, sans-serif\">Las conclusiones del estudio se\u00f1alaron que a una velocidad superior a los 72 kil\u00f3metros por hora, el Jabulani es impredecible.<\/span><\/p>\n<p style=\"text-align: justify\"><span style=\"font-family: verdana, geneva, sans-serif\">El poco peso del bal\u00f3n hace que al ser golpeado con violencia el esf\u00e9rico experimente un denominado efecto nudillo que hace que su direcci\u00f3n var\u00ede de forma totalmente aleatoria durante su vuelo.<\/span><\/p>\n<h3 style=\"text-align: justify\"><span style=\"font-family: verdana, geneva, sans-serif\"><strong>DISE\u00d1O<\/strong><\/span><\/h3>\n<p style=\"text-align: justify\"><span style=\"font-family: verdana, geneva, sans-serif\">El bal\u00f3n se dise\u00f1\u00f3 para ser m\u00e1s exacto pero termin\u00f3 siendo m\u00e1s impredecible. Arqueros, jugadores, t\u00e9cnicos, afici\u00f3n, todos tuvieron una observaci\u00f3n para el bal\u00f3n que corri\u00f3 en cada Copa del Mundo de F\u00fatbol.<\/span><\/p>\n<p style=\"text-align: justify\"><span style=\"font-family: verdana, geneva, sans-serif\">El Jabulani no es la excepci\u00f3n. Si dicen que FIFA tiene una cruzada contra la tecnolog\u00eda, no ser\u00e1 en los balones.<\/span><\/p>\n<p style=\"text-align: justify\"><span style=\"font-family: verdana, geneva, sans-serif\">Quiz\u00e1 el cambio m\u00e1s radical es el n\u00famero de capas en el bal\u00f3n con respecto a su antecesor, el Teamgeist. El bal\u00f3n utilizado en Alemania 2006 ten\u00eda 14 capas selladas de forma t\u00e9rmica, en tanto que el Jabulani apenas emplea ocho. Tambi\u00e9n los materiales son diferentes, ya que, el Teamgeist utiliz\u00f3 cuero sint\u00e9tico y una capa de espuma.<\/span><\/p>\n<p style=\"text-align: justify\"><span style=\"font-family: verdana, geneva, sans-serif\">Del mismo modo, el bajo n\u00famero de costuras del Teamgeist (pasando de 32 caras hexagonales a 14 caras curvas) redujo considerablemente la resistencia al aire, lo que lo hac\u00eda un esf\u00e9rico mucho m\u00e1s ligero.<\/span><\/p>\n<p style=\"text-align: justify\"><span style=\"font-family: verdana, geneva, sans-serif\">Jabulani conserv\u00f3 este dise\u00f1o de caras curvas, pero sumado a los surcos del Grip \u2018n Groove, resulta en un bal\u00f3n m\u00e1s impredecible. La superficie con menos costuras del Jabulani cambia su resistencia al viento, su deslizamiento sobre el c\u00e9sped y, por supuesto, el golpeo de la bola.<\/span><\/p>\n<h3 style=\"text-align: justify\"><span style=\"font-family: verdana, geneva, sans-serif\"><strong>CR\u00cdTICAS<\/strong><\/span><\/h3>\n<p><strong>Por los guardametas<\/strong><\/p>\n<p style=\"text-align: justify\"><span style=\"font-family: verdana, geneva, sans-serif\">El guardameta V\u00edctor Vald\u00e9s dijo en su momento que la Jabulani es imprevisible, porque no describe una trayectoria regular. Por su parte, Iker Casillas, dijo que era \u00abun poco como una pelota de playa\u00bb.<\/span><\/p>\n<p style=\"text-align: justify\"><span style=\"font-family: verdana, geneva, sans-serif\">Fernando Muslera y Marcus Hahnemann coincidieron en que se trat\u00f3 de la \u00abpeor pelota\u00bb con la que han jugado.<\/span><\/p>\n<p style=\"text-align: justify\"><span style=\"font-family: verdana, geneva, sans-serif\">\u00abCreo que es una verg\u00fcenza jugar con una pelota como \u00e9sta en un torneo tan importante\u00bb, asegur\u00f3 el arquero italiano Gianluigi Buffon.<\/span><\/p>\n<p style=\"text-align: justify\"><span style=\"font-family: verdana, geneva, sans-serif\"><strong>Delanteros<\/strong><\/span><\/p>\n<p style=\"text-align: justify\"><span style=\"font-family: verdana, geneva, sans-serif\">El brasile\u00f1o Luis Fabiano dijo que era \u00absobrenatural\u00bb y que daba la sensaci\u00f3n de que alguien la estuviera guiando.<\/span><\/p>\n<p style=\"text-align: justify\"><span style=\"font-family: verdana, geneva, sans-serif\">El delantero italiano Giampaolo Pazzini dijo que Jabulani era \u00abun desastre para los atacantes\u00bb.<\/span><\/p>\n<p style=\"text-align: justify\"><span style=\"font-family: verdana, geneva, sans-serif\">Xavi Hern\u00e1ndez dijo: \u00abSe va much\u00edsimo, es muy r\u00e1pido y pesa menos\u00bb.<\/span><\/p>\n<h3 style=\"text-align: justify\"><span style=\"font-family: verdana, geneva, sans-serif\"><strong>Elogios<\/strong><\/span><\/h3>\n<p style=\"text-align: justify\"><span style=\"font-family: verdana, geneva, sans-serif\">No todo fue malo, la pelota recibi\u00f3 elogios del ingl\u00e9s Frank Lampard.<\/span><\/p>\n<p style=\"text-align: justify\"><span style=\"font-family: verdana, geneva, sans-serif\">El brasile\u00f1o \u00abKak\u00e1\u00bb se mostr\u00f3 conforme con el bal\u00f3n y el espa\u00f1ol \u00c1lvaro Arbeloa fue contundente: \u00abEs redondo, como todos\u00bb.<\/span><\/p>\n<p style=\"text-align: justify\"><span style=\"font-family: verdana, geneva, sans-serif\">Xabi Alonso reconoci\u00f3 que era diferente, \u00abpero poco a poco nos estamos acostumbrando\u00bb.<\/span><\/p>\n<p style=\"text-align: justify\"><span style=\"font-family: verdana, geneva, sans-serif\">Desde el Mundial M\u00e9xico 70 la empresa alemana Adidas es la encargada de proveer al torneo del bal\u00f3n oficial.<\/span><\/p>\n<h3 style=\"text-align: justify\"><span style=\"font-family: verdana, geneva, sans-serif\"><strong>CR\u00cdTICAS RECURRENTE<\/strong><\/span><\/h3>\n<p style=\"text-align: justify\"><span style=\"font-family: verdana, geneva, sans-serif\">Cada cuatro a\u00f1os cambia y cada cuatro a\u00f1os llegan las quejas sobre sus movimientos, su escaso peso y su dif\u00edcil control.<\/span><\/p>\n<p style=\"text-align: justify\"><span style=\"font-family: verdana, geneva, sans-serif\">En Corea del Sur y Jap\u00f3n 2002 fue la Fevernova. El brasile\u00f1o Rivaldo fue uno de sus cr\u00edticos: \u00abVa demasiado lejos\u00bb. Sin embargo, se las ingeni\u00f3 para convertir cinco goles en el torneo.<\/span><\/p>\n<p style=\"text-align: justify\"><span style=\"font-family: verdana, geneva, sans-serif\">En ese campeonato, el italiano Buffon describi\u00f3 a la pelota como \u00abrid\u00edcula\u00bb y de tener un \u00abbote para ni\u00f1os\u00bb. Recibi\u00f3 cinco goles en cuatro partidos.<\/span><\/p>\n<p style=\"text-align: justify\"><span style=\"font-family: verdana, geneva, sans-serif\">En Alemania 2006, la Teamgeist fue blanco de cr\u00edticas del brasile\u00f1o Roberto Carlos \u00abEs muy liviana. Parece hecha de pl\u00e1stico\u00bb y del golero ingl\u00e9s Paul Robinson.<\/span><\/p>\n<p style=\"text-align: justify\"><span style=\"font-family: verdana, geneva, sans-serif\">Robinson asegur\u00f3 que era una pelota \u00abcomplicada para los arqueros. Tiene una capa de pl\u00e1stico alrededor y cuando est\u00e1 mojada es a\u00fan peor\u00bb.<\/span><\/p>\n<h3 style=\"text-align: justify\"><span style=\"font-family: verdana, geneva, sans-serif\"><strong>CONCIDENCIAS ENTRE JABULANI Y EL N\u00daMERO 11<\/strong><\/span><\/h3>\n<ul>\n<li style=\"text-align: justify\"><span style=\"font-family: verdana, geneva, sans-serif\">Es la 11\u00ba pelota<\/span><\/li>\n<li style=\"text-align: justify\"><span style=\"font-family: verdana, geneva, sans-serif\">Cuenta con 11 colores.<\/span><\/li>\n<li style=\"text-align: justify\"><span style=\"font-family: verdana, geneva, sans-serif\">11 son los jugadores por cada equipo en el terreno de juego.<\/span><\/li>\n<li style=\"text-align: justify\"><span style=\"font-family: verdana, geneva, sans-serif\">En \u00c1frica existen 11 lenguas oficiales.<\/span><\/li>\n<li style=\"text-align: justify\"><span style=\"font-family: verdana, geneva, sans-serif\">El mundial comenz\u00f3 el 11 de junio y culmin\u00f3 el 11 de julio.<\/span><\/li>\n<\/ul>\n","protected":false},"excerpt":{"rendered":"<p>Ciudad Guayana.-Fue el bal\u00f3n oficial para la Copa Mundial de F\u00fatbol de 2010 dise\u00f1ada en la Universidad de Loughborough en Reino Unido. Fue uno de los balones mundialistas m\u00e1s criticados por los jugadores y t\u00e9cnicos, ya que, era ingobernable e imprevisible en su desplazamiento. DESCRIPCI\u00d3N El Jabulani tiene un di\u00e1metro una circunferencia de 69 cent\u00edmetros, [&hellip;]<\/p>\n","protected":false},"author":158,"featured_media":0,"comment_status":"closed","ping_status":"closed","sticky":false,"template":"","format":"standard","meta":{"footnotes":""},"categories":[2,19],"tags":[],"class_list":["post-1760","post","type-post","status-publish","format-standard","hentry","category-featured","category-mundo-deportivo"],"yoast_head":"<!-- This site is optimized with the Yoast SEO plugin v27.5 - https:\/\/yoast.com\/product\/yoast-seo-wordpress\/ -->\n<title>Lo que no sab\u00edas de... Jabulani - News 105.3 FM<\/title>\n<meta name=\"robots\" content=\"index, follow, max-snippet:-1, max-image-preview:large, max-video-preview:-1\" \/>\n<link rel=\"canonical\" href=\"https:\/\/soynuevaprensadigital.com\/news1053fm\/lo-que-no-sabias-de-jabulani\/\" \/>\n<meta property=\"og:locale\" content=\"es_ES\" \/>\n<meta property=\"og:type\" content=\"article\" \/>\n<meta property=\"og:title\" content=\"Lo que no sab\u00edas de... Jabulani - News 105.3 FM\" \/>\n<meta property=\"og:description\" content=\"Ciudad Guayana.-Fue el bal\u00f3n oficial para la Copa Mundial de F\u00fatbol de 2010 dise\u00f1ada en la Universidad de Loughborough en Reino Unido. Fue uno de los balones mundialistas m\u00e1s criticados por los jugadores y t\u00e9cnicos, ya que, era ingobernable e imprevisible en su desplazamiento. DESCRIPCI\u00d3N El Jabulani tiene un di\u00e1metro una circunferencia de 69 cent\u00edmetros, [&hellip;]\" \/>\n<meta property=\"og:url\" content=\"https:\/\/soynuevaprensadigital.com\/news1053fm\/lo-que-no-sabias-de-jabulani\/\" \/>\n<meta property=\"og:site_name\" content=\"News 105.3 FM\" \/>\n<meta property=\"article:publisher\" content=\"https:\/\/www.facebook.com\/News1053fm-1655395028099413\/\" \/>\n<meta property=\"article:author\" content=\"https:\/\/www.facebook.com\/AlvisCristinaHe\" \/>\n<meta property=\"article:published_time\" content=\"2021-03-24T19:34:53+00:00\" \/>\n<meta property=\"article:modified_time\" content=\"2021-03-24T19:39:37+00:00\" \/>\n<meta property=\"og:image\" content=\"https:\/\/soynuevaprensadigital.com\/news1053fm\/wp-content\/uploads\/sites\/3\/2021\/03\/1592165950_088779_1592166145_noticia_normal.jpg\" \/>\n\t<meta property=\"og:image:width\" content=\"1200\" \/>\n\t<meta property=\"og:image:height\" content=\"675\" \/>\n\t<meta property=\"og:image:type\" content=\"image\/jpeg\" \/>\n<meta name=\"author\" content=\"Alvis Cristina Herrera\" \/>\n<meta name=\"twitter:card\" content=\"summary_large_image\" \/>\n<meta name=\"twitter:creator\" content=\"@https:\/\/www.twitter.com\/alviscristinahe\/\" \/>\n<meta name=\"twitter:site\" content=\"@news105_3fm\" \/>\n<meta name=\"twitter:label1\" content=\"Escrito por\" \/>\n\t<meta name=\"twitter:data1\" content=\"Alvis Cristina Herrera\" \/>\n\t<meta name=\"twitter:label2\" content=\"Tiempo de lectura\" \/>\n\t<meta name=\"twitter:data2\" content=\"4 minutos\" \/>\n<script type=\"application\/ld+json\" class=\"yoast-schema-graph\">{\"@context\":\"https:\\\/\\\/schema.org\",\"@graph\":[{\"@type\":\"Article\",\"@id\":\"https:\\\/\\\/soynuevaprensadigital.com\\\/news1053fm\\\/lo-que-no-sabias-de-jabulani\\\/#article\",\"isPartOf\":{\"@id\":\"https:\\\/\\\/soynuevaprensadigital.com\\\/news1053fm\\\/lo-que-no-sabias-de-jabulani\\\/\"},\"author\":{\"name\":\"Alvis Cristina Herrera\",\"@id\":\"https:\\\/\\\/soynuevaprensadigital.com\\\/news1053fm\\\/#\\\/schema\\\/person\\\/aa2d09ab130e943e3c7b360a32177538\"},\"headline\":\"Lo que no sab\u00edas de&#8230; Jabulani\",\"datePublished\":\"2021-03-24T19:34:53+00:00\",\"dateModified\":\"2021-03-24T19:39:37+00:00\",\"mainEntityOfPage\":{\"@id\":\"https:\\\/\\\/soynuevaprensadigital.com\\\/news1053fm\\\/lo-que-no-sabias-de-jabulani\\\/\"},\"wordCount\":952,\"articleSection\":[\"Featured\",\"Mundo Deportivo\"],\"inLanguage\":\"es\"},{\"@type\":\"WebPage\",\"@id\":\"https:\\\/\\\/soynuevaprensadigital.com\\\/news1053fm\\\/lo-que-no-sabias-de-jabulani\\\/\",\"url\":\"https:\\\/\\\/soynuevaprensadigital.com\\\/news1053fm\\\/lo-que-no-sabias-de-jabulani\\\/\",\"name\":\"Lo que no sab\u00edas de... Jabulani - News 105.3 FM\",\"isPartOf\":{\"@id\":\"https:\\\/\\\/soynuevaprensadigital.com\\\/news1053fm\\\/#website\"},\"datePublished\":\"2021-03-24T19:34:53+00:00\",\"dateModified\":\"2021-03-24T19:39:37+00:00\",\"author\":{\"@id\":\"https:\\\/\\\/soynuevaprensadigital.com\\\/news1053fm\\\/#\\\/schema\\\/person\\\/aa2d09ab130e943e3c7b360a32177538\"},\"breadcrumb\":{\"@id\":\"https:\\\/\\\/soynuevaprensadigital.com\\\/news1053fm\\\/lo-que-no-sabias-de-jabulani\\\/#breadcrumb\"},\"inLanguage\":\"es\",\"potentialAction\":[{\"@type\":\"ReadAction\",\"target\":[\"https:\\\/\\\/soynuevaprensadigital.com\\\/news1053fm\\\/lo-que-no-sabias-de-jabulani\\\/\"]}]},{\"@type\":\"BreadcrumbList\",\"@id\":\"https:\\\/\\\/soynuevaprensadigital.com\\\/news1053fm\\\/lo-que-no-sabias-de-jabulani\\\/#breadcrumb\",\"itemListElement\":[{\"@type\":\"ListItem\",\"position\":1,\"name\":\"Portada\",\"item\":\"https:\\\/\\\/soynuevaprensadigital.com\\\/news1053fm\\\/\"},{\"@type\":\"ListItem\",\"position\":2,\"name\":\"Lo que no sab\u00edas de&#8230; Jabulani\"}]},{\"@type\":\"WebSite\",\"@id\":\"https:\\\/\\\/soynuevaprensadigital.com\\\/news1053fm\\\/#website\",\"url\":\"https:\\\/\\\/soynuevaprensadigital.com\\\/news1053fm\\\/\",\"name\":\"News 105.3 FM\",\"description\":\"Nuestro compromiso contigo nos permite ofrecerte la radio de mejor calidad, la frecuencia m\u00e1s limpia yel entretenimiento para todos los gustos.\",\"potentialAction\":[{\"@type\":\"SearchAction\",\"target\":{\"@type\":\"EntryPoint\",\"urlTemplate\":\"https:\\\/\\\/soynuevaprensadigital.com\\\/news1053fm\\\/?s={search_term_string}\"},\"query-input\":{\"@type\":\"PropertyValueSpecification\",\"valueRequired\":true,\"valueName\":\"search_term_string\"}}],\"inLanguage\":\"es\"},{\"@type\":\"Person\",\"@id\":\"https:\\\/\\\/soynuevaprensadigital.com\\\/news1053fm\\\/#\\\/schema\\\/person\\\/aa2d09ab130e943e3c7b360a32177538\",\"name\":\"Alvis Cristina Herrera\",\"image\":{\"@type\":\"ImageObject\",\"inLanguage\":\"es\",\"@id\":\"https:\\\/\\\/secure.gravatar.com\\\/avatar\\\/6a4b461595fbd8c4d0947e89062b7b1df5ea5bc6348126d9594f8d0cece5be89?s=96&d=mm&r=g\",\"url\":\"https:\\\/\\\/secure.gravatar.com\\\/avatar\\\/6a4b461595fbd8c4d0947e89062b7b1df5ea5bc6348126d9594f8d0cece5be89?s=96&d=mm&r=g\",\"contentUrl\":\"https:\\\/\\\/secure.gravatar.com\\\/avatar\\\/6a4b461595fbd8c4d0947e89062b7b1df5ea5bc6348126d9594f8d0cece5be89?s=96&d=mm&r=g\",\"caption\":\"Alvis Cristina Herrera\"},\"sameAs\":[\"https:\\\/\\\/www.facebook.com\\\/AlvisCristinaHe\",\"https:\\\/\\\/www.instagram.com\\\/alviscristinahe\\\/\",\"https:\\\/\\\/www.linkedin.com\\\/in\\\/alviscristinahe\\\/\",\"https:\\\/\\\/x.com\\\/https:\\\/\\\/www.twitter.com\\\/alviscristinahe\\\/\"],\"url\":\"https:\\\/\\\/soynuevaprensadigital.com\\\/news1053fm\\\/author\\\/alvisherrera\\\/\"}]}<\/script>\n<!-- \/ Yoast SEO plugin. -->","yoast_head_json":{"title":"Lo que no sab\u00edas de... Jabulani - News 105.3 FM","robots":{"index":"index","follow":"follow","max-snippet":"max-snippet:-1","max-image-preview":"max-image-preview:large","max-video-preview":"max-video-preview:-1"},"canonical":"https:\/\/soynuevaprensadigital.com\/news1053fm\/lo-que-no-sabias-de-jabulani\/","og_locale":"es_ES","og_type":"article","og_title":"Lo que no sab\u00edas de... Jabulani - News 105.3 FM","og_description":"Ciudad Guayana.-Fue el bal\u00f3n oficial para la Copa Mundial de F\u00fatbol de 2010 dise\u00f1ada en la Universidad de Loughborough en Reino Unido. Fue uno de los balones mundialistas m\u00e1s criticados por los jugadores y t\u00e9cnicos, ya que, era ingobernable e imprevisible en su desplazamiento. DESCRIPCI\u00d3N El Jabulani tiene un di\u00e1metro una circunferencia de 69 cent\u00edmetros, [&hellip;]","og_url":"https:\/\/soynuevaprensadigital.com\/news1053fm\/lo-que-no-sabias-de-jabulani\/","og_site_name":"News 105.3 FM","article_publisher":"https:\/\/www.facebook.com\/News1053fm-1655395028099413\/","article_author":"https:\/\/www.facebook.com\/AlvisCristinaHe","article_published_time":"2021-03-24T19:34:53+00:00","article_modified_time":"2021-03-24T19:39:37+00:00","og_image":[{"width":1200,"height":675,"url":"https:\/\/soynuevaprensadigital.com\/news1053fm\/wp-content\/uploads\/sites\/3\/2021\/03\/1592165950_088779_1592166145_noticia_normal.jpg","type":"image\/jpeg"}],"author":"Alvis Cristina Herrera","twitter_card":"summary_large_image","twitter_creator":"@https:\/\/www.twitter.com\/alviscristinahe\/","twitter_site":"@news105_3fm","twitter_misc":{"Escrito por":"Alvis Cristina Herrera","Tiempo de lectura":"4 minutos"},"schema":{"@context":"https:\/\/schema.org","@graph":[{"@type":"Article","@id":"https:\/\/soynuevaprensadigital.com\/news1053fm\/lo-que-no-sabias-de-jabulani\/#article","isPartOf":{"@id":"https:\/\/soynuevaprensadigital.com\/news1053fm\/lo-que-no-sabias-de-jabulani\/"},"author":{"name":"Alvis Cristina Herrera","@id":"https:\/\/soynuevaprensadigital.com\/news1053fm\/#\/schema\/person\/aa2d09ab130e943e3c7b360a32177538"},"headline":"Lo que no sab\u00edas de&#8230; Jabulani","datePublished":"2021-03-24T19:34:53+00:00","dateModified":"2021-03-24T19:39:37+00:00","mainEntityOfPage":{"@id":"https:\/\/soynuevaprensadigital.com\/news1053fm\/lo-que-no-sabias-de-jabulani\/"},"wordCount":952,"articleSection":["Featured","Mundo Deportivo"],"inLanguage":"es"},{"@type":"WebPage","@id":"https:\/\/soynuevaprensadigital.com\/news1053fm\/lo-que-no-sabias-de-jabulani\/","url":"https:\/\/soynuevaprensadigital.com\/news1053fm\/lo-que-no-sabias-de-jabulani\/","name":"Lo que no sab\u00edas de... Jabulani - News 105.3 FM","isPartOf":{"@id":"https:\/\/soynuevaprensadigital.com\/news1053fm\/#website"},"datePublished":"2021-03-24T19:34:53+00:00","dateModified":"2021-03-24T19:39:37+00:00","author":{"@id":"https:\/\/soynuevaprensadigital.com\/news1053fm\/#\/schema\/person\/aa2d09ab130e943e3c7b360a32177538"},"breadcrumb":{"@id":"https:\/\/soynuevaprensadigital.com\/news1053fm\/lo-que-no-sabias-de-jabulani\/#breadcrumb"},"inLanguage":"es","potentialAction":[{"@type":"ReadAction","target":["https:\/\/soynuevaprensadigital.com\/news1053fm\/lo-que-no-sabias-de-jabulani\/"]}]},{"@type":"BreadcrumbList","@id":"https:\/\/soynuevaprensadigital.com\/news1053fm\/lo-que-no-sabias-de-jabulani\/#breadcrumb","itemListElement":[{"@type":"ListItem","position":1,"name":"Portada","item":"https:\/\/soynuevaprensadigital.com\/news1053fm\/"},{"@type":"ListItem","position":2,"name":"Lo que no sab\u00edas de&#8230; Jabulani"}]},{"@type":"WebSite","@id":"https:\/\/soynuevaprensadigital.com\/news1053fm\/#website","url":"https:\/\/soynuevaprensadigital.com\/news1053fm\/","name":"News 105.3 FM","description":"Nuestro compromiso contigo nos permite ofrecerte la radio de mejor calidad, la frecuencia m\u00e1s limpia yel entretenimiento para todos los gustos.","potentialAction":[{"@type":"SearchAction","target":{"@type":"EntryPoint","urlTemplate":"https:\/\/soynuevaprensadigital.com\/news1053fm\/?s={search_term_string}"},"query-input":{"@type":"PropertyValueSpecification","valueRequired":true,"valueName":"search_term_string"}}],"inLanguage":"es"},{"@type":"Person","@id":"https:\/\/soynuevaprensadigital.com\/news1053fm\/#\/schema\/person\/aa2d09ab130e943e3c7b360a32177538","name":"Alvis Cristina Herrera","image":{"@type":"ImageObject","inLanguage":"es","@id":"https:\/\/secure.gravatar.com\/avatar\/6a4b461595fbd8c4d0947e89062b7b1df5ea5bc6348126d9594f8d0cece5be89?s=96&d=mm&r=g","url":"https:\/\/secure.gravatar.com\/avatar\/6a4b461595fbd8c4d0947e89062b7b1df5ea5bc6348126d9594f8d0cece5be89?s=96&d=mm&r=g","contentUrl":"https:\/\/secure.gravatar.com\/avatar\/6a4b461595fbd8c4d0947e89062b7b1df5ea5bc6348126d9594f8d0cece5be89?s=96&d=mm&r=g","caption":"Alvis Cristina Herrera"},"sameAs":["https:\/\/www.facebook.com\/AlvisCristinaHe","https:\/\/www.instagram.com\/alviscristinahe\/","https:\/\/www.linkedin.com\/in\/alviscristinahe\/","https:\/\/x.com\/https:\/\/www.twitter.com\/alviscristinahe\/"],"url":"https:\/\/soynuevaprensadigital.com\/news1053fm\/author\/alvisherrera\/"}]}},"_links":{"self":[{"href":"https:\/\/soynuevaprensadigital.com\/news1053fm\/wp-json\/wp\/v2\/posts\/1760","targetHints":{"allow":["GET"]}}],"collection":[{"href":"https:\/\/soynuevaprensadigital.com\/news1053fm\/wp-json\/wp\/v2\/posts"}],"about":[{"href":"https:\/\/soynuevaprensadigital.com\/news1053fm\/wp-json\/wp\/v2\/types\/post"}],"author":[{"embeddable":true,"href":"https:\/\/soynuevaprensadigital.com\/news1053fm\/wp-json\/wp\/v2\/users\/158"}],"replies":[{"embeddable":true,"href":"https:\/\/soynuevaprensadigital.com\/news1053fm\/wp-json\/wp\/v2\/comments?post=1760"}],"version-history":[{"count":0,"href":"https:\/\/soynuevaprensadigital.com\/news1053fm\/wp-json\/wp\/v2\/posts\/1760\/revisions"}],"wp:attachment":[{"href":"https:\/\/soynuevaprensadigital.com\/news1053fm\/wp-json\/wp\/v2\/media?parent=1760"}],"wp:term":[{"taxonomy":"category","embeddable":true,"href":"https:\/\/soynuevaprensadigital.com\/news1053fm\/wp-json\/wp\/v2\/categories?post=1760"},{"taxonomy":"post_tag","embeddable":true,"href":"https:\/\/soynuevaprensadigital.com\/news1053fm\/wp-json\/wp\/v2\/tags?post=1760"}],"curies":[{"name":"wp","href":"https:\/\/api.w.org\/{rel}","templated":true}]}}