{"id":1762,"date":"2021-03-24T16:15:51","date_gmt":"2021-03-24T20:15:51","guid":{"rendered":"https:\/\/soynuevaprensadigital.com\/news1053fm\/?p=1762"},"modified":"2021-03-26T07:57:34","modified_gmt":"2021-03-26T11:57:34","slug":"halex-lanzo-su-primer-disco-1992","status":"publish","type":"post","link":"https:\/\/soynuevaprensadigital.com\/news1053fm\/halex-lanzo-su-primer-disco-1992\/","title":{"rendered":"Halex lanz\u00f3 su primer disco \u00ab1992\u00bb"},"content":{"rendered":"<p style=\"text-align: justify\"><strong>Caracas.-<\/strong>El artista venezolano Halex regres\u00f3 a la palestra musical con el lanzamiento de su primera placa discogr\u00e1fica \u00ab1992\u00bb, \u00e1lbum que viene cargado con nuevas fusiones y melod\u00edas diferentes en la industria musical.<\/p>\n<p style=\"text-align: justify\">El concepto vintage de \u00ab1992\u00bb se refleja desde \u00abB\u00e9lgica\u00bb, el primer estreno de este repertorio de canciones, tema que al ritmo del pop, se logr\u00f3 posicionar en las diversas plataformas digitales.La portada del disco \u00ab1992\u00bb que debe a su nombre por el a\u00f1o de nacimiento del artista, tiene una peculiaridad ya que en la misma se dibujan \u00abpreservativos\u00bb, as\u00ed mismo el int\u00e9rprete titul\u00f3 los temas con nombres reales de diferentes mujeres como: \u00abLisa\u00bb, \u00abMar\u00eda\u00bb, \u00abNicole\u00bb, \u00abEva\u00bb y \u00abValentina\u00bb y por supuesto, \u00abB\u00e9lgica\u00bb.<\/p>\n<p style=\"text-align: justify\">\u00abYo quer\u00eda continuar haciendo m\u00fasica urbana pero decid\u00ed que deb\u00eda hacer algo distinto y que marcara una pauta a mi proyecto, por eso mezcl\u00e9 el R &amp; B con algunos arreglos del pop de los 80s y de lo urbano actualmente\u00bb, asegur\u00f3 Halex.<\/p>\n<p style=\"text-align: justify\">Cabe destacar que el dise\u00f1ador, productor, arreglista y encargado de toda la parte gr\u00e1fica del lanzamiento fue realizada por el mismo Halex, ya que gracias a sus a\u00f1os de experiencia, ha obtenido estos conocimientos.<\/p>\n<p style=\"text-align: justify\">\u00abDesde hace 6 meses vengo planificando todo esto, es un sue\u00f1o, es mi primer disco. Ha sido un camino largo pero lo he disfrutado mucho poco a poco\u00bb, agrega Halex.<\/p>\n<p style=\"text-align: justify\">\u00ab1992\u00bb es el reflejo de lo que Halex ha vivido en su vida sentimental inspirado en seis relaciones diferentes con un concepto bien definido y un nivel m\u00e1s avanzado a lo que era su carrera hace un a\u00f1o.<\/p>\n<p style=\"text-align: justify\">Recientemente Halex celebra su ingreso en los diversos listados de Spotify y se prepara a realizar una peque\u00f1a gira promocional para este disco.<\/p>\n<p style=\"text-align: justify\">Con su nueva apuesta musical, Halex seguir\u00e1 creando m\u00e1s m\u00fasica para seguir conquistando a su fanaticada.<\/p>\n","protected":false},"excerpt":{"rendered":"<p>Caracas.-El artista venezolano Halex regres\u00f3 a la palestra musical con el lanzamiento de su primera placa discogr\u00e1fica \u00ab1992\u00bb, \u00e1lbum que viene cargado con nuevas fusiones y melod\u00edas diferentes en la industria musical. El concepto vintage de \u00ab1992\u00bb se refleja desde \u00abB\u00e9lgica\u00bb, el primer estreno de este repertorio de canciones, tema que al ritmo del pop, [&hellip;]<\/p>\n","protected":false},"author":158,"featured_media":0,"comment_status":"closed","ping_status":"closed","sticky":false,"template":"","format":"standard","meta":{"footnotes":""},"categories":[2,14],"tags":[],"class_list":["post-1762","post","type-post","status-publish","format-standard","hentry","category-featured","category-noticias"],"yoast_head":"<!-- This site is optimized with the Yoast SEO plugin v27.5 - https:\/\/yoast.com\/product\/yoast-seo-wordpress\/ -->\n<title>Halex lanz\u00f3 su primer disco &quot;1992&quot; - News 105.3 FM<\/title>\n<meta name=\"robots\" content=\"index, follow, max-snippet:-1, max-image-preview:large, max-video-preview:-1\" \/>\n<link rel=\"canonical\" href=\"https:\/\/soynuevaprensadigital.com\/news1053fm\/halex-lanzo-su-primer-disco-1992\/\" \/>\n<meta property=\"og:locale\" content=\"es_ES\" \/>\n<meta property=\"og:type\" content=\"article\" \/>\n<meta property=\"og:title\" content=\"Halex lanz\u00f3 su primer disco &quot;1992&quot; - News 105.3 FM\" \/>\n<meta property=\"og:description\" content=\"Caracas.-El artista venezolano Halex regres\u00f3 a la palestra musical con el lanzamiento de su primera placa discogr\u00e1fica \u00ab1992\u00bb, \u00e1lbum que viene cargado con nuevas fusiones y melod\u00edas diferentes en la industria musical. El concepto vintage de \u00ab1992\u00bb se refleja desde \u00abB\u00e9lgica\u00bb, el primer estreno de este repertorio de canciones, tema que al ritmo del pop, [&hellip;]\" \/>\n<meta property=\"og:url\" content=\"https:\/\/soynuevaprensadigital.com\/news1053fm\/halex-lanzo-su-primer-disco-1992\/\" \/>\n<meta property=\"og:site_name\" content=\"News 105.3 FM\" \/>\n<meta property=\"article:publisher\" content=\"https:\/\/www.facebook.com\/News1053fm-1655395028099413\/\" \/>\n<meta property=\"article:author\" content=\"https:\/\/www.facebook.com\/AlvisCristinaHe\" \/>\n<meta property=\"article:published_time\" content=\"2021-03-24T20:15:51+00:00\" \/>\n<meta property=\"article:modified_time\" content=\"2021-03-26T11:57:34+00:00\" \/>\n<meta property=\"og:image\" content=\"https:\/\/soynuevaprensadigital.com\/news1053fm\/wp-content\/uploads\/sites\/3\/2021\/03\/2CE07FDE-F7B5-486E-98ED-09ADF98021B8-1000x700-1.jpeg\" \/>\n\t<meta property=\"og:image:width\" content=\"1000\" \/>\n\t<meta property=\"og:image:height\" content=\"700\" \/>\n\t<meta property=\"og:image:type\" content=\"image\/jpeg\" \/>\n<meta name=\"author\" content=\"Alvis Cristina Herrera\" \/>\n<meta name=\"twitter:card\" content=\"summary_large_image\" \/>\n<meta name=\"twitter:creator\" content=\"@https:\/\/www.twitter.com\/alviscristinahe\/\" \/>\n<meta name=\"twitter:site\" content=\"@news105_3fm\" \/>\n<meta name=\"twitter:label1\" content=\"Escrito por\" \/>\n\t<meta name=\"twitter:data1\" content=\"Alvis Cristina Herrera\" \/>\n\t<meta name=\"twitter:label2\" content=\"Tiempo de lectura\" \/>\n\t<meta name=\"twitter:data2\" content=\"2 minutos\" \/>\n<script type=\"application\/ld+json\" class=\"yoast-schema-graph\">{\"@context\":\"https:\\\/\\\/schema.org\",\"@graph\":[{\"@type\":\"Article\",\"@id\":\"https:\\\/\\\/soynuevaprensadigital.com\\\/news1053fm\\\/halex-lanzo-su-primer-disco-1992\\\/#article\",\"isPartOf\":{\"@id\":\"https:\\\/\\\/soynuevaprensadigital.com\\\/news1053fm\\\/halex-lanzo-su-primer-disco-1992\\\/\"},\"author\":{\"name\":\"Alvis Cristina Herrera\",\"@id\":\"https:\\\/\\\/soynuevaprensadigital.com\\\/news1053fm\\\/#\\\/schema\\\/person\\\/aa2d09ab130e943e3c7b360a32177538\"},\"headline\":\"Halex lanz\u00f3 su primer disco \u00ab1992\u00bb\",\"datePublished\":\"2021-03-24T20:15:51+00:00\",\"dateModified\":\"2021-03-26T11:57:34+00:00\",\"mainEntityOfPage\":{\"@id\":\"https:\\\/\\\/soynuevaprensadigital.com\\\/news1053fm\\\/halex-lanzo-su-primer-disco-1992\\\/\"},\"wordCount\":319,\"articleSection\":[\"Featured\",\"Noticias\"],\"inLanguage\":\"es\"},{\"@type\":\"WebPage\",\"@id\":\"https:\\\/\\\/soynuevaprensadigital.com\\\/news1053fm\\\/halex-lanzo-su-primer-disco-1992\\\/\",\"url\":\"https:\\\/\\\/soynuevaprensadigital.com\\\/news1053fm\\\/halex-lanzo-su-primer-disco-1992\\\/\",\"name\":\"Halex lanz\u00f3 su primer disco \\\"1992\\\" - News 105.3 FM\",\"isPartOf\":{\"@id\":\"https:\\\/\\\/soynuevaprensadigital.com\\\/news1053fm\\\/#website\"},\"datePublished\":\"2021-03-24T20:15:51+00:00\",\"dateModified\":\"2021-03-26T11:57:34+00:00\",\"author\":{\"@id\":\"https:\\\/\\\/soynuevaprensadigital.com\\\/news1053fm\\\/#\\\/schema\\\/person\\\/aa2d09ab130e943e3c7b360a32177538\"},\"breadcrumb\":{\"@id\":\"https:\\\/\\\/soynuevaprensadigital.com\\\/news1053fm\\\/halex-lanzo-su-primer-disco-1992\\\/#breadcrumb\"},\"inLanguage\":\"es\",\"potentialAction\":[{\"@type\":\"ReadAction\",\"target\":[\"https:\\\/\\\/soynuevaprensadigital.com\\\/news1053fm\\\/halex-lanzo-su-primer-disco-1992\\\/\"]}]},{\"@type\":\"BreadcrumbList\",\"@id\":\"https:\\\/\\\/soynuevaprensadigital.com\\\/news1053fm\\\/halex-lanzo-su-primer-disco-1992\\\/#breadcrumb\",\"itemListElement\":[{\"@type\":\"ListItem\",\"position\":1,\"name\":\"Portada\",\"item\":\"https:\\\/\\\/soynuevaprensadigital.com\\\/news1053fm\\\/\"},{\"@type\":\"ListItem\",\"position\":2,\"name\":\"Halex lanz\u00f3 su primer disco \u00ab1992\u00bb\"}]},{\"@type\":\"WebSite\",\"@id\":\"https:\\\/\\\/soynuevaprensadigital.com\\\/news1053fm\\\/#website\",\"url\":\"https:\\\/\\\/soynuevaprensadigital.com\\\/news1053fm\\\/\",\"name\":\"News 105.3 FM\",\"description\":\"Nuestro compromiso contigo nos permite ofrecerte la radio de mejor calidad, la frecuencia m\u00e1s limpia yel entretenimiento para todos los gustos.\",\"potentialAction\":[{\"@type\":\"SearchAction\",\"target\":{\"@type\":\"EntryPoint\",\"urlTemplate\":\"https:\\\/\\\/soynuevaprensadigital.com\\\/news1053fm\\\/?s={search_term_string}\"},\"query-input\":{\"@type\":\"PropertyValueSpecification\",\"valueRequired\":true,\"valueName\":\"search_term_string\"}}],\"inLanguage\":\"es\"},{\"@type\":\"Person\",\"@id\":\"https:\\\/\\\/soynuevaprensadigital.com\\\/news1053fm\\\/#\\\/schema\\\/person\\\/aa2d09ab130e943e3c7b360a32177538\",\"name\":\"Alvis Cristina Herrera\",\"image\":{\"@type\":\"ImageObject\",\"inLanguage\":\"es\",\"@id\":\"https:\\\/\\\/secure.gravatar.com\\\/avatar\\\/6a4b461595fbd8c4d0947e89062b7b1df5ea5bc6348126d9594f8d0cece5be89?s=96&d=mm&r=g\",\"url\":\"https:\\\/\\\/secure.gravatar.com\\\/avatar\\\/6a4b461595fbd8c4d0947e89062b7b1df5ea5bc6348126d9594f8d0cece5be89?s=96&d=mm&r=g\",\"contentUrl\":\"https:\\\/\\\/secure.gravatar.com\\\/avatar\\\/6a4b461595fbd8c4d0947e89062b7b1df5ea5bc6348126d9594f8d0cece5be89?s=96&d=mm&r=g\",\"caption\":\"Alvis Cristina Herrera\"},\"sameAs\":[\"https:\\\/\\\/www.facebook.com\\\/AlvisCristinaHe\",\"https:\\\/\\\/www.instagram.com\\\/alviscristinahe\\\/\",\"https:\\\/\\\/www.linkedin.com\\\/in\\\/alviscristinahe\\\/\",\"https:\\\/\\\/x.com\\\/https:\\\/\\\/www.twitter.com\\\/alviscristinahe\\\/\"],\"url\":\"https:\\\/\\\/soynuevaprensadigital.com\\\/news1053fm\\\/author\\\/alvisherrera\\\/\"}]}<\/script>\n<!-- \/ Yoast SEO plugin. -->","yoast_head_json":{"title":"Halex lanz\u00f3 su primer disco \"1992\" - News 105.3 FM","robots":{"index":"index","follow":"follow","max-snippet":"max-snippet:-1","max-image-preview":"max-image-preview:large","max-video-preview":"max-video-preview:-1"},"canonical":"https:\/\/soynuevaprensadigital.com\/news1053fm\/halex-lanzo-su-primer-disco-1992\/","og_locale":"es_ES","og_type":"article","og_title":"Halex lanz\u00f3 su primer disco \"1992\" - News 105.3 FM","og_description":"Caracas.-El artista venezolano Halex regres\u00f3 a la palestra musical con el lanzamiento de su primera placa discogr\u00e1fica \u00ab1992\u00bb, \u00e1lbum que viene cargado con nuevas fusiones y melod\u00edas diferentes en la industria musical. El concepto vintage de \u00ab1992\u00bb se refleja desde \u00abB\u00e9lgica\u00bb, el primer estreno de este repertorio de canciones, tema que al ritmo del pop, [&hellip;]","og_url":"https:\/\/soynuevaprensadigital.com\/news1053fm\/halex-lanzo-su-primer-disco-1992\/","og_site_name":"News 105.3 FM","article_publisher":"https:\/\/www.facebook.com\/News1053fm-1655395028099413\/","article_author":"https:\/\/www.facebook.com\/AlvisCristinaHe","article_published_time":"2021-03-24T20:15:51+00:00","article_modified_time":"2021-03-26T11:57:34+00:00","og_image":[{"width":1000,"height":700,"url":"https:\/\/soynuevaprensadigital.com\/news1053fm\/wp-content\/uploads\/sites\/3\/2021\/03\/2CE07FDE-F7B5-486E-98ED-09ADF98021B8-1000x700-1.jpeg","type":"image\/jpeg"}],"author":"Alvis Cristina Herrera","twitter_card":"summary_large_image","twitter_creator":"@https:\/\/www.twitter.com\/alviscristinahe\/","twitter_site":"@news105_3fm","twitter_misc":{"Escrito por":"Alvis Cristina Herrera","Tiempo de lectura":"2 minutos"},"schema":{"@context":"https:\/\/schema.org","@graph":[{"@type":"Article","@id":"https:\/\/soynuevaprensadigital.com\/news1053fm\/halex-lanzo-su-primer-disco-1992\/#article","isPartOf":{"@id":"https:\/\/soynuevaprensadigital.com\/news1053fm\/halex-lanzo-su-primer-disco-1992\/"},"author":{"name":"Alvis Cristina Herrera","@id":"https:\/\/soynuevaprensadigital.com\/news1053fm\/#\/schema\/person\/aa2d09ab130e943e3c7b360a32177538"},"headline":"Halex lanz\u00f3 su primer disco \u00ab1992\u00bb","datePublished":"2021-03-24T20:15:51+00:00","dateModified":"2021-03-26T11:57:34+00:00","mainEntityOfPage":{"@id":"https:\/\/soynuevaprensadigital.com\/news1053fm\/halex-lanzo-su-primer-disco-1992\/"},"wordCount":319,"articleSection":["Featured","Noticias"],"inLanguage":"es"},{"@type":"WebPage","@id":"https:\/\/soynuevaprensadigital.com\/news1053fm\/halex-lanzo-su-primer-disco-1992\/","url":"https:\/\/soynuevaprensadigital.com\/news1053fm\/halex-lanzo-su-primer-disco-1992\/","name":"Halex lanz\u00f3 su primer disco \"1992\" - News 105.3 FM","isPartOf":{"@id":"https:\/\/soynuevaprensadigital.com\/news1053fm\/#website"},"datePublished":"2021-03-24T20:15:51+00:00","dateModified":"2021-03-26T11:57:34+00:00","author":{"@id":"https:\/\/soynuevaprensadigital.com\/news1053fm\/#\/schema\/person\/aa2d09ab130e943e3c7b360a32177538"},"breadcrumb":{"@id":"https:\/\/soynuevaprensadigital.com\/news1053fm\/halex-lanzo-su-primer-disco-1992\/#breadcrumb"},"inLanguage":"es","potentialAction":[{"@type":"ReadAction","target":["https:\/\/soynuevaprensadigital.com\/news1053fm\/halex-lanzo-su-primer-disco-1992\/"]}]},{"@type":"BreadcrumbList","@id":"https:\/\/soynuevaprensadigital.com\/news1053fm\/halex-lanzo-su-primer-disco-1992\/#breadcrumb","itemListElement":[{"@type":"ListItem","position":1,"name":"Portada","item":"https:\/\/soynuevaprensadigital.com\/news1053fm\/"},{"@type":"ListItem","position":2,"name":"Halex lanz\u00f3 su primer disco \u00ab1992\u00bb"}]},{"@type":"WebSite","@id":"https:\/\/soynuevaprensadigital.com\/news1053fm\/#website","url":"https:\/\/soynuevaprensadigital.com\/news1053fm\/","name":"News 105.3 FM","description":"Nuestro compromiso contigo nos permite ofrecerte la radio de mejor calidad, la frecuencia m\u00e1s limpia yel entretenimiento para todos los gustos.","potentialAction":[{"@type":"SearchAction","target":{"@type":"EntryPoint","urlTemplate":"https:\/\/soynuevaprensadigital.com\/news1053fm\/?s={search_term_string}"},"query-input":{"@type":"PropertyValueSpecification","valueRequired":true,"valueName":"search_term_string"}}],"inLanguage":"es"},{"@type":"Person","@id":"https:\/\/soynuevaprensadigital.com\/news1053fm\/#\/schema\/person\/aa2d09ab130e943e3c7b360a32177538","name":"Alvis Cristina Herrera","image":{"@type":"ImageObject","inLanguage":"es","@id":"https:\/\/secure.gravatar.com\/avatar\/6a4b461595fbd8c4d0947e89062b7b1df5ea5bc6348126d9594f8d0cece5be89?s=96&d=mm&r=g","url":"https:\/\/secure.gravatar.com\/avatar\/6a4b461595fbd8c4d0947e89062b7b1df5ea5bc6348126d9594f8d0cece5be89?s=96&d=mm&r=g","contentUrl":"https:\/\/secure.gravatar.com\/avatar\/6a4b461595fbd8c4d0947e89062b7b1df5ea5bc6348126d9594f8d0cece5be89?s=96&d=mm&r=g","caption":"Alvis Cristina Herrera"},"sameAs":["https:\/\/www.facebook.com\/AlvisCristinaHe","https:\/\/www.instagram.com\/alviscristinahe\/","https:\/\/www.linkedin.com\/in\/alviscristinahe\/","https:\/\/x.com\/https:\/\/www.twitter.com\/alviscristinahe\/"],"url":"https:\/\/soynuevaprensadigital.com\/news1053fm\/author\/alvisherrera\/"}]}},"_links":{"self":[{"href":"https:\/\/soynuevaprensadigital.com\/news1053fm\/wp-json\/wp\/v2\/posts\/1762","targetHints":{"allow":["GET"]}}],"collection":[{"href":"https:\/\/soynuevaprensadigital.com\/news1053fm\/wp-json\/wp\/v2\/posts"}],"about":[{"href":"https:\/\/soynuevaprensadigital.com\/news1053fm\/wp-json\/wp\/v2\/types\/post"}],"author":[{"embeddable":true,"href":"https:\/\/soynuevaprensadigital.com\/news1053fm\/wp-json\/wp\/v2\/users\/158"}],"replies":[{"embeddable":true,"href":"https:\/\/soynuevaprensadigital.com\/news1053fm\/wp-json\/wp\/v2\/comments?post=1762"}],"version-history":[{"count":0,"href":"https:\/\/soynuevaprensadigital.com\/news1053fm\/wp-json\/wp\/v2\/posts\/1762\/revisions"}],"wp:attachment":[{"href":"https:\/\/soynuevaprensadigital.com\/news1053fm\/wp-json\/wp\/v2\/media?parent=1762"}],"wp:term":[{"taxonomy":"category","embeddable":true,"href":"https:\/\/soynuevaprensadigital.com\/news1053fm\/wp-json\/wp\/v2\/categories?post=1762"},{"taxonomy":"post_tag","embeddable":true,"href":"https:\/\/soynuevaprensadigital.com\/news1053fm\/wp-json\/wp\/v2\/tags?post=1762"}],"curies":[{"name":"wp","href":"https:\/\/api.w.org\/{rel}","templated":true}]}}