{"id":1766,"date":"2021-03-25T15:30:56","date_gmt":"2021-03-25T19:30:56","guid":{"rendered":"https:\/\/soynuevaprensadigital.com\/news1053fm\/?p=1766"},"modified":"2021-03-26T07:56:31","modified_gmt":"2021-03-26T11:56:31","slug":"antonio-banderas-estrenara-en-octubre-company","status":"publish","type":"post","link":"https:\/\/soynuevaprensadigital.com\/news1053fm\/antonio-banderas-estrenara-en-octubre-company\/","title":{"rendered":"Antonio Banderas estrenar\u00e1 en octubre \u00abCompany\u00bb"},"content":{"rendered":"<p style=\"text-align: justify\"><strong>M\u00e1laga.-<\/strong>El actor espa\u00f1ol Antonio Banderas mantiene sus planes de estrenar en octubre su versi\u00f3n del musical \u00abCompany\u00bb en el Teatro del Soho de M\u00e1laga (sur), del que es propietario, porque es \u00abun optimista patol\u00f3gico\u00bb y espera que la situaci\u00f3n sanitaria permita para entonces cubrir el 75 por ciento del aforo.<\/p>\n<p>\u00abSoy muy cabez\u00f3n, y planteo obras que o llenamos el teatro o palmamos\u00bb, asegur\u00f3 este jueves en rueda de prensa, en la que se mostr\u00f3 esperanzado en que en octubre habr\u00e1 ya \u00abinmunidad de reba\u00f1o\u00bb y la situaci\u00f3n habr\u00e1 mejorado, de modo que puedan ocuparse tres cuartas partes de las butacas. \u00abCon eso se podr\u00eda salvar la situaci\u00f3n\u00bb, afirm\u00f3.<\/p>\n<p>En su versi\u00f3n de \u00abCompany\u00bb, un cl\u00e1sico del Broadway de los a\u00f1os 70, el actor y empresario tendr\u00e1 que cumplir \u00abmenos condiciones\u00bb que en su primer musical en el Soho, \u00abA Chorus Line\u00bb, en el que hubo que hacer todo \u00abhacer exactamente como nos indicaban\u00bb.<\/p>\n<p>Por el contrario, al autor de \u00abCompany\u00bb, Stephen Sondheim, \u00able gusta que lo versionen, y te imponen que el montaje no se parezca a nada de lo que se ha hecho anteriormente\u00bb, explic\u00f3.<\/p>\n<p>Avanz\u00f3 que su montaje tendr\u00e1 \u00abuna participaci\u00f3n muy grande de los m\u00fasicos\u00bb y la \u00abinclusi\u00f3n de la cuerda, que no exist\u00eda ni en la versi\u00f3n de 1970 en Broadway\u00bb.<\/p>\n<p>Banderas present\u00f3 hoy la orquesta Sinf\u00f3nica Pop del Soho, de la que resalt\u00f3 que va a \u00abprestar un servicio incre\u00edble al proyecto\u00bb de su teatro, en el que quiere seguir haciendo \u00abmusical como debe ser hecho, con m\u00fasicos, sin pregrabados\u00bb, como una \u00abse\u00f1al de respeto al m\u00fasico\u00bb.<\/p>\n<p>\u00abEn &#8216;A Chorus Line&#8217; me propon\u00edan usar cosas grabadas y la respuesta fue &#8216;no&#8217;, y va a seguir siendo &#8216;no&#8217; en este teatro\u00bb, asever\u00f3 el actor, que ha impulsado la creaci\u00f3n de esta orquesta \u00abmuy joven\u00bb.<\/p>\n<p>\u00abTodo lo que est\u00e9 por debajo de los 60 a\u00f1os para m\u00ed es joven\u00bb, brome\u00f3 Banderas, que avanz\u00f3 que podr\u00e1n \u00absubdividir la orquesta en piezas, tener un club de jazz o hacer una labor social de llevar la m\u00fasica a residencias y a escuelas\u00bb.<\/p>\n<p>Esta nueva orquesta ofrecer\u00e1 conciertos \u00abcon un programa muy ambicioso\u00bb, seg\u00fan Banderas, que quiere que la Sinf\u00f3nica sea \u00abmuy din\u00e1mica en sus propuestas y muy viva\u00bb.<\/p>\n<p>Al frente de la orquesta est\u00e1 el director musical del Teatro del Soho, Arturo D\u00edez Boscovich, quien confes\u00f3 que se guio por el \u00abentusiasmo m\u00e1s absoluto\u00bb que le demostr\u00f3 Banderas, \u00abuna persona muy valiente y defensora del arte en general, y en estos tiempos esto es una fantas\u00eda\u00bb.<\/p>\n<p>\u00abEs maravilloso tener la sensaci\u00f3n de que la orquesta nace aqu\u00ed en el teatro, que forjamos una familia musical. Har\u00e1 un repertorio sin complejos de m\u00fasica de cine y de musicales\u00bb, dijo D\u00edez Boscovich.<\/p>\n","protected":false},"excerpt":{"rendered":"<p>M\u00e1laga.-El actor espa\u00f1ol Antonio Banderas mantiene sus planes de estrenar en octubre su versi\u00f3n del musical \u00abCompany\u00bb en el Teatro del Soho de M\u00e1laga (sur), del que es propietario, porque es \u00abun optimista patol\u00f3gico\u00bb y espera que la situaci\u00f3n sanitaria permita para entonces cubrir el 75 por ciento del aforo. \u00abSoy muy cabez\u00f3n, y planteo [&hellip;]<\/p>\n","protected":false},"author":158,"featured_media":0,"comment_status":"closed","ping_status":"closed","sticky":false,"template":"","format":"standard","meta":{"footnotes":""},"categories":[2,14],"tags":[],"class_list":["post-1766","post","type-post","status-publish","format-standard","hentry","category-featured","category-noticias"],"yoast_head":"<!-- This site is optimized with the Yoast SEO plugin v27.5 - https:\/\/yoast.com\/product\/yoast-seo-wordpress\/ -->\n<title>Antonio Banderas estrenar\u00e1 en octubre &quot;Company&quot; - News 105.3 FM<\/title>\n<meta name=\"robots\" content=\"index, follow, max-snippet:-1, max-image-preview:large, max-video-preview:-1\" \/>\n<link rel=\"canonical\" href=\"https:\/\/soynuevaprensadigital.com\/news1053fm\/antonio-banderas-estrenara-en-octubre-company\/\" \/>\n<meta property=\"og:locale\" content=\"es_ES\" \/>\n<meta property=\"og:type\" content=\"article\" \/>\n<meta property=\"og:title\" content=\"Antonio Banderas estrenar\u00e1 en octubre &quot;Company&quot; - News 105.3 FM\" \/>\n<meta property=\"og:description\" content=\"M\u00e1laga.-El actor espa\u00f1ol Antonio Banderas mantiene sus planes de estrenar en octubre su versi\u00f3n del musical \u00abCompany\u00bb en el Teatro del Soho de M\u00e1laga (sur), del que es propietario, porque es \u00abun optimista patol\u00f3gico\u00bb y espera que la situaci\u00f3n sanitaria permita para entonces cubrir el 75 por ciento del aforo. \u00abSoy muy cabez\u00f3n, y planteo [&hellip;]\" \/>\n<meta property=\"og:url\" content=\"https:\/\/soynuevaprensadigital.com\/news1053fm\/antonio-banderas-estrenara-en-octubre-company\/\" \/>\n<meta property=\"og:site_name\" content=\"News 105.3 FM\" \/>\n<meta property=\"article:publisher\" content=\"https:\/\/www.facebook.com\/News1053fm-1655395028099413\/\" \/>\n<meta property=\"article:author\" content=\"https:\/\/www.facebook.com\/AlvisCristinaHe\" \/>\n<meta property=\"article:published_time\" content=\"2021-03-25T19:30:56+00:00\" \/>\n<meta property=\"article:modified_time\" content=\"2021-03-26T11:56:31+00:00\" \/>\n<meta property=\"og:image\" content=\"https:\/\/soynuevaprensadigital.com\/news1053fm\/wp-content\/uploads\/sites\/3\/2021\/03\/f1ebbc1f57030aa20218f13d8c5f182d7cd12b9dm.jpg\" \/>\n\t<meta property=\"og:image:width\" content=\"600\" \/>\n\t<meta property=\"og:image:height\" content=\"400\" \/>\n\t<meta property=\"og:image:type\" content=\"image\/jpeg\" \/>\n<meta name=\"author\" content=\"Alvis Cristina Herrera\" \/>\n<meta name=\"twitter:card\" content=\"summary_large_image\" \/>\n<meta name=\"twitter:creator\" content=\"@https:\/\/www.twitter.com\/alviscristinahe\/\" \/>\n<meta name=\"twitter:site\" content=\"@news105_3fm\" \/>\n<meta name=\"twitter:label1\" content=\"Escrito por\" \/>\n\t<meta name=\"twitter:data1\" content=\"Alvis Cristina Herrera\" \/>\n\t<meta name=\"twitter:label2\" content=\"Tiempo de lectura\" \/>\n\t<meta name=\"twitter:data2\" content=\"2 minutos\" \/>\n<script type=\"application\/ld+json\" class=\"yoast-schema-graph\">{\"@context\":\"https:\\\/\\\/schema.org\",\"@graph\":[{\"@type\":\"Article\",\"@id\":\"https:\\\/\\\/soynuevaprensadigital.com\\\/news1053fm\\\/antonio-banderas-estrenara-en-octubre-company\\\/#article\",\"isPartOf\":{\"@id\":\"https:\\\/\\\/soynuevaprensadigital.com\\\/news1053fm\\\/antonio-banderas-estrenara-en-octubre-company\\\/\"},\"author\":{\"name\":\"Alvis Cristina Herrera\",\"@id\":\"https:\\\/\\\/soynuevaprensadigital.com\\\/news1053fm\\\/#\\\/schema\\\/person\\\/aa2d09ab130e943e3c7b360a32177538\"},\"headline\":\"Antonio Banderas estrenar\u00e1 en octubre \u00abCompany\u00bb\",\"datePublished\":\"2021-03-25T19:30:56+00:00\",\"dateModified\":\"2021-03-26T11:56:31+00:00\",\"mainEntityOfPage\":{\"@id\":\"https:\\\/\\\/soynuevaprensadigital.com\\\/news1053fm\\\/antonio-banderas-estrenara-en-octubre-company\\\/\"},\"wordCount\":492,\"articleSection\":[\"Featured\",\"Noticias\"],\"inLanguage\":\"es\"},{\"@type\":\"WebPage\",\"@id\":\"https:\\\/\\\/soynuevaprensadigital.com\\\/news1053fm\\\/antonio-banderas-estrenara-en-octubre-company\\\/\",\"url\":\"https:\\\/\\\/soynuevaprensadigital.com\\\/news1053fm\\\/antonio-banderas-estrenara-en-octubre-company\\\/\",\"name\":\"Antonio Banderas estrenar\u00e1 en octubre \\\"Company\\\" - News 105.3 FM\",\"isPartOf\":{\"@id\":\"https:\\\/\\\/soynuevaprensadigital.com\\\/news1053fm\\\/#website\"},\"datePublished\":\"2021-03-25T19:30:56+00:00\",\"dateModified\":\"2021-03-26T11:56:31+00:00\",\"author\":{\"@id\":\"https:\\\/\\\/soynuevaprensadigital.com\\\/news1053fm\\\/#\\\/schema\\\/person\\\/aa2d09ab130e943e3c7b360a32177538\"},\"breadcrumb\":{\"@id\":\"https:\\\/\\\/soynuevaprensadigital.com\\\/news1053fm\\\/antonio-banderas-estrenara-en-octubre-company\\\/#breadcrumb\"},\"inLanguage\":\"es\",\"potentialAction\":[{\"@type\":\"ReadAction\",\"target\":[\"https:\\\/\\\/soynuevaprensadigital.com\\\/news1053fm\\\/antonio-banderas-estrenara-en-octubre-company\\\/\"]}]},{\"@type\":\"BreadcrumbList\",\"@id\":\"https:\\\/\\\/soynuevaprensadigital.com\\\/news1053fm\\\/antonio-banderas-estrenara-en-octubre-company\\\/#breadcrumb\",\"itemListElement\":[{\"@type\":\"ListItem\",\"position\":1,\"name\":\"Portada\",\"item\":\"https:\\\/\\\/soynuevaprensadigital.com\\\/news1053fm\\\/\"},{\"@type\":\"ListItem\",\"position\":2,\"name\":\"Antonio Banderas estrenar\u00e1 en octubre \u00abCompany\u00bb\"}]},{\"@type\":\"WebSite\",\"@id\":\"https:\\\/\\\/soynuevaprensadigital.com\\\/news1053fm\\\/#website\",\"url\":\"https:\\\/\\\/soynuevaprensadigital.com\\\/news1053fm\\\/\",\"name\":\"News 105.3 FM\",\"description\":\"Nuestro compromiso contigo nos permite ofrecerte la radio de mejor calidad, la frecuencia m\u00e1s limpia yel entretenimiento para todos los gustos.\",\"potentialAction\":[{\"@type\":\"SearchAction\",\"target\":{\"@type\":\"EntryPoint\",\"urlTemplate\":\"https:\\\/\\\/soynuevaprensadigital.com\\\/news1053fm\\\/?s={search_term_string}\"},\"query-input\":{\"@type\":\"PropertyValueSpecification\",\"valueRequired\":true,\"valueName\":\"search_term_string\"}}],\"inLanguage\":\"es\"},{\"@type\":\"Person\",\"@id\":\"https:\\\/\\\/soynuevaprensadigital.com\\\/news1053fm\\\/#\\\/schema\\\/person\\\/aa2d09ab130e943e3c7b360a32177538\",\"name\":\"Alvis Cristina Herrera\",\"image\":{\"@type\":\"ImageObject\",\"inLanguage\":\"es\",\"@id\":\"https:\\\/\\\/secure.gravatar.com\\\/avatar\\\/6a4b461595fbd8c4d0947e89062b7b1df5ea5bc6348126d9594f8d0cece5be89?s=96&d=mm&r=g\",\"url\":\"https:\\\/\\\/secure.gravatar.com\\\/avatar\\\/6a4b461595fbd8c4d0947e89062b7b1df5ea5bc6348126d9594f8d0cece5be89?s=96&d=mm&r=g\",\"contentUrl\":\"https:\\\/\\\/secure.gravatar.com\\\/avatar\\\/6a4b461595fbd8c4d0947e89062b7b1df5ea5bc6348126d9594f8d0cece5be89?s=96&d=mm&r=g\",\"caption\":\"Alvis Cristina Herrera\"},\"sameAs\":[\"https:\\\/\\\/www.facebook.com\\\/AlvisCristinaHe\",\"https:\\\/\\\/www.instagram.com\\\/alviscristinahe\\\/\",\"https:\\\/\\\/www.linkedin.com\\\/in\\\/alviscristinahe\\\/\",\"https:\\\/\\\/x.com\\\/https:\\\/\\\/www.twitter.com\\\/alviscristinahe\\\/\"],\"url\":\"https:\\\/\\\/soynuevaprensadigital.com\\\/news1053fm\\\/author\\\/alvisherrera\\\/\"}]}<\/script>\n<!-- \/ Yoast SEO plugin. -->","yoast_head_json":{"title":"Antonio Banderas estrenar\u00e1 en octubre \"Company\" - News 105.3 FM","robots":{"index":"index","follow":"follow","max-snippet":"max-snippet:-1","max-image-preview":"max-image-preview:large","max-video-preview":"max-video-preview:-1"},"canonical":"https:\/\/soynuevaprensadigital.com\/news1053fm\/antonio-banderas-estrenara-en-octubre-company\/","og_locale":"es_ES","og_type":"article","og_title":"Antonio Banderas estrenar\u00e1 en octubre \"Company\" - News 105.3 FM","og_description":"M\u00e1laga.-El actor espa\u00f1ol Antonio Banderas mantiene sus planes de estrenar en octubre su versi\u00f3n del musical \u00abCompany\u00bb en el Teatro del Soho de M\u00e1laga (sur), del que es propietario, porque es \u00abun optimista patol\u00f3gico\u00bb y espera que la situaci\u00f3n sanitaria permita para entonces cubrir el 75 por ciento del aforo. \u00abSoy muy cabez\u00f3n, y planteo [&hellip;]","og_url":"https:\/\/soynuevaprensadigital.com\/news1053fm\/antonio-banderas-estrenara-en-octubre-company\/","og_site_name":"News 105.3 FM","article_publisher":"https:\/\/www.facebook.com\/News1053fm-1655395028099413\/","article_author":"https:\/\/www.facebook.com\/AlvisCristinaHe","article_published_time":"2021-03-25T19:30:56+00:00","article_modified_time":"2021-03-26T11:56:31+00:00","og_image":[{"width":600,"height":400,"url":"https:\/\/soynuevaprensadigital.com\/news1053fm\/wp-content\/uploads\/sites\/3\/2021\/03\/f1ebbc1f57030aa20218f13d8c5f182d7cd12b9dm.jpg","type":"image\/jpeg"}],"author":"Alvis Cristina Herrera","twitter_card":"summary_large_image","twitter_creator":"@https:\/\/www.twitter.com\/alviscristinahe\/","twitter_site":"@news105_3fm","twitter_misc":{"Escrito por":"Alvis Cristina Herrera","Tiempo de lectura":"2 minutos"},"schema":{"@context":"https:\/\/schema.org","@graph":[{"@type":"Article","@id":"https:\/\/soynuevaprensadigital.com\/news1053fm\/antonio-banderas-estrenara-en-octubre-company\/#article","isPartOf":{"@id":"https:\/\/soynuevaprensadigital.com\/news1053fm\/antonio-banderas-estrenara-en-octubre-company\/"},"author":{"name":"Alvis Cristina Herrera","@id":"https:\/\/soynuevaprensadigital.com\/news1053fm\/#\/schema\/person\/aa2d09ab130e943e3c7b360a32177538"},"headline":"Antonio Banderas estrenar\u00e1 en octubre \u00abCompany\u00bb","datePublished":"2021-03-25T19:30:56+00:00","dateModified":"2021-03-26T11:56:31+00:00","mainEntityOfPage":{"@id":"https:\/\/soynuevaprensadigital.com\/news1053fm\/antonio-banderas-estrenara-en-octubre-company\/"},"wordCount":492,"articleSection":["Featured","Noticias"],"inLanguage":"es"},{"@type":"WebPage","@id":"https:\/\/soynuevaprensadigital.com\/news1053fm\/antonio-banderas-estrenara-en-octubre-company\/","url":"https:\/\/soynuevaprensadigital.com\/news1053fm\/antonio-banderas-estrenara-en-octubre-company\/","name":"Antonio Banderas estrenar\u00e1 en octubre \"Company\" - News 105.3 FM","isPartOf":{"@id":"https:\/\/soynuevaprensadigital.com\/news1053fm\/#website"},"datePublished":"2021-03-25T19:30:56+00:00","dateModified":"2021-03-26T11:56:31+00:00","author":{"@id":"https:\/\/soynuevaprensadigital.com\/news1053fm\/#\/schema\/person\/aa2d09ab130e943e3c7b360a32177538"},"breadcrumb":{"@id":"https:\/\/soynuevaprensadigital.com\/news1053fm\/antonio-banderas-estrenara-en-octubre-company\/#breadcrumb"},"inLanguage":"es","potentialAction":[{"@type":"ReadAction","target":["https:\/\/soynuevaprensadigital.com\/news1053fm\/antonio-banderas-estrenara-en-octubre-company\/"]}]},{"@type":"BreadcrumbList","@id":"https:\/\/soynuevaprensadigital.com\/news1053fm\/antonio-banderas-estrenara-en-octubre-company\/#breadcrumb","itemListElement":[{"@type":"ListItem","position":1,"name":"Portada","item":"https:\/\/soynuevaprensadigital.com\/news1053fm\/"},{"@type":"ListItem","position":2,"name":"Antonio Banderas estrenar\u00e1 en octubre \u00abCompany\u00bb"}]},{"@type":"WebSite","@id":"https:\/\/soynuevaprensadigital.com\/news1053fm\/#website","url":"https:\/\/soynuevaprensadigital.com\/news1053fm\/","name":"News 105.3 FM","description":"Nuestro compromiso contigo nos permite ofrecerte la radio de mejor calidad, la frecuencia m\u00e1s limpia yel entretenimiento para todos los gustos.","potentialAction":[{"@type":"SearchAction","target":{"@type":"EntryPoint","urlTemplate":"https:\/\/soynuevaprensadigital.com\/news1053fm\/?s={search_term_string}"},"query-input":{"@type":"PropertyValueSpecification","valueRequired":true,"valueName":"search_term_string"}}],"inLanguage":"es"},{"@type":"Person","@id":"https:\/\/soynuevaprensadigital.com\/news1053fm\/#\/schema\/person\/aa2d09ab130e943e3c7b360a32177538","name":"Alvis Cristina Herrera","image":{"@type":"ImageObject","inLanguage":"es","@id":"https:\/\/secure.gravatar.com\/avatar\/6a4b461595fbd8c4d0947e89062b7b1df5ea5bc6348126d9594f8d0cece5be89?s=96&d=mm&r=g","url":"https:\/\/secure.gravatar.com\/avatar\/6a4b461595fbd8c4d0947e89062b7b1df5ea5bc6348126d9594f8d0cece5be89?s=96&d=mm&r=g","contentUrl":"https:\/\/secure.gravatar.com\/avatar\/6a4b461595fbd8c4d0947e89062b7b1df5ea5bc6348126d9594f8d0cece5be89?s=96&d=mm&r=g","caption":"Alvis Cristina Herrera"},"sameAs":["https:\/\/www.facebook.com\/AlvisCristinaHe","https:\/\/www.instagram.com\/alviscristinahe\/","https:\/\/www.linkedin.com\/in\/alviscristinahe\/","https:\/\/x.com\/https:\/\/www.twitter.com\/alviscristinahe\/"],"url":"https:\/\/soynuevaprensadigital.com\/news1053fm\/author\/alvisherrera\/"}]}},"_links":{"self":[{"href":"https:\/\/soynuevaprensadigital.com\/news1053fm\/wp-json\/wp\/v2\/posts\/1766","targetHints":{"allow":["GET"]}}],"collection":[{"href":"https:\/\/soynuevaprensadigital.com\/news1053fm\/wp-json\/wp\/v2\/posts"}],"about":[{"href":"https:\/\/soynuevaprensadigital.com\/news1053fm\/wp-json\/wp\/v2\/types\/post"}],"author":[{"embeddable":true,"href":"https:\/\/soynuevaprensadigital.com\/news1053fm\/wp-json\/wp\/v2\/users\/158"}],"replies":[{"embeddable":true,"href":"https:\/\/soynuevaprensadigital.com\/news1053fm\/wp-json\/wp\/v2\/comments?post=1766"}],"version-history":[{"count":0,"href":"https:\/\/soynuevaprensadigital.com\/news1053fm\/wp-json\/wp\/v2\/posts\/1766\/revisions"}],"wp:attachment":[{"href":"https:\/\/soynuevaprensadigital.com\/news1053fm\/wp-json\/wp\/v2\/media?parent=1766"}],"wp:term":[{"taxonomy":"category","embeddable":true,"href":"https:\/\/soynuevaprensadigital.com\/news1053fm\/wp-json\/wp\/v2\/categories?post=1766"},{"taxonomy":"post_tag","embeddable":true,"href":"https:\/\/soynuevaprensadigital.com\/news1053fm\/wp-json\/wp\/v2\/tags?post=1766"}],"curies":[{"name":"wp","href":"https:\/\/api.w.org\/{rel}","templated":true}]}}