{"id":1767,"date":"2021-03-25T14:00:24","date_gmt":"2021-03-25T18:00:24","guid":{"rendered":"https:\/\/soynuevaprensadigital.com\/news1053fm\/?p=1767"},"modified":"2021-03-26T07:49:16","modified_gmt":"2021-03-26T11:49:16","slug":"efemerides-deportivas-25-de-marzo-ayrton-senna-debuta-en-la-formula-1","status":"publish","type":"post","link":"https:\/\/soynuevaprensadigital.com\/news1053fm\/efemerides-deportivas-25-de-marzo-ayrton-senna-debuta-en-la-formula-1\/","title":{"rendered":"Efem\u00e9rides Deportivas 25 de marzo: Ayrton Senna debuta en la F\u00f3rmula 1"},"content":{"rendered":"<p style=\"text-align: justify\"><strong>Ciudad Guayana.-<\/strong>El 25 de marzo de 1984 en el Gran Premio de Brasil comenz\u00f3 la historia de Ayrton Senna dentro de la F\u00f3rmula 1 al mando de un Toleman Hart. El brasile\u00f1o no tuvo un buen debut, ya que debi\u00f3 abandonar. El d\u00eda que comenz\u00f3 la leyenda.<\/p>\n<p style=\"text-align: justify\">En esa fecha, Ayrton Senna hizo su estreno en la f\u00f3rmula 1 al volante de un Toleman en Jacarepagu\u00e1, en el Gran Premio de Brasil. Senna era s\u00f3lo un principiante, mientras que la gran estrella del pa\u00eds en la F\u00f3rmula 1 era Nelson Piquet, quien era el actual campe\u00f3n del mundo.<\/p>\n<p style=\"text-align: justify\">En la clasificaci\u00f3n, Senna hizo lo que pudo con el modesto Toleman y se ubic\u00f3 17\u00ba, un equipo peque\u00f1o de la categor\u00eda, pero le sac\u00f3 1,8 segundos a su compa\u00f1ero de equipo, el venezolano Johnny Cecotto.<\/p>\n<p style=\"text-align: justify\">Toleman fue el primer equipo de Senna en la F\u00f3rmula 1, pero no fue el primer auto que manej\u00f3 en la categor\u00eda. En 1983, se puso al volante de un Williams, equipo que 10 a\u00f1os m\u00e1s tarde lo contrat\u00f3 y con el que disputar\u00eda sus \u00faltimas carreras.<\/p>\n<p style=\"text-align: justify\">Senna solamente dio siete vueltas en aquel Gran Premio de Brasil, ya que abandon\u00f3 por un inconveniente en el motor turbo de su auto.<\/p>\n<p style=\"text-align: justify\">Alain Prost, quien luego fuera su archirrival en la pista, fue quien se llev\u00f3 la victoria en aquel Gran Premio con un McLaren. En el podio lo acompa\u00f1aron Keke Rosberg con un Williams y Elio de Angelis a bordo de un Lotus.<\/p>\n<p style=\"text-align: justify\">Senna consigui\u00f3 tres coronas dentro de la F\u00f3rmula 1: 1988, 1990 y 1991. Adem\u00e1s, gan\u00f3 41 Grandes Premios. Logr\u00f3 65 poles y subi\u00f3 en 80 oportunidades al podio.<\/p>\n","protected":false},"excerpt":{"rendered":"<p>Ciudad Guayana.-El 25 de marzo de 1984 en el Gran Premio de Brasil comenz\u00f3 la historia de Ayrton Senna dentro de la F\u00f3rmula 1 al mando de un Toleman Hart. El brasile\u00f1o no tuvo un buen debut, ya que debi\u00f3 abandonar. El d\u00eda que comenz\u00f3 la leyenda. En esa fecha, Ayrton Senna hizo su estreno [&hellip;]<\/p>\n","protected":false},"author":158,"featured_media":0,"comment_status":"closed","ping_status":"closed","sticky":false,"template":"","format":"standard","meta":{"footnotes":""},"categories":[2,19],"tags":[],"class_list":["post-1767","post","type-post","status-publish","format-standard","hentry","category-featured","category-mundo-deportivo"],"yoast_head":"<!-- This site is optimized with the Yoast SEO plugin v27.5 - https:\/\/yoast.com\/product\/yoast-seo-wordpress\/ -->\n<title>Efem\u00e9rides Deportivas 25 de marzo: Ayrton Senna debuta en la F\u00f3rmula 1 - News 105.3 FM<\/title>\n<meta name=\"robots\" content=\"index, follow, max-snippet:-1, max-image-preview:large, max-video-preview:-1\" \/>\n<link rel=\"canonical\" href=\"https:\/\/soynuevaprensadigital.com\/news1053fm\/efemerides-deportivas-25-de-marzo-ayrton-senna-debuta-en-la-formula-1\/\" \/>\n<meta property=\"og:locale\" content=\"es_ES\" \/>\n<meta property=\"og:type\" content=\"article\" \/>\n<meta property=\"og:title\" content=\"Efem\u00e9rides Deportivas 25 de marzo: Ayrton Senna debuta en la F\u00f3rmula 1 - News 105.3 FM\" \/>\n<meta property=\"og:description\" content=\"Ciudad Guayana.-El 25 de marzo de 1984 en el Gran Premio de Brasil comenz\u00f3 la historia de Ayrton Senna dentro de la F\u00f3rmula 1 al mando de un Toleman Hart. El brasile\u00f1o no tuvo un buen debut, ya que debi\u00f3 abandonar. El d\u00eda que comenz\u00f3 la leyenda. En esa fecha, Ayrton Senna hizo su estreno [&hellip;]\" \/>\n<meta property=\"og:url\" content=\"https:\/\/soynuevaprensadigital.com\/news1053fm\/efemerides-deportivas-25-de-marzo-ayrton-senna-debuta-en-la-formula-1\/\" \/>\n<meta property=\"og:site_name\" content=\"News 105.3 FM\" \/>\n<meta property=\"article:publisher\" content=\"https:\/\/www.facebook.com\/News1053fm-1655395028099413\/\" \/>\n<meta property=\"article:author\" content=\"https:\/\/www.facebook.com\/AlvisCristinaHe\" \/>\n<meta property=\"article:published_time\" content=\"2021-03-25T18:00:24+00:00\" \/>\n<meta property=\"article:modified_time\" content=\"2021-03-26T11:49:16+00:00\" \/>\n<meta property=\"og:image\" content=\"https:\/\/soynuevaprensadigital.com\/news1053fm\/wp-content\/uploads\/sites\/3\/2021\/03\/Ayrton-Senna-1-1.jpg\" \/>\n\t<meta property=\"og:image:width\" content=\"1200\" \/>\n\t<meta property=\"og:image:height\" content=\"700\" \/>\n\t<meta property=\"og:image:type\" content=\"image\/jpeg\" \/>\n<meta name=\"author\" content=\"Alvis Cristina Herrera\" \/>\n<meta name=\"twitter:card\" content=\"summary_large_image\" \/>\n<meta name=\"twitter:creator\" content=\"@https:\/\/www.twitter.com\/alviscristinahe\/\" \/>\n<meta name=\"twitter:site\" content=\"@news105_3fm\" \/>\n<meta name=\"twitter:label1\" content=\"Escrito por\" \/>\n\t<meta name=\"twitter:data1\" content=\"Alvis Cristina Herrera\" \/>\n\t<meta name=\"twitter:label2\" content=\"Tiempo de lectura\" \/>\n\t<meta name=\"twitter:data2\" content=\"2 minutos\" \/>\n<script type=\"application\/ld+json\" class=\"yoast-schema-graph\">{\"@context\":\"https:\\\/\\\/schema.org\",\"@graph\":[{\"@type\":\"Article\",\"@id\":\"https:\\\/\\\/soynuevaprensadigital.com\\\/news1053fm\\\/efemerides-deportivas-25-de-marzo-ayrton-senna-debuta-en-la-formula-1\\\/#article\",\"isPartOf\":{\"@id\":\"https:\\\/\\\/soynuevaprensadigital.com\\\/news1053fm\\\/efemerides-deportivas-25-de-marzo-ayrton-senna-debuta-en-la-formula-1\\\/\"},\"author\":{\"name\":\"Alvis Cristina Herrera\",\"@id\":\"https:\\\/\\\/soynuevaprensadigital.com\\\/news1053fm\\\/#\\\/schema\\\/person\\\/aa2d09ab130e943e3c7b360a32177538\"},\"headline\":\"Efem\u00e9rides Deportivas 25 de marzo: Ayrton Senna debuta en la F\u00f3rmula 1\",\"datePublished\":\"2021-03-25T18:00:24+00:00\",\"dateModified\":\"2021-03-26T11:49:16+00:00\",\"mainEntityOfPage\":{\"@id\":\"https:\\\/\\\/soynuevaprensadigital.com\\\/news1053fm\\\/efemerides-deportivas-25-de-marzo-ayrton-senna-debuta-en-la-formula-1\\\/\"},\"wordCount\":291,\"articleSection\":[\"Featured\",\"Mundo Deportivo\"],\"inLanguage\":\"es\"},{\"@type\":\"WebPage\",\"@id\":\"https:\\\/\\\/soynuevaprensadigital.com\\\/news1053fm\\\/efemerides-deportivas-25-de-marzo-ayrton-senna-debuta-en-la-formula-1\\\/\",\"url\":\"https:\\\/\\\/soynuevaprensadigital.com\\\/news1053fm\\\/efemerides-deportivas-25-de-marzo-ayrton-senna-debuta-en-la-formula-1\\\/\",\"name\":\"Efem\u00e9rides Deportivas 25 de marzo: Ayrton Senna debuta en la F\u00f3rmula 1 - News 105.3 FM\",\"isPartOf\":{\"@id\":\"https:\\\/\\\/soynuevaprensadigital.com\\\/news1053fm\\\/#website\"},\"datePublished\":\"2021-03-25T18:00:24+00:00\",\"dateModified\":\"2021-03-26T11:49:16+00:00\",\"author\":{\"@id\":\"https:\\\/\\\/soynuevaprensadigital.com\\\/news1053fm\\\/#\\\/schema\\\/person\\\/aa2d09ab130e943e3c7b360a32177538\"},\"breadcrumb\":{\"@id\":\"https:\\\/\\\/soynuevaprensadigital.com\\\/news1053fm\\\/efemerides-deportivas-25-de-marzo-ayrton-senna-debuta-en-la-formula-1\\\/#breadcrumb\"},\"inLanguage\":\"es\",\"potentialAction\":[{\"@type\":\"ReadAction\",\"target\":[\"https:\\\/\\\/soynuevaprensadigital.com\\\/news1053fm\\\/efemerides-deportivas-25-de-marzo-ayrton-senna-debuta-en-la-formula-1\\\/\"]}]},{\"@type\":\"BreadcrumbList\",\"@id\":\"https:\\\/\\\/soynuevaprensadigital.com\\\/news1053fm\\\/efemerides-deportivas-25-de-marzo-ayrton-senna-debuta-en-la-formula-1\\\/#breadcrumb\",\"itemListElement\":[{\"@type\":\"ListItem\",\"position\":1,\"name\":\"Portada\",\"item\":\"https:\\\/\\\/soynuevaprensadigital.com\\\/news1053fm\\\/\"},{\"@type\":\"ListItem\",\"position\":2,\"name\":\"Efem\u00e9rides Deportivas 25 de marzo: Ayrton Senna debuta en la F\u00f3rmula 1\"}]},{\"@type\":\"WebSite\",\"@id\":\"https:\\\/\\\/soynuevaprensadigital.com\\\/news1053fm\\\/#website\",\"url\":\"https:\\\/\\\/soynuevaprensadigital.com\\\/news1053fm\\\/\",\"name\":\"News 105.3 FM\",\"description\":\"Nuestro compromiso contigo nos permite ofrecerte la radio de mejor calidad, la frecuencia m\u00e1s limpia yel entretenimiento para todos los gustos.\",\"potentialAction\":[{\"@type\":\"SearchAction\",\"target\":{\"@type\":\"EntryPoint\",\"urlTemplate\":\"https:\\\/\\\/soynuevaprensadigital.com\\\/news1053fm\\\/?s={search_term_string}\"},\"query-input\":{\"@type\":\"PropertyValueSpecification\",\"valueRequired\":true,\"valueName\":\"search_term_string\"}}],\"inLanguage\":\"es\"},{\"@type\":\"Person\",\"@id\":\"https:\\\/\\\/soynuevaprensadigital.com\\\/news1053fm\\\/#\\\/schema\\\/person\\\/aa2d09ab130e943e3c7b360a32177538\",\"name\":\"Alvis Cristina Herrera\",\"image\":{\"@type\":\"ImageObject\",\"inLanguage\":\"es\",\"@id\":\"https:\\\/\\\/secure.gravatar.com\\\/avatar\\\/6a4b461595fbd8c4d0947e89062b7b1df5ea5bc6348126d9594f8d0cece5be89?s=96&d=mm&r=g\",\"url\":\"https:\\\/\\\/secure.gravatar.com\\\/avatar\\\/6a4b461595fbd8c4d0947e89062b7b1df5ea5bc6348126d9594f8d0cece5be89?s=96&d=mm&r=g\",\"contentUrl\":\"https:\\\/\\\/secure.gravatar.com\\\/avatar\\\/6a4b461595fbd8c4d0947e89062b7b1df5ea5bc6348126d9594f8d0cece5be89?s=96&d=mm&r=g\",\"caption\":\"Alvis Cristina Herrera\"},\"sameAs\":[\"https:\\\/\\\/www.facebook.com\\\/AlvisCristinaHe\",\"https:\\\/\\\/www.instagram.com\\\/alviscristinahe\\\/\",\"https:\\\/\\\/www.linkedin.com\\\/in\\\/alviscristinahe\\\/\",\"https:\\\/\\\/x.com\\\/https:\\\/\\\/www.twitter.com\\\/alviscristinahe\\\/\"],\"url\":\"https:\\\/\\\/soynuevaprensadigital.com\\\/news1053fm\\\/author\\\/alvisherrera\\\/\"}]}<\/script>\n<!-- \/ Yoast SEO plugin. -->","yoast_head_json":{"title":"Efem\u00e9rides Deportivas 25 de marzo: Ayrton Senna debuta en la F\u00f3rmula 1 - News 105.3 FM","robots":{"index":"index","follow":"follow","max-snippet":"max-snippet:-1","max-image-preview":"max-image-preview:large","max-video-preview":"max-video-preview:-1"},"canonical":"https:\/\/soynuevaprensadigital.com\/news1053fm\/efemerides-deportivas-25-de-marzo-ayrton-senna-debuta-en-la-formula-1\/","og_locale":"es_ES","og_type":"article","og_title":"Efem\u00e9rides Deportivas 25 de marzo: Ayrton Senna debuta en la F\u00f3rmula 1 - News 105.3 FM","og_description":"Ciudad Guayana.-El 25 de marzo de 1984 en el Gran Premio de Brasil comenz\u00f3 la historia de Ayrton Senna dentro de la F\u00f3rmula 1 al mando de un Toleman Hart. El brasile\u00f1o no tuvo un buen debut, ya que debi\u00f3 abandonar. El d\u00eda que comenz\u00f3 la leyenda. En esa fecha, Ayrton Senna hizo su estreno [&hellip;]","og_url":"https:\/\/soynuevaprensadigital.com\/news1053fm\/efemerides-deportivas-25-de-marzo-ayrton-senna-debuta-en-la-formula-1\/","og_site_name":"News 105.3 FM","article_publisher":"https:\/\/www.facebook.com\/News1053fm-1655395028099413\/","article_author":"https:\/\/www.facebook.com\/AlvisCristinaHe","article_published_time":"2021-03-25T18:00:24+00:00","article_modified_time":"2021-03-26T11:49:16+00:00","og_image":[{"width":1200,"height":700,"url":"https:\/\/soynuevaprensadigital.com\/news1053fm\/wp-content\/uploads\/sites\/3\/2021\/03\/Ayrton-Senna-1-1.jpg","type":"image\/jpeg"}],"author":"Alvis Cristina Herrera","twitter_card":"summary_large_image","twitter_creator":"@https:\/\/www.twitter.com\/alviscristinahe\/","twitter_site":"@news105_3fm","twitter_misc":{"Escrito por":"Alvis Cristina Herrera","Tiempo de lectura":"2 minutos"},"schema":{"@context":"https:\/\/schema.org","@graph":[{"@type":"Article","@id":"https:\/\/soynuevaprensadigital.com\/news1053fm\/efemerides-deportivas-25-de-marzo-ayrton-senna-debuta-en-la-formula-1\/#article","isPartOf":{"@id":"https:\/\/soynuevaprensadigital.com\/news1053fm\/efemerides-deportivas-25-de-marzo-ayrton-senna-debuta-en-la-formula-1\/"},"author":{"name":"Alvis Cristina Herrera","@id":"https:\/\/soynuevaprensadigital.com\/news1053fm\/#\/schema\/person\/aa2d09ab130e943e3c7b360a32177538"},"headline":"Efem\u00e9rides Deportivas 25 de marzo: Ayrton Senna debuta en la F\u00f3rmula 1","datePublished":"2021-03-25T18:00:24+00:00","dateModified":"2021-03-26T11:49:16+00:00","mainEntityOfPage":{"@id":"https:\/\/soynuevaprensadigital.com\/news1053fm\/efemerides-deportivas-25-de-marzo-ayrton-senna-debuta-en-la-formula-1\/"},"wordCount":291,"articleSection":["Featured","Mundo Deportivo"],"inLanguage":"es"},{"@type":"WebPage","@id":"https:\/\/soynuevaprensadigital.com\/news1053fm\/efemerides-deportivas-25-de-marzo-ayrton-senna-debuta-en-la-formula-1\/","url":"https:\/\/soynuevaprensadigital.com\/news1053fm\/efemerides-deportivas-25-de-marzo-ayrton-senna-debuta-en-la-formula-1\/","name":"Efem\u00e9rides Deportivas 25 de marzo: Ayrton Senna debuta en la F\u00f3rmula 1 - News 105.3 FM","isPartOf":{"@id":"https:\/\/soynuevaprensadigital.com\/news1053fm\/#website"},"datePublished":"2021-03-25T18:00:24+00:00","dateModified":"2021-03-26T11:49:16+00:00","author":{"@id":"https:\/\/soynuevaprensadigital.com\/news1053fm\/#\/schema\/person\/aa2d09ab130e943e3c7b360a32177538"},"breadcrumb":{"@id":"https:\/\/soynuevaprensadigital.com\/news1053fm\/efemerides-deportivas-25-de-marzo-ayrton-senna-debuta-en-la-formula-1\/#breadcrumb"},"inLanguage":"es","potentialAction":[{"@type":"ReadAction","target":["https:\/\/soynuevaprensadigital.com\/news1053fm\/efemerides-deportivas-25-de-marzo-ayrton-senna-debuta-en-la-formula-1\/"]}]},{"@type":"BreadcrumbList","@id":"https:\/\/soynuevaprensadigital.com\/news1053fm\/efemerides-deportivas-25-de-marzo-ayrton-senna-debuta-en-la-formula-1\/#breadcrumb","itemListElement":[{"@type":"ListItem","position":1,"name":"Portada","item":"https:\/\/soynuevaprensadigital.com\/news1053fm\/"},{"@type":"ListItem","position":2,"name":"Efem\u00e9rides Deportivas 25 de marzo: Ayrton Senna debuta en la F\u00f3rmula 1"}]},{"@type":"WebSite","@id":"https:\/\/soynuevaprensadigital.com\/news1053fm\/#website","url":"https:\/\/soynuevaprensadigital.com\/news1053fm\/","name":"News 105.3 FM","description":"Nuestro compromiso contigo nos permite ofrecerte la radio de mejor calidad, la frecuencia m\u00e1s limpia yel entretenimiento para todos los gustos.","potentialAction":[{"@type":"SearchAction","target":{"@type":"EntryPoint","urlTemplate":"https:\/\/soynuevaprensadigital.com\/news1053fm\/?s={search_term_string}"},"query-input":{"@type":"PropertyValueSpecification","valueRequired":true,"valueName":"search_term_string"}}],"inLanguage":"es"},{"@type":"Person","@id":"https:\/\/soynuevaprensadigital.com\/news1053fm\/#\/schema\/person\/aa2d09ab130e943e3c7b360a32177538","name":"Alvis Cristina Herrera","image":{"@type":"ImageObject","inLanguage":"es","@id":"https:\/\/secure.gravatar.com\/avatar\/6a4b461595fbd8c4d0947e89062b7b1df5ea5bc6348126d9594f8d0cece5be89?s=96&d=mm&r=g","url":"https:\/\/secure.gravatar.com\/avatar\/6a4b461595fbd8c4d0947e89062b7b1df5ea5bc6348126d9594f8d0cece5be89?s=96&d=mm&r=g","contentUrl":"https:\/\/secure.gravatar.com\/avatar\/6a4b461595fbd8c4d0947e89062b7b1df5ea5bc6348126d9594f8d0cece5be89?s=96&d=mm&r=g","caption":"Alvis Cristina Herrera"},"sameAs":["https:\/\/www.facebook.com\/AlvisCristinaHe","https:\/\/www.instagram.com\/alviscristinahe\/","https:\/\/www.linkedin.com\/in\/alviscristinahe\/","https:\/\/x.com\/https:\/\/www.twitter.com\/alviscristinahe\/"],"url":"https:\/\/soynuevaprensadigital.com\/news1053fm\/author\/alvisherrera\/"}]}},"_links":{"self":[{"href":"https:\/\/soynuevaprensadigital.com\/news1053fm\/wp-json\/wp\/v2\/posts\/1767","targetHints":{"allow":["GET"]}}],"collection":[{"href":"https:\/\/soynuevaprensadigital.com\/news1053fm\/wp-json\/wp\/v2\/posts"}],"about":[{"href":"https:\/\/soynuevaprensadigital.com\/news1053fm\/wp-json\/wp\/v2\/types\/post"}],"author":[{"embeddable":true,"href":"https:\/\/soynuevaprensadigital.com\/news1053fm\/wp-json\/wp\/v2\/users\/158"}],"replies":[{"embeddable":true,"href":"https:\/\/soynuevaprensadigital.com\/news1053fm\/wp-json\/wp\/v2\/comments?post=1767"}],"version-history":[{"count":0,"href":"https:\/\/soynuevaprensadigital.com\/news1053fm\/wp-json\/wp\/v2\/posts\/1767\/revisions"}],"wp:attachment":[{"href":"https:\/\/soynuevaprensadigital.com\/news1053fm\/wp-json\/wp\/v2\/media?parent=1767"}],"wp:term":[{"taxonomy":"category","embeddable":true,"href":"https:\/\/soynuevaprensadigital.com\/news1053fm\/wp-json\/wp\/v2\/categories?post=1767"},{"taxonomy":"post_tag","embeddable":true,"href":"https:\/\/soynuevaprensadigital.com\/news1053fm\/wp-json\/wp\/v2\/tags?post=1767"}],"curies":[{"name":"wp","href":"https:\/\/api.w.org\/{rel}","templated":true}]}}