{"id":1777,"date":"2021-03-26T19:18:08","date_gmt":"2021-03-26T23:18:08","guid":{"rendered":"https:\/\/soynuevaprensadigital.com\/news1053fm\/?p=1777"},"modified":"2021-03-26T19:18:08","modified_gmt":"2021-03-26T23:18:08","slug":"rueda-la-pelota-dia-del-honor-caldense","status":"publish","type":"post","link":"https:\/\/soynuevaprensadigital.com\/news1053fm\/rueda-la-pelota-dia-del-honor-caldense\/","title":{"rendered":"Rueda la pelota: D\u00eda del Honor Caldense"},"content":{"rendered":"<p style=\"text-align: justify\"><strong>Ciudad Guayana.-<\/strong>El 1 de julio es el D\u00eda del Honor Caldense, fecha en la que se conmemora la gesta heroica del Once Caldas que en 2004 se coron\u00f3 campe\u00f3n de Copa Libertadores de Am\u00e9rica. Esta celebraci\u00f3n fue declarada oficialmente por la Asamblea de Caldas, mediante Ordenanza Departamental 08 del 2016.<\/p>\n<p style=\"text-align: justify\">Se trat\u00f3 del m\u00e1s importante logro \u00a0en la historia del conjunto blanco, y fue en su momento el segundo t\u00edtulo de Copa Libertadores para Colombia, luego que en en 1989, Atl\u00e9tico Nacional consiguiera la primera Copa para Colombia.<\/p>\n<p style=\"text-align: justify\">Para ganar la Copa Libertadores de Am\u00e9rica en 2004, Once Caldas jug\u00f3 14 partidos, gan\u00f3 6, empat\u00f3 7 y perdi\u00f3 1, marc\u00f3 17 goles y recibi\u00f3 10; su recorrido por las diferentes fases fue as\u00ed: sali\u00f3 como primero de su grupo del que tambi\u00e9n hac\u00edan parte: V\u00e9lez de Argentina, F\u00e9nix de Uruguay y el Uni\u00f3n Atl\u00e9tico Maracaibo de Venezuela.<\/p>\n<p style=\"text-align: justify\">Despu\u00e9s, en octavos de final super\u00f3 a Barcelona de Ecuador en cobros desde el punto penal tras el empate global (0x0 y 1\u00d71); en cuartos dej\u00f3 en el camino al hist\u00f3rico Santos de Brasil (1\u00d71 y 1\u00d70), y en Semifinal elimin\u00f3 a Sao Paulo de Brasil (0x0 y 2\u00d71), en la final super\u00f3 a Boca J\u00faniors de Argentina, en cobros desde el punto penal tras el empate global (0x0 y 1\u00d71), la serie se liquid\u00f3 2\u00d70.<\/p>\n<p style=\"text-align: justify\">Wilmer Orteg\u00f3n, Germ\u00e1n Casas, Rub\u00e9n Dar\u00edo Vel\u00e1squez, Juan Carlos Gonz\u00e1lez, Juan Carlos Henao, Rolando Ram\u00edrez, Alexis Henr\u00edquez, Jhon Vi\u00e1fara, Jonathan Fabbro, Edgar Cata\u00f1o y Jefrey D\u00edaz, En el centro: Herly Alc\u00e1zar, Jorge Agudelo, Miguel Rodas, kinesi\u00f3logo; Juan Carlos Guzm\u00e1n, Fisioterapeuta; Mario Mar\u00edn, entrenador de arqueros; Juan Carlos \u00c1ngel, preparador f\u00edsico; Carlos Valencia, asistente t\u00e9cnico; Luis Fernando Montoya, director t\u00e9cnico; Dar\u00edo V\u00e9lez, asesor t\u00e9cnico; Carlos Alberto Osorio, m\u00e9dico; Guillermo Serna, utilero; Samuel Vanegas y Arnulfo Valentierra. Abajo: C\u00e9sar Hern\u00e1ndez, Dayro Moreno, Mauricio Casierra, Elkin Soto, Edwin Garc\u00eda, Javier Ara\u00fajo, Ra\u00fal Mar\u00edn, Sergio Galv\u00e1n, Diego Arango y Miguel Rojas.<\/p>\n<p style=\"text-align: justify\">Rememoramos el estelar momento en el que Once Caldes alcanz\u00f3 el t\u00edtulo de campe\u00f3n de la Copa Libertadores de Am\u00e9rica, a expensas del Boca Juniors de Argentina.<\/p>\n","protected":false},"excerpt":{"rendered":"<p>Ciudad Guayana.-El 1 de julio es el D\u00eda del Honor Caldense, fecha en la que se conmemora la gesta heroica del Once Caldas que en 2004 se coron\u00f3 campe\u00f3n de Copa Libertadores de Am\u00e9rica. Esta celebraci\u00f3n fue declarada oficialmente por la Asamblea de Caldas, mediante Ordenanza Departamental 08 del 2016. Se trat\u00f3 del m\u00e1s importante [&hellip;]<\/p>\n","protected":false},"author":158,"featured_media":0,"comment_status":"closed","ping_status":"closed","sticky":false,"template":"","format":"standard","meta":{"footnotes":""},"categories":[2,19],"tags":[],"class_list":["post-1777","post","type-post","status-publish","format-standard","hentry","category-featured","category-mundo-deportivo"],"yoast_head":"<!-- This site is optimized with the Yoast SEO plugin v27.5 - https:\/\/yoast.com\/product\/yoast-seo-wordpress\/ -->\n<title>Rueda la pelota: D\u00eda del Honor Caldense - News 105.3 FM<\/title>\n<meta name=\"robots\" content=\"index, follow, max-snippet:-1, max-image-preview:large, max-video-preview:-1\" \/>\n<link rel=\"canonical\" href=\"https:\/\/soynuevaprensadigital.com\/news1053fm\/rueda-la-pelota-dia-del-honor-caldense\/\" \/>\n<meta property=\"og:locale\" content=\"es_ES\" \/>\n<meta property=\"og:type\" content=\"article\" \/>\n<meta property=\"og:title\" content=\"Rueda la pelota: D\u00eda del Honor Caldense - News 105.3 FM\" \/>\n<meta property=\"og:description\" content=\"Ciudad Guayana.-El 1 de julio es el D\u00eda del Honor Caldense, fecha en la que se conmemora la gesta heroica del Once Caldas que en 2004 se coron\u00f3 campe\u00f3n de Copa Libertadores de Am\u00e9rica. Esta celebraci\u00f3n fue declarada oficialmente por la Asamblea de Caldas, mediante Ordenanza Departamental 08 del 2016. Se trat\u00f3 del m\u00e1s importante [&hellip;]\" \/>\n<meta property=\"og:url\" content=\"https:\/\/soynuevaprensadigital.com\/news1053fm\/rueda-la-pelota-dia-del-honor-caldense\/\" \/>\n<meta property=\"og:site_name\" content=\"News 105.3 FM\" \/>\n<meta property=\"article:publisher\" content=\"https:\/\/www.facebook.com\/News1053fm-1655395028099413\/\" \/>\n<meta property=\"article:author\" content=\"https:\/\/www.facebook.com\/AlvisCristinaHe\" \/>\n<meta property=\"article:published_time\" content=\"2021-03-26T23:18:08+00:00\" \/>\n<meta property=\"og:image\" content=\"https:\/\/soynuevaprensadigital.com\/news1053fm\/wp-content\/uploads\/sites\/3\/2021\/03\/DhB3dQJX4AEQiiu.jpg\" \/>\n\t<meta property=\"og:image:width\" content=\"1200\" \/>\n\t<meta property=\"og:image:height\" content=\"694\" \/>\n\t<meta property=\"og:image:type\" content=\"image\/jpeg\" \/>\n<meta name=\"author\" content=\"Alvis Cristina Herrera\" \/>\n<meta name=\"twitter:card\" content=\"summary_large_image\" \/>\n<meta name=\"twitter:creator\" content=\"@https:\/\/www.twitter.com\/alviscristinahe\/\" \/>\n<meta name=\"twitter:site\" content=\"@news105_3fm\" \/>\n<meta name=\"twitter:label1\" content=\"Escrito por\" \/>\n\t<meta name=\"twitter:data1\" content=\"Alvis Cristina Herrera\" \/>\n\t<meta name=\"twitter:label2\" content=\"Tiempo de lectura\" \/>\n\t<meta name=\"twitter:data2\" content=\"2 minutos\" \/>\n<script type=\"application\/ld+json\" class=\"yoast-schema-graph\">{\"@context\":\"https:\\\/\\\/schema.org\",\"@graph\":[{\"@type\":\"Article\",\"@id\":\"https:\\\/\\\/soynuevaprensadigital.com\\\/news1053fm\\\/rueda-la-pelota-dia-del-honor-caldense\\\/#article\",\"isPartOf\":{\"@id\":\"https:\\\/\\\/soynuevaprensadigital.com\\\/news1053fm\\\/rueda-la-pelota-dia-del-honor-caldense\\\/\"},\"author\":{\"name\":\"Alvis Cristina Herrera\",\"@id\":\"https:\\\/\\\/soynuevaprensadigital.com\\\/news1053fm\\\/#\\\/schema\\\/person\\\/aa2d09ab130e943e3c7b360a32177538\"},\"headline\":\"Rueda la pelota: D\u00eda del Honor Caldense\",\"datePublished\":\"2021-03-26T23:18:08+00:00\",\"mainEntityOfPage\":{\"@id\":\"https:\\\/\\\/soynuevaprensadigital.com\\\/news1053fm\\\/rueda-la-pelota-dia-del-honor-caldense\\\/\"},\"wordCount\":387,\"articleSection\":[\"Featured\",\"Mundo Deportivo\"],\"inLanguage\":\"es\"},{\"@type\":\"WebPage\",\"@id\":\"https:\\\/\\\/soynuevaprensadigital.com\\\/news1053fm\\\/rueda-la-pelota-dia-del-honor-caldense\\\/\",\"url\":\"https:\\\/\\\/soynuevaprensadigital.com\\\/news1053fm\\\/rueda-la-pelota-dia-del-honor-caldense\\\/\",\"name\":\"Rueda la pelota: D\u00eda del Honor Caldense - News 105.3 FM\",\"isPartOf\":{\"@id\":\"https:\\\/\\\/soynuevaprensadigital.com\\\/news1053fm\\\/#website\"},\"datePublished\":\"2021-03-26T23:18:08+00:00\",\"author\":{\"@id\":\"https:\\\/\\\/soynuevaprensadigital.com\\\/news1053fm\\\/#\\\/schema\\\/person\\\/aa2d09ab130e943e3c7b360a32177538\"},\"breadcrumb\":{\"@id\":\"https:\\\/\\\/soynuevaprensadigital.com\\\/news1053fm\\\/rueda-la-pelota-dia-del-honor-caldense\\\/#breadcrumb\"},\"inLanguage\":\"es\",\"potentialAction\":[{\"@type\":\"ReadAction\",\"target\":[\"https:\\\/\\\/soynuevaprensadigital.com\\\/news1053fm\\\/rueda-la-pelota-dia-del-honor-caldense\\\/\"]}]},{\"@type\":\"BreadcrumbList\",\"@id\":\"https:\\\/\\\/soynuevaprensadigital.com\\\/news1053fm\\\/rueda-la-pelota-dia-del-honor-caldense\\\/#breadcrumb\",\"itemListElement\":[{\"@type\":\"ListItem\",\"position\":1,\"name\":\"Portada\",\"item\":\"https:\\\/\\\/soynuevaprensadigital.com\\\/news1053fm\\\/\"},{\"@type\":\"ListItem\",\"position\":2,\"name\":\"Rueda la pelota: D\u00eda del Honor Caldense\"}]},{\"@type\":\"WebSite\",\"@id\":\"https:\\\/\\\/soynuevaprensadigital.com\\\/news1053fm\\\/#website\",\"url\":\"https:\\\/\\\/soynuevaprensadigital.com\\\/news1053fm\\\/\",\"name\":\"News 105.3 FM\",\"description\":\"Nuestro compromiso contigo nos permite ofrecerte la radio de mejor calidad, la frecuencia m\u00e1s limpia yel entretenimiento para todos los gustos.\",\"potentialAction\":[{\"@type\":\"SearchAction\",\"target\":{\"@type\":\"EntryPoint\",\"urlTemplate\":\"https:\\\/\\\/soynuevaprensadigital.com\\\/news1053fm\\\/?s={search_term_string}\"},\"query-input\":{\"@type\":\"PropertyValueSpecification\",\"valueRequired\":true,\"valueName\":\"search_term_string\"}}],\"inLanguage\":\"es\"},{\"@type\":\"Person\",\"@id\":\"https:\\\/\\\/soynuevaprensadigital.com\\\/news1053fm\\\/#\\\/schema\\\/person\\\/aa2d09ab130e943e3c7b360a32177538\",\"name\":\"Alvis Cristina Herrera\",\"image\":{\"@type\":\"ImageObject\",\"inLanguage\":\"es\",\"@id\":\"https:\\\/\\\/secure.gravatar.com\\\/avatar\\\/6a4b461595fbd8c4d0947e89062b7b1df5ea5bc6348126d9594f8d0cece5be89?s=96&d=mm&r=g\",\"url\":\"https:\\\/\\\/secure.gravatar.com\\\/avatar\\\/6a4b461595fbd8c4d0947e89062b7b1df5ea5bc6348126d9594f8d0cece5be89?s=96&d=mm&r=g\",\"contentUrl\":\"https:\\\/\\\/secure.gravatar.com\\\/avatar\\\/6a4b461595fbd8c4d0947e89062b7b1df5ea5bc6348126d9594f8d0cece5be89?s=96&d=mm&r=g\",\"caption\":\"Alvis Cristina Herrera\"},\"sameAs\":[\"https:\\\/\\\/www.facebook.com\\\/AlvisCristinaHe\",\"https:\\\/\\\/www.instagram.com\\\/alviscristinahe\\\/\",\"https:\\\/\\\/www.linkedin.com\\\/in\\\/alviscristinahe\\\/\",\"https:\\\/\\\/x.com\\\/https:\\\/\\\/www.twitter.com\\\/alviscristinahe\\\/\"],\"url\":\"https:\\\/\\\/soynuevaprensadigital.com\\\/news1053fm\\\/author\\\/alvisherrera\\\/\"}]}<\/script>\n<!-- \/ Yoast SEO plugin. -->","yoast_head_json":{"title":"Rueda la pelota: D\u00eda del Honor Caldense - News 105.3 FM","robots":{"index":"index","follow":"follow","max-snippet":"max-snippet:-1","max-image-preview":"max-image-preview:large","max-video-preview":"max-video-preview:-1"},"canonical":"https:\/\/soynuevaprensadigital.com\/news1053fm\/rueda-la-pelota-dia-del-honor-caldense\/","og_locale":"es_ES","og_type":"article","og_title":"Rueda la pelota: D\u00eda del Honor Caldense - News 105.3 FM","og_description":"Ciudad Guayana.-El 1 de julio es el D\u00eda del Honor Caldense, fecha en la que se conmemora la gesta heroica del Once Caldas que en 2004 se coron\u00f3 campe\u00f3n de Copa Libertadores de Am\u00e9rica. Esta celebraci\u00f3n fue declarada oficialmente por la Asamblea de Caldas, mediante Ordenanza Departamental 08 del 2016. Se trat\u00f3 del m\u00e1s importante [&hellip;]","og_url":"https:\/\/soynuevaprensadigital.com\/news1053fm\/rueda-la-pelota-dia-del-honor-caldense\/","og_site_name":"News 105.3 FM","article_publisher":"https:\/\/www.facebook.com\/News1053fm-1655395028099413\/","article_author":"https:\/\/www.facebook.com\/AlvisCristinaHe","article_published_time":"2021-03-26T23:18:08+00:00","og_image":[{"width":1200,"height":694,"url":"https:\/\/soynuevaprensadigital.com\/news1053fm\/wp-content\/uploads\/sites\/3\/2021\/03\/DhB3dQJX4AEQiiu.jpg","type":"image\/jpeg"}],"author":"Alvis Cristina Herrera","twitter_card":"summary_large_image","twitter_creator":"@https:\/\/www.twitter.com\/alviscristinahe\/","twitter_site":"@news105_3fm","twitter_misc":{"Escrito por":"Alvis Cristina Herrera","Tiempo de lectura":"2 minutos"},"schema":{"@context":"https:\/\/schema.org","@graph":[{"@type":"Article","@id":"https:\/\/soynuevaprensadigital.com\/news1053fm\/rueda-la-pelota-dia-del-honor-caldense\/#article","isPartOf":{"@id":"https:\/\/soynuevaprensadigital.com\/news1053fm\/rueda-la-pelota-dia-del-honor-caldense\/"},"author":{"name":"Alvis Cristina Herrera","@id":"https:\/\/soynuevaprensadigital.com\/news1053fm\/#\/schema\/person\/aa2d09ab130e943e3c7b360a32177538"},"headline":"Rueda la pelota: D\u00eda del Honor Caldense","datePublished":"2021-03-26T23:18:08+00:00","mainEntityOfPage":{"@id":"https:\/\/soynuevaprensadigital.com\/news1053fm\/rueda-la-pelota-dia-del-honor-caldense\/"},"wordCount":387,"articleSection":["Featured","Mundo Deportivo"],"inLanguage":"es"},{"@type":"WebPage","@id":"https:\/\/soynuevaprensadigital.com\/news1053fm\/rueda-la-pelota-dia-del-honor-caldense\/","url":"https:\/\/soynuevaprensadigital.com\/news1053fm\/rueda-la-pelota-dia-del-honor-caldense\/","name":"Rueda la pelota: D\u00eda del Honor Caldense - News 105.3 FM","isPartOf":{"@id":"https:\/\/soynuevaprensadigital.com\/news1053fm\/#website"},"datePublished":"2021-03-26T23:18:08+00:00","author":{"@id":"https:\/\/soynuevaprensadigital.com\/news1053fm\/#\/schema\/person\/aa2d09ab130e943e3c7b360a32177538"},"breadcrumb":{"@id":"https:\/\/soynuevaprensadigital.com\/news1053fm\/rueda-la-pelota-dia-del-honor-caldense\/#breadcrumb"},"inLanguage":"es","potentialAction":[{"@type":"ReadAction","target":["https:\/\/soynuevaprensadigital.com\/news1053fm\/rueda-la-pelota-dia-del-honor-caldense\/"]}]},{"@type":"BreadcrumbList","@id":"https:\/\/soynuevaprensadigital.com\/news1053fm\/rueda-la-pelota-dia-del-honor-caldense\/#breadcrumb","itemListElement":[{"@type":"ListItem","position":1,"name":"Portada","item":"https:\/\/soynuevaprensadigital.com\/news1053fm\/"},{"@type":"ListItem","position":2,"name":"Rueda la pelota: D\u00eda del Honor Caldense"}]},{"@type":"WebSite","@id":"https:\/\/soynuevaprensadigital.com\/news1053fm\/#website","url":"https:\/\/soynuevaprensadigital.com\/news1053fm\/","name":"News 105.3 FM","description":"Nuestro compromiso contigo nos permite ofrecerte la radio de mejor calidad, la frecuencia m\u00e1s limpia yel entretenimiento para todos los gustos.","potentialAction":[{"@type":"SearchAction","target":{"@type":"EntryPoint","urlTemplate":"https:\/\/soynuevaprensadigital.com\/news1053fm\/?s={search_term_string}"},"query-input":{"@type":"PropertyValueSpecification","valueRequired":true,"valueName":"search_term_string"}}],"inLanguage":"es"},{"@type":"Person","@id":"https:\/\/soynuevaprensadigital.com\/news1053fm\/#\/schema\/person\/aa2d09ab130e943e3c7b360a32177538","name":"Alvis Cristina Herrera","image":{"@type":"ImageObject","inLanguage":"es","@id":"https:\/\/secure.gravatar.com\/avatar\/6a4b461595fbd8c4d0947e89062b7b1df5ea5bc6348126d9594f8d0cece5be89?s=96&d=mm&r=g","url":"https:\/\/secure.gravatar.com\/avatar\/6a4b461595fbd8c4d0947e89062b7b1df5ea5bc6348126d9594f8d0cece5be89?s=96&d=mm&r=g","contentUrl":"https:\/\/secure.gravatar.com\/avatar\/6a4b461595fbd8c4d0947e89062b7b1df5ea5bc6348126d9594f8d0cece5be89?s=96&d=mm&r=g","caption":"Alvis Cristina Herrera"},"sameAs":["https:\/\/www.facebook.com\/AlvisCristinaHe","https:\/\/www.instagram.com\/alviscristinahe\/","https:\/\/www.linkedin.com\/in\/alviscristinahe\/","https:\/\/x.com\/https:\/\/www.twitter.com\/alviscristinahe\/"],"url":"https:\/\/soynuevaprensadigital.com\/news1053fm\/author\/alvisherrera\/"}]}},"_links":{"self":[{"href":"https:\/\/soynuevaprensadigital.com\/news1053fm\/wp-json\/wp\/v2\/posts\/1777","targetHints":{"allow":["GET"]}}],"collection":[{"href":"https:\/\/soynuevaprensadigital.com\/news1053fm\/wp-json\/wp\/v2\/posts"}],"about":[{"href":"https:\/\/soynuevaprensadigital.com\/news1053fm\/wp-json\/wp\/v2\/types\/post"}],"author":[{"embeddable":true,"href":"https:\/\/soynuevaprensadigital.com\/news1053fm\/wp-json\/wp\/v2\/users\/158"}],"replies":[{"embeddable":true,"href":"https:\/\/soynuevaprensadigital.com\/news1053fm\/wp-json\/wp\/v2\/comments?post=1777"}],"version-history":[{"count":0,"href":"https:\/\/soynuevaprensadigital.com\/news1053fm\/wp-json\/wp\/v2\/posts\/1777\/revisions"}],"wp:attachment":[{"href":"https:\/\/soynuevaprensadigital.com\/news1053fm\/wp-json\/wp\/v2\/media?parent=1777"}],"wp:term":[{"taxonomy":"category","embeddable":true,"href":"https:\/\/soynuevaprensadigital.com\/news1053fm\/wp-json\/wp\/v2\/categories?post=1777"},{"taxonomy":"post_tag","embeddable":true,"href":"https:\/\/soynuevaprensadigital.com\/news1053fm\/wp-json\/wp\/v2\/tags?post=1777"}],"curies":[{"name":"wp","href":"https:\/\/api.w.org\/{rel}","templated":true}]}}