{"id":1779,"date":"2021-03-26T19:20:28","date_gmt":"2021-03-26T23:20:28","guid":{"rendered":"https:\/\/soynuevaprensadigital.com\/news1053fm\/?p=1779"},"modified":"2021-03-26T19:20:28","modified_gmt":"2021-03-26T23:20:28","slug":"karol-g-llevo-a-mis-fanaticos-al-viaje-mas-importante-de-mi-vida","status":"publish","type":"post","link":"https:\/\/soynuevaprensadigital.com\/news1053fm\/karol-g-llevo-a-mis-fanaticos-al-viaje-mas-importante-de-mi-vida\/","title":{"rendered":"Karol G: \u00abLlevo a mis fan\u00e1ticos al viaje m\u00e1s importante de mi vida\u00bb"},"content":{"rendered":"<p style=\"text-align: justify\"><strong>Miami.-<\/strong>Karol G ten\u00eda un gran temor cuando comenz\u00f3 a preparar su nuevo disco, \u00abKG0516\u00bb, que sali\u00f3 este viernes al mercado. \u00abEn estos momentos hay muchos artistas urbanos y yo no quer\u00eda ser una m\u00e1s de ese panorama. Una m\u00e1s del mont\u00f3n\u00bb, reconoci\u00f3 en una entrevista con Efe.<\/p>\n<p>Por eso, entr\u00f3 al estudio en b\u00fasqueda de \u00abalgo diferente\u00bb y lo logr\u00f3. \u00abKG0516\u00bb es una producci\u00f3n de 16 canciones que no solo incluye pop urbano y el reguepop que ha revolucionado el mundo, sino reguet\u00f3n tradicional con los \u00abpap\u00e1s\u00bb del g\u00e9nero, bossa nova, baladas y hasta un corrido de su autor\u00eda.<\/p>\n<p>\u00abQuer\u00eda hacer m\u00fasica que me hiciera sobresalir\u00bb, dijo, y tambi\u00e9n m\u00fasica que le permitiera llevar a sus fan\u00e1ticos \u00abal viaje m\u00e1s importante de mi vida\u00bb.<\/p>\n<p>Para Carolina Giraldo (su nombre real) era importante que su nueva m\u00fasica hiciera \u00abvivir experiencias\u00bb a todo aquel que la escuchara y que cada tema fuera \u00abcomo una escala en un nuevo lugar\u00bb.<\/p>\n<p>Enfundada en un conjunto de chaqueta y pantal\u00f3n amarillo plastificado y mientras se arreglaba su cabello largo y azul, igual a las pelucas que us\u00f3 en los materiales promocionales del disco, la cantante colombiana asegur\u00f3 que la posibilidad de participar e incidir en la vida de la gente la \u00abmueve m\u00e1s que cualquier otra cosa\u00bb.<\/p>\n<p>En el proceso consigui\u00f3 aliados de peso y hasta inesperados. Adem\u00e1s de Nicky Minaj, quien la acompa\u00f1\u00f3 en el gran \u00e9xito que ha sido \u00abTusa\u00bb, Karol G cont\u00f3 con el legendario Ludacris y la estrella de TikTok Emilee, con la que canta el otro tema biling\u00fce del disco, \u00abBeautiful Boy\u00bb.<\/p>\n<p>Nicky Jam, Chencho Corle\u00f3n, Wisin &amp; Yandel, Ivy Queen, Zion, y Alberto Stylee la acompa\u00f1aron en un \u00abinvento\u00bb al que dio el nombre de \u00abLeyendas\u00bb. Se trata de un tema de ocho minutos en el que los artistas se intercambian segmentos de canciones que hicieron famosos a los otros.<\/p>\n<p>Su compatriota colombiano Camilo -\u00abal que amo\u00bb- compuso y grab\u00f3 con ella la canci\u00f3n \u00abContigo voy a muerte\u00bb. Con su \u00abgran amigo\u00bb J Balvin y su ex Anuel AA presenta \u00abLocation\u00bb, y con Mariah Angeliq interpreta \u00abEl Maquin\u00f3n\u00bb, que es una especie de continuaci\u00f3n de \u00abBichota\u00bb; dos temas subidos de tono que asegur\u00f3 le hablan a las mujeres \u00abque son due\u00f1as de su sexualidad y su poder\u00bb.<\/p>\n<p>En el mismo tono est\u00e1 \u00abGato Malo\u00bb con Nathy Peluso. Tambi\u00e9n tiene canciones con Juanka &amp; Brray, Ozuna y con Yandar y Jostin.<\/p>\n<p>Karol G asegur\u00f3 que entre las 16 canciones de \u00abKG0516\u00bb no hay una que no la mueva emocionalmente y que no represente \u00abun reto importante\u00bb, aunque admiti\u00f3 que quiz\u00e1 el tema que m\u00e1s sorprender\u00e1 ser\u00e1 \u00ab200 copas\u00bb.<\/p>\n<p>Es ese el t\u00edtulo de su primer corrido urbano, de su propia autor\u00eda, que grab\u00f3 acompa\u00f1ada de la guitarra de Danny F\u00e9lix, uno de los creadores del nuevo g\u00e9nero de los corridos tumbados.<\/p>\n<p>\u00abComo es un vuelo, quise que cada canci\u00f3n fuese como una escala que llevase al que la est\u00e1 escuchando a un lugar diferente\u00bb, indic\u00f3.<\/p>\n<p>De all\u00ed el nombre del \u00e1lbum: \u00abKG0516\u00bb. Le pareci\u00f3 divertida la idea de titularlo con esa mezcla de letras y n\u00fameros que caracterizan a los vuelos. Es evidente que comenz\u00f3 con sus iniciales, pero son los n\u00fameros los que tienen m\u00e1s significado.<\/p>\n<p>\u00abEl 0516 es una fecha muy especial para m\u00ed. El 16 de mayo del 2006 fue la primera vez que mis pap\u00e1s firmaron en mi nombre un contrato art\u00edstico. Fue la primera vez que qued\u00f3 en papel que me llamaba Karol G y en cierta manera fue cuando comenz\u00f3 este viaje al que quiero llevarlos a todos\u00bb, explic\u00f3.<\/p>\n<p>NO HAY MAL QUE NO TRAIGA UN BIEN<\/p>\n<p>Aunque hay momentos en que se \u00abdeprime\u00bb, admiti\u00f3 que si no fuese por la pandemia de covid-16 \u00abno hubiese tenido el tiempo de sentarme y escoger yo misma el equipo, producir, componer\u00bb.<\/p>\n<p>\u00abPero s\u00ed, extra\u00f1o 2.000 % el viajar y no solo el escenario, sino compartir con la gente, o\u00edr ideas diferentes. Lo encuentro muy necesario\u00bb, abund\u00f3.<\/p>\n<p>La artista admiti\u00f3 que quiz\u00e1 la idea del viaje vino de una necesidad inconsciente de regresar a la locura de los aviones y las giras, pues sue\u00f1a con cantar canciones como \u00abTusa\u00bb. \u00abAy DiOs m\u00edo!\u00bb y \u00abBichota\u00bb ante miles de personas.<\/p>\n<p>CON LOS PIES EN LA TIERRA<\/p>\n<p>Cuando Karol G present\u00f3 su disco anterior, \u00abOcean\u00bb, en 2019, estaba convencida de que dejar\u00eda la m\u00fasica en cinco a\u00f1os para dedicarse a ser mam\u00e1. Estaba reci\u00e9n comprometida con su colega puertorrique\u00f1o Anuel AA.<\/p>\n<p>Desde entonces la relaci\u00f3n se intensific\u00f3 y se deshizo, como parece quedar descrito en la canci\u00f3n \u00abEl barco\u00bb. Aunque qued\u00f3 claro que no quer\u00eda que su vida personal le robara atenci\u00f3n al disco, s\u00ed reconoci\u00f3 que el \u00e9xito de Karol G hab\u00eda modificado la vida de Carolina la mujer.<\/p>\n<p>\u00abClaro que quiero tener una familia, pero desde entonces he aprendido que no hay que planificar. Hay que trabajar y trabajar. Qui\u00e9n sabe lo que pueda pasar. Las cosas han cambiado mucho desde 2019\u00bb, subray\u00f3.<\/p>\n<p>La que no ha cambiado mucho es ella. Karol G sigue igual de centrada y tiene clar\u00edsimo que a \u00abla vuelta de la esquina de un \u00e9xito podr\u00eda estar un fracaso\u00bb.<\/p>\n<p>\u00abCreo que por eso no me quedo pegada cuando algo sale bien, aunque reconozco que tendr\u00eda que celebrar y creerme m\u00e1s las cosas\u00bb, admiti\u00f3.<\/p>\n<p>Puso como ejemplo el estar empatada con Balvin en las nominaciones a los Latin American Music Awards, que se entregan el 15 de abril en Sunrise (Florida), pues \u00abesa noche celebr\u00e9 las nueve nominaciones, pero al d\u00eda siguiente la magia se hab\u00eda terminado y lo \u00fanico que ten\u00eda enfrente es el trabajo que segu\u00eda\u00bb.<\/p>\n","protected":false},"excerpt":{"rendered":"<p>Miami.-Karol G ten\u00eda un gran temor cuando comenz\u00f3 a preparar su nuevo disco, \u00abKG0516\u00bb, que sali\u00f3 este viernes al mercado. \u00abEn estos momentos hay muchos artistas urbanos y yo no quer\u00eda ser una m\u00e1s de ese panorama. Una m\u00e1s del mont\u00f3n\u00bb, reconoci\u00f3 en una entrevista con Efe. Por eso, entr\u00f3 al estudio en b\u00fasqueda de [&hellip;]<\/p>\n","protected":false},"author":158,"featured_media":0,"comment_status":"closed","ping_status":"closed","sticky":false,"template":"","format":"standard","meta":{"footnotes":""},"categories":[2,14],"tags":[],"class_list":["post-1779","post","type-post","status-publish","format-standard","hentry","category-featured","category-noticias"],"yoast_head":"<!-- This site is optimized with the Yoast SEO plugin v27.5 - https:\/\/yoast.com\/product\/yoast-seo-wordpress\/ -->\n<title>Karol G: &quot;Llevo a mis fan\u00e1ticos al viaje m\u00e1s importante de mi vida&quot; - News 105.3 FM<\/title>\n<meta name=\"robots\" content=\"index, follow, max-snippet:-1, max-image-preview:large, max-video-preview:-1\" \/>\n<link rel=\"canonical\" href=\"https:\/\/soynuevaprensadigital.com\/news1053fm\/karol-g-llevo-a-mis-fanaticos-al-viaje-mas-importante-de-mi-vida\/\" \/>\n<meta property=\"og:locale\" content=\"es_ES\" \/>\n<meta property=\"og:type\" content=\"article\" \/>\n<meta property=\"og:title\" content=\"Karol G: &quot;Llevo a mis fan\u00e1ticos al viaje m\u00e1s importante de mi vida&quot; - News 105.3 FM\" \/>\n<meta property=\"og:description\" content=\"Miami.-Karol G ten\u00eda un gran temor cuando comenz\u00f3 a preparar su nuevo disco, \u00abKG0516\u00bb, que sali\u00f3 este viernes al mercado. \u00abEn estos momentos hay muchos artistas urbanos y yo no quer\u00eda ser una m\u00e1s de ese panorama. Una m\u00e1s del mont\u00f3n\u00bb, reconoci\u00f3 en una entrevista con Efe. Por eso, entr\u00f3 al estudio en b\u00fasqueda de [&hellip;]\" \/>\n<meta property=\"og:url\" content=\"https:\/\/soynuevaprensadigital.com\/news1053fm\/karol-g-llevo-a-mis-fanaticos-al-viaje-mas-importante-de-mi-vida\/\" \/>\n<meta property=\"og:site_name\" content=\"News 105.3 FM\" \/>\n<meta property=\"article:publisher\" content=\"https:\/\/www.facebook.com\/News1053fm-1655395028099413\/\" \/>\n<meta property=\"article:author\" content=\"https:\/\/www.facebook.com\/AlvisCristinaHe\" \/>\n<meta property=\"article:published_time\" content=\"2021-03-26T23:20:28+00:00\" \/>\n<meta property=\"og:image\" content=\"https:\/\/soynuevaprensadigital.com\/news1053fm\/wp-content\/uploads\/sites\/3\/2021\/03\/277205bb1e13d0325b49ec1c95b571150be6638dm.jpg\" \/>\n\t<meta property=\"og:image:width\" content=\"563\" \/>\n\t<meta property=\"og:image:height\" content=\"600\" \/>\n\t<meta property=\"og:image:type\" content=\"image\/jpeg\" \/>\n<meta name=\"author\" content=\"Alvis Cristina Herrera\" \/>\n<meta name=\"twitter:card\" content=\"summary_large_image\" \/>\n<meta name=\"twitter:creator\" content=\"@https:\/\/www.twitter.com\/alviscristinahe\/\" \/>\n<meta name=\"twitter:site\" content=\"@news105_3fm\" \/>\n<meta name=\"twitter:label1\" content=\"Escrito por\" \/>\n\t<meta name=\"twitter:data1\" content=\"Alvis Cristina Herrera\" \/>\n\t<meta name=\"twitter:label2\" content=\"Tiempo de lectura\" \/>\n\t<meta name=\"twitter:data2\" content=\"5 minutos\" \/>\n<script type=\"application\/ld+json\" class=\"yoast-schema-graph\">{\"@context\":\"https:\\\/\\\/schema.org\",\"@graph\":[{\"@type\":\"Article\",\"@id\":\"https:\\\/\\\/soynuevaprensadigital.com\\\/news1053fm\\\/karol-g-llevo-a-mis-fanaticos-al-viaje-mas-importante-de-mi-vida\\\/#article\",\"isPartOf\":{\"@id\":\"https:\\\/\\\/soynuevaprensadigital.com\\\/news1053fm\\\/karol-g-llevo-a-mis-fanaticos-al-viaje-mas-importante-de-mi-vida\\\/\"},\"author\":{\"name\":\"Alvis Cristina Herrera\",\"@id\":\"https:\\\/\\\/soynuevaprensadigital.com\\\/news1053fm\\\/#\\\/schema\\\/person\\\/aa2d09ab130e943e3c7b360a32177538\"},\"headline\":\"Karol G: \u00abLlevo a mis fan\u00e1ticos al viaje m\u00e1s importante de mi vida\u00bb\",\"datePublished\":\"2021-03-26T23:20:28+00:00\",\"mainEntityOfPage\":{\"@id\":\"https:\\\/\\\/soynuevaprensadigital.com\\\/news1053fm\\\/karol-g-llevo-a-mis-fanaticos-al-viaje-mas-importante-de-mi-vida\\\/\"},\"wordCount\":1005,\"articleSection\":[\"Featured\",\"Noticias\"],\"inLanguage\":\"es\"},{\"@type\":\"WebPage\",\"@id\":\"https:\\\/\\\/soynuevaprensadigital.com\\\/news1053fm\\\/karol-g-llevo-a-mis-fanaticos-al-viaje-mas-importante-de-mi-vida\\\/\",\"url\":\"https:\\\/\\\/soynuevaprensadigital.com\\\/news1053fm\\\/karol-g-llevo-a-mis-fanaticos-al-viaje-mas-importante-de-mi-vida\\\/\",\"name\":\"Karol G: \\\"Llevo a mis fan\u00e1ticos al viaje m\u00e1s importante de mi vida\\\" - News 105.3 FM\",\"isPartOf\":{\"@id\":\"https:\\\/\\\/soynuevaprensadigital.com\\\/news1053fm\\\/#website\"},\"datePublished\":\"2021-03-26T23:20:28+00:00\",\"author\":{\"@id\":\"https:\\\/\\\/soynuevaprensadigital.com\\\/news1053fm\\\/#\\\/schema\\\/person\\\/aa2d09ab130e943e3c7b360a32177538\"},\"breadcrumb\":{\"@id\":\"https:\\\/\\\/soynuevaprensadigital.com\\\/news1053fm\\\/karol-g-llevo-a-mis-fanaticos-al-viaje-mas-importante-de-mi-vida\\\/#breadcrumb\"},\"inLanguage\":\"es\",\"potentialAction\":[{\"@type\":\"ReadAction\",\"target\":[\"https:\\\/\\\/soynuevaprensadigital.com\\\/news1053fm\\\/karol-g-llevo-a-mis-fanaticos-al-viaje-mas-importante-de-mi-vida\\\/\"]}]},{\"@type\":\"BreadcrumbList\",\"@id\":\"https:\\\/\\\/soynuevaprensadigital.com\\\/news1053fm\\\/karol-g-llevo-a-mis-fanaticos-al-viaje-mas-importante-de-mi-vida\\\/#breadcrumb\",\"itemListElement\":[{\"@type\":\"ListItem\",\"position\":1,\"name\":\"Portada\",\"item\":\"https:\\\/\\\/soynuevaprensadigital.com\\\/news1053fm\\\/\"},{\"@type\":\"ListItem\",\"position\":2,\"name\":\"Karol G: \u00abLlevo a mis fan\u00e1ticos al viaje m\u00e1s importante de mi vida\u00bb\"}]},{\"@type\":\"WebSite\",\"@id\":\"https:\\\/\\\/soynuevaprensadigital.com\\\/news1053fm\\\/#website\",\"url\":\"https:\\\/\\\/soynuevaprensadigital.com\\\/news1053fm\\\/\",\"name\":\"News 105.3 FM\",\"description\":\"Nuestro compromiso contigo nos permite ofrecerte la radio de mejor calidad, la frecuencia m\u00e1s limpia yel entretenimiento para todos los gustos.\",\"potentialAction\":[{\"@type\":\"SearchAction\",\"target\":{\"@type\":\"EntryPoint\",\"urlTemplate\":\"https:\\\/\\\/soynuevaprensadigital.com\\\/news1053fm\\\/?s={search_term_string}\"},\"query-input\":{\"@type\":\"PropertyValueSpecification\",\"valueRequired\":true,\"valueName\":\"search_term_string\"}}],\"inLanguage\":\"es\"},{\"@type\":\"Person\",\"@id\":\"https:\\\/\\\/soynuevaprensadigital.com\\\/news1053fm\\\/#\\\/schema\\\/person\\\/aa2d09ab130e943e3c7b360a32177538\",\"name\":\"Alvis Cristina Herrera\",\"image\":{\"@type\":\"ImageObject\",\"inLanguage\":\"es\",\"@id\":\"https:\\\/\\\/secure.gravatar.com\\\/avatar\\\/6a4b461595fbd8c4d0947e89062b7b1df5ea5bc6348126d9594f8d0cece5be89?s=96&d=mm&r=g\",\"url\":\"https:\\\/\\\/secure.gravatar.com\\\/avatar\\\/6a4b461595fbd8c4d0947e89062b7b1df5ea5bc6348126d9594f8d0cece5be89?s=96&d=mm&r=g\",\"contentUrl\":\"https:\\\/\\\/secure.gravatar.com\\\/avatar\\\/6a4b461595fbd8c4d0947e89062b7b1df5ea5bc6348126d9594f8d0cece5be89?s=96&d=mm&r=g\",\"caption\":\"Alvis Cristina Herrera\"},\"sameAs\":[\"https:\\\/\\\/www.facebook.com\\\/AlvisCristinaHe\",\"https:\\\/\\\/www.instagram.com\\\/alviscristinahe\\\/\",\"https:\\\/\\\/www.linkedin.com\\\/in\\\/alviscristinahe\\\/\",\"https:\\\/\\\/x.com\\\/https:\\\/\\\/www.twitter.com\\\/alviscristinahe\\\/\"],\"url\":\"https:\\\/\\\/soynuevaprensadigital.com\\\/news1053fm\\\/author\\\/alvisherrera\\\/\"}]}<\/script>\n<!-- \/ Yoast SEO plugin. -->","yoast_head_json":{"title":"Karol G: \"Llevo a mis fan\u00e1ticos al viaje m\u00e1s importante de mi vida\" - News 105.3 FM","robots":{"index":"index","follow":"follow","max-snippet":"max-snippet:-1","max-image-preview":"max-image-preview:large","max-video-preview":"max-video-preview:-1"},"canonical":"https:\/\/soynuevaprensadigital.com\/news1053fm\/karol-g-llevo-a-mis-fanaticos-al-viaje-mas-importante-de-mi-vida\/","og_locale":"es_ES","og_type":"article","og_title":"Karol G: \"Llevo a mis fan\u00e1ticos al viaje m\u00e1s importante de mi vida\" - News 105.3 FM","og_description":"Miami.-Karol G ten\u00eda un gran temor cuando comenz\u00f3 a preparar su nuevo disco, \u00abKG0516\u00bb, que sali\u00f3 este viernes al mercado. \u00abEn estos momentos hay muchos artistas urbanos y yo no quer\u00eda ser una m\u00e1s de ese panorama. Una m\u00e1s del mont\u00f3n\u00bb, reconoci\u00f3 en una entrevista con Efe. Por eso, entr\u00f3 al estudio en b\u00fasqueda de [&hellip;]","og_url":"https:\/\/soynuevaprensadigital.com\/news1053fm\/karol-g-llevo-a-mis-fanaticos-al-viaje-mas-importante-de-mi-vida\/","og_site_name":"News 105.3 FM","article_publisher":"https:\/\/www.facebook.com\/News1053fm-1655395028099413\/","article_author":"https:\/\/www.facebook.com\/AlvisCristinaHe","article_published_time":"2021-03-26T23:20:28+00:00","og_image":[{"width":563,"height":600,"url":"https:\/\/soynuevaprensadigital.com\/news1053fm\/wp-content\/uploads\/sites\/3\/2021\/03\/277205bb1e13d0325b49ec1c95b571150be6638dm.jpg","type":"image\/jpeg"}],"author":"Alvis Cristina Herrera","twitter_card":"summary_large_image","twitter_creator":"@https:\/\/www.twitter.com\/alviscristinahe\/","twitter_site":"@news105_3fm","twitter_misc":{"Escrito por":"Alvis Cristina Herrera","Tiempo de lectura":"5 minutos"},"schema":{"@context":"https:\/\/schema.org","@graph":[{"@type":"Article","@id":"https:\/\/soynuevaprensadigital.com\/news1053fm\/karol-g-llevo-a-mis-fanaticos-al-viaje-mas-importante-de-mi-vida\/#article","isPartOf":{"@id":"https:\/\/soynuevaprensadigital.com\/news1053fm\/karol-g-llevo-a-mis-fanaticos-al-viaje-mas-importante-de-mi-vida\/"},"author":{"name":"Alvis Cristina Herrera","@id":"https:\/\/soynuevaprensadigital.com\/news1053fm\/#\/schema\/person\/aa2d09ab130e943e3c7b360a32177538"},"headline":"Karol G: \u00abLlevo a mis fan\u00e1ticos al viaje m\u00e1s importante de mi vida\u00bb","datePublished":"2021-03-26T23:20:28+00:00","mainEntityOfPage":{"@id":"https:\/\/soynuevaprensadigital.com\/news1053fm\/karol-g-llevo-a-mis-fanaticos-al-viaje-mas-importante-de-mi-vida\/"},"wordCount":1005,"articleSection":["Featured","Noticias"],"inLanguage":"es"},{"@type":"WebPage","@id":"https:\/\/soynuevaprensadigital.com\/news1053fm\/karol-g-llevo-a-mis-fanaticos-al-viaje-mas-importante-de-mi-vida\/","url":"https:\/\/soynuevaprensadigital.com\/news1053fm\/karol-g-llevo-a-mis-fanaticos-al-viaje-mas-importante-de-mi-vida\/","name":"Karol G: \"Llevo a mis fan\u00e1ticos al viaje m\u00e1s importante de mi vida\" - News 105.3 FM","isPartOf":{"@id":"https:\/\/soynuevaprensadigital.com\/news1053fm\/#website"},"datePublished":"2021-03-26T23:20:28+00:00","author":{"@id":"https:\/\/soynuevaprensadigital.com\/news1053fm\/#\/schema\/person\/aa2d09ab130e943e3c7b360a32177538"},"breadcrumb":{"@id":"https:\/\/soynuevaprensadigital.com\/news1053fm\/karol-g-llevo-a-mis-fanaticos-al-viaje-mas-importante-de-mi-vida\/#breadcrumb"},"inLanguage":"es","potentialAction":[{"@type":"ReadAction","target":["https:\/\/soynuevaprensadigital.com\/news1053fm\/karol-g-llevo-a-mis-fanaticos-al-viaje-mas-importante-de-mi-vida\/"]}]},{"@type":"BreadcrumbList","@id":"https:\/\/soynuevaprensadigital.com\/news1053fm\/karol-g-llevo-a-mis-fanaticos-al-viaje-mas-importante-de-mi-vida\/#breadcrumb","itemListElement":[{"@type":"ListItem","position":1,"name":"Portada","item":"https:\/\/soynuevaprensadigital.com\/news1053fm\/"},{"@type":"ListItem","position":2,"name":"Karol G: \u00abLlevo a mis fan\u00e1ticos al viaje m\u00e1s importante de mi vida\u00bb"}]},{"@type":"WebSite","@id":"https:\/\/soynuevaprensadigital.com\/news1053fm\/#website","url":"https:\/\/soynuevaprensadigital.com\/news1053fm\/","name":"News 105.3 FM","description":"Nuestro compromiso contigo nos permite ofrecerte la radio de mejor calidad, la frecuencia m\u00e1s limpia yel entretenimiento para todos los gustos.","potentialAction":[{"@type":"SearchAction","target":{"@type":"EntryPoint","urlTemplate":"https:\/\/soynuevaprensadigital.com\/news1053fm\/?s={search_term_string}"},"query-input":{"@type":"PropertyValueSpecification","valueRequired":true,"valueName":"search_term_string"}}],"inLanguage":"es"},{"@type":"Person","@id":"https:\/\/soynuevaprensadigital.com\/news1053fm\/#\/schema\/person\/aa2d09ab130e943e3c7b360a32177538","name":"Alvis Cristina Herrera","image":{"@type":"ImageObject","inLanguage":"es","@id":"https:\/\/secure.gravatar.com\/avatar\/6a4b461595fbd8c4d0947e89062b7b1df5ea5bc6348126d9594f8d0cece5be89?s=96&d=mm&r=g","url":"https:\/\/secure.gravatar.com\/avatar\/6a4b461595fbd8c4d0947e89062b7b1df5ea5bc6348126d9594f8d0cece5be89?s=96&d=mm&r=g","contentUrl":"https:\/\/secure.gravatar.com\/avatar\/6a4b461595fbd8c4d0947e89062b7b1df5ea5bc6348126d9594f8d0cece5be89?s=96&d=mm&r=g","caption":"Alvis Cristina Herrera"},"sameAs":["https:\/\/www.facebook.com\/AlvisCristinaHe","https:\/\/www.instagram.com\/alviscristinahe\/","https:\/\/www.linkedin.com\/in\/alviscristinahe\/","https:\/\/x.com\/https:\/\/www.twitter.com\/alviscristinahe\/"],"url":"https:\/\/soynuevaprensadigital.com\/news1053fm\/author\/alvisherrera\/"}]}},"_links":{"self":[{"href":"https:\/\/soynuevaprensadigital.com\/news1053fm\/wp-json\/wp\/v2\/posts\/1779","targetHints":{"allow":["GET"]}}],"collection":[{"href":"https:\/\/soynuevaprensadigital.com\/news1053fm\/wp-json\/wp\/v2\/posts"}],"about":[{"href":"https:\/\/soynuevaprensadigital.com\/news1053fm\/wp-json\/wp\/v2\/types\/post"}],"author":[{"embeddable":true,"href":"https:\/\/soynuevaprensadigital.com\/news1053fm\/wp-json\/wp\/v2\/users\/158"}],"replies":[{"embeddable":true,"href":"https:\/\/soynuevaprensadigital.com\/news1053fm\/wp-json\/wp\/v2\/comments?post=1779"}],"version-history":[{"count":0,"href":"https:\/\/soynuevaprensadigital.com\/news1053fm\/wp-json\/wp\/v2\/posts\/1779\/revisions"}],"wp:attachment":[{"href":"https:\/\/soynuevaprensadigital.com\/news1053fm\/wp-json\/wp\/v2\/media?parent=1779"}],"wp:term":[{"taxonomy":"category","embeddable":true,"href":"https:\/\/soynuevaprensadigital.com\/news1053fm\/wp-json\/wp\/v2\/categories?post=1779"},{"taxonomy":"post_tag","embeddable":true,"href":"https:\/\/soynuevaprensadigital.com\/news1053fm\/wp-json\/wp\/v2\/tags?post=1779"}],"curies":[{"name":"wp","href":"https:\/\/api.w.org\/{rel}","templated":true}]}}