{"id":1790,"date":"2021-03-29T18:00:25","date_gmt":"2021-03-29T22:00:25","guid":{"rendered":"https:\/\/soynuevaprensadigital.com\/news1053fm\/?p=1790"},"modified":"2021-03-30T20:35:42","modified_gmt":"2021-03-31T00:35:42","slug":"efemerides-deportivas-29-de-marzo-andres-galarraga-se-retira-de-las-grandes-ligas","status":"publish","type":"post","link":"https:\/\/soynuevaprensadigital.com\/news1053fm\/efemerides-deportivas-29-de-marzo-andres-galarraga-se-retira-de-las-grandes-ligas\/","title":{"rendered":"Efem\u00e9rides Deportivas 29 de marzo: Andr\u00e9s Galarraga se retira de las Grandes Ligas"},"content":{"rendered":"<p style=\"text-align: justify\"><strong>Ciudad Guayana.-<\/strong>El b\u00e9isbol en Venezuela tiene marcada una fecha en su calendario desde el a\u00f1o 2005, hablando espec\u00edficamente del 29 de marzo, d\u00eda en el cual el pelotero Andr\u00e9s Galarraga anunci\u00f3 su retiro del diamante para dejar atr\u00e1s m\u00e1s de 25 a\u00f1os de carrera profesional.<\/p>\n<p style=\"text-align: justify\">Sus inicios se llevaron a cabo en la capital de su pa\u00eds natal, donde firm\u00f3 con los Leones del Caracas siendo este el \u00fanico equipo al que represent\u00f3 en la Liga Venezolana de B\u00e9isbol Profesional (LVBP), debutando en la temporada 1984-1985 y convirti\u00e9ndose en unos de sus emblemas, a tal punto que durante el a\u00f1o 2008, se retir\u00f3 el n\u00famero 41 en el cuadro melenudo.<\/p>\n<p style=\"text-align: justify\"><strong>Talento internacional<\/strong><\/p>\n<p style=\"text-align: justify\">El talento del Gran Gato traspas\u00f3 las fronteras venezolanas. Fue as\u00ed como el joven Andr\u00e9s Galarraga, con 18 a\u00f1os de edad, form\u00f3 parte de varias instituciones de las Ligas Menores en los Estados Unidos desde aquel a\u00f1o 1979 hasta el 1985, tales como: West Palm Beach (1979 y 1982-1983), Calgary (1979-1980), Jamestown (1981), Jacksonville (1984) y tambi\u00e9n Indianapolis (1985), mismo que le dar\u00eda posteriormente el salto a nivel profesional en la Gran Carpa.<\/p>\n<p style=\"text-align: justify\">Los Expos de Montreal fue el equipo con el que debut\u00f3 el pelotero venezolano y donde permaneci\u00f3 seis temporadas (1985 \u2013 1991), reconocido por sus impresionantes atrapadas en la primera base, pese a que en los Leones del Caracas cubri\u00f3 tanto las posiciones de la tercera base como la receptor\u00eda. A este equipo regres\u00f3 en 2002.<\/p>\n<p style=\"text-align: justify\">Asimismo, con destacadas actuaciones individuales, form\u00f3 parte de otras siete instituciones:<\/p>\n<ol style=\"text-align: justify\">\n<li>Cardenales de San Luis (1992).<\/li>\n<li>Rockies de Colorado (1993-1997).<\/li>\n<li>Bravos de Atlanta (1998-2000).<\/li>\n<li>Rangers de Texas (2001).<\/li>\n<li>Gigantes de San Francisco (2001 y 2003).<\/li>\n<li>Angelinos de Anaheim (2004).<\/li>\n<li>Mets de Nueva York (2005) \u2013 retiro en entrenamientos primaverales.<\/li>\n<\/ol>\n<p style=\"text-align: justify\"><strong>A\u00f1os dif\u00edciles<\/strong><\/p>\n<p style=\"text-align: justify\">Una exitosa vida deportiva se vio empa\u00f1ada e interrumpida por una dura enfermedad: Galarraga fue diagnosticado de c\u00e1ncer tras detectarse un tumor en la espalda que lo oblig\u00f3, en pleno auge de su carrera, a alejarse de los campos de b\u00e9isbol para afrontar un per\u00edodo de recuperaci\u00f3n que incluy\u00f3 tratamiento de quimioterapia.<\/p>\n<p style=\"text-align: justify\">El c\u00e1ncer fue superado y esto lo afianz\u00f3 a\u00fan m\u00e1s como persona influyente no s\u00f3lo del deporte sino en a nivel general en el pa\u00eds. En el a\u00f1o 2000, El Gato lleg\u00f3 con mucha m\u00e1s fuerza y lo demostr\u00f3 en su regreso al diamante, nada m\u00e1s y nada menos que conectando un cuadrangular en el primer turno, vistiendo el uniforme de Atlanta.<\/p>\n<p style=\"text-align: justify\"><strong>Estad\u00edsticas de otra galaxia<\/strong><\/p>\n<p style=\"text-align: justify\">Con datos proporcionados en una nota de El Nacional, Andr\u00e9s Galarraga se retir\u00f3 con registros \u00fanicos: 1.425 carreras impulsadas, 1.195 anotadas, 128 bases robadas, promedio de .288 y un total de 399 cuadrangulares. Sumando un total de cinco participaciones en el Juego de las Estrellas, 2 bates de plata y 2 guantes de oro. Es por ello por lo que siempre ser\u00e1 recordado por aquellos que tuvieron la dicha de verlo jugar y los que no.<\/p>\n","protected":false},"excerpt":{"rendered":"<p>Ciudad Guayana.-El b\u00e9isbol en Venezuela tiene marcada una fecha en su calendario desde el a\u00f1o 2005, hablando espec\u00edficamente del 29 de marzo, d\u00eda en el cual el pelotero Andr\u00e9s Galarraga anunci\u00f3 su retiro del diamante para dejar atr\u00e1s m\u00e1s de 25 a\u00f1os de carrera profesional. Sus inicios se llevaron a cabo en la capital de [&hellip;]<\/p>\n","protected":false},"author":158,"featured_media":0,"comment_status":"closed","ping_status":"closed","sticky":false,"template":"","format":"standard","meta":{"footnotes":""},"categories":[2,19],"tags":[],"class_list":["post-1790","post","type-post","status-publish","format-standard","hentry","category-featured","category-mundo-deportivo"],"yoast_head":"<!-- This site is optimized with the Yoast SEO plugin v27.3 - https:\/\/yoast.com\/product\/yoast-seo-wordpress\/ -->\n<title>Efem\u00e9rides Deportivas 29 de marzo: Andr\u00e9s Galarraga se retira de las Grandes Ligas - News 105.3 FM<\/title>\n<meta name=\"robots\" content=\"index, follow, max-snippet:-1, max-image-preview:large, max-video-preview:-1\" \/>\n<link rel=\"canonical\" href=\"https:\/\/soynuevaprensadigital.com\/news1053fm\/efemerides-deportivas-29-de-marzo-andres-galarraga-se-retira-de-las-grandes-ligas\/\" \/>\n<meta property=\"og:locale\" content=\"es_ES\" \/>\n<meta property=\"og:type\" content=\"article\" \/>\n<meta property=\"og:title\" content=\"Efem\u00e9rides Deportivas 29 de marzo: Andr\u00e9s Galarraga se retira de las Grandes Ligas - News 105.3 FM\" \/>\n<meta property=\"og:description\" content=\"Ciudad Guayana.-El b\u00e9isbol en Venezuela tiene marcada una fecha en su calendario desde el a\u00f1o 2005, hablando espec\u00edficamente del 29 de marzo, d\u00eda en el cual el pelotero Andr\u00e9s Galarraga anunci\u00f3 su retiro del diamante para dejar atr\u00e1s m\u00e1s de 25 a\u00f1os de carrera profesional. Sus inicios se llevaron a cabo en la capital de [&hellip;]\" \/>\n<meta property=\"og:url\" content=\"https:\/\/soynuevaprensadigital.com\/news1053fm\/efemerides-deportivas-29-de-marzo-andres-galarraga-se-retira-de-las-grandes-ligas\/\" \/>\n<meta property=\"og:site_name\" content=\"News 105.3 FM\" \/>\n<meta property=\"article:publisher\" content=\"https:\/\/www.facebook.com\/News1053fm-1655395028099413\/\" \/>\n<meta property=\"article:author\" content=\"https:\/\/www.facebook.com\/AlvisCristinaHe\" \/>\n<meta property=\"article:published_time\" content=\"2021-03-29T22:00:25+00:00\" \/>\n<meta property=\"article:modified_time\" content=\"2021-03-31T00:35:42+00:00\" \/>\n<meta property=\"og:image\" content=\"https:\/\/soynuevaprensadigital.com\/news1053fm\/wp-content\/uploads\/sites\/3\/2021\/03\/13567.jpg\" \/>\n\t<meta property=\"og:image:width\" content=\"700\" \/>\n\t<meta property=\"og:image:height\" content=\"470\" \/>\n\t<meta property=\"og:image:type\" content=\"image\/jpeg\" \/>\n<meta name=\"author\" content=\"Alvis Cristina Herrera\" \/>\n<meta name=\"twitter:card\" content=\"summary_large_image\" \/>\n<meta name=\"twitter:creator\" content=\"@https:\/\/www.twitter.com\/alviscristinahe\/\" \/>\n<meta name=\"twitter:site\" content=\"@news105_3fm\" \/>\n<meta name=\"twitter:label1\" content=\"Escrito por\" \/>\n\t<meta name=\"twitter:data1\" content=\"Alvis Cristina Herrera\" \/>\n\t<meta name=\"twitter:label2\" content=\"Tiempo de lectura\" \/>\n\t<meta name=\"twitter:data2\" content=\"3 minutos\" \/>\n<script type=\"application\/ld+json\" class=\"yoast-schema-graph\">{\"@context\":\"https:\\\/\\\/schema.org\",\"@graph\":[{\"@type\":\"Article\",\"@id\":\"https:\\\/\\\/soynuevaprensadigital.com\\\/news1053fm\\\/efemerides-deportivas-29-de-marzo-andres-galarraga-se-retira-de-las-grandes-ligas\\\/#article\",\"isPartOf\":{\"@id\":\"https:\\\/\\\/soynuevaprensadigital.com\\\/news1053fm\\\/efemerides-deportivas-29-de-marzo-andres-galarraga-se-retira-de-las-grandes-ligas\\\/\"},\"author\":{\"name\":\"Alvis Cristina Herrera\",\"@id\":\"https:\\\/\\\/soynuevaprensadigital.com\\\/news1053fm\\\/#\\\/schema\\\/person\\\/aa2d09ab130e943e3c7b360a32177538\"},\"headline\":\"Efem\u00e9rides Deportivas 29 de marzo: Andr\u00e9s Galarraga se retira de las Grandes Ligas\",\"datePublished\":\"2021-03-29T22:00:25+00:00\",\"dateModified\":\"2021-03-31T00:35:42+00:00\",\"mainEntityOfPage\":{\"@id\":\"https:\\\/\\\/soynuevaprensadigital.com\\\/news1053fm\\\/efemerides-deportivas-29-de-marzo-andres-galarraga-se-retira-de-las-grandes-ligas\\\/\"},\"wordCount\":506,\"articleSection\":[\"Featured\",\"Mundo Deportivo\"],\"inLanguage\":\"es\"},{\"@type\":\"WebPage\",\"@id\":\"https:\\\/\\\/soynuevaprensadigital.com\\\/news1053fm\\\/efemerides-deportivas-29-de-marzo-andres-galarraga-se-retira-de-las-grandes-ligas\\\/\",\"url\":\"https:\\\/\\\/soynuevaprensadigital.com\\\/news1053fm\\\/efemerides-deportivas-29-de-marzo-andres-galarraga-se-retira-de-las-grandes-ligas\\\/\",\"name\":\"Efem\u00e9rides Deportivas 29 de marzo: Andr\u00e9s Galarraga se retira de las Grandes Ligas - News 105.3 FM\",\"isPartOf\":{\"@id\":\"https:\\\/\\\/soynuevaprensadigital.com\\\/news1053fm\\\/#website\"},\"datePublished\":\"2021-03-29T22:00:25+00:00\",\"dateModified\":\"2021-03-31T00:35:42+00:00\",\"author\":{\"@id\":\"https:\\\/\\\/soynuevaprensadigital.com\\\/news1053fm\\\/#\\\/schema\\\/person\\\/aa2d09ab130e943e3c7b360a32177538\"},\"breadcrumb\":{\"@id\":\"https:\\\/\\\/soynuevaprensadigital.com\\\/news1053fm\\\/efemerides-deportivas-29-de-marzo-andres-galarraga-se-retira-de-las-grandes-ligas\\\/#breadcrumb\"},\"inLanguage\":\"es\",\"potentialAction\":[{\"@type\":\"ReadAction\",\"target\":[\"https:\\\/\\\/soynuevaprensadigital.com\\\/news1053fm\\\/efemerides-deportivas-29-de-marzo-andres-galarraga-se-retira-de-las-grandes-ligas\\\/\"]}]},{\"@type\":\"BreadcrumbList\",\"@id\":\"https:\\\/\\\/soynuevaprensadigital.com\\\/news1053fm\\\/efemerides-deportivas-29-de-marzo-andres-galarraga-se-retira-de-las-grandes-ligas\\\/#breadcrumb\",\"itemListElement\":[{\"@type\":\"ListItem\",\"position\":1,\"name\":\"Portada\",\"item\":\"https:\\\/\\\/soynuevaprensadigital.com\\\/news1053fm\\\/\"},{\"@type\":\"ListItem\",\"position\":2,\"name\":\"Efem\u00e9rides Deportivas 29 de marzo: Andr\u00e9s Galarraga se retira de las Grandes Ligas\"}]},{\"@type\":\"WebSite\",\"@id\":\"https:\\\/\\\/soynuevaprensadigital.com\\\/news1053fm\\\/#website\",\"url\":\"https:\\\/\\\/soynuevaprensadigital.com\\\/news1053fm\\\/\",\"name\":\"News 105.3 FM\",\"description\":\"Nuestro compromiso contigo nos permite ofrecerte la radio de mejor calidad, la frecuencia m\u00e1s limpia yel entretenimiento para todos los gustos.\",\"potentialAction\":[{\"@type\":\"SearchAction\",\"target\":{\"@type\":\"EntryPoint\",\"urlTemplate\":\"https:\\\/\\\/soynuevaprensadigital.com\\\/news1053fm\\\/?s={search_term_string}\"},\"query-input\":{\"@type\":\"PropertyValueSpecification\",\"valueRequired\":true,\"valueName\":\"search_term_string\"}}],\"inLanguage\":\"es\"},{\"@type\":\"Person\",\"@id\":\"https:\\\/\\\/soynuevaprensadigital.com\\\/news1053fm\\\/#\\\/schema\\\/person\\\/aa2d09ab130e943e3c7b360a32177538\",\"name\":\"Alvis Cristina Herrera\",\"image\":{\"@type\":\"ImageObject\",\"inLanguage\":\"es\",\"@id\":\"https:\\\/\\\/secure.gravatar.com\\\/avatar\\\/6a4b461595fbd8c4d0947e89062b7b1df5ea5bc6348126d9594f8d0cece5be89?s=96&d=mm&r=g\",\"url\":\"https:\\\/\\\/secure.gravatar.com\\\/avatar\\\/6a4b461595fbd8c4d0947e89062b7b1df5ea5bc6348126d9594f8d0cece5be89?s=96&d=mm&r=g\",\"contentUrl\":\"https:\\\/\\\/secure.gravatar.com\\\/avatar\\\/6a4b461595fbd8c4d0947e89062b7b1df5ea5bc6348126d9594f8d0cece5be89?s=96&d=mm&r=g\",\"caption\":\"Alvis Cristina Herrera\"},\"sameAs\":[\"https:\\\/\\\/www.facebook.com\\\/AlvisCristinaHe\",\"https:\\\/\\\/www.instagram.com\\\/alviscristinahe\\\/\",\"https:\\\/\\\/www.linkedin.com\\\/in\\\/alviscristinahe\\\/\",\"https:\\\/\\\/x.com\\\/https:\\\/\\\/www.twitter.com\\\/alviscristinahe\\\/\"],\"url\":\"https:\\\/\\\/soynuevaprensadigital.com\\\/news1053fm\\\/author\\\/alvisherrera\\\/\"}]}<\/script>\n<!-- \/ Yoast SEO plugin. -->","yoast_head_json":{"title":"Efem\u00e9rides Deportivas 29 de marzo: Andr\u00e9s Galarraga se retira de las Grandes Ligas - News 105.3 FM","robots":{"index":"index","follow":"follow","max-snippet":"max-snippet:-1","max-image-preview":"max-image-preview:large","max-video-preview":"max-video-preview:-1"},"canonical":"https:\/\/soynuevaprensadigital.com\/news1053fm\/efemerides-deportivas-29-de-marzo-andres-galarraga-se-retira-de-las-grandes-ligas\/","og_locale":"es_ES","og_type":"article","og_title":"Efem\u00e9rides Deportivas 29 de marzo: Andr\u00e9s Galarraga se retira de las Grandes Ligas - News 105.3 FM","og_description":"Ciudad Guayana.-El b\u00e9isbol en Venezuela tiene marcada una fecha en su calendario desde el a\u00f1o 2005, hablando espec\u00edficamente del 29 de marzo, d\u00eda en el cual el pelotero Andr\u00e9s Galarraga anunci\u00f3 su retiro del diamante para dejar atr\u00e1s m\u00e1s de 25 a\u00f1os de carrera profesional. Sus inicios se llevaron a cabo en la capital de [&hellip;]","og_url":"https:\/\/soynuevaprensadigital.com\/news1053fm\/efemerides-deportivas-29-de-marzo-andres-galarraga-se-retira-de-las-grandes-ligas\/","og_site_name":"News 105.3 FM","article_publisher":"https:\/\/www.facebook.com\/News1053fm-1655395028099413\/","article_author":"https:\/\/www.facebook.com\/AlvisCristinaHe","article_published_time":"2021-03-29T22:00:25+00:00","article_modified_time":"2021-03-31T00:35:42+00:00","og_image":[{"width":700,"height":470,"url":"https:\/\/soynuevaprensadigital.com\/news1053fm\/wp-content\/uploads\/sites\/3\/2021\/03\/13567.jpg","type":"image\/jpeg"}],"author":"Alvis Cristina Herrera","twitter_card":"summary_large_image","twitter_creator":"@https:\/\/www.twitter.com\/alviscristinahe\/","twitter_site":"@news105_3fm","twitter_misc":{"Escrito por":"Alvis Cristina Herrera","Tiempo de lectura":"3 minutos"},"schema":{"@context":"https:\/\/schema.org","@graph":[{"@type":"Article","@id":"https:\/\/soynuevaprensadigital.com\/news1053fm\/efemerides-deportivas-29-de-marzo-andres-galarraga-se-retira-de-las-grandes-ligas\/#article","isPartOf":{"@id":"https:\/\/soynuevaprensadigital.com\/news1053fm\/efemerides-deportivas-29-de-marzo-andres-galarraga-se-retira-de-las-grandes-ligas\/"},"author":{"name":"Alvis Cristina Herrera","@id":"https:\/\/soynuevaprensadigital.com\/news1053fm\/#\/schema\/person\/aa2d09ab130e943e3c7b360a32177538"},"headline":"Efem\u00e9rides Deportivas 29 de marzo: Andr\u00e9s Galarraga se retira de las Grandes Ligas","datePublished":"2021-03-29T22:00:25+00:00","dateModified":"2021-03-31T00:35:42+00:00","mainEntityOfPage":{"@id":"https:\/\/soynuevaprensadigital.com\/news1053fm\/efemerides-deportivas-29-de-marzo-andres-galarraga-se-retira-de-las-grandes-ligas\/"},"wordCount":506,"articleSection":["Featured","Mundo Deportivo"],"inLanguage":"es"},{"@type":"WebPage","@id":"https:\/\/soynuevaprensadigital.com\/news1053fm\/efemerides-deportivas-29-de-marzo-andres-galarraga-se-retira-de-las-grandes-ligas\/","url":"https:\/\/soynuevaprensadigital.com\/news1053fm\/efemerides-deportivas-29-de-marzo-andres-galarraga-se-retira-de-las-grandes-ligas\/","name":"Efem\u00e9rides Deportivas 29 de marzo: Andr\u00e9s Galarraga se retira de las Grandes Ligas - News 105.3 FM","isPartOf":{"@id":"https:\/\/soynuevaprensadigital.com\/news1053fm\/#website"},"datePublished":"2021-03-29T22:00:25+00:00","dateModified":"2021-03-31T00:35:42+00:00","author":{"@id":"https:\/\/soynuevaprensadigital.com\/news1053fm\/#\/schema\/person\/aa2d09ab130e943e3c7b360a32177538"},"breadcrumb":{"@id":"https:\/\/soynuevaprensadigital.com\/news1053fm\/efemerides-deportivas-29-de-marzo-andres-galarraga-se-retira-de-las-grandes-ligas\/#breadcrumb"},"inLanguage":"es","potentialAction":[{"@type":"ReadAction","target":["https:\/\/soynuevaprensadigital.com\/news1053fm\/efemerides-deportivas-29-de-marzo-andres-galarraga-se-retira-de-las-grandes-ligas\/"]}]},{"@type":"BreadcrumbList","@id":"https:\/\/soynuevaprensadigital.com\/news1053fm\/efemerides-deportivas-29-de-marzo-andres-galarraga-se-retira-de-las-grandes-ligas\/#breadcrumb","itemListElement":[{"@type":"ListItem","position":1,"name":"Portada","item":"https:\/\/soynuevaprensadigital.com\/news1053fm\/"},{"@type":"ListItem","position":2,"name":"Efem\u00e9rides Deportivas 29 de marzo: Andr\u00e9s Galarraga se retira de las Grandes Ligas"}]},{"@type":"WebSite","@id":"https:\/\/soynuevaprensadigital.com\/news1053fm\/#website","url":"https:\/\/soynuevaprensadigital.com\/news1053fm\/","name":"News 105.3 FM","description":"Nuestro compromiso contigo nos permite ofrecerte la radio de mejor calidad, la frecuencia m\u00e1s limpia yel entretenimiento para todos los gustos.","potentialAction":[{"@type":"SearchAction","target":{"@type":"EntryPoint","urlTemplate":"https:\/\/soynuevaprensadigital.com\/news1053fm\/?s={search_term_string}"},"query-input":{"@type":"PropertyValueSpecification","valueRequired":true,"valueName":"search_term_string"}}],"inLanguage":"es"},{"@type":"Person","@id":"https:\/\/soynuevaprensadigital.com\/news1053fm\/#\/schema\/person\/aa2d09ab130e943e3c7b360a32177538","name":"Alvis Cristina Herrera","image":{"@type":"ImageObject","inLanguage":"es","@id":"https:\/\/secure.gravatar.com\/avatar\/6a4b461595fbd8c4d0947e89062b7b1df5ea5bc6348126d9594f8d0cece5be89?s=96&d=mm&r=g","url":"https:\/\/secure.gravatar.com\/avatar\/6a4b461595fbd8c4d0947e89062b7b1df5ea5bc6348126d9594f8d0cece5be89?s=96&d=mm&r=g","contentUrl":"https:\/\/secure.gravatar.com\/avatar\/6a4b461595fbd8c4d0947e89062b7b1df5ea5bc6348126d9594f8d0cece5be89?s=96&d=mm&r=g","caption":"Alvis Cristina Herrera"},"sameAs":["https:\/\/www.facebook.com\/AlvisCristinaHe","https:\/\/www.instagram.com\/alviscristinahe\/","https:\/\/www.linkedin.com\/in\/alviscristinahe\/","https:\/\/x.com\/https:\/\/www.twitter.com\/alviscristinahe\/"],"url":"https:\/\/soynuevaprensadigital.com\/news1053fm\/author\/alvisherrera\/"}]}},"_links":{"self":[{"href":"https:\/\/soynuevaprensadigital.com\/news1053fm\/wp-json\/wp\/v2\/posts\/1790","targetHints":{"allow":["GET"]}}],"collection":[{"href":"https:\/\/soynuevaprensadigital.com\/news1053fm\/wp-json\/wp\/v2\/posts"}],"about":[{"href":"https:\/\/soynuevaprensadigital.com\/news1053fm\/wp-json\/wp\/v2\/types\/post"}],"author":[{"embeddable":true,"href":"https:\/\/soynuevaprensadigital.com\/news1053fm\/wp-json\/wp\/v2\/users\/158"}],"replies":[{"embeddable":true,"href":"https:\/\/soynuevaprensadigital.com\/news1053fm\/wp-json\/wp\/v2\/comments?post=1790"}],"version-history":[{"count":0,"href":"https:\/\/soynuevaprensadigital.com\/news1053fm\/wp-json\/wp\/v2\/posts\/1790\/revisions"}],"wp:attachment":[{"href":"https:\/\/soynuevaprensadigital.com\/news1053fm\/wp-json\/wp\/v2\/media?parent=1790"}],"wp:term":[{"taxonomy":"category","embeddable":true,"href":"https:\/\/soynuevaprensadigital.com\/news1053fm\/wp-json\/wp\/v2\/categories?post=1790"},{"taxonomy":"post_tag","embeddable":true,"href":"https:\/\/soynuevaprensadigital.com\/news1053fm\/wp-json\/wp\/v2\/tags?post=1790"}],"curies":[{"name":"wp","href":"https:\/\/api.w.org\/{rel}","templated":true}]}}