{"id":1817,"date":"2021-04-02T14:31:17","date_gmt":"2021-04-02T18:31:17","guid":{"rendered":"https:\/\/soynuevaprensadigital.com\/news1053fm\/?p=1817"},"modified":"2021-04-02T14:31:17","modified_gmt":"2021-04-02T18:31:17","slug":"hector-el-father-regresa-a-la-escena-musical","status":"publish","type":"post","link":"https:\/\/soynuevaprensadigital.com\/news1053fm\/hector-el-father-regresa-a-la-escena-musical\/","title":{"rendered":"H\u00e9ctor \u00abEl Father\u00bb regresa a la escena musical"},"content":{"rendered":"<p style=\"text-align: justify\"><strong>San Juan.-<\/strong>El puertorrique\u00f1o H\u00e9ctor Delgado \u00abEl Father\u00bb, que fuera uno de los exponentes m\u00e1s importantes del g\u00e9nero del reggaet\u00f3n y retirado en 2008, regres\u00f3 a la escena musical con el lanzamiento del tema \u00abCorre que se hace tarde\u00bb, seg\u00fan un comunicado divulgado este viernes.<\/p>\n<p>\u00abEl Father\u00bb, que alcanzara el \u00e9xito con el d\u00fao Hector &amp; Tito, vuelve al mundo de la m\u00fasica con \u00abCorre que se hace tarde\u00bb, bajo una alianza entre Maranatha Records y Nain Music, una divisi\u00f3n de Rimas Entertainment.<\/p>\n<p>Producido por H\u00e9ctor Delgado y Aneudy Maysonet, \u00abCorre que se hace tarde\u00bb es un tema cristiano que se nutre de ritmos potentes y reflexivos para llevar un mensaje importante a toda la juventud que se ha perdido en las calles por la ambici\u00f3n y el hambre de poder, se\u00f1ala el comunicado.<\/p>\n<p>\u00abPor a\u00f1os viv\u00ed con el enemigo, creyendo que los lujos, la fama y el dinero me dar\u00edan felicidad, sin embargo fue m\u00e1s lo que perd\u00ed que lo que gan\u00e9. A trav\u00e9s de mis alabanzas exhorto a los j\u00f3venes a dejar la vida de las calles antes de que sea demasiado tarde\u00bb, se\u00f1al\u00f3 Delgado.<\/p>\n<p>El v\u00eddeo musical estuvo bajo la direcci\u00f3n de Kelvin Rosa y H\u00e9ctor Delgado y se film\u00f3 en el residencial Jos\u00e9 Ram\u00edrez en R\u00edo Grande, un municipio del nordeste de Puerto Rico.<\/p>\n<p>La producci\u00f3n audiovisual se basa en una madre que vive una pelea constante con su hijo que est\u00e1 en la calle y le deja saber que el camino correcto es Dios.<\/p>\n<p>Su hijo no la escucha y se le hace demasiado tarde cuando pierde la vida de forma violenta.<\/p>\n<p>Destaca el comunicado que en el v\u00eddeo se refleja una situaci\u00f3n que ocurre a diario en la isla, en donde ahora el ciclo de la vida es que los padres entierren a sus hijos, y no al rev\u00e9s.<\/p>\n<p>Delgado se retir\u00f3 de la m\u00fasica en el 2008, luego de haberse convertido en uno de los exponentes de reggaet\u00f3n m\u00e1s importantes, no solo como parte del exitoso d\u00fao Hector y Tito (con su compa\u00f1ero Tito El Bambino), sino en su carrera como solista.<\/p>\n<p>Tras abandonar la m\u00fasica se convirti\u00f3 en pastor de una iglesia cristiana en R\u00edo Grande y en 2018 regres\u00f3 a la m\u00fasica con el sencillo \u00abAcu\u00e9rdate de m\u00ed\u00bb, con una faceta m\u00e1s sensible y humana.<\/p>\n<p>Ahora, en 2021, lanza este sencillo que formar\u00e1 parte de su \u00e1lbum de m\u00fasica cristiana, \u00abLa Hora Cero\u00bb, el cual estar\u00e1 disponible el pr\u00f3ximo mes de mayo.<\/p>\n<p>\u00abCorre que se hace tarde\u00bb, disponible en todas las plataformas de m\u00fasica digital.<\/p>\n","protected":false},"excerpt":{"rendered":"<p>San Juan.-El puertorrique\u00f1o H\u00e9ctor Delgado \u00abEl Father\u00bb, que fuera uno de los exponentes m\u00e1s importantes del g\u00e9nero del reggaet\u00f3n y retirado en 2008, regres\u00f3 a la escena musical con el lanzamiento del tema \u00abCorre que se hace tarde\u00bb, seg\u00fan un comunicado divulgado este viernes. \u00abEl Father\u00bb, que alcanzara el \u00e9xito con el d\u00fao Hector &amp; [&hellip;]<\/p>\n","protected":false},"author":158,"featured_media":0,"comment_status":"closed","ping_status":"closed","sticky":false,"template":"","format":"standard","meta":{"footnotes":""},"categories":[2,14],"tags":[],"class_list":["post-1817","post","type-post","status-publish","format-standard","hentry","category-featured","category-noticias"],"yoast_head":"<!-- This site is optimized with the Yoast SEO plugin v27.3 - https:\/\/yoast.com\/product\/yoast-seo-wordpress\/ -->\n<title>H\u00e9ctor &quot;El Father&quot; regresa a la escena musical - News 105.3 FM<\/title>\n<meta name=\"robots\" content=\"index, follow, max-snippet:-1, max-image-preview:large, max-video-preview:-1\" \/>\n<link rel=\"canonical\" href=\"https:\/\/soynuevaprensadigital.com\/news1053fm\/hector-el-father-regresa-a-la-escena-musical\/\" \/>\n<meta property=\"og:locale\" content=\"es_ES\" \/>\n<meta property=\"og:type\" content=\"article\" \/>\n<meta property=\"og:title\" content=\"H\u00e9ctor &quot;El Father&quot; regresa a la escena musical - News 105.3 FM\" \/>\n<meta property=\"og:description\" content=\"San Juan.-El puertorrique\u00f1o H\u00e9ctor Delgado \u00abEl Father\u00bb, que fuera uno de los exponentes m\u00e1s importantes del g\u00e9nero del reggaet\u00f3n y retirado en 2008, regres\u00f3 a la escena musical con el lanzamiento del tema \u00abCorre que se hace tarde\u00bb, seg\u00fan un comunicado divulgado este viernes. \u00abEl Father\u00bb, que alcanzara el \u00e9xito con el d\u00fao Hector &amp; [&hellip;]\" \/>\n<meta property=\"og:url\" content=\"https:\/\/soynuevaprensadigital.com\/news1053fm\/hector-el-father-regresa-a-la-escena-musical\/\" \/>\n<meta property=\"og:site_name\" content=\"News 105.3 FM\" \/>\n<meta property=\"article:publisher\" content=\"https:\/\/www.facebook.com\/News1053fm-1655395028099413\/\" \/>\n<meta property=\"article:author\" content=\"https:\/\/www.facebook.com\/AlvisCristinaHe\" \/>\n<meta property=\"article:published_time\" content=\"2021-04-02T18:31:17+00:00\" \/>\n<meta property=\"og:image\" content=\"https:\/\/soynuevaprensadigital.com\/news1053fm\/wp-content\/uploads\/sites\/3\/2021\/04\/c54ca7d1091bfce8545b60130773b82eeee286fdm.jpg\" \/>\n\t<meta property=\"og:image:width\" content=\"399\" \/>\n\t<meta property=\"og:image:height\" content=\"600\" \/>\n\t<meta property=\"og:image:type\" content=\"image\/jpeg\" \/>\n<meta name=\"author\" content=\"Alvis Cristina Herrera\" \/>\n<meta name=\"twitter:card\" content=\"summary_large_image\" \/>\n<meta name=\"twitter:creator\" content=\"@https:\/\/www.twitter.com\/alviscristinahe\/\" \/>\n<meta name=\"twitter:site\" content=\"@news105_3fm\" \/>\n<meta name=\"twitter:label1\" content=\"Escrito por\" \/>\n\t<meta name=\"twitter:data1\" content=\"Alvis Cristina Herrera\" \/>\n\t<meta name=\"twitter:label2\" content=\"Tiempo de lectura\" \/>\n\t<meta name=\"twitter:data2\" content=\"2 minutos\" \/>\n<script type=\"application\/ld+json\" class=\"yoast-schema-graph\">{\"@context\":\"https:\\\/\\\/schema.org\",\"@graph\":[{\"@type\":\"Article\",\"@id\":\"https:\\\/\\\/soynuevaprensadigital.com\\\/news1053fm\\\/hector-el-father-regresa-a-la-escena-musical\\\/#article\",\"isPartOf\":{\"@id\":\"https:\\\/\\\/soynuevaprensadigital.com\\\/news1053fm\\\/hector-el-father-regresa-a-la-escena-musical\\\/\"},\"author\":{\"name\":\"Alvis Cristina Herrera\",\"@id\":\"https:\\\/\\\/soynuevaprensadigital.com\\\/news1053fm\\\/#\\\/schema\\\/person\\\/aa2d09ab130e943e3c7b360a32177538\"},\"headline\":\"H\u00e9ctor \u00abEl Father\u00bb regresa a la escena musical\",\"datePublished\":\"2021-04-02T18:31:17+00:00\",\"mainEntityOfPage\":{\"@id\":\"https:\\\/\\\/soynuevaprensadigital.com\\\/news1053fm\\\/hector-el-father-regresa-a-la-escena-musical\\\/\"},\"wordCount\":469,\"articleSection\":[\"Featured\",\"Noticias\"],\"inLanguage\":\"es\"},{\"@type\":\"WebPage\",\"@id\":\"https:\\\/\\\/soynuevaprensadigital.com\\\/news1053fm\\\/hector-el-father-regresa-a-la-escena-musical\\\/\",\"url\":\"https:\\\/\\\/soynuevaprensadigital.com\\\/news1053fm\\\/hector-el-father-regresa-a-la-escena-musical\\\/\",\"name\":\"H\u00e9ctor \\\"El Father\\\" regresa a la escena musical - News 105.3 FM\",\"isPartOf\":{\"@id\":\"https:\\\/\\\/soynuevaprensadigital.com\\\/news1053fm\\\/#website\"},\"datePublished\":\"2021-04-02T18:31:17+00:00\",\"author\":{\"@id\":\"https:\\\/\\\/soynuevaprensadigital.com\\\/news1053fm\\\/#\\\/schema\\\/person\\\/aa2d09ab130e943e3c7b360a32177538\"},\"breadcrumb\":{\"@id\":\"https:\\\/\\\/soynuevaprensadigital.com\\\/news1053fm\\\/hector-el-father-regresa-a-la-escena-musical\\\/#breadcrumb\"},\"inLanguage\":\"es\",\"potentialAction\":[{\"@type\":\"ReadAction\",\"target\":[\"https:\\\/\\\/soynuevaprensadigital.com\\\/news1053fm\\\/hector-el-father-regresa-a-la-escena-musical\\\/\"]}]},{\"@type\":\"BreadcrumbList\",\"@id\":\"https:\\\/\\\/soynuevaprensadigital.com\\\/news1053fm\\\/hector-el-father-regresa-a-la-escena-musical\\\/#breadcrumb\",\"itemListElement\":[{\"@type\":\"ListItem\",\"position\":1,\"name\":\"Portada\",\"item\":\"https:\\\/\\\/soynuevaprensadigital.com\\\/news1053fm\\\/\"},{\"@type\":\"ListItem\",\"position\":2,\"name\":\"H\u00e9ctor \u00abEl Father\u00bb regresa a la escena musical\"}]},{\"@type\":\"WebSite\",\"@id\":\"https:\\\/\\\/soynuevaprensadigital.com\\\/news1053fm\\\/#website\",\"url\":\"https:\\\/\\\/soynuevaprensadigital.com\\\/news1053fm\\\/\",\"name\":\"News 105.3 FM\",\"description\":\"Nuestro compromiso contigo nos permite ofrecerte la radio de mejor calidad, la frecuencia m\u00e1s limpia yel entretenimiento para todos los gustos.\",\"potentialAction\":[{\"@type\":\"SearchAction\",\"target\":{\"@type\":\"EntryPoint\",\"urlTemplate\":\"https:\\\/\\\/soynuevaprensadigital.com\\\/news1053fm\\\/?s={search_term_string}\"},\"query-input\":{\"@type\":\"PropertyValueSpecification\",\"valueRequired\":true,\"valueName\":\"search_term_string\"}}],\"inLanguage\":\"es\"},{\"@type\":\"Person\",\"@id\":\"https:\\\/\\\/soynuevaprensadigital.com\\\/news1053fm\\\/#\\\/schema\\\/person\\\/aa2d09ab130e943e3c7b360a32177538\",\"name\":\"Alvis Cristina Herrera\",\"image\":{\"@type\":\"ImageObject\",\"inLanguage\":\"es\",\"@id\":\"https:\\\/\\\/secure.gravatar.com\\\/avatar\\\/6a4b461595fbd8c4d0947e89062b7b1df5ea5bc6348126d9594f8d0cece5be89?s=96&d=mm&r=g\",\"url\":\"https:\\\/\\\/secure.gravatar.com\\\/avatar\\\/6a4b461595fbd8c4d0947e89062b7b1df5ea5bc6348126d9594f8d0cece5be89?s=96&d=mm&r=g\",\"contentUrl\":\"https:\\\/\\\/secure.gravatar.com\\\/avatar\\\/6a4b461595fbd8c4d0947e89062b7b1df5ea5bc6348126d9594f8d0cece5be89?s=96&d=mm&r=g\",\"caption\":\"Alvis Cristina Herrera\"},\"sameAs\":[\"https:\\\/\\\/www.facebook.com\\\/AlvisCristinaHe\",\"https:\\\/\\\/www.instagram.com\\\/alviscristinahe\\\/\",\"https:\\\/\\\/www.linkedin.com\\\/in\\\/alviscristinahe\\\/\",\"https:\\\/\\\/x.com\\\/https:\\\/\\\/www.twitter.com\\\/alviscristinahe\\\/\"],\"url\":\"https:\\\/\\\/soynuevaprensadigital.com\\\/news1053fm\\\/author\\\/alvisherrera\\\/\"}]}<\/script>\n<!-- \/ Yoast SEO plugin. -->","yoast_head_json":{"title":"H\u00e9ctor \"El Father\" regresa a la escena musical - News 105.3 FM","robots":{"index":"index","follow":"follow","max-snippet":"max-snippet:-1","max-image-preview":"max-image-preview:large","max-video-preview":"max-video-preview:-1"},"canonical":"https:\/\/soynuevaprensadigital.com\/news1053fm\/hector-el-father-regresa-a-la-escena-musical\/","og_locale":"es_ES","og_type":"article","og_title":"H\u00e9ctor \"El Father\" regresa a la escena musical - News 105.3 FM","og_description":"San Juan.-El puertorrique\u00f1o H\u00e9ctor Delgado \u00abEl Father\u00bb, que fuera uno de los exponentes m\u00e1s importantes del g\u00e9nero del reggaet\u00f3n y retirado en 2008, regres\u00f3 a la escena musical con el lanzamiento del tema \u00abCorre que se hace tarde\u00bb, seg\u00fan un comunicado divulgado este viernes. \u00abEl Father\u00bb, que alcanzara el \u00e9xito con el d\u00fao Hector &amp; [&hellip;]","og_url":"https:\/\/soynuevaprensadigital.com\/news1053fm\/hector-el-father-regresa-a-la-escena-musical\/","og_site_name":"News 105.3 FM","article_publisher":"https:\/\/www.facebook.com\/News1053fm-1655395028099413\/","article_author":"https:\/\/www.facebook.com\/AlvisCristinaHe","article_published_time":"2021-04-02T18:31:17+00:00","og_image":[{"width":399,"height":600,"url":"https:\/\/soynuevaprensadigital.com\/news1053fm\/wp-content\/uploads\/sites\/3\/2021\/04\/c54ca7d1091bfce8545b60130773b82eeee286fdm.jpg","type":"image\/jpeg"}],"author":"Alvis Cristina Herrera","twitter_card":"summary_large_image","twitter_creator":"@https:\/\/www.twitter.com\/alviscristinahe\/","twitter_site":"@news105_3fm","twitter_misc":{"Escrito por":"Alvis Cristina Herrera","Tiempo de lectura":"2 minutos"},"schema":{"@context":"https:\/\/schema.org","@graph":[{"@type":"Article","@id":"https:\/\/soynuevaprensadigital.com\/news1053fm\/hector-el-father-regresa-a-la-escena-musical\/#article","isPartOf":{"@id":"https:\/\/soynuevaprensadigital.com\/news1053fm\/hector-el-father-regresa-a-la-escena-musical\/"},"author":{"name":"Alvis Cristina Herrera","@id":"https:\/\/soynuevaprensadigital.com\/news1053fm\/#\/schema\/person\/aa2d09ab130e943e3c7b360a32177538"},"headline":"H\u00e9ctor \u00abEl Father\u00bb regresa a la escena musical","datePublished":"2021-04-02T18:31:17+00:00","mainEntityOfPage":{"@id":"https:\/\/soynuevaprensadigital.com\/news1053fm\/hector-el-father-regresa-a-la-escena-musical\/"},"wordCount":469,"articleSection":["Featured","Noticias"],"inLanguage":"es"},{"@type":"WebPage","@id":"https:\/\/soynuevaprensadigital.com\/news1053fm\/hector-el-father-regresa-a-la-escena-musical\/","url":"https:\/\/soynuevaprensadigital.com\/news1053fm\/hector-el-father-regresa-a-la-escena-musical\/","name":"H\u00e9ctor \"El Father\" regresa a la escena musical - News 105.3 FM","isPartOf":{"@id":"https:\/\/soynuevaprensadigital.com\/news1053fm\/#website"},"datePublished":"2021-04-02T18:31:17+00:00","author":{"@id":"https:\/\/soynuevaprensadigital.com\/news1053fm\/#\/schema\/person\/aa2d09ab130e943e3c7b360a32177538"},"breadcrumb":{"@id":"https:\/\/soynuevaprensadigital.com\/news1053fm\/hector-el-father-regresa-a-la-escena-musical\/#breadcrumb"},"inLanguage":"es","potentialAction":[{"@type":"ReadAction","target":["https:\/\/soynuevaprensadigital.com\/news1053fm\/hector-el-father-regresa-a-la-escena-musical\/"]}]},{"@type":"BreadcrumbList","@id":"https:\/\/soynuevaprensadigital.com\/news1053fm\/hector-el-father-regresa-a-la-escena-musical\/#breadcrumb","itemListElement":[{"@type":"ListItem","position":1,"name":"Portada","item":"https:\/\/soynuevaprensadigital.com\/news1053fm\/"},{"@type":"ListItem","position":2,"name":"H\u00e9ctor \u00abEl Father\u00bb regresa a la escena musical"}]},{"@type":"WebSite","@id":"https:\/\/soynuevaprensadigital.com\/news1053fm\/#website","url":"https:\/\/soynuevaprensadigital.com\/news1053fm\/","name":"News 105.3 FM","description":"Nuestro compromiso contigo nos permite ofrecerte la radio de mejor calidad, la frecuencia m\u00e1s limpia yel entretenimiento para todos los gustos.","potentialAction":[{"@type":"SearchAction","target":{"@type":"EntryPoint","urlTemplate":"https:\/\/soynuevaprensadigital.com\/news1053fm\/?s={search_term_string}"},"query-input":{"@type":"PropertyValueSpecification","valueRequired":true,"valueName":"search_term_string"}}],"inLanguage":"es"},{"@type":"Person","@id":"https:\/\/soynuevaprensadigital.com\/news1053fm\/#\/schema\/person\/aa2d09ab130e943e3c7b360a32177538","name":"Alvis Cristina Herrera","image":{"@type":"ImageObject","inLanguage":"es","@id":"https:\/\/secure.gravatar.com\/avatar\/6a4b461595fbd8c4d0947e89062b7b1df5ea5bc6348126d9594f8d0cece5be89?s=96&d=mm&r=g","url":"https:\/\/secure.gravatar.com\/avatar\/6a4b461595fbd8c4d0947e89062b7b1df5ea5bc6348126d9594f8d0cece5be89?s=96&d=mm&r=g","contentUrl":"https:\/\/secure.gravatar.com\/avatar\/6a4b461595fbd8c4d0947e89062b7b1df5ea5bc6348126d9594f8d0cece5be89?s=96&d=mm&r=g","caption":"Alvis Cristina Herrera"},"sameAs":["https:\/\/www.facebook.com\/AlvisCristinaHe","https:\/\/www.instagram.com\/alviscristinahe\/","https:\/\/www.linkedin.com\/in\/alviscristinahe\/","https:\/\/x.com\/https:\/\/www.twitter.com\/alviscristinahe\/"],"url":"https:\/\/soynuevaprensadigital.com\/news1053fm\/author\/alvisherrera\/"}]}},"_links":{"self":[{"href":"https:\/\/soynuevaprensadigital.com\/news1053fm\/wp-json\/wp\/v2\/posts\/1817","targetHints":{"allow":["GET"]}}],"collection":[{"href":"https:\/\/soynuevaprensadigital.com\/news1053fm\/wp-json\/wp\/v2\/posts"}],"about":[{"href":"https:\/\/soynuevaprensadigital.com\/news1053fm\/wp-json\/wp\/v2\/types\/post"}],"author":[{"embeddable":true,"href":"https:\/\/soynuevaprensadigital.com\/news1053fm\/wp-json\/wp\/v2\/users\/158"}],"replies":[{"embeddable":true,"href":"https:\/\/soynuevaprensadigital.com\/news1053fm\/wp-json\/wp\/v2\/comments?post=1817"}],"version-history":[{"count":0,"href":"https:\/\/soynuevaprensadigital.com\/news1053fm\/wp-json\/wp\/v2\/posts\/1817\/revisions"}],"wp:attachment":[{"href":"https:\/\/soynuevaprensadigital.com\/news1053fm\/wp-json\/wp\/v2\/media?parent=1817"}],"wp:term":[{"taxonomy":"category","embeddable":true,"href":"https:\/\/soynuevaprensadigital.com\/news1053fm\/wp-json\/wp\/v2\/categories?post=1817"},{"taxonomy":"post_tag","embeddable":true,"href":"https:\/\/soynuevaprensadigital.com\/news1053fm\/wp-json\/wp\/v2\/tags?post=1817"}],"curies":[{"name":"wp","href":"https:\/\/api.w.org\/{rel}","templated":true}]}}