{"id":1824,"date":"2021-04-05T15:00:33","date_gmt":"2021-04-05T19:00:33","guid":{"rendered":"https:\/\/soynuevaprensadigital.com\/news1053fm\/?p=1824"},"modified":"2021-04-07T20:12:05","modified_gmt":"2021-04-08T00:12:05","slug":"efemerides-deportivas-5-de-abril-kareem-abdul-jabbar-se-convirtio-en-el-maximo-anotador-de-puntos-en-la-nba","status":"publish","type":"post","link":"https:\/\/soynuevaprensadigital.com\/news1053fm\/efemerides-deportivas-5-de-abril-kareem-abdul-jabbar-se-convirtio-en-el-maximo-anotador-de-puntos-en-la-nba\/","title":{"rendered":"Efem\u00e9rides Deportivas 5 de abril: Kareem Abdul-Jabbar se convirti\u00f3 en el m\u00e1ximo anotador de puntos en la NBA"},"content":{"rendered":"<p style=\"text-align: justify\"><strong>Ciudad Guayana.-<\/strong> Un elegante gancho alto desde la l\u00ednea de fondo, el tiro que se hab\u00eda convertido en su marca registrada en una carrera larga y exitosa, hizo del legendario Kareem Abdul-Jabbar de Los Angeles Lakers, m\u00e1ximo anotador de puntos de todos los tiempos en la NBA.<\/p>\n<p style=\"text-align: justify\">Abdul-Jabbar conect\u00f3 su disparo caracter\u00edstico, un gancho elevado de 12 pies, en el \u00faltimo cuarto del juego celebrado el 5 de abril de 1984 contra Utah Jazz para romper el r\u00e9cord de anotaciones de todos los tiempos de Wilt Chamberlain en la temporada regular de la NBA de 31,419 puntos.<\/p>\n<p style=\"text-align: justify\">Tras 15 espl\u00e9ndidas temporadas, Kareem Abdul-Jabbar logr\u00f3 esa noche la haza\u00f1a m\u00e1s importante de su carrera al encestar su elevado gancho sobre un defensor desde la l\u00ednea de fondo derecha.<\/p>\n<p style=\"text-align: justify\">Con ocho minutos y 53 segundos por jugar Abdul-Jabbar super\u00f3 al poseedor del r\u00e9cord y ex-centro de los Lakers, en la victoria de los laguneros por 129-115 sobre Utah Jazz.<\/p>\n<p style=\"text-align: justify\">Abdul-Jabbar, un p\u00edvot de dos metros y medio en su decimoquinta temporada en la NBA, necesit\u00f3 21 puntos al ingresar al juego para romper el r\u00e9cord. Recibi\u00f3 una ovaci\u00f3n de pie por la multitud llena de 18,389 durante las presentaciones previas al juego en el Thomas &amp; Mack Center Arena de Las Vegas.<\/p>\n<p style=\"text-align: justify\">Al hacer sus primeros seis tiros, Abdul-Jabbar anot\u00f3 16 puntos en el entretiempo.<\/p>\n<p style=\"text-align: justify\">Empat\u00f3 el r\u00e9cord con una volcada con 10:55 por jugarse, y con 8:53 restantes recibi\u00f3 un pase de Magic Johnson en la l\u00ednea de base derecha. A pesar de estar protegido por tres jugadores, dej\u00f3 caer el gancho para dar a los Lakers una ventaja de 112-93.<\/p>\n<p style=\"text-align: justify\">La canasta le dio a Abdul-Jabbar 22 puntos en el juego y 31,421 para su carrera. Ese total eclips\u00f3 los 31,419 puntos anotados por Wilt Chamberlain, quien se retir\u00f3 de los Lakers despu\u00e9s de la temporada 1972-73.<\/p>\n","protected":false},"excerpt":{"rendered":"<p>Ciudad Guayana.- Un elegante gancho alto desde la l\u00ednea de fondo, el tiro que se hab\u00eda convertido en su marca registrada en una carrera larga y exitosa, hizo del legendario Kareem Abdul-Jabbar de Los Angeles Lakers, m\u00e1ximo anotador de puntos de todos los tiempos en la NBA. Abdul-Jabbar conect\u00f3 su disparo caracter\u00edstico, un gancho elevado [&hellip;]<\/p>\n","protected":false},"author":158,"featured_media":0,"comment_status":"closed","ping_status":"closed","sticky":false,"template":"","format":"standard","meta":{"footnotes":""},"categories":[2,19],"tags":[],"class_list":["post-1824","post","type-post","status-publish","format-standard","hentry","category-featured","category-mundo-deportivo"],"yoast_head":"<!-- This site is optimized with the Yoast SEO plugin v27.3 - https:\/\/yoast.com\/product\/yoast-seo-wordpress\/ -->\n<title>Efem\u00e9rides Deportivas 5 de abril: Kareem Abdul-Jabbar se convirti\u00f3 en el m\u00e1ximo anotador de puntos en la NBA - News 105.3 FM<\/title>\n<meta name=\"robots\" content=\"index, follow, max-snippet:-1, max-image-preview:large, max-video-preview:-1\" \/>\n<link rel=\"canonical\" href=\"https:\/\/soynuevaprensadigital.com\/news1053fm\/efemerides-deportivas-5-de-abril-kareem-abdul-jabbar-se-convirtio-en-el-maximo-anotador-de-puntos-en-la-nba\/\" \/>\n<meta property=\"og:locale\" content=\"es_ES\" \/>\n<meta property=\"og:type\" content=\"article\" \/>\n<meta property=\"og:title\" content=\"Efem\u00e9rides Deportivas 5 de abril: Kareem Abdul-Jabbar se convirti\u00f3 en el m\u00e1ximo anotador de puntos en la NBA - News 105.3 FM\" \/>\n<meta property=\"og:description\" content=\"Ciudad Guayana.- Un elegante gancho alto desde la l\u00ednea de fondo, el tiro que se hab\u00eda convertido en su marca registrada en una carrera larga y exitosa, hizo del legendario Kareem Abdul-Jabbar de Los Angeles Lakers, m\u00e1ximo anotador de puntos de todos los tiempos en la NBA. Abdul-Jabbar conect\u00f3 su disparo caracter\u00edstico, un gancho elevado [&hellip;]\" \/>\n<meta property=\"og:url\" content=\"https:\/\/soynuevaprensadigital.com\/news1053fm\/efemerides-deportivas-5-de-abril-kareem-abdul-jabbar-se-convirtio-en-el-maximo-anotador-de-puntos-en-la-nba\/\" \/>\n<meta property=\"og:site_name\" content=\"News 105.3 FM\" \/>\n<meta property=\"article:publisher\" content=\"https:\/\/www.facebook.com\/News1053fm-1655395028099413\/\" \/>\n<meta property=\"article:author\" content=\"https:\/\/www.facebook.com\/AlvisCristinaHe\" \/>\n<meta property=\"article:published_time\" content=\"2021-04-05T19:00:33+00:00\" \/>\n<meta property=\"article:modified_time\" content=\"2021-04-08T00:12:05+00:00\" \/>\n<meta property=\"og:image\" content=\"https:\/\/soynuevaprensadigital.com\/news1053fm\/wp-content\/uploads\/sites\/3\/2021\/04\/Kareem_Abdul_Jabbar-e1587670066296.jpg\" \/>\n\t<meta property=\"og:image:width\" content=\"1920\" \/>\n\t<meta property=\"og:image:height\" content=\"1644\" \/>\n\t<meta property=\"og:image:type\" content=\"image\/jpeg\" \/>\n<meta name=\"author\" content=\"Alvis Cristina Herrera\" \/>\n<meta name=\"twitter:card\" content=\"summary_large_image\" \/>\n<meta name=\"twitter:creator\" content=\"@https:\/\/www.twitter.com\/alviscristinahe\/\" \/>\n<meta name=\"twitter:site\" content=\"@news105_3fm\" \/>\n<meta name=\"twitter:label1\" content=\"Escrito por\" \/>\n\t<meta name=\"twitter:data1\" content=\"Alvis Cristina Herrera\" \/>\n\t<meta name=\"twitter:label2\" content=\"Tiempo de lectura\" \/>\n\t<meta name=\"twitter:data2\" content=\"2 minutos\" \/>\n<script type=\"application\/ld+json\" class=\"yoast-schema-graph\">{\"@context\":\"https:\\\/\\\/schema.org\",\"@graph\":[{\"@type\":\"Article\",\"@id\":\"https:\\\/\\\/soynuevaprensadigital.com\\\/news1053fm\\\/efemerides-deportivas-5-de-abril-kareem-abdul-jabbar-se-convirtio-en-el-maximo-anotador-de-puntos-en-la-nba\\\/#article\",\"isPartOf\":{\"@id\":\"https:\\\/\\\/soynuevaprensadigital.com\\\/news1053fm\\\/efemerides-deportivas-5-de-abril-kareem-abdul-jabbar-se-convirtio-en-el-maximo-anotador-de-puntos-en-la-nba\\\/\"},\"author\":{\"name\":\"Alvis Cristina Herrera\",\"@id\":\"https:\\\/\\\/soynuevaprensadigital.com\\\/news1053fm\\\/#\\\/schema\\\/person\\\/aa2d09ab130e943e3c7b360a32177538\"},\"headline\":\"Efem\u00e9rides Deportivas 5 de abril: Kareem Abdul-Jabbar se convirti\u00f3 en el m\u00e1ximo anotador de puntos en la NBA\",\"datePublished\":\"2021-04-05T19:00:33+00:00\",\"dateModified\":\"2021-04-08T00:12:05+00:00\",\"mainEntityOfPage\":{\"@id\":\"https:\\\/\\\/soynuevaprensadigital.com\\\/news1053fm\\\/efemerides-deportivas-5-de-abril-kareem-abdul-jabbar-se-convirtio-en-el-maximo-anotador-de-puntos-en-la-nba\\\/\"},\"wordCount\":329,\"articleSection\":[\"Featured\",\"Mundo Deportivo\"],\"inLanguage\":\"es\"},{\"@type\":\"WebPage\",\"@id\":\"https:\\\/\\\/soynuevaprensadigital.com\\\/news1053fm\\\/efemerides-deportivas-5-de-abril-kareem-abdul-jabbar-se-convirtio-en-el-maximo-anotador-de-puntos-en-la-nba\\\/\",\"url\":\"https:\\\/\\\/soynuevaprensadigital.com\\\/news1053fm\\\/efemerides-deportivas-5-de-abril-kareem-abdul-jabbar-se-convirtio-en-el-maximo-anotador-de-puntos-en-la-nba\\\/\",\"name\":\"Efem\u00e9rides Deportivas 5 de abril: Kareem Abdul-Jabbar se convirti\u00f3 en el m\u00e1ximo anotador de puntos en la NBA - News 105.3 FM\",\"isPartOf\":{\"@id\":\"https:\\\/\\\/soynuevaprensadigital.com\\\/news1053fm\\\/#website\"},\"datePublished\":\"2021-04-05T19:00:33+00:00\",\"dateModified\":\"2021-04-08T00:12:05+00:00\",\"author\":{\"@id\":\"https:\\\/\\\/soynuevaprensadigital.com\\\/news1053fm\\\/#\\\/schema\\\/person\\\/aa2d09ab130e943e3c7b360a32177538\"},\"breadcrumb\":{\"@id\":\"https:\\\/\\\/soynuevaprensadigital.com\\\/news1053fm\\\/efemerides-deportivas-5-de-abril-kareem-abdul-jabbar-se-convirtio-en-el-maximo-anotador-de-puntos-en-la-nba\\\/#breadcrumb\"},\"inLanguage\":\"es\",\"potentialAction\":[{\"@type\":\"ReadAction\",\"target\":[\"https:\\\/\\\/soynuevaprensadigital.com\\\/news1053fm\\\/efemerides-deportivas-5-de-abril-kareem-abdul-jabbar-se-convirtio-en-el-maximo-anotador-de-puntos-en-la-nba\\\/\"]}]},{\"@type\":\"BreadcrumbList\",\"@id\":\"https:\\\/\\\/soynuevaprensadigital.com\\\/news1053fm\\\/efemerides-deportivas-5-de-abril-kareem-abdul-jabbar-se-convirtio-en-el-maximo-anotador-de-puntos-en-la-nba\\\/#breadcrumb\",\"itemListElement\":[{\"@type\":\"ListItem\",\"position\":1,\"name\":\"Portada\",\"item\":\"https:\\\/\\\/soynuevaprensadigital.com\\\/news1053fm\\\/\"},{\"@type\":\"ListItem\",\"position\":2,\"name\":\"Efem\u00e9rides Deportivas 5 de abril: Kareem Abdul-Jabbar se convirti\u00f3 en el m\u00e1ximo anotador de puntos en la NBA\"}]},{\"@type\":\"WebSite\",\"@id\":\"https:\\\/\\\/soynuevaprensadigital.com\\\/news1053fm\\\/#website\",\"url\":\"https:\\\/\\\/soynuevaprensadigital.com\\\/news1053fm\\\/\",\"name\":\"News 105.3 FM\",\"description\":\"Nuestro compromiso contigo nos permite ofrecerte la radio de mejor calidad, la frecuencia m\u00e1s limpia yel entretenimiento para todos los gustos.\",\"potentialAction\":[{\"@type\":\"SearchAction\",\"target\":{\"@type\":\"EntryPoint\",\"urlTemplate\":\"https:\\\/\\\/soynuevaprensadigital.com\\\/news1053fm\\\/?s={search_term_string}\"},\"query-input\":{\"@type\":\"PropertyValueSpecification\",\"valueRequired\":true,\"valueName\":\"search_term_string\"}}],\"inLanguage\":\"es\"},{\"@type\":\"Person\",\"@id\":\"https:\\\/\\\/soynuevaprensadigital.com\\\/news1053fm\\\/#\\\/schema\\\/person\\\/aa2d09ab130e943e3c7b360a32177538\",\"name\":\"Alvis Cristina Herrera\",\"image\":{\"@type\":\"ImageObject\",\"inLanguage\":\"es\",\"@id\":\"https:\\\/\\\/secure.gravatar.com\\\/avatar\\\/6a4b461595fbd8c4d0947e89062b7b1df5ea5bc6348126d9594f8d0cece5be89?s=96&d=mm&r=g\",\"url\":\"https:\\\/\\\/secure.gravatar.com\\\/avatar\\\/6a4b461595fbd8c4d0947e89062b7b1df5ea5bc6348126d9594f8d0cece5be89?s=96&d=mm&r=g\",\"contentUrl\":\"https:\\\/\\\/secure.gravatar.com\\\/avatar\\\/6a4b461595fbd8c4d0947e89062b7b1df5ea5bc6348126d9594f8d0cece5be89?s=96&d=mm&r=g\",\"caption\":\"Alvis Cristina Herrera\"},\"sameAs\":[\"https:\\\/\\\/www.facebook.com\\\/AlvisCristinaHe\",\"https:\\\/\\\/www.instagram.com\\\/alviscristinahe\\\/\",\"https:\\\/\\\/www.linkedin.com\\\/in\\\/alviscristinahe\\\/\",\"https:\\\/\\\/x.com\\\/https:\\\/\\\/www.twitter.com\\\/alviscristinahe\\\/\"],\"url\":\"https:\\\/\\\/soynuevaprensadigital.com\\\/news1053fm\\\/author\\\/alvisherrera\\\/\"}]}<\/script>\n<!-- \/ Yoast SEO plugin. -->","yoast_head_json":{"title":"Efem\u00e9rides Deportivas 5 de abril: Kareem Abdul-Jabbar se convirti\u00f3 en el m\u00e1ximo anotador de puntos en la NBA - News 105.3 FM","robots":{"index":"index","follow":"follow","max-snippet":"max-snippet:-1","max-image-preview":"max-image-preview:large","max-video-preview":"max-video-preview:-1"},"canonical":"https:\/\/soynuevaprensadigital.com\/news1053fm\/efemerides-deportivas-5-de-abril-kareem-abdul-jabbar-se-convirtio-en-el-maximo-anotador-de-puntos-en-la-nba\/","og_locale":"es_ES","og_type":"article","og_title":"Efem\u00e9rides Deportivas 5 de abril: Kareem Abdul-Jabbar se convirti\u00f3 en el m\u00e1ximo anotador de puntos en la NBA - News 105.3 FM","og_description":"Ciudad Guayana.- Un elegante gancho alto desde la l\u00ednea de fondo, el tiro que se hab\u00eda convertido en su marca registrada en una carrera larga y exitosa, hizo del legendario Kareem Abdul-Jabbar de Los Angeles Lakers, m\u00e1ximo anotador de puntos de todos los tiempos en la NBA. Abdul-Jabbar conect\u00f3 su disparo caracter\u00edstico, un gancho elevado [&hellip;]","og_url":"https:\/\/soynuevaprensadigital.com\/news1053fm\/efemerides-deportivas-5-de-abril-kareem-abdul-jabbar-se-convirtio-en-el-maximo-anotador-de-puntos-en-la-nba\/","og_site_name":"News 105.3 FM","article_publisher":"https:\/\/www.facebook.com\/News1053fm-1655395028099413\/","article_author":"https:\/\/www.facebook.com\/AlvisCristinaHe","article_published_time":"2021-04-05T19:00:33+00:00","article_modified_time":"2021-04-08T00:12:05+00:00","og_image":[{"width":1920,"height":1644,"url":"https:\/\/soynuevaprensadigital.com\/news1053fm\/wp-content\/uploads\/sites\/3\/2021\/04\/Kareem_Abdul_Jabbar-e1587670066296.jpg","type":"image\/jpeg"}],"author":"Alvis Cristina Herrera","twitter_card":"summary_large_image","twitter_creator":"@https:\/\/www.twitter.com\/alviscristinahe\/","twitter_site":"@news105_3fm","twitter_misc":{"Escrito por":"Alvis Cristina Herrera","Tiempo de lectura":"2 minutos"},"schema":{"@context":"https:\/\/schema.org","@graph":[{"@type":"Article","@id":"https:\/\/soynuevaprensadigital.com\/news1053fm\/efemerides-deportivas-5-de-abril-kareem-abdul-jabbar-se-convirtio-en-el-maximo-anotador-de-puntos-en-la-nba\/#article","isPartOf":{"@id":"https:\/\/soynuevaprensadigital.com\/news1053fm\/efemerides-deportivas-5-de-abril-kareem-abdul-jabbar-se-convirtio-en-el-maximo-anotador-de-puntos-en-la-nba\/"},"author":{"name":"Alvis Cristina Herrera","@id":"https:\/\/soynuevaprensadigital.com\/news1053fm\/#\/schema\/person\/aa2d09ab130e943e3c7b360a32177538"},"headline":"Efem\u00e9rides Deportivas 5 de abril: Kareem Abdul-Jabbar se convirti\u00f3 en el m\u00e1ximo anotador de puntos en la NBA","datePublished":"2021-04-05T19:00:33+00:00","dateModified":"2021-04-08T00:12:05+00:00","mainEntityOfPage":{"@id":"https:\/\/soynuevaprensadigital.com\/news1053fm\/efemerides-deportivas-5-de-abril-kareem-abdul-jabbar-se-convirtio-en-el-maximo-anotador-de-puntos-en-la-nba\/"},"wordCount":329,"articleSection":["Featured","Mundo Deportivo"],"inLanguage":"es"},{"@type":"WebPage","@id":"https:\/\/soynuevaprensadigital.com\/news1053fm\/efemerides-deportivas-5-de-abril-kareem-abdul-jabbar-se-convirtio-en-el-maximo-anotador-de-puntos-en-la-nba\/","url":"https:\/\/soynuevaprensadigital.com\/news1053fm\/efemerides-deportivas-5-de-abril-kareem-abdul-jabbar-se-convirtio-en-el-maximo-anotador-de-puntos-en-la-nba\/","name":"Efem\u00e9rides Deportivas 5 de abril: Kareem Abdul-Jabbar se convirti\u00f3 en el m\u00e1ximo anotador de puntos en la NBA - News 105.3 FM","isPartOf":{"@id":"https:\/\/soynuevaprensadigital.com\/news1053fm\/#website"},"datePublished":"2021-04-05T19:00:33+00:00","dateModified":"2021-04-08T00:12:05+00:00","author":{"@id":"https:\/\/soynuevaprensadigital.com\/news1053fm\/#\/schema\/person\/aa2d09ab130e943e3c7b360a32177538"},"breadcrumb":{"@id":"https:\/\/soynuevaprensadigital.com\/news1053fm\/efemerides-deportivas-5-de-abril-kareem-abdul-jabbar-se-convirtio-en-el-maximo-anotador-de-puntos-en-la-nba\/#breadcrumb"},"inLanguage":"es","potentialAction":[{"@type":"ReadAction","target":["https:\/\/soynuevaprensadigital.com\/news1053fm\/efemerides-deportivas-5-de-abril-kareem-abdul-jabbar-se-convirtio-en-el-maximo-anotador-de-puntos-en-la-nba\/"]}]},{"@type":"BreadcrumbList","@id":"https:\/\/soynuevaprensadigital.com\/news1053fm\/efemerides-deportivas-5-de-abril-kareem-abdul-jabbar-se-convirtio-en-el-maximo-anotador-de-puntos-en-la-nba\/#breadcrumb","itemListElement":[{"@type":"ListItem","position":1,"name":"Portada","item":"https:\/\/soynuevaprensadigital.com\/news1053fm\/"},{"@type":"ListItem","position":2,"name":"Efem\u00e9rides Deportivas 5 de abril: Kareem Abdul-Jabbar se convirti\u00f3 en el m\u00e1ximo anotador de puntos en la NBA"}]},{"@type":"WebSite","@id":"https:\/\/soynuevaprensadigital.com\/news1053fm\/#website","url":"https:\/\/soynuevaprensadigital.com\/news1053fm\/","name":"News 105.3 FM","description":"Nuestro compromiso contigo nos permite ofrecerte la radio de mejor calidad, la frecuencia m\u00e1s limpia yel entretenimiento para todos los gustos.","potentialAction":[{"@type":"SearchAction","target":{"@type":"EntryPoint","urlTemplate":"https:\/\/soynuevaprensadigital.com\/news1053fm\/?s={search_term_string}"},"query-input":{"@type":"PropertyValueSpecification","valueRequired":true,"valueName":"search_term_string"}}],"inLanguage":"es"},{"@type":"Person","@id":"https:\/\/soynuevaprensadigital.com\/news1053fm\/#\/schema\/person\/aa2d09ab130e943e3c7b360a32177538","name":"Alvis Cristina Herrera","image":{"@type":"ImageObject","inLanguage":"es","@id":"https:\/\/secure.gravatar.com\/avatar\/6a4b461595fbd8c4d0947e89062b7b1df5ea5bc6348126d9594f8d0cece5be89?s=96&d=mm&r=g","url":"https:\/\/secure.gravatar.com\/avatar\/6a4b461595fbd8c4d0947e89062b7b1df5ea5bc6348126d9594f8d0cece5be89?s=96&d=mm&r=g","contentUrl":"https:\/\/secure.gravatar.com\/avatar\/6a4b461595fbd8c4d0947e89062b7b1df5ea5bc6348126d9594f8d0cece5be89?s=96&d=mm&r=g","caption":"Alvis Cristina Herrera"},"sameAs":["https:\/\/www.facebook.com\/AlvisCristinaHe","https:\/\/www.instagram.com\/alviscristinahe\/","https:\/\/www.linkedin.com\/in\/alviscristinahe\/","https:\/\/x.com\/https:\/\/www.twitter.com\/alviscristinahe\/"],"url":"https:\/\/soynuevaprensadigital.com\/news1053fm\/author\/alvisherrera\/"}]}},"_links":{"self":[{"href":"https:\/\/soynuevaprensadigital.com\/news1053fm\/wp-json\/wp\/v2\/posts\/1824","targetHints":{"allow":["GET"]}}],"collection":[{"href":"https:\/\/soynuevaprensadigital.com\/news1053fm\/wp-json\/wp\/v2\/posts"}],"about":[{"href":"https:\/\/soynuevaprensadigital.com\/news1053fm\/wp-json\/wp\/v2\/types\/post"}],"author":[{"embeddable":true,"href":"https:\/\/soynuevaprensadigital.com\/news1053fm\/wp-json\/wp\/v2\/users\/158"}],"replies":[{"embeddable":true,"href":"https:\/\/soynuevaprensadigital.com\/news1053fm\/wp-json\/wp\/v2\/comments?post=1824"}],"version-history":[{"count":0,"href":"https:\/\/soynuevaprensadigital.com\/news1053fm\/wp-json\/wp\/v2\/posts\/1824\/revisions"}],"wp:attachment":[{"href":"https:\/\/soynuevaprensadigital.com\/news1053fm\/wp-json\/wp\/v2\/media?parent=1824"}],"wp:term":[{"taxonomy":"category","embeddable":true,"href":"https:\/\/soynuevaprensadigital.com\/news1053fm\/wp-json\/wp\/v2\/categories?post=1824"},{"taxonomy":"post_tag","embeddable":true,"href":"https:\/\/soynuevaprensadigital.com\/news1053fm\/wp-json\/wp\/v2\/tags?post=1824"}],"curies":[{"name":"wp","href":"https:\/\/api.w.org\/{rel}","templated":true}]}}