{"id":1848,"date":"2021-04-07T21:05:40","date_gmt":"2021-04-08T01:05:40","guid":{"rendered":"https:\/\/soynuevaprensadigital.com\/news1053fm\/?p=1848"},"modified":"2021-04-07T21:05:40","modified_gmt":"2021-04-08T01:05:40","slug":"efemerides-deportivas-7-de-abril-freddy-garcia-hizo-su-debut-en-las-grandes-ligas","status":"publish","type":"post","link":"https:\/\/soynuevaprensadigital.com\/news1053fm\/efemerides-deportivas-7-de-abril-freddy-garcia-hizo-su-debut-en-las-grandes-ligas\/","title":{"rendered":"Efem\u00e9rides Deportivas 7 de abril: Freddy Garc\u00eda hizo su debut en las Grandes Ligas"},"content":{"rendered":"<p style=\"text-align: justify\"><strong>Ciudad Guayana.-<\/strong>El 7 de abril de 1999 se convirti\u00f3 en el d\u00eda memorable, para el lanzador venezolano Freddy Garc\u00eda. Pues fue su debut en las Grandes Ligas con los Marineros de Seattle.<\/p>\n<p style=\"text-align: justify\">Garc\u00eda quien para la \u00e9poca ten\u00eda 22 a\u00f1os y 183 d\u00edas hizo los honores para convertirse en el venezolano 108 en subir a las mayores.<\/p>\n<p style=\"text-align: justify\">\u201cEl torpedero\u201d como es conocido el serpentinero venezolano lleg\u00f3 a los nautas, proveniente de los Astros Houston quienes hab\u00edan firmado al as Randy Johnson.<\/p>\n<p style=\"text-align: justify\">En su primer desaf\u00edo le toc\u00f3 enfrentarse a los Medias Blancas de Chicago, en el Kingdome de Seattle.<\/p>\n<p style=\"text-align: justify\"><strong>Primera victoria en las mayores<\/strong><\/p>\n<p style=\"text-align: justify\">Justo el d\u00eda de su debut Garc\u00eda conquist\u00f3 su primera victoria en las mayores, al lanzar 5.2 innings, en los que le hicieron un par de carreras, ponch\u00f3 a cinco bateadores y otorg\u00f3 un par de boletos.<\/p>\n<p style=\"text-align: justify\">Su primer abanicado fue para el bateador Ray Durham. Mientras que el primer hit se lo conect\u00f3 Frank Thomas.<\/p>\n<p style=\"text-align: justify\"><strong>Temporada de ensue\u00f1o para Garc\u00eda<\/strong><\/p>\n<p style=\"text-align: justify\">El derecho estuvo en su temporada de debut en las Gran Carpa en la palestra, al ostentar una marca de seis triunfos y apenas una derrota en 10 aperturas, con una efectividad de 4.26.<\/p>\n<p style=\"text-align: justify\">La zafra de 1999 Garc\u00eda la termin\u00f3 con registro de 17 lauros y ocho reveses para as\u00ed dejar el porcentaje de carreras limpias permitidas en 4.07. Tras lanzar 201\u00a0 innings, en los que permiti\u00f3 205 hits, 96 carreras (91 fueron limpias), dio 90 pasaportes y ponch\u00f3 a 170 bateadores.<\/p>\n","protected":false},"excerpt":{"rendered":"<p>Ciudad Guayana.-El 7 de abril de 1999 se convirti\u00f3 en el d\u00eda memorable, para el lanzador venezolano Freddy Garc\u00eda. Pues fue su debut en las Grandes Ligas con los Marineros de Seattle. Garc\u00eda quien para la \u00e9poca ten\u00eda 22 a\u00f1os y 183 d\u00edas hizo los honores para convertirse en el venezolano 108 en subir a [&hellip;]<\/p>\n","protected":false},"author":158,"featured_media":0,"comment_status":"closed","ping_status":"closed","sticky":false,"template":"","format":"standard","meta":{"footnotes":""},"categories":[2,19],"tags":[],"class_list":["post-1848","post","type-post","status-publish","format-standard","hentry","category-featured","category-mundo-deportivo"],"yoast_head":"<!-- This site is optimized with the Yoast SEO plugin v27.3 - https:\/\/yoast.com\/product\/yoast-seo-wordpress\/ -->\n<title>Efem\u00e9rides Deportivas 7 de abril: Freddy Garc\u00eda hizo su debut en las Grandes Ligas - News 105.3 FM<\/title>\n<meta name=\"robots\" content=\"index, follow, max-snippet:-1, max-image-preview:large, max-video-preview:-1\" \/>\n<link rel=\"canonical\" href=\"https:\/\/soynuevaprensadigital.com\/news1053fm\/efemerides-deportivas-7-de-abril-freddy-garcia-hizo-su-debut-en-las-grandes-ligas\/\" \/>\n<meta property=\"og:locale\" content=\"es_ES\" \/>\n<meta property=\"og:type\" content=\"article\" \/>\n<meta property=\"og:title\" content=\"Efem\u00e9rides Deportivas 7 de abril: Freddy Garc\u00eda hizo su debut en las Grandes Ligas - News 105.3 FM\" \/>\n<meta property=\"og:description\" content=\"Ciudad Guayana.-El 7 de abril de 1999 se convirti\u00f3 en el d\u00eda memorable, para el lanzador venezolano Freddy Garc\u00eda. Pues fue su debut en las Grandes Ligas con los Marineros de Seattle. Garc\u00eda quien para la \u00e9poca ten\u00eda 22 a\u00f1os y 183 d\u00edas hizo los honores para convertirse en el venezolano 108 en subir a [&hellip;]\" \/>\n<meta property=\"og:url\" content=\"https:\/\/soynuevaprensadigital.com\/news1053fm\/efemerides-deportivas-7-de-abril-freddy-garcia-hizo-su-debut-en-las-grandes-ligas\/\" \/>\n<meta property=\"og:site_name\" content=\"News 105.3 FM\" \/>\n<meta property=\"article:publisher\" content=\"https:\/\/www.facebook.com\/News1053fm-1655395028099413\/\" \/>\n<meta property=\"article:author\" content=\"https:\/\/www.facebook.com\/AlvisCristinaHe\" \/>\n<meta property=\"article:published_time\" content=\"2021-04-08T01:05:40+00:00\" \/>\n<meta property=\"og:image\" content=\"https:\/\/soynuevaprensadigital.com\/news1053fm\/wp-content\/uploads\/sites\/3\/2021\/04\/FG1.png\" \/>\n\t<meta property=\"og:image:width\" content=\"407\" \/>\n\t<meta property=\"og:image:height\" content=\"495\" \/>\n\t<meta property=\"og:image:type\" content=\"image\/png\" \/>\n<meta name=\"author\" content=\"Alvis Cristina Herrera\" \/>\n<meta name=\"twitter:card\" content=\"summary_large_image\" \/>\n<meta name=\"twitter:creator\" content=\"@https:\/\/www.twitter.com\/alviscristinahe\/\" \/>\n<meta name=\"twitter:site\" content=\"@news105_3fm\" \/>\n<meta name=\"twitter:label1\" content=\"Escrito por\" \/>\n\t<meta name=\"twitter:data1\" content=\"Alvis Cristina Herrera\" \/>\n\t<meta name=\"twitter:label2\" content=\"Tiempo de lectura\" \/>\n\t<meta name=\"twitter:data2\" content=\"2 minutos\" \/>\n<script type=\"application\/ld+json\" class=\"yoast-schema-graph\">{\"@context\":\"https:\\\/\\\/schema.org\",\"@graph\":[{\"@type\":\"Article\",\"@id\":\"https:\\\/\\\/soynuevaprensadigital.com\\\/news1053fm\\\/efemerides-deportivas-7-de-abril-freddy-garcia-hizo-su-debut-en-las-grandes-ligas\\\/#article\",\"isPartOf\":{\"@id\":\"https:\\\/\\\/soynuevaprensadigital.com\\\/news1053fm\\\/efemerides-deportivas-7-de-abril-freddy-garcia-hizo-su-debut-en-las-grandes-ligas\\\/\"},\"author\":{\"name\":\"Alvis Cristina Herrera\",\"@id\":\"https:\\\/\\\/soynuevaprensadigital.com\\\/news1053fm\\\/#\\\/schema\\\/person\\\/aa2d09ab130e943e3c7b360a32177538\"},\"headline\":\"Efem\u00e9rides Deportivas 7 de abril: Freddy Garc\u00eda hizo su debut en las Grandes Ligas\",\"datePublished\":\"2021-04-08T01:05:40+00:00\",\"mainEntityOfPage\":{\"@id\":\"https:\\\/\\\/soynuevaprensadigital.com\\\/news1053fm\\\/efemerides-deportivas-7-de-abril-freddy-garcia-hizo-su-debut-en-las-grandes-ligas\\\/\"},\"wordCount\":260,\"articleSection\":[\"Featured\",\"Mundo Deportivo\"],\"inLanguage\":\"es\"},{\"@type\":\"WebPage\",\"@id\":\"https:\\\/\\\/soynuevaprensadigital.com\\\/news1053fm\\\/efemerides-deportivas-7-de-abril-freddy-garcia-hizo-su-debut-en-las-grandes-ligas\\\/\",\"url\":\"https:\\\/\\\/soynuevaprensadigital.com\\\/news1053fm\\\/efemerides-deportivas-7-de-abril-freddy-garcia-hizo-su-debut-en-las-grandes-ligas\\\/\",\"name\":\"Efem\u00e9rides Deportivas 7 de abril: Freddy Garc\u00eda hizo su debut en las Grandes Ligas - News 105.3 FM\",\"isPartOf\":{\"@id\":\"https:\\\/\\\/soynuevaprensadigital.com\\\/news1053fm\\\/#website\"},\"datePublished\":\"2021-04-08T01:05:40+00:00\",\"author\":{\"@id\":\"https:\\\/\\\/soynuevaprensadigital.com\\\/news1053fm\\\/#\\\/schema\\\/person\\\/aa2d09ab130e943e3c7b360a32177538\"},\"breadcrumb\":{\"@id\":\"https:\\\/\\\/soynuevaprensadigital.com\\\/news1053fm\\\/efemerides-deportivas-7-de-abril-freddy-garcia-hizo-su-debut-en-las-grandes-ligas\\\/#breadcrumb\"},\"inLanguage\":\"es\",\"potentialAction\":[{\"@type\":\"ReadAction\",\"target\":[\"https:\\\/\\\/soynuevaprensadigital.com\\\/news1053fm\\\/efemerides-deportivas-7-de-abril-freddy-garcia-hizo-su-debut-en-las-grandes-ligas\\\/\"]}]},{\"@type\":\"BreadcrumbList\",\"@id\":\"https:\\\/\\\/soynuevaprensadigital.com\\\/news1053fm\\\/efemerides-deportivas-7-de-abril-freddy-garcia-hizo-su-debut-en-las-grandes-ligas\\\/#breadcrumb\",\"itemListElement\":[{\"@type\":\"ListItem\",\"position\":1,\"name\":\"Portada\",\"item\":\"https:\\\/\\\/soynuevaprensadigital.com\\\/news1053fm\\\/\"},{\"@type\":\"ListItem\",\"position\":2,\"name\":\"Efem\u00e9rides Deportivas 7 de abril: Freddy Garc\u00eda hizo su debut en las Grandes Ligas\"}]},{\"@type\":\"WebSite\",\"@id\":\"https:\\\/\\\/soynuevaprensadigital.com\\\/news1053fm\\\/#website\",\"url\":\"https:\\\/\\\/soynuevaprensadigital.com\\\/news1053fm\\\/\",\"name\":\"News 105.3 FM\",\"description\":\"Nuestro compromiso contigo nos permite ofrecerte la radio de mejor calidad, la frecuencia m\u00e1s limpia yel entretenimiento para todos los gustos.\",\"potentialAction\":[{\"@type\":\"SearchAction\",\"target\":{\"@type\":\"EntryPoint\",\"urlTemplate\":\"https:\\\/\\\/soynuevaprensadigital.com\\\/news1053fm\\\/?s={search_term_string}\"},\"query-input\":{\"@type\":\"PropertyValueSpecification\",\"valueRequired\":true,\"valueName\":\"search_term_string\"}}],\"inLanguage\":\"es\"},{\"@type\":\"Person\",\"@id\":\"https:\\\/\\\/soynuevaprensadigital.com\\\/news1053fm\\\/#\\\/schema\\\/person\\\/aa2d09ab130e943e3c7b360a32177538\",\"name\":\"Alvis Cristina Herrera\",\"image\":{\"@type\":\"ImageObject\",\"inLanguage\":\"es\",\"@id\":\"https:\\\/\\\/secure.gravatar.com\\\/avatar\\\/6a4b461595fbd8c4d0947e89062b7b1df5ea5bc6348126d9594f8d0cece5be89?s=96&d=mm&r=g\",\"url\":\"https:\\\/\\\/secure.gravatar.com\\\/avatar\\\/6a4b461595fbd8c4d0947e89062b7b1df5ea5bc6348126d9594f8d0cece5be89?s=96&d=mm&r=g\",\"contentUrl\":\"https:\\\/\\\/secure.gravatar.com\\\/avatar\\\/6a4b461595fbd8c4d0947e89062b7b1df5ea5bc6348126d9594f8d0cece5be89?s=96&d=mm&r=g\",\"caption\":\"Alvis Cristina Herrera\"},\"sameAs\":[\"https:\\\/\\\/www.facebook.com\\\/AlvisCristinaHe\",\"https:\\\/\\\/www.instagram.com\\\/alviscristinahe\\\/\",\"https:\\\/\\\/www.linkedin.com\\\/in\\\/alviscristinahe\\\/\",\"https:\\\/\\\/x.com\\\/https:\\\/\\\/www.twitter.com\\\/alviscristinahe\\\/\"],\"url\":\"https:\\\/\\\/soynuevaprensadigital.com\\\/news1053fm\\\/author\\\/alvisherrera\\\/\"}]}<\/script>\n<!-- \/ Yoast SEO plugin. -->","yoast_head_json":{"title":"Efem\u00e9rides Deportivas 7 de abril: Freddy Garc\u00eda hizo su debut en las Grandes Ligas - News 105.3 FM","robots":{"index":"index","follow":"follow","max-snippet":"max-snippet:-1","max-image-preview":"max-image-preview:large","max-video-preview":"max-video-preview:-1"},"canonical":"https:\/\/soynuevaprensadigital.com\/news1053fm\/efemerides-deportivas-7-de-abril-freddy-garcia-hizo-su-debut-en-las-grandes-ligas\/","og_locale":"es_ES","og_type":"article","og_title":"Efem\u00e9rides Deportivas 7 de abril: Freddy Garc\u00eda hizo su debut en las Grandes Ligas - News 105.3 FM","og_description":"Ciudad Guayana.-El 7 de abril de 1999 se convirti\u00f3 en el d\u00eda memorable, para el lanzador venezolano Freddy Garc\u00eda. Pues fue su debut en las Grandes Ligas con los Marineros de Seattle. Garc\u00eda quien para la \u00e9poca ten\u00eda 22 a\u00f1os y 183 d\u00edas hizo los honores para convertirse en el venezolano 108 en subir a [&hellip;]","og_url":"https:\/\/soynuevaprensadigital.com\/news1053fm\/efemerides-deportivas-7-de-abril-freddy-garcia-hizo-su-debut-en-las-grandes-ligas\/","og_site_name":"News 105.3 FM","article_publisher":"https:\/\/www.facebook.com\/News1053fm-1655395028099413\/","article_author":"https:\/\/www.facebook.com\/AlvisCristinaHe","article_published_time":"2021-04-08T01:05:40+00:00","og_image":[{"width":407,"height":495,"url":"https:\/\/soynuevaprensadigital.com\/news1053fm\/wp-content\/uploads\/sites\/3\/2021\/04\/FG1.png","type":"image\/png"}],"author":"Alvis Cristina Herrera","twitter_card":"summary_large_image","twitter_creator":"@https:\/\/www.twitter.com\/alviscristinahe\/","twitter_site":"@news105_3fm","twitter_misc":{"Escrito por":"Alvis Cristina Herrera","Tiempo de lectura":"2 minutos"},"schema":{"@context":"https:\/\/schema.org","@graph":[{"@type":"Article","@id":"https:\/\/soynuevaprensadigital.com\/news1053fm\/efemerides-deportivas-7-de-abril-freddy-garcia-hizo-su-debut-en-las-grandes-ligas\/#article","isPartOf":{"@id":"https:\/\/soynuevaprensadigital.com\/news1053fm\/efemerides-deportivas-7-de-abril-freddy-garcia-hizo-su-debut-en-las-grandes-ligas\/"},"author":{"name":"Alvis Cristina Herrera","@id":"https:\/\/soynuevaprensadigital.com\/news1053fm\/#\/schema\/person\/aa2d09ab130e943e3c7b360a32177538"},"headline":"Efem\u00e9rides Deportivas 7 de abril: Freddy Garc\u00eda hizo su debut en las Grandes Ligas","datePublished":"2021-04-08T01:05:40+00:00","mainEntityOfPage":{"@id":"https:\/\/soynuevaprensadigital.com\/news1053fm\/efemerides-deportivas-7-de-abril-freddy-garcia-hizo-su-debut-en-las-grandes-ligas\/"},"wordCount":260,"articleSection":["Featured","Mundo Deportivo"],"inLanguage":"es"},{"@type":"WebPage","@id":"https:\/\/soynuevaprensadigital.com\/news1053fm\/efemerides-deportivas-7-de-abril-freddy-garcia-hizo-su-debut-en-las-grandes-ligas\/","url":"https:\/\/soynuevaprensadigital.com\/news1053fm\/efemerides-deportivas-7-de-abril-freddy-garcia-hizo-su-debut-en-las-grandes-ligas\/","name":"Efem\u00e9rides Deportivas 7 de abril: Freddy Garc\u00eda hizo su debut en las Grandes Ligas - News 105.3 FM","isPartOf":{"@id":"https:\/\/soynuevaprensadigital.com\/news1053fm\/#website"},"datePublished":"2021-04-08T01:05:40+00:00","author":{"@id":"https:\/\/soynuevaprensadigital.com\/news1053fm\/#\/schema\/person\/aa2d09ab130e943e3c7b360a32177538"},"breadcrumb":{"@id":"https:\/\/soynuevaprensadigital.com\/news1053fm\/efemerides-deportivas-7-de-abril-freddy-garcia-hizo-su-debut-en-las-grandes-ligas\/#breadcrumb"},"inLanguage":"es","potentialAction":[{"@type":"ReadAction","target":["https:\/\/soynuevaprensadigital.com\/news1053fm\/efemerides-deportivas-7-de-abril-freddy-garcia-hizo-su-debut-en-las-grandes-ligas\/"]}]},{"@type":"BreadcrumbList","@id":"https:\/\/soynuevaprensadigital.com\/news1053fm\/efemerides-deportivas-7-de-abril-freddy-garcia-hizo-su-debut-en-las-grandes-ligas\/#breadcrumb","itemListElement":[{"@type":"ListItem","position":1,"name":"Portada","item":"https:\/\/soynuevaprensadigital.com\/news1053fm\/"},{"@type":"ListItem","position":2,"name":"Efem\u00e9rides Deportivas 7 de abril: Freddy Garc\u00eda hizo su debut en las Grandes Ligas"}]},{"@type":"WebSite","@id":"https:\/\/soynuevaprensadigital.com\/news1053fm\/#website","url":"https:\/\/soynuevaprensadigital.com\/news1053fm\/","name":"News 105.3 FM","description":"Nuestro compromiso contigo nos permite ofrecerte la radio de mejor calidad, la frecuencia m\u00e1s limpia yel entretenimiento para todos los gustos.","potentialAction":[{"@type":"SearchAction","target":{"@type":"EntryPoint","urlTemplate":"https:\/\/soynuevaprensadigital.com\/news1053fm\/?s={search_term_string}"},"query-input":{"@type":"PropertyValueSpecification","valueRequired":true,"valueName":"search_term_string"}}],"inLanguage":"es"},{"@type":"Person","@id":"https:\/\/soynuevaprensadigital.com\/news1053fm\/#\/schema\/person\/aa2d09ab130e943e3c7b360a32177538","name":"Alvis Cristina Herrera","image":{"@type":"ImageObject","inLanguage":"es","@id":"https:\/\/secure.gravatar.com\/avatar\/6a4b461595fbd8c4d0947e89062b7b1df5ea5bc6348126d9594f8d0cece5be89?s=96&d=mm&r=g","url":"https:\/\/secure.gravatar.com\/avatar\/6a4b461595fbd8c4d0947e89062b7b1df5ea5bc6348126d9594f8d0cece5be89?s=96&d=mm&r=g","contentUrl":"https:\/\/secure.gravatar.com\/avatar\/6a4b461595fbd8c4d0947e89062b7b1df5ea5bc6348126d9594f8d0cece5be89?s=96&d=mm&r=g","caption":"Alvis Cristina Herrera"},"sameAs":["https:\/\/www.facebook.com\/AlvisCristinaHe","https:\/\/www.instagram.com\/alviscristinahe\/","https:\/\/www.linkedin.com\/in\/alviscristinahe\/","https:\/\/x.com\/https:\/\/www.twitter.com\/alviscristinahe\/"],"url":"https:\/\/soynuevaprensadigital.com\/news1053fm\/author\/alvisherrera\/"}]}},"_links":{"self":[{"href":"https:\/\/soynuevaprensadigital.com\/news1053fm\/wp-json\/wp\/v2\/posts\/1848","targetHints":{"allow":["GET"]}}],"collection":[{"href":"https:\/\/soynuevaprensadigital.com\/news1053fm\/wp-json\/wp\/v2\/posts"}],"about":[{"href":"https:\/\/soynuevaprensadigital.com\/news1053fm\/wp-json\/wp\/v2\/types\/post"}],"author":[{"embeddable":true,"href":"https:\/\/soynuevaprensadigital.com\/news1053fm\/wp-json\/wp\/v2\/users\/158"}],"replies":[{"embeddable":true,"href":"https:\/\/soynuevaprensadigital.com\/news1053fm\/wp-json\/wp\/v2\/comments?post=1848"}],"version-history":[{"count":0,"href":"https:\/\/soynuevaprensadigital.com\/news1053fm\/wp-json\/wp\/v2\/posts\/1848\/revisions"}],"wp:attachment":[{"href":"https:\/\/soynuevaprensadigital.com\/news1053fm\/wp-json\/wp\/v2\/media?parent=1848"}],"wp:term":[{"taxonomy":"category","embeddable":true,"href":"https:\/\/soynuevaprensadigital.com\/news1053fm\/wp-json\/wp\/v2\/categories?post=1848"},{"taxonomy":"post_tag","embeddable":true,"href":"https:\/\/soynuevaprensadigital.com\/news1053fm\/wp-json\/wp\/v2\/tags?post=1848"}],"curies":[{"name":"wp","href":"https:\/\/api.w.org\/{rel}","templated":true}]}}