{"id":1850,"date":"2021-04-07T21:11:29","date_gmt":"2021-04-08T01:11:29","guid":{"rendered":"https:\/\/soynuevaprensadigital.com\/news1053fm\/?p=1850"},"modified":"2021-04-07T21:11:29","modified_gmt":"2021-04-08T01:11:29","slug":"sam-mendes-contara-con-olivia-colman-para-su-proxima-pelicula","status":"publish","type":"post","link":"https:\/\/soynuevaprensadigital.com\/news1053fm\/sam-mendes-contara-con-olivia-colman-para-su-proxima-pelicula\/","title":{"rendered":"Sam Mendes contar\u00e1 con Olivia Colman para su pr\u00f3xima pel\u00edcula"},"content":{"rendered":"<p style=\"text-align: justify\"><strong>Los \u00c1ngeles.-<\/strong>La actual candidata al \u00d3scar a mejor actriz de reparto, Olivia Colman (\u00abThe Father\u00bb), protagonizar\u00e1 la pr\u00f3xima pel\u00edcula que Sam Mendes escribir\u00e1 y dirigir\u00e1 tras la aclamada \u00ab1917\u00bb.<\/p>\n<p style=\"text-align: justify\">El proyecto, titulado \u00abEmpire of Light\u00bb, unir\u00e1 dos de los nombres m\u00e1s respetados en la industria cinematogr\u00e1fica, pues Colman aspira a ganar el \u00d3scar por segunda vez tras vencer hace dos a\u00f1os con \u00abThe Favourite\u00bb, mientras que Mendes acumula 33 nominaciones a los premios de la Academia de Hollywood, con 12 victorias, gracias a cintas como \u00abAmerican Beauty\u00bb.<\/p>\n<p style=\"text-align: justify\">Para completar el equipo estelar, el cineasta contar\u00e1 con Roger Deakins (\u00abBlade Runner 2049\u00bb) en la direcci\u00f3n de fotograf\u00eda, una uni\u00f3n que dio excelentes cr\u00edticas en \u00abSkyfall\u00bb y \u00ab1917\u00bb.<\/p>\n<p style=\"text-align: justify\">Lo \u00fanico que se conoce de la trama es que narrar\u00e1 una historia de amor ambientada en la costa sur de Inglaterra durante los a\u00f1os 1980, seg\u00fan anunci\u00f3 la productora Searchlight este martes.<\/p>\n<p style=\"text-align: justify\">El estreno est\u00e1 previsto para oto\u00f1o de 2022.<\/p>\n<p style=\"text-align: justify\">Colman ha recibido este a\u00f1o algunas de las mejores cr\u00edticas de su carrera por su papel junto a Anthony Hopkins en \u00abThe Father\u00bb, una cinta que se mete en la piel de un hombre que sufre demencia senil y sus acompa\u00f1antes.<\/p>\n<p style=\"text-align: justify\">La actriz brit\u00e1nica ha sido nominada a los Globos de Oro, los BAFTA y los premios del Sindicato de Actores, adem\u00e1s de los \u00d3scar.<\/p>\n<p style=\"text-align: justify\">Por su parte, Mendes cuenta con dos largometrajes que figuran entre las mejores pel\u00edculas de las \u00faltimas d\u00e9cadas, la ganadora del \u00d3scar a mejor pel\u00edcula \u00abAmerican Beauty\u00bb (1999) y \u00ab1917\u00bb (2019), que perdi\u00f3 frente a otra obra maestra como \u00abParasite\u00bb.<\/p>\n<p style=\"text-align: justify\">\u00abEmpire of Light\u00bb ser\u00e1 el primer proyecto que escribe en solitario.<\/p>\n","protected":false},"excerpt":{"rendered":"<p>Los \u00c1ngeles.-La actual candidata al \u00d3scar a mejor actriz de reparto, Olivia Colman (\u00abThe Father\u00bb), protagonizar\u00e1 la pr\u00f3xima pel\u00edcula que Sam Mendes escribir\u00e1 y dirigir\u00e1 tras la aclamada \u00ab1917\u00bb. El proyecto, titulado \u00abEmpire of Light\u00bb, unir\u00e1 dos de los nombres m\u00e1s respetados en la industria cinematogr\u00e1fica, pues Colman aspira a ganar el \u00d3scar por segunda [&hellip;]<\/p>\n","protected":false},"author":158,"featured_media":0,"comment_status":"closed","ping_status":"closed","sticky":false,"template":"","format":"standard","meta":{"footnotes":""},"categories":[2,14],"tags":[],"class_list":["post-1850","post","type-post","status-publish","format-standard","hentry","category-featured","category-noticias"],"yoast_head":"<!-- This site is optimized with the Yoast SEO plugin v27.3 - https:\/\/yoast.com\/product\/yoast-seo-wordpress\/ -->\n<title>Sam Mendes contar\u00e1 con Olivia Colman para su pr\u00f3xima pel\u00edcula - News 105.3 FM<\/title>\n<meta name=\"robots\" content=\"index, follow, max-snippet:-1, max-image-preview:large, max-video-preview:-1\" \/>\n<link rel=\"canonical\" href=\"https:\/\/soynuevaprensadigital.com\/news1053fm\/sam-mendes-contara-con-olivia-colman-para-su-proxima-pelicula\/\" \/>\n<meta property=\"og:locale\" content=\"es_ES\" \/>\n<meta property=\"og:type\" content=\"article\" \/>\n<meta property=\"og:title\" content=\"Sam Mendes contar\u00e1 con Olivia Colman para su pr\u00f3xima pel\u00edcula - News 105.3 FM\" \/>\n<meta property=\"og:description\" content=\"Los \u00c1ngeles.-La actual candidata al \u00d3scar a mejor actriz de reparto, Olivia Colman (\u00abThe Father\u00bb), protagonizar\u00e1 la pr\u00f3xima pel\u00edcula que Sam Mendes escribir\u00e1 y dirigir\u00e1 tras la aclamada \u00ab1917\u00bb. El proyecto, titulado \u00abEmpire of Light\u00bb, unir\u00e1 dos de los nombres m\u00e1s respetados en la industria cinematogr\u00e1fica, pues Colman aspira a ganar el \u00d3scar por segunda [&hellip;]\" \/>\n<meta property=\"og:url\" content=\"https:\/\/soynuevaprensadigital.com\/news1053fm\/sam-mendes-contara-con-olivia-colman-para-su-proxima-pelicula\/\" \/>\n<meta property=\"og:site_name\" content=\"News 105.3 FM\" \/>\n<meta property=\"article:publisher\" content=\"https:\/\/www.facebook.com\/News1053fm-1655395028099413\/\" \/>\n<meta property=\"article:author\" content=\"https:\/\/www.facebook.com\/AlvisCristinaHe\" \/>\n<meta property=\"article:published_time\" content=\"2021-04-08T01:11:29+00:00\" \/>\n<meta property=\"og:image\" content=\"https:\/\/soynuevaprensadigital.com\/news1053fm\/wp-content\/uploads\/sites\/3\/2021\/04\/a6e2c17477f9158c2d3ba2a6e8b7b0090af0c176w.jpg\" \/>\n\t<meta property=\"og:image:width\" content=\"900\" \/>\n\t<meta property=\"og:image:height\" content=\"603\" \/>\n\t<meta property=\"og:image:type\" content=\"image\/jpeg\" \/>\n<meta name=\"author\" content=\"Alvis Cristina Herrera\" \/>\n<meta name=\"twitter:card\" content=\"summary_large_image\" \/>\n<meta name=\"twitter:creator\" content=\"@https:\/\/www.twitter.com\/alviscristinahe\/\" \/>\n<meta name=\"twitter:site\" content=\"@news105_3fm\" \/>\n<meta name=\"twitter:label1\" content=\"Escrito por\" \/>\n\t<meta name=\"twitter:data1\" content=\"Alvis Cristina Herrera\" \/>\n\t<meta name=\"twitter:label2\" content=\"Tiempo de lectura\" \/>\n\t<meta name=\"twitter:data2\" content=\"2 minutos\" \/>\n<script type=\"application\/ld+json\" class=\"yoast-schema-graph\">{\"@context\":\"https:\\\/\\\/schema.org\",\"@graph\":[{\"@type\":\"Article\",\"@id\":\"https:\\\/\\\/soynuevaprensadigital.com\\\/news1053fm\\\/sam-mendes-contara-con-olivia-colman-para-su-proxima-pelicula\\\/#article\",\"isPartOf\":{\"@id\":\"https:\\\/\\\/soynuevaprensadigital.com\\\/news1053fm\\\/sam-mendes-contara-con-olivia-colman-para-su-proxima-pelicula\\\/\"},\"author\":{\"name\":\"Alvis Cristina Herrera\",\"@id\":\"https:\\\/\\\/soynuevaprensadigital.com\\\/news1053fm\\\/#\\\/schema\\\/person\\\/aa2d09ab130e943e3c7b360a32177538\"},\"headline\":\"Sam Mendes contar\u00e1 con Olivia Colman para su pr\u00f3xima pel\u00edcula\",\"datePublished\":\"2021-04-08T01:11:29+00:00\",\"mainEntityOfPage\":{\"@id\":\"https:\\\/\\\/soynuevaprensadigital.com\\\/news1053fm\\\/sam-mendes-contara-con-olivia-colman-para-su-proxima-pelicula\\\/\"},\"wordCount\":296,\"articleSection\":[\"Featured\",\"Noticias\"],\"inLanguage\":\"es\"},{\"@type\":\"WebPage\",\"@id\":\"https:\\\/\\\/soynuevaprensadigital.com\\\/news1053fm\\\/sam-mendes-contara-con-olivia-colman-para-su-proxima-pelicula\\\/\",\"url\":\"https:\\\/\\\/soynuevaprensadigital.com\\\/news1053fm\\\/sam-mendes-contara-con-olivia-colman-para-su-proxima-pelicula\\\/\",\"name\":\"Sam Mendes contar\u00e1 con Olivia Colman para su pr\u00f3xima pel\u00edcula - News 105.3 FM\",\"isPartOf\":{\"@id\":\"https:\\\/\\\/soynuevaprensadigital.com\\\/news1053fm\\\/#website\"},\"datePublished\":\"2021-04-08T01:11:29+00:00\",\"author\":{\"@id\":\"https:\\\/\\\/soynuevaprensadigital.com\\\/news1053fm\\\/#\\\/schema\\\/person\\\/aa2d09ab130e943e3c7b360a32177538\"},\"breadcrumb\":{\"@id\":\"https:\\\/\\\/soynuevaprensadigital.com\\\/news1053fm\\\/sam-mendes-contara-con-olivia-colman-para-su-proxima-pelicula\\\/#breadcrumb\"},\"inLanguage\":\"es\",\"potentialAction\":[{\"@type\":\"ReadAction\",\"target\":[\"https:\\\/\\\/soynuevaprensadigital.com\\\/news1053fm\\\/sam-mendes-contara-con-olivia-colman-para-su-proxima-pelicula\\\/\"]}]},{\"@type\":\"BreadcrumbList\",\"@id\":\"https:\\\/\\\/soynuevaprensadigital.com\\\/news1053fm\\\/sam-mendes-contara-con-olivia-colman-para-su-proxima-pelicula\\\/#breadcrumb\",\"itemListElement\":[{\"@type\":\"ListItem\",\"position\":1,\"name\":\"Portada\",\"item\":\"https:\\\/\\\/soynuevaprensadigital.com\\\/news1053fm\\\/\"},{\"@type\":\"ListItem\",\"position\":2,\"name\":\"Sam Mendes contar\u00e1 con Olivia Colman para su pr\u00f3xima pel\u00edcula\"}]},{\"@type\":\"WebSite\",\"@id\":\"https:\\\/\\\/soynuevaprensadigital.com\\\/news1053fm\\\/#website\",\"url\":\"https:\\\/\\\/soynuevaprensadigital.com\\\/news1053fm\\\/\",\"name\":\"News 105.3 FM\",\"description\":\"Nuestro compromiso contigo nos permite ofrecerte la radio de mejor calidad, la frecuencia m\u00e1s limpia yel entretenimiento para todos los gustos.\",\"potentialAction\":[{\"@type\":\"SearchAction\",\"target\":{\"@type\":\"EntryPoint\",\"urlTemplate\":\"https:\\\/\\\/soynuevaprensadigital.com\\\/news1053fm\\\/?s={search_term_string}\"},\"query-input\":{\"@type\":\"PropertyValueSpecification\",\"valueRequired\":true,\"valueName\":\"search_term_string\"}}],\"inLanguage\":\"es\"},{\"@type\":\"Person\",\"@id\":\"https:\\\/\\\/soynuevaprensadigital.com\\\/news1053fm\\\/#\\\/schema\\\/person\\\/aa2d09ab130e943e3c7b360a32177538\",\"name\":\"Alvis Cristina Herrera\",\"image\":{\"@type\":\"ImageObject\",\"inLanguage\":\"es\",\"@id\":\"https:\\\/\\\/secure.gravatar.com\\\/avatar\\\/6a4b461595fbd8c4d0947e89062b7b1df5ea5bc6348126d9594f8d0cece5be89?s=96&d=mm&r=g\",\"url\":\"https:\\\/\\\/secure.gravatar.com\\\/avatar\\\/6a4b461595fbd8c4d0947e89062b7b1df5ea5bc6348126d9594f8d0cece5be89?s=96&d=mm&r=g\",\"contentUrl\":\"https:\\\/\\\/secure.gravatar.com\\\/avatar\\\/6a4b461595fbd8c4d0947e89062b7b1df5ea5bc6348126d9594f8d0cece5be89?s=96&d=mm&r=g\",\"caption\":\"Alvis Cristina Herrera\"},\"sameAs\":[\"https:\\\/\\\/www.facebook.com\\\/AlvisCristinaHe\",\"https:\\\/\\\/www.instagram.com\\\/alviscristinahe\\\/\",\"https:\\\/\\\/www.linkedin.com\\\/in\\\/alviscristinahe\\\/\",\"https:\\\/\\\/x.com\\\/https:\\\/\\\/www.twitter.com\\\/alviscristinahe\\\/\"],\"url\":\"https:\\\/\\\/soynuevaprensadigital.com\\\/news1053fm\\\/author\\\/alvisherrera\\\/\"}]}<\/script>\n<!-- \/ Yoast SEO plugin. -->","yoast_head_json":{"title":"Sam Mendes contar\u00e1 con Olivia Colman para su pr\u00f3xima pel\u00edcula - News 105.3 FM","robots":{"index":"index","follow":"follow","max-snippet":"max-snippet:-1","max-image-preview":"max-image-preview:large","max-video-preview":"max-video-preview:-1"},"canonical":"https:\/\/soynuevaprensadigital.com\/news1053fm\/sam-mendes-contara-con-olivia-colman-para-su-proxima-pelicula\/","og_locale":"es_ES","og_type":"article","og_title":"Sam Mendes contar\u00e1 con Olivia Colman para su pr\u00f3xima pel\u00edcula - News 105.3 FM","og_description":"Los \u00c1ngeles.-La actual candidata al \u00d3scar a mejor actriz de reparto, Olivia Colman (\u00abThe Father\u00bb), protagonizar\u00e1 la pr\u00f3xima pel\u00edcula que Sam Mendes escribir\u00e1 y dirigir\u00e1 tras la aclamada \u00ab1917\u00bb. El proyecto, titulado \u00abEmpire of Light\u00bb, unir\u00e1 dos de los nombres m\u00e1s respetados en la industria cinematogr\u00e1fica, pues Colman aspira a ganar el \u00d3scar por segunda [&hellip;]","og_url":"https:\/\/soynuevaprensadigital.com\/news1053fm\/sam-mendes-contara-con-olivia-colman-para-su-proxima-pelicula\/","og_site_name":"News 105.3 FM","article_publisher":"https:\/\/www.facebook.com\/News1053fm-1655395028099413\/","article_author":"https:\/\/www.facebook.com\/AlvisCristinaHe","article_published_time":"2021-04-08T01:11:29+00:00","og_image":[{"width":900,"height":603,"url":"https:\/\/soynuevaprensadigital.com\/news1053fm\/wp-content\/uploads\/sites\/3\/2021\/04\/a6e2c17477f9158c2d3ba2a6e8b7b0090af0c176w.jpg","type":"image\/jpeg"}],"author":"Alvis Cristina Herrera","twitter_card":"summary_large_image","twitter_creator":"@https:\/\/www.twitter.com\/alviscristinahe\/","twitter_site":"@news105_3fm","twitter_misc":{"Escrito por":"Alvis Cristina Herrera","Tiempo de lectura":"2 minutos"},"schema":{"@context":"https:\/\/schema.org","@graph":[{"@type":"Article","@id":"https:\/\/soynuevaprensadigital.com\/news1053fm\/sam-mendes-contara-con-olivia-colman-para-su-proxima-pelicula\/#article","isPartOf":{"@id":"https:\/\/soynuevaprensadigital.com\/news1053fm\/sam-mendes-contara-con-olivia-colman-para-su-proxima-pelicula\/"},"author":{"name":"Alvis Cristina Herrera","@id":"https:\/\/soynuevaprensadigital.com\/news1053fm\/#\/schema\/person\/aa2d09ab130e943e3c7b360a32177538"},"headline":"Sam Mendes contar\u00e1 con Olivia Colman para su pr\u00f3xima pel\u00edcula","datePublished":"2021-04-08T01:11:29+00:00","mainEntityOfPage":{"@id":"https:\/\/soynuevaprensadigital.com\/news1053fm\/sam-mendes-contara-con-olivia-colman-para-su-proxima-pelicula\/"},"wordCount":296,"articleSection":["Featured","Noticias"],"inLanguage":"es"},{"@type":"WebPage","@id":"https:\/\/soynuevaprensadigital.com\/news1053fm\/sam-mendes-contara-con-olivia-colman-para-su-proxima-pelicula\/","url":"https:\/\/soynuevaprensadigital.com\/news1053fm\/sam-mendes-contara-con-olivia-colman-para-su-proxima-pelicula\/","name":"Sam Mendes contar\u00e1 con Olivia Colman para su pr\u00f3xima pel\u00edcula - News 105.3 FM","isPartOf":{"@id":"https:\/\/soynuevaprensadigital.com\/news1053fm\/#website"},"datePublished":"2021-04-08T01:11:29+00:00","author":{"@id":"https:\/\/soynuevaprensadigital.com\/news1053fm\/#\/schema\/person\/aa2d09ab130e943e3c7b360a32177538"},"breadcrumb":{"@id":"https:\/\/soynuevaprensadigital.com\/news1053fm\/sam-mendes-contara-con-olivia-colman-para-su-proxima-pelicula\/#breadcrumb"},"inLanguage":"es","potentialAction":[{"@type":"ReadAction","target":["https:\/\/soynuevaprensadigital.com\/news1053fm\/sam-mendes-contara-con-olivia-colman-para-su-proxima-pelicula\/"]}]},{"@type":"BreadcrumbList","@id":"https:\/\/soynuevaprensadigital.com\/news1053fm\/sam-mendes-contara-con-olivia-colman-para-su-proxima-pelicula\/#breadcrumb","itemListElement":[{"@type":"ListItem","position":1,"name":"Portada","item":"https:\/\/soynuevaprensadigital.com\/news1053fm\/"},{"@type":"ListItem","position":2,"name":"Sam Mendes contar\u00e1 con Olivia Colman para su pr\u00f3xima pel\u00edcula"}]},{"@type":"WebSite","@id":"https:\/\/soynuevaprensadigital.com\/news1053fm\/#website","url":"https:\/\/soynuevaprensadigital.com\/news1053fm\/","name":"News 105.3 FM","description":"Nuestro compromiso contigo nos permite ofrecerte la radio de mejor calidad, la frecuencia m\u00e1s limpia yel entretenimiento para todos los gustos.","potentialAction":[{"@type":"SearchAction","target":{"@type":"EntryPoint","urlTemplate":"https:\/\/soynuevaprensadigital.com\/news1053fm\/?s={search_term_string}"},"query-input":{"@type":"PropertyValueSpecification","valueRequired":true,"valueName":"search_term_string"}}],"inLanguage":"es"},{"@type":"Person","@id":"https:\/\/soynuevaprensadigital.com\/news1053fm\/#\/schema\/person\/aa2d09ab130e943e3c7b360a32177538","name":"Alvis Cristina Herrera","image":{"@type":"ImageObject","inLanguage":"es","@id":"https:\/\/secure.gravatar.com\/avatar\/6a4b461595fbd8c4d0947e89062b7b1df5ea5bc6348126d9594f8d0cece5be89?s=96&d=mm&r=g","url":"https:\/\/secure.gravatar.com\/avatar\/6a4b461595fbd8c4d0947e89062b7b1df5ea5bc6348126d9594f8d0cece5be89?s=96&d=mm&r=g","contentUrl":"https:\/\/secure.gravatar.com\/avatar\/6a4b461595fbd8c4d0947e89062b7b1df5ea5bc6348126d9594f8d0cece5be89?s=96&d=mm&r=g","caption":"Alvis Cristina Herrera"},"sameAs":["https:\/\/www.facebook.com\/AlvisCristinaHe","https:\/\/www.instagram.com\/alviscristinahe\/","https:\/\/www.linkedin.com\/in\/alviscristinahe\/","https:\/\/x.com\/https:\/\/www.twitter.com\/alviscristinahe\/"],"url":"https:\/\/soynuevaprensadigital.com\/news1053fm\/author\/alvisherrera\/"}]}},"_links":{"self":[{"href":"https:\/\/soynuevaprensadigital.com\/news1053fm\/wp-json\/wp\/v2\/posts\/1850","targetHints":{"allow":["GET"]}}],"collection":[{"href":"https:\/\/soynuevaprensadigital.com\/news1053fm\/wp-json\/wp\/v2\/posts"}],"about":[{"href":"https:\/\/soynuevaprensadigital.com\/news1053fm\/wp-json\/wp\/v2\/types\/post"}],"author":[{"embeddable":true,"href":"https:\/\/soynuevaprensadigital.com\/news1053fm\/wp-json\/wp\/v2\/users\/158"}],"replies":[{"embeddable":true,"href":"https:\/\/soynuevaprensadigital.com\/news1053fm\/wp-json\/wp\/v2\/comments?post=1850"}],"version-history":[{"count":0,"href":"https:\/\/soynuevaprensadigital.com\/news1053fm\/wp-json\/wp\/v2\/posts\/1850\/revisions"}],"wp:attachment":[{"href":"https:\/\/soynuevaprensadigital.com\/news1053fm\/wp-json\/wp\/v2\/media?parent=1850"}],"wp:term":[{"taxonomy":"category","embeddable":true,"href":"https:\/\/soynuevaprensadigital.com\/news1053fm\/wp-json\/wp\/v2\/categories?post=1850"},{"taxonomy":"post_tag","embeddable":true,"href":"https:\/\/soynuevaprensadigital.com\/news1053fm\/wp-json\/wp\/v2\/tags?post=1850"}],"curies":[{"name":"wp","href":"https:\/\/api.w.org\/{rel}","templated":true}]}}