{"id":1856,"date":"2021-04-07T21:18:13","date_gmt":"2021-04-08T01:18:13","guid":{"rendered":"https:\/\/soynuevaprensadigital.com\/news1053fm\/?p=1856"},"modified":"2021-04-07T21:18:14","modified_gmt":"2021-04-08T01:18:14","slug":"lo-que-no-sabias-de-uefa-champions-league","status":"publish","type":"post","link":"https:\/\/soynuevaprensadigital.com\/news1053fm\/lo-que-no-sabias-de-uefa-champions-league\/","title":{"rendered":"Lo que no sab\u00edas de&#8230; UEFA Champions League"},"content":{"rendered":"<p style=\"text-align: justify\"><strong>Ciudad Guayana.-<\/strong>La Liga de Campeones de la UEFA, originariamente conocida como Copa de Europa, es el torneo internacional oficial de f\u00fatbol m\u00e1s prestigioso a nivel de clubes entre los organizados por la Uni\u00f3n de Asociaciones Europeas de F\u00fatbol.<\/p>\n<ol style=\"text-align: justify\">\n<li><strong> El nacimiento de la Copa de Europa<\/strong><\/li>\n<\/ol>\n<p style=\"text-align: justify\">Surgi\u00f3 como una idea del periodista Gabriel Hanot de la revista francesa L\u00b4equipe, una competici\u00f3n que enfrentase a los clubes campeones de toda Europa, A Jacques Goddet, director de L\u2019Equipe, le gust\u00f3 la idea y comenz\u00f3 a desarrollar la idea. Los d\u00edas 2 y 3 de abril de 1955 se celebran las reuniones fundacionales en el Hotel Ambassador de Par\u00eds, presididas por Goddet.<\/p>\n<ol style=\"text-align: justify\" start=\"2\">\n<li><strong> Himno de la Champions<\/strong><\/li>\n<\/ol>\n<p style=\"text-align: justify\">El himno es una creaci\u00f3n de Tony Britten en 1992 inspirada en \u00abZadok, el sacerdote\u00bb, una pieza del compositor alem\u00e1n H\u00e4ndel. La letra est\u00e1 escrita en los tres idiomas oficiales de la UEFA, ingl\u00e9s, alem\u00e1n y franc\u00e9s.<\/p>\n<ol style=\"text-align: justify\" start=\"3\">\n<li><strong> Trofeo original de la Copa de Europa<\/strong><\/li>\n<\/ol>\n<p style=\"text-align: justify\">El trofeo original de la Copa de Europa fue donado por el peri\u00f3dico deportivo franc\u00e9s L\u2019Equipe. Este trofeo fue otorgado de manera permanente al Real Madrid en marzo de 1967. Antes de la temporada 08\/09 el trofeo de Champions League se entregaba en propiedad a los equipos que eran capaces de ganarla 3 veces de forma consecutiva, o en su defecto, 5 veces alternas pero ahora la UEFA es la propietaria ad eternum del trofeo y entrega una r\u00e9plica exacta al campe\u00f3n, no otorg\u00e1ndose nunca m\u00e1s el trofeo aut\u00e9ntico en propiedad.<\/p>\n<ol style=\"text-align: justify\" start=\"4\">\n<li><strong> La Orejona<\/strong><\/li>\n<\/ol>\n<p style=\"text-align: justify\">Naci\u00f3 en 1967, despu\u00e9s de que la UEFA entregara en propiedad al Real Madrid el primer trofeo y se viera en la obligaci\u00f3n de \u2018fabricar\u2019 uno nuevo. El encargo fue realizado a un joyero de la localidad suiza de Berna, J\u00f6rg Stadelmann. El trofeo actual \u2018orejona\u2019, con 74 cent\u00edmetros de altura y un peso de 7,5 kilos. Realizada en plata, tiene un valor econ\u00f3mico cercano a los 9.300 euros.<\/p>\n<ol style=\"text-align: justify\" start=\"5\">\n<li><strong> El gol m\u00e1s r\u00e1pido<\/strong><\/li>\n<\/ol>\n<p style=\"text-align: justify\">Lo anot\u00f3 el holand\u00e9s Roy Makaay frente al Real Madrid en 2007 en un tiempo un r\u00e9cord de 10,12 segundos.<\/p>\n<ol style=\"text-align: justify\" start=\"6\">\n<li><strong> El gol m\u00e1s joven<\/strong><\/li>\n<\/ol>\n<p style=\"text-align: justify\">Llevaba 90 segundos en el terreno de juego cuando el jugador del Barcelona Ansu Fati, anotaba el gol que le convertir\u00eda en el jugador m\u00e1s joven en marcar un gol en la historia de la Champions con 17 a\u00f1os y 40 d\u00edas. Fue en diciembre de 2019 en el partido que enfrentaba al Barcelona y al Inter.<\/p>\n<ol style=\"text-align: justify\" start=\"7\">\n<li><strong> El jugador m\u00e1s veterano<\/strong><\/li>\n<\/ol>\n<p style=\"text-align: justify\">El portero Marco Ballotta, jug\u00f3 el partido de Champions entre el Real Madrid-Lazio en 2007 con 43 a\u00f1os y medio, convirti\u00e9ndose en el jugador de mayor edad en jugar un partido de Champions.<\/p>\n<ol style=\"text-align: justify\" start=\"8\">\n<li><strong> Jugador m\u00e1s veterano en marcar<\/strong><\/li>\n<\/ol>\n<p style=\"text-align: justify\">Francesco Totti (Roma) es el jugador m\u00e1s veterano en marcar en Champions con 38 a\u00f1os y 59 d\u00edas contra el CSKA de Mosc\u00fa, en noviembre de 2014.<\/p>\n<ol style=\"text-align: justify\" start=\"9\">\n<li><strong> El futbolista que m\u00e1s ha cambiado de camiseta<\/strong><\/li>\n<\/ol>\n<p style=\"text-align: justify\">El sueco Zlatan Ibrahimovic ha jugado la Champions League con siete equipos diferentes y con ninguno ha logrado el ansiado trofeo.<\/p>\n<ol style=\"text-align: justify\" start=\"10\">\n<li><strong> El jugador ganador de la Champions con m\u00e1s equipos diferentes<\/strong><\/li>\n<\/ol>\n<p style=\"text-align: justify\">Clarence Seedorf se ha proclamado campe\u00f3n de la Champions League con tres equipos diferentes, Ajax (94\/95), Real Madrid (97\/98) y AC Mil\u00e1n (02\/03 y 06\/07).<\/p>\n<ol style=\"text-align: justify\" start=\"11\">\n<li><strong> El club m\u00e1s ganador<\/strong><\/li>\n<\/ol>\n<p style=\"text-align: justify\">El Real Madrid posee 13 orejonas en sus vitrinas. Es, adem\u00e1s, el \u00fanico que la ha ganado cinco veces de forma consecutiva (las cinco primeras ediciones) y el \u00fanico que ha repetido t\u00edtulo desde la renovaci\u00f3n de la Champions League en 1992.<\/p>\n<ol style=\"text-align: justify\" start=\"12\">\n<li><strong> El entrenador con m\u00e1s t\u00edtulos<\/strong><\/li>\n<\/ol>\n<p style=\"text-align: justify\">Ancelotti y Zidane son los entrenadores m\u00e1s ganadores, con 3 Champions cada uno.<\/p>\n<ol style=\"text-align: justify\" start=\"13\">\n<li><strong> El m\u00e1s veterano en ganar la Champions<\/strong><\/li>\n<\/ol>\n<p style=\"text-align: justify\">Con 38 a\u00f1os y 331 d\u00edas, Paolo Maldini (AC Mil\u00e1n) levantaba el trofeo de la Champions en 2007, convirti\u00e9ndose en el jugador de mayor edad en levantar el trofeo en una final que enfrent\u00f3 a su equipo contra el Liverpool<\/p>\n<ol style=\"text-align: justify\" start=\"14\">\n<li><strong> El jugador con m\u00e1s finales<\/strong><\/li>\n<\/ol>\n<p style=\"text-align: justify\">El jugador que m\u00e1s finales ha disputado de la historia, desde la primera edici\u00f3n en 1955 ha sido Paco Gento con un total de 8 finales<\/p>\n<ol style=\"text-align: justify\" start=\"15\">\n<li><strong> La mayor goleada<\/strong><\/li>\n<\/ol>\n<p style=\"text-align: justify\">El 18 de mayo de 1960 se enfrentaron el Real Madrid y el Eintracht Frankfurt en un partido de Copa de Europa que acab\u00f3 con un marcador de 7-3 el resultado m\u00e1s abultado hasta el momento de la competici\u00f3n europea<\/p>\n<ol style=\"text-align: justify\" start=\"16\">\n<li><strong> El m\u00e1s veterano en disputar una final<\/strong><\/li>\n<\/ol>\n<p style=\"text-align: justify\">Es Dino Zoff, con 41 a\u00f1os y 86 d\u00edas en la temporada 82\/83 entre el Hamburgo y la Juventus 1-0.<\/p>\n<ol style=\"text-align: justify\" start=\"17\">\n<li><strong> M\u00e1ximo goleador<\/strong><\/li>\n<\/ol>\n<p style=\"text-align: justify\">Cristiano Ronaldo es el m\u00e1ximo goleador hist\u00f3rico de la competici\u00f3n europea (incluyendo ronda de clasificaci\u00f3n) con un total hasta el momento de 131 goles<\/p>\n<ol style=\"text-align: justify\" start=\"18\">\n<li><strong> Con m\u00e1s partidos<\/strong><\/li>\n<\/ol>\n<p style=\"text-align: justify\">Iker Casillas es el futbolista que m\u00e1s encuentros ha jugado en la m\u00e1ximo competici\u00f3n europea con 181 partidos. Le sigue de cerca Cristiano Ronaldo con 180.<\/p>\n","protected":false},"excerpt":{"rendered":"<p>Ciudad Guayana.-La Liga de Campeones de la UEFA, originariamente conocida como Copa de Europa, es el torneo internacional oficial de f\u00fatbol m\u00e1s prestigioso a nivel de clubes entre los organizados por la Uni\u00f3n de Asociaciones Europeas de F\u00fatbol. El nacimiento de la Copa de Europa Surgi\u00f3 como una idea del periodista Gabriel Hanot de la [&hellip;]<\/p>\n","protected":false},"author":158,"featured_media":0,"comment_status":"closed","ping_status":"closed","sticky":false,"template":"","format":"standard","meta":{"footnotes":""},"categories":[2,19],"tags":[],"class_list":["post-1856","post","type-post","status-publish","format-standard","hentry","category-featured","category-mundo-deportivo"],"yoast_head":"<!-- This site is optimized with the Yoast SEO plugin v27.3 - https:\/\/yoast.com\/product\/yoast-seo-wordpress\/ -->\n<title>Lo que no sab\u00edas de... UEFA Champions League - News 105.3 FM<\/title>\n<meta name=\"robots\" content=\"index, follow, max-snippet:-1, max-image-preview:large, max-video-preview:-1\" \/>\n<link rel=\"canonical\" href=\"https:\/\/soynuevaprensadigital.com\/news1053fm\/lo-que-no-sabias-de-uefa-champions-league\/\" \/>\n<meta property=\"og:locale\" content=\"es_ES\" \/>\n<meta property=\"og:type\" content=\"article\" \/>\n<meta property=\"og:title\" content=\"Lo que no sab\u00edas de... UEFA Champions League - News 105.3 FM\" \/>\n<meta property=\"og:description\" content=\"Ciudad Guayana.-La Liga de Campeones de la UEFA, originariamente conocida como Copa de Europa, es el torneo internacional oficial de f\u00fatbol m\u00e1s prestigioso a nivel de clubes entre los organizados por la Uni\u00f3n de Asociaciones Europeas de F\u00fatbol. El nacimiento de la Copa de Europa Surgi\u00f3 como una idea del periodista Gabriel Hanot de la [&hellip;]\" \/>\n<meta property=\"og:url\" content=\"https:\/\/soynuevaprensadigital.com\/news1053fm\/lo-que-no-sabias-de-uefa-champions-league\/\" \/>\n<meta property=\"og:site_name\" content=\"News 105.3 FM\" \/>\n<meta property=\"article:publisher\" content=\"https:\/\/www.facebook.com\/News1053fm-1655395028099413\/\" \/>\n<meta property=\"article:author\" content=\"https:\/\/www.facebook.com\/AlvisCristinaHe\" \/>\n<meta property=\"article:published_time\" content=\"2021-04-08T01:18:13+00:00\" \/>\n<meta property=\"article:modified_time\" content=\"2021-04-08T01:18:14+00:00\" \/>\n<meta property=\"og:image\" content=\"https:\/\/soynuevaprensadigital.com\/news1053fm\/wp-content\/uploads\/sites\/3\/2021\/04\/wtw_graphhic.jpg\" \/>\n\t<meta property=\"og:image:width\" content=\"1972\" \/>\n\t<meta property=\"og:image:height\" content=\"1109\" \/>\n\t<meta property=\"og:image:type\" content=\"image\/jpeg\" \/>\n<meta name=\"author\" content=\"Alvis Cristina Herrera\" \/>\n<meta name=\"twitter:card\" content=\"summary_large_image\" \/>\n<meta name=\"twitter:creator\" content=\"@https:\/\/www.twitter.com\/alviscristinahe\/\" \/>\n<meta name=\"twitter:site\" content=\"@news105_3fm\" \/>\n<meta name=\"twitter:label1\" content=\"Escrito por\" \/>\n\t<meta name=\"twitter:data1\" content=\"Alvis Cristina Herrera\" \/>\n\t<meta name=\"twitter:label2\" content=\"Tiempo de lectura\" \/>\n\t<meta name=\"twitter:data2\" content=\"4 minutos\" \/>\n<script type=\"application\/ld+json\" class=\"yoast-schema-graph\">{\"@context\":\"https:\\\/\\\/schema.org\",\"@graph\":[{\"@type\":\"Article\",\"@id\":\"https:\\\/\\\/soynuevaprensadigital.com\\\/news1053fm\\\/lo-que-no-sabias-de-uefa-champions-league\\\/#article\",\"isPartOf\":{\"@id\":\"https:\\\/\\\/soynuevaprensadigital.com\\\/news1053fm\\\/lo-que-no-sabias-de-uefa-champions-league\\\/\"},\"author\":{\"name\":\"Alvis Cristina Herrera\",\"@id\":\"https:\\\/\\\/soynuevaprensadigital.com\\\/news1053fm\\\/#\\\/schema\\\/person\\\/aa2d09ab130e943e3c7b360a32177538\"},\"headline\":\"Lo que no sab\u00edas de&#8230; UEFA Champions League\",\"datePublished\":\"2021-04-08T01:18:13+00:00\",\"dateModified\":\"2021-04-08T01:18:14+00:00\",\"mainEntityOfPage\":{\"@id\":\"https:\\\/\\\/soynuevaprensadigital.com\\\/news1053fm\\\/lo-que-no-sabias-de-uefa-champions-league\\\/\"},\"wordCount\":847,\"articleSection\":[\"Featured\",\"Mundo Deportivo\"],\"inLanguage\":\"es\"},{\"@type\":\"WebPage\",\"@id\":\"https:\\\/\\\/soynuevaprensadigital.com\\\/news1053fm\\\/lo-que-no-sabias-de-uefa-champions-league\\\/\",\"url\":\"https:\\\/\\\/soynuevaprensadigital.com\\\/news1053fm\\\/lo-que-no-sabias-de-uefa-champions-league\\\/\",\"name\":\"Lo que no sab\u00edas de... UEFA Champions League - News 105.3 FM\",\"isPartOf\":{\"@id\":\"https:\\\/\\\/soynuevaprensadigital.com\\\/news1053fm\\\/#website\"},\"datePublished\":\"2021-04-08T01:18:13+00:00\",\"dateModified\":\"2021-04-08T01:18:14+00:00\",\"author\":{\"@id\":\"https:\\\/\\\/soynuevaprensadigital.com\\\/news1053fm\\\/#\\\/schema\\\/person\\\/aa2d09ab130e943e3c7b360a32177538\"},\"breadcrumb\":{\"@id\":\"https:\\\/\\\/soynuevaprensadigital.com\\\/news1053fm\\\/lo-que-no-sabias-de-uefa-champions-league\\\/#breadcrumb\"},\"inLanguage\":\"es\",\"potentialAction\":[{\"@type\":\"ReadAction\",\"target\":[\"https:\\\/\\\/soynuevaprensadigital.com\\\/news1053fm\\\/lo-que-no-sabias-de-uefa-champions-league\\\/\"]}]},{\"@type\":\"BreadcrumbList\",\"@id\":\"https:\\\/\\\/soynuevaprensadigital.com\\\/news1053fm\\\/lo-que-no-sabias-de-uefa-champions-league\\\/#breadcrumb\",\"itemListElement\":[{\"@type\":\"ListItem\",\"position\":1,\"name\":\"Portada\",\"item\":\"https:\\\/\\\/soynuevaprensadigital.com\\\/news1053fm\\\/\"},{\"@type\":\"ListItem\",\"position\":2,\"name\":\"Lo que no sab\u00edas de&#8230; UEFA Champions League\"}]},{\"@type\":\"WebSite\",\"@id\":\"https:\\\/\\\/soynuevaprensadigital.com\\\/news1053fm\\\/#website\",\"url\":\"https:\\\/\\\/soynuevaprensadigital.com\\\/news1053fm\\\/\",\"name\":\"News 105.3 FM\",\"description\":\"Nuestro compromiso contigo nos permite ofrecerte la radio de mejor calidad, la frecuencia m\u00e1s limpia yel entretenimiento para todos los gustos.\",\"potentialAction\":[{\"@type\":\"SearchAction\",\"target\":{\"@type\":\"EntryPoint\",\"urlTemplate\":\"https:\\\/\\\/soynuevaprensadigital.com\\\/news1053fm\\\/?s={search_term_string}\"},\"query-input\":{\"@type\":\"PropertyValueSpecification\",\"valueRequired\":true,\"valueName\":\"search_term_string\"}}],\"inLanguage\":\"es\"},{\"@type\":\"Person\",\"@id\":\"https:\\\/\\\/soynuevaprensadigital.com\\\/news1053fm\\\/#\\\/schema\\\/person\\\/aa2d09ab130e943e3c7b360a32177538\",\"name\":\"Alvis Cristina Herrera\",\"image\":{\"@type\":\"ImageObject\",\"inLanguage\":\"es\",\"@id\":\"https:\\\/\\\/secure.gravatar.com\\\/avatar\\\/6a4b461595fbd8c4d0947e89062b7b1df5ea5bc6348126d9594f8d0cece5be89?s=96&d=mm&r=g\",\"url\":\"https:\\\/\\\/secure.gravatar.com\\\/avatar\\\/6a4b461595fbd8c4d0947e89062b7b1df5ea5bc6348126d9594f8d0cece5be89?s=96&d=mm&r=g\",\"contentUrl\":\"https:\\\/\\\/secure.gravatar.com\\\/avatar\\\/6a4b461595fbd8c4d0947e89062b7b1df5ea5bc6348126d9594f8d0cece5be89?s=96&d=mm&r=g\",\"caption\":\"Alvis Cristina Herrera\"},\"sameAs\":[\"https:\\\/\\\/www.facebook.com\\\/AlvisCristinaHe\",\"https:\\\/\\\/www.instagram.com\\\/alviscristinahe\\\/\",\"https:\\\/\\\/www.linkedin.com\\\/in\\\/alviscristinahe\\\/\",\"https:\\\/\\\/x.com\\\/https:\\\/\\\/www.twitter.com\\\/alviscristinahe\\\/\"],\"url\":\"https:\\\/\\\/soynuevaprensadigital.com\\\/news1053fm\\\/author\\\/alvisherrera\\\/\"}]}<\/script>\n<!-- \/ Yoast SEO plugin. -->","yoast_head_json":{"title":"Lo que no sab\u00edas de... UEFA Champions League - News 105.3 FM","robots":{"index":"index","follow":"follow","max-snippet":"max-snippet:-1","max-image-preview":"max-image-preview:large","max-video-preview":"max-video-preview:-1"},"canonical":"https:\/\/soynuevaprensadigital.com\/news1053fm\/lo-que-no-sabias-de-uefa-champions-league\/","og_locale":"es_ES","og_type":"article","og_title":"Lo que no sab\u00edas de... UEFA Champions League - News 105.3 FM","og_description":"Ciudad Guayana.-La Liga de Campeones de la UEFA, originariamente conocida como Copa de Europa, es el torneo internacional oficial de f\u00fatbol m\u00e1s prestigioso a nivel de clubes entre los organizados por la Uni\u00f3n de Asociaciones Europeas de F\u00fatbol. El nacimiento de la Copa de Europa Surgi\u00f3 como una idea del periodista Gabriel Hanot de la [&hellip;]","og_url":"https:\/\/soynuevaprensadigital.com\/news1053fm\/lo-que-no-sabias-de-uefa-champions-league\/","og_site_name":"News 105.3 FM","article_publisher":"https:\/\/www.facebook.com\/News1053fm-1655395028099413\/","article_author":"https:\/\/www.facebook.com\/AlvisCristinaHe","article_published_time":"2021-04-08T01:18:13+00:00","article_modified_time":"2021-04-08T01:18:14+00:00","og_image":[{"width":1972,"height":1109,"url":"https:\/\/soynuevaprensadigital.com\/news1053fm\/wp-content\/uploads\/sites\/3\/2021\/04\/wtw_graphhic.jpg","type":"image\/jpeg"}],"author":"Alvis Cristina Herrera","twitter_card":"summary_large_image","twitter_creator":"@https:\/\/www.twitter.com\/alviscristinahe\/","twitter_site":"@news105_3fm","twitter_misc":{"Escrito por":"Alvis Cristina Herrera","Tiempo de lectura":"4 minutos"},"schema":{"@context":"https:\/\/schema.org","@graph":[{"@type":"Article","@id":"https:\/\/soynuevaprensadigital.com\/news1053fm\/lo-que-no-sabias-de-uefa-champions-league\/#article","isPartOf":{"@id":"https:\/\/soynuevaprensadigital.com\/news1053fm\/lo-que-no-sabias-de-uefa-champions-league\/"},"author":{"name":"Alvis Cristina Herrera","@id":"https:\/\/soynuevaprensadigital.com\/news1053fm\/#\/schema\/person\/aa2d09ab130e943e3c7b360a32177538"},"headline":"Lo que no sab\u00edas de&#8230; UEFA Champions League","datePublished":"2021-04-08T01:18:13+00:00","dateModified":"2021-04-08T01:18:14+00:00","mainEntityOfPage":{"@id":"https:\/\/soynuevaprensadigital.com\/news1053fm\/lo-que-no-sabias-de-uefa-champions-league\/"},"wordCount":847,"articleSection":["Featured","Mundo Deportivo"],"inLanguage":"es"},{"@type":"WebPage","@id":"https:\/\/soynuevaprensadigital.com\/news1053fm\/lo-que-no-sabias-de-uefa-champions-league\/","url":"https:\/\/soynuevaprensadigital.com\/news1053fm\/lo-que-no-sabias-de-uefa-champions-league\/","name":"Lo que no sab\u00edas de... UEFA Champions League - News 105.3 FM","isPartOf":{"@id":"https:\/\/soynuevaprensadigital.com\/news1053fm\/#website"},"datePublished":"2021-04-08T01:18:13+00:00","dateModified":"2021-04-08T01:18:14+00:00","author":{"@id":"https:\/\/soynuevaprensadigital.com\/news1053fm\/#\/schema\/person\/aa2d09ab130e943e3c7b360a32177538"},"breadcrumb":{"@id":"https:\/\/soynuevaprensadigital.com\/news1053fm\/lo-que-no-sabias-de-uefa-champions-league\/#breadcrumb"},"inLanguage":"es","potentialAction":[{"@type":"ReadAction","target":["https:\/\/soynuevaprensadigital.com\/news1053fm\/lo-que-no-sabias-de-uefa-champions-league\/"]}]},{"@type":"BreadcrumbList","@id":"https:\/\/soynuevaprensadigital.com\/news1053fm\/lo-que-no-sabias-de-uefa-champions-league\/#breadcrumb","itemListElement":[{"@type":"ListItem","position":1,"name":"Portada","item":"https:\/\/soynuevaprensadigital.com\/news1053fm\/"},{"@type":"ListItem","position":2,"name":"Lo que no sab\u00edas de&#8230; UEFA Champions League"}]},{"@type":"WebSite","@id":"https:\/\/soynuevaprensadigital.com\/news1053fm\/#website","url":"https:\/\/soynuevaprensadigital.com\/news1053fm\/","name":"News 105.3 FM","description":"Nuestro compromiso contigo nos permite ofrecerte la radio de mejor calidad, la frecuencia m\u00e1s limpia yel entretenimiento para todos los gustos.","potentialAction":[{"@type":"SearchAction","target":{"@type":"EntryPoint","urlTemplate":"https:\/\/soynuevaprensadigital.com\/news1053fm\/?s={search_term_string}"},"query-input":{"@type":"PropertyValueSpecification","valueRequired":true,"valueName":"search_term_string"}}],"inLanguage":"es"},{"@type":"Person","@id":"https:\/\/soynuevaprensadigital.com\/news1053fm\/#\/schema\/person\/aa2d09ab130e943e3c7b360a32177538","name":"Alvis Cristina Herrera","image":{"@type":"ImageObject","inLanguage":"es","@id":"https:\/\/secure.gravatar.com\/avatar\/6a4b461595fbd8c4d0947e89062b7b1df5ea5bc6348126d9594f8d0cece5be89?s=96&d=mm&r=g","url":"https:\/\/secure.gravatar.com\/avatar\/6a4b461595fbd8c4d0947e89062b7b1df5ea5bc6348126d9594f8d0cece5be89?s=96&d=mm&r=g","contentUrl":"https:\/\/secure.gravatar.com\/avatar\/6a4b461595fbd8c4d0947e89062b7b1df5ea5bc6348126d9594f8d0cece5be89?s=96&d=mm&r=g","caption":"Alvis Cristina Herrera"},"sameAs":["https:\/\/www.facebook.com\/AlvisCristinaHe","https:\/\/www.instagram.com\/alviscristinahe\/","https:\/\/www.linkedin.com\/in\/alviscristinahe\/","https:\/\/x.com\/https:\/\/www.twitter.com\/alviscristinahe\/"],"url":"https:\/\/soynuevaprensadigital.com\/news1053fm\/author\/alvisherrera\/"}]}},"_links":{"self":[{"href":"https:\/\/soynuevaprensadigital.com\/news1053fm\/wp-json\/wp\/v2\/posts\/1856","targetHints":{"allow":["GET"]}}],"collection":[{"href":"https:\/\/soynuevaprensadigital.com\/news1053fm\/wp-json\/wp\/v2\/posts"}],"about":[{"href":"https:\/\/soynuevaprensadigital.com\/news1053fm\/wp-json\/wp\/v2\/types\/post"}],"author":[{"embeddable":true,"href":"https:\/\/soynuevaprensadigital.com\/news1053fm\/wp-json\/wp\/v2\/users\/158"}],"replies":[{"embeddable":true,"href":"https:\/\/soynuevaprensadigital.com\/news1053fm\/wp-json\/wp\/v2\/comments?post=1856"}],"version-history":[{"count":0,"href":"https:\/\/soynuevaprensadigital.com\/news1053fm\/wp-json\/wp\/v2\/posts\/1856\/revisions"}],"wp:attachment":[{"href":"https:\/\/soynuevaprensadigital.com\/news1053fm\/wp-json\/wp\/v2\/media?parent=1856"}],"wp:term":[{"taxonomy":"category","embeddable":true,"href":"https:\/\/soynuevaprensadigital.com\/news1053fm\/wp-json\/wp\/v2\/categories?post=1856"},{"taxonomy":"post_tag","embeddable":true,"href":"https:\/\/soynuevaprensadigital.com\/news1053fm\/wp-json\/wp\/v2\/tags?post=1856"}],"curies":[{"name":"wp","href":"https:\/\/api.w.org\/{rel}","templated":true}]}}