{"id":1861,"date":"2021-04-08T19:22:29","date_gmt":"2021-04-08T23:22:29","guid":{"rendered":"https:\/\/soynuevaprensadigital.com\/news1053fm\/?p=1861"},"modified":"2021-04-09T19:32:19","modified_gmt":"2021-04-09T23:32:19","slug":"efemerides-deportivas-8-de-abril-sebastian-vettel-celebro-con-victoria-su-carrera-200-en-la-formula-1","status":"publish","type":"post","link":"https:\/\/soynuevaprensadigital.com\/news1053fm\/efemerides-deportivas-8-de-abril-sebastian-vettel-celebro-con-victoria-su-carrera-200-en-la-formula-1\/","title":{"rendered":"Efem\u00e9rides Deportivas 8 de abril: Sebasti\u00e1n Vettel celebr\u00f3 con victoria su carrera 200 en la F\u00f3rmula 1"},"content":{"rendered":"<p style=\"text-align: justify\"><strong>Ciudad Guayana.-<\/strong>Sebasti\u00e1n Vettel logr\u00f3 un d\u00eda como hoy, su segunda victoria de la temporada 2018 de la F\u00f3rmula 1 al imponerse sin mayores complicaciones en el Gran Premio de Bahr\u00e9in en una carrera donde lucho hasta la \u00faltima vuelta para derrotar al Mercedes de Valtteri Bottas quien se llev\u00f3 el segundo sitio acompa\u00f1ado en el podio por su compa\u00f1ero Lewis Hamilton, tercero de la carrera.<\/p>\n<p style=\"text-align: justify\">En el arranque, Vettel mantuvo el primer sitio mientras que Valtteri Bottas adelant\u00f3 a Kimi R\u00e4ikk\u00f6nen para tomar el segundo puesto.<\/p>\n<p style=\"text-align: justify\">Detr\u00e1s de ellos surgieron una serie de incidentes. Sergio P\u00e9rez y Brendon Hartley se tocaron en la curva 4 provocando serios da\u00f1os en el monoplaza del mexicano que mermaron su paso a lo largo de la competencia, adem\u00e1s de descenderlo a la \u00faltima posici\u00f3n. Los comisarios de carrera determinaron que el integrante de Toro Rosso pudo haber evitado el contacto y lo penalizaron con 10 segundos.<\/p>\n<p style=\"text-align: justify\">Hamilton tambi\u00e9n atac\u00f3 para remontar del noveno sitio y en ese camino entr\u00f3 en un duelo con el Red Bull de Max Verstappen. El neum\u00e1tico delantero derecho y el aler\u00f3n frontal del Mercedes tocaron el neum\u00e1tico trasero izquierdo del holand\u00e9s provocando una pinchadura en el monoplaza del protegido de la casa austriaca.<\/p>\n<p style=\"text-align: justify\">Aunque Verstappen lleg\u00f3 a los pits para la colocaci\u00f3n de una nueva goma su retiro lleg\u00f3 unos minutos despu\u00e9s.<\/p>\n<p style=\"text-align: justify\">El drama en Red Bull se increment\u00f3 cuando al mismo tiempo Daniel Ricciardo qued\u00f3 detenido en el circuito por fallas en la unidad de potencia.<\/p>\n<p style=\"text-align: justify\">Hamilton no sufri\u00f3 da\u00f1os mayores y para demostrarlo realiz\u00f3 un triple rebase sobre Esteban Ocon (Force India), Fernando Alonso (McLaren) y Nico Hulkenberg (Renault) para tomar el sexto sitio. Para el d\u00e9cimo giro de la carrera ya estaba en el cuarto puesto tras adelantar al Haas de Kevin Magnussen y al Toro Rosso del franc\u00e9s Pierre Gasly.<\/p>\n<p style=\"text-align: justify\">Force India intent\u00f3 cambiar la estrategia con Sergio P\u00e9rez y r\u00e1pidamente lo llamaron a los pits para colocarle neum\u00e1ticos medios, sin embargo, el da\u00f1o al monoplaza fue m\u00e1s de lo esperado y apenas alcanz\u00f3 la posici\u00f3n 12 al concluir la competencia.<\/p>\n<p style=\"text-align: justify\">Las detenciones comenzaron en la vuelta 18 con Ferrari llamando primero a Vettel y un giro despu\u00e9s a R\u00e4ikk\u00f6nen, ambos recibiendo gomas blandas. Mercedes espero un poco para ingresar a Bottas y colocarle neum\u00e1ticos medios pensando en una estrategia de una detenci\u00f3n.<\/p>\n<p style=\"text-align: justify\">Vettel no tard\u00f3 en recuperar el liderato al pasar en la vuelta 25 a Hamilton, quien fue el \u00faltimo de los l\u00edderes en completar su detenci\u00f3n y recibiendo gomas medias. Vettel y R\u00e4ikk\u00f6nen se reordenaron en el primer y segundo sitio dejando a Bottas y Hamilton en el tercer y cuarto puesto.<\/p>\n<p style=\"text-align: justify\">La carrera vivi\u00f3 un cambio dram\u00e1tico cuando en la segunda detenci\u00f3n de R\u00e4ikk\u00f6nen cuando uno de los mec\u00e1nicos encargados de su neum\u00e1tico trasero izquierdo result\u00f3 atropellado a la salida del finland\u00e9s. R\u00e4ikk\u00f6nen se detuvo unos metros adelante dado que el neum\u00e1tico trasero izquierdo no le fue cambiado provocando el retiro del escandinavo.<\/p>\n<p style=\"text-align: justify\">Esto permiti\u00f3 que Bottas tomara el segundo sitio mientras que Hamilton avanz\u00f3 al tercero.<\/p>\n<p style=\"text-align: justify\">Ferrari intent\u00f3 una segunda detenci\u00f3n con Vettel, pero al ver el ritmo de los Mercedes prefirieron ir hasta el final con el compuesto blando que montaba el monoplaza del alem\u00e1n.<\/p>\n<p style=\"text-align: justify\">Con cinco vueltas para el final, Bottas se acerc\u00f3 peligrosamente a Vettel. En los \u00faltimos tres giros el finland\u00e9s inici\u00f3 el ataque contra el alem\u00e1n e incluso estuvo a 0.7 d\u00e9cimas de segundo. A pesar de las 39 vueltas con el compuesto suave, el cuatro veces campe\u00f3n del mundo se defendi\u00f3 para llevarse su segunda victoria de la temporada.<\/p>\n<p style=\"text-align: justify\">El franc\u00e9s Pierre Gasly, Toro Rosso, sorprendi\u00f3 en la carrera al tomar el cuarto sitio dejando en la quinta plaza al dan\u00e9s Kevin Magnussen.<\/p>\n<p style=\"text-align: justify\">Nico Hulkenberg, Fernando Alonso, Stoffel Vandoorne, Marcus Ericsson y Esteban Ocon completaron los 10 primeros.<\/p>\n","protected":false},"excerpt":{"rendered":"<p>Ciudad Guayana.-Sebasti\u00e1n Vettel logr\u00f3 un d\u00eda como hoy, su segunda victoria de la temporada 2018 de la F\u00f3rmula 1 al imponerse sin mayores complicaciones en el Gran Premio de Bahr\u00e9in en una carrera donde lucho hasta la \u00faltima vuelta para derrotar al Mercedes de Valtteri Bottas quien se llev\u00f3 el segundo sitio acompa\u00f1ado en el [&hellip;]<\/p>\n","protected":false},"author":158,"featured_media":0,"comment_status":"closed","ping_status":"closed","sticky":false,"template":"","format":"standard","meta":{"footnotes":""},"categories":[2,19],"tags":[],"class_list":["post-1861","post","type-post","status-publish","format-standard","hentry","category-featured","category-mundo-deportivo"],"yoast_head":"<!-- This site is optimized with the Yoast SEO plugin v27.3 - https:\/\/yoast.com\/product\/yoast-seo-wordpress\/ -->\n<title>Efem\u00e9rides Deportivas 8 de abril: Sebasti\u00e1n Vettel celebr\u00f3 con victoria su carrera 200 en la F\u00f3rmula 1 - News 105.3 FM<\/title>\n<meta name=\"robots\" content=\"index, follow, max-snippet:-1, max-image-preview:large, max-video-preview:-1\" \/>\n<link rel=\"canonical\" href=\"https:\/\/soynuevaprensadigital.com\/news1053fm\/efemerides-deportivas-8-de-abril-sebastian-vettel-celebro-con-victoria-su-carrera-200-en-la-formula-1\/\" \/>\n<meta property=\"og:locale\" content=\"es_ES\" \/>\n<meta property=\"og:type\" content=\"article\" \/>\n<meta property=\"og:title\" content=\"Efem\u00e9rides Deportivas 8 de abril: Sebasti\u00e1n Vettel celebr\u00f3 con victoria su carrera 200 en la F\u00f3rmula 1 - News 105.3 FM\" \/>\n<meta property=\"og:description\" content=\"Ciudad Guayana.-Sebasti\u00e1n Vettel logr\u00f3 un d\u00eda como hoy, su segunda victoria de la temporada 2018 de la F\u00f3rmula 1 al imponerse sin mayores complicaciones en el Gran Premio de Bahr\u00e9in en una carrera donde lucho hasta la \u00faltima vuelta para derrotar al Mercedes de Valtteri Bottas quien se llev\u00f3 el segundo sitio acompa\u00f1ado en el [&hellip;]\" \/>\n<meta property=\"og:url\" content=\"https:\/\/soynuevaprensadigital.com\/news1053fm\/efemerides-deportivas-8-de-abril-sebastian-vettel-celebro-con-victoria-su-carrera-200-en-la-formula-1\/\" \/>\n<meta property=\"og:site_name\" content=\"News 105.3 FM\" \/>\n<meta property=\"article:publisher\" content=\"https:\/\/www.facebook.com\/News1053fm-1655395028099413\/\" \/>\n<meta property=\"article:author\" content=\"https:\/\/www.facebook.com\/AlvisCristinaHe\" \/>\n<meta property=\"article:published_time\" content=\"2021-04-08T23:22:29+00:00\" \/>\n<meta property=\"article:modified_time\" content=\"2021-04-09T23:32:19+00:00\" \/>\n<meta property=\"og:image\" content=\"https:\/\/soynuevaprensadigital.com\/news1053fm\/wp-content\/uploads\/sites\/3\/2021\/04\/sebastian-vettel-of-ferrari-and-germany-during-the-f1-grand-news-photo-1589296059.jpg\" \/>\n\t<meta property=\"og:image:width\" content=\"640\" \/>\n\t<meta property=\"og:image:height\" content=\"427\" \/>\n\t<meta property=\"og:image:type\" content=\"image\/jpeg\" \/>\n<meta name=\"author\" content=\"Alvis Cristina Herrera\" \/>\n<meta name=\"twitter:card\" content=\"summary_large_image\" \/>\n<meta name=\"twitter:creator\" content=\"@https:\/\/www.twitter.com\/alviscristinahe\/\" \/>\n<meta name=\"twitter:site\" content=\"@news105_3fm\" \/>\n<meta name=\"twitter:label1\" content=\"Escrito por\" \/>\n\t<meta name=\"twitter:data1\" content=\"Alvis Cristina Herrera\" \/>\n\t<meta name=\"twitter:label2\" content=\"Tiempo de lectura\" \/>\n\t<meta name=\"twitter:data2\" content=\"3 minutos\" \/>\n<script type=\"application\/ld+json\" class=\"yoast-schema-graph\">{\"@context\":\"https:\\\/\\\/schema.org\",\"@graph\":[{\"@type\":\"Article\",\"@id\":\"https:\\\/\\\/soynuevaprensadigital.com\\\/news1053fm\\\/efemerides-deportivas-8-de-abril-sebastian-vettel-celebro-con-victoria-su-carrera-200-en-la-formula-1\\\/#article\",\"isPartOf\":{\"@id\":\"https:\\\/\\\/soynuevaprensadigital.com\\\/news1053fm\\\/efemerides-deportivas-8-de-abril-sebastian-vettel-celebro-con-victoria-su-carrera-200-en-la-formula-1\\\/\"},\"author\":{\"name\":\"Alvis Cristina Herrera\",\"@id\":\"https:\\\/\\\/soynuevaprensadigital.com\\\/news1053fm\\\/#\\\/schema\\\/person\\\/aa2d09ab130e943e3c7b360a32177538\"},\"headline\":\"Efem\u00e9rides Deportivas 8 de abril: Sebasti\u00e1n Vettel celebr\u00f3 con victoria su carrera 200 en la F\u00f3rmula 1\",\"datePublished\":\"2021-04-08T23:22:29+00:00\",\"dateModified\":\"2021-04-09T23:32:19+00:00\",\"mainEntityOfPage\":{\"@id\":\"https:\\\/\\\/soynuevaprensadigital.com\\\/news1053fm\\\/efemerides-deportivas-8-de-abril-sebastian-vettel-celebro-con-victoria-su-carrera-200-en-la-formula-1\\\/\"},\"wordCount\":698,\"articleSection\":[\"Featured\",\"Mundo Deportivo\"],\"inLanguage\":\"es\"},{\"@type\":\"WebPage\",\"@id\":\"https:\\\/\\\/soynuevaprensadigital.com\\\/news1053fm\\\/efemerides-deportivas-8-de-abril-sebastian-vettel-celebro-con-victoria-su-carrera-200-en-la-formula-1\\\/\",\"url\":\"https:\\\/\\\/soynuevaprensadigital.com\\\/news1053fm\\\/efemerides-deportivas-8-de-abril-sebastian-vettel-celebro-con-victoria-su-carrera-200-en-la-formula-1\\\/\",\"name\":\"Efem\u00e9rides Deportivas 8 de abril: Sebasti\u00e1n Vettel celebr\u00f3 con victoria su carrera 200 en la F\u00f3rmula 1 - News 105.3 FM\",\"isPartOf\":{\"@id\":\"https:\\\/\\\/soynuevaprensadigital.com\\\/news1053fm\\\/#website\"},\"datePublished\":\"2021-04-08T23:22:29+00:00\",\"dateModified\":\"2021-04-09T23:32:19+00:00\",\"author\":{\"@id\":\"https:\\\/\\\/soynuevaprensadigital.com\\\/news1053fm\\\/#\\\/schema\\\/person\\\/aa2d09ab130e943e3c7b360a32177538\"},\"breadcrumb\":{\"@id\":\"https:\\\/\\\/soynuevaprensadigital.com\\\/news1053fm\\\/efemerides-deportivas-8-de-abril-sebastian-vettel-celebro-con-victoria-su-carrera-200-en-la-formula-1\\\/#breadcrumb\"},\"inLanguage\":\"es\",\"potentialAction\":[{\"@type\":\"ReadAction\",\"target\":[\"https:\\\/\\\/soynuevaprensadigital.com\\\/news1053fm\\\/efemerides-deportivas-8-de-abril-sebastian-vettel-celebro-con-victoria-su-carrera-200-en-la-formula-1\\\/\"]}]},{\"@type\":\"BreadcrumbList\",\"@id\":\"https:\\\/\\\/soynuevaprensadigital.com\\\/news1053fm\\\/efemerides-deportivas-8-de-abril-sebastian-vettel-celebro-con-victoria-su-carrera-200-en-la-formula-1\\\/#breadcrumb\",\"itemListElement\":[{\"@type\":\"ListItem\",\"position\":1,\"name\":\"Portada\",\"item\":\"https:\\\/\\\/soynuevaprensadigital.com\\\/news1053fm\\\/\"},{\"@type\":\"ListItem\",\"position\":2,\"name\":\"Efem\u00e9rides Deportivas 8 de abril: Sebasti\u00e1n Vettel celebr\u00f3 con victoria su carrera 200 en la F\u00f3rmula 1\"}]},{\"@type\":\"WebSite\",\"@id\":\"https:\\\/\\\/soynuevaprensadigital.com\\\/news1053fm\\\/#website\",\"url\":\"https:\\\/\\\/soynuevaprensadigital.com\\\/news1053fm\\\/\",\"name\":\"News 105.3 FM\",\"description\":\"Nuestro compromiso contigo nos permite ofrecerte la radio de mejor calidad, la frecuencia m\u00e1s limpia yel entretenimiento para todos los gustos.\",\"potentialAction\":[{\"@type\":\"SearchAction\",\"target\":{\"@type\":\"EntryPoint\",\"urlTemplate\":\"https:\\\/\\\/soynuevaprensadigital.com\\\/news1053fm\\\/?s={search_term_string}\"},\"query-input\":{\"@type\":\"PropertyValueSpecification\",\"valueRequired\":true,\"valueName\":\"search_term_string\"}}],\"inLanguage\":\"es\"},{\"@type\":\"Person\",\"@id\":\"https:\\\/\\\/soynuevaprensadigital.com\\\/news1053fm\\\/#\\\/schema\\\/person\\\/aa2d09ab130e943e3c7b360a32177538\",\"name\":\"Alvis Cristina Herrera\",\"image\":{\"@type\":\"ImageObject\",\"inLanguage\":\"es\",\"@id\":\"https:\\\/\\\/secure.gravatar.com\\\/avatar\\\/6a4b461595fbd8c4d0947e89062b7b1df5ea5bc6348126d9594f8d0cece5be89?s=96&d=mm&r=g\",\"url\":\"https:\\\/\\\/secure.gravatar.com\\\/avatar\\\/6a4b461595fbd8c4d0947e89062b7b1df5ea5bc6348126d9594f8d0cece5be89?s=96&d=mm&r=g\",\"contentUrl\":\"https:\\\/\\\/secure.gravatar.com\\\/avatar\\\/6a4b461595fbd8c4d0947e89062b7b1df5ea5bc6348126d9594f8d0cece5be89?s=96&d=mm&r=g\",\"caption\":\"Alvis Cristina Herrera\"},\"sameAs\":[\"https:\\\/\\\/www.facebook.com\\\/AlvisCristinaHe\",\"https:\\\/\\\/www.instagram.com\\\/alviscristinahe\\\/\",\"https:\\\/\\\/www.linkedin.com\\\/in\\\/alviscristinahe\\\/\",\"https:\\\/\\\/x.com\\\/https:\\\/\\\/www.twitter.com\\\/alviscristinahe\\\/\"],\"url\":\"https:\\\/\\\/soynuevaprensadigital.com\\\/news1053fm\\\/author\\\/alvisherrera\\\/\"}]}<\/script>\n<!-- \/ Yoast SEO plugin. -->","yoast_head_json":{"title":"Efem\u00e9rides Deportivas 8 de abril: Sebasti\u00e1n Vettel celebr\u00f3 con victoria su carrera 200 en la F\u00f3rmula 1 - News 105.3 FM","robots":{"index":"index","follow":"follow","max-snippet":"max-snippet:-1","max-image-preview":"max-image-preview:large","max-video-preview":"max-video-preview:-1"},"canonical":"https:\/\/soynuevaprensadigital.com\/news1053fm\/efemerides-deportivas-8-de-abril-sebastian-vettel-celebro-con-victoria-su-carrera-200-en-la-formula-1\/","og_locale":"es_ES","og_type":"article","og_title":"Efem\u00e9rides Deportivas 8 de abril: Sebasti\u00e1n Vettel celebr\u00f3 con victoria su carrera 200 en la F\u00f3rmula 1 - News 105.3 FM","og_description":"Ciudad Guayana.-Sebasti\u00e1n Vettel logr\u00f3 un d\u00eda como hoy, su segunda victoria de la temporada 2018 de la F\u00f3rmula 1 al imponerse sin mayores complicaciones en el Gran Premio de Bahr\u00e9in en una carrera donde lucho hasta la \u00faltima vuelta para derrotar al Mercedes de Valtteri Bottas quien se llev\u00f3 el segundo sitio acompa\u00f1ado en el [&hellip;]","og_url":"https:\/\/soynuevaprensadigital.com\/news1053fm\/efemerides-deportivas-8-de-abril-sebastian-vettel-celebro-con-victoria-su-carrera-200-en-la-formula-1\/","og_site_name":"News 105.3 FM","article_publisher":"https:\/\/www.facebook.com\/News1053fm-1655395028099413\/","article_author":"https:\/\/www.facebook.com\/AlvisCristinaHe","article_published_time":"2021-04-08T23:22:29+00:00","article_modified_time":"2021-04-09T23:32:19+00:00","og_image":[{"width":640,"height":427,"url":"https:\/\/soynuevaprensadigital.com\/news1053fm\/wp-content\/uploads\/sites\/3\/2021\/04\/sebastian-vettel-of-ferrari-and-germany-during-the-f1-grand-news-photo-1589296059.jpg","type":"image\/jpeg"}],"author":"Alvis Cristina Herrera","twitter_card":"summary_large_image","twitter_creator":"@https:\/\/www.twitter.com\/alviscristinahe\/","twitter_site":"@news105_3fm","twitter_misc":{"Escrito por":"Alvis Cristina Herrera","Tiempo de lectura":"3 minutos"},"schema":{"@context":"https:\/\/schema.org","@graph":[{"@type":"Article","@id":"https:\/\/soynuevaprensadigital.com\/news1053fm\/efemerides-deportivas-8-de-abril-sebastian-vettel-celebro-con-victoria-su-carrera-200-en-la-formula-1\/#article","isPartOf":{"@id":"https:\/\/soynuevaprensadigital.com\/news1053fm\/efemerides-deportivas-8-de-abril-sebastian-vettel-celebro-con-victoria-su-carrera-200-en-la-formula-1\/"},"author":{"name":"Alvis Cristina Herrera","@id":"https:\/\/soynuevaprensadigital.com\/news1053fm\/#\/schema\/person\/aa2d09ab130e943e3c7b360a32177538"},"headline":"Efem\u00e9rides Deportivas 8 de abril: Sebasti\u00e1n Vettel celebr\u00f3 con victoria su carrera 200 en la F\u00f3rmula 1","datePublished":"2021-04-08T23:22:29+00:00","dateModified":"2021-04-09T23:32:19+00:00","mainEntityOfPage":{"@id":"https:\/\/soynuevaprensadigital.com\/news1053fm\/efemerides-deportivas-8-de-abril-sebastian-vettel-celebro-con-victoria-su-carrera-200-en-la-formula-1\/"},"wordCount":698,"articleSection":["Featured","Mundo Deportivo"],"inLanguage":"es"},{"@type":"WebPage","@id":"https:\/\/soynuevaprensadigital.com\/news1053fm\/efemerides-deportivas-8-de-abril-sebastian-vettel-celebro-con-victoria-su-carrera-200-en-la-formula-1\/","url":"https:\/\/soynuevaprensadigital.com\/news1053fm\/efemerides-deportivas-8-de-abril-sebastian-vettel-celebro-con-victoria-su-carrera-200-en-la-formula-1\/","name":"Efem\u00e9rides Deportivas 8 de abril: Sebasti\u00e1n Vettel celebr\u00f3 con victoria su carrera 200 en la F\u00f3rmula 1 - News 105.3 FM","isPartOf":{"@id":"https:\/\/soynuevaprensadigital.com\/news1053fm\/#website"},"datePublished":"2021-04-08T23:22:29+00:00","dateModified":"2021-04-09T23:32:19+00:00","author":{"@id":"https:\/\/soynuevaprensadigital.com\/news1053fm\/#\/schema\/person\/aa2d09ab130e943e3c7b360a32177538"},"breadcrumb":{"@id":"https:\/\/soynuevaprensadigital.com\/news1053fm\/efemerides-deportivas-8-de-abril-sebastian-vettel-celebro-con-victoria-su-carrera-200-en-la-formula-1\/#breadcrumb"},"inLanguage":"es","potentialAction":[{"@type":"ReadAction","target":["https:\/\/soynuevaprensadigital.com\/news1053fm\/efemerides-deportivas-8-de-abril-sebastian-vettel-celebro-con-victoria-su-carrera-200-en-la-formula-1\/"]}]},{"@type":"BreadcrumbList","@id":"https:\/\/soynuevaprensadigital.com\/news1053fm\/efemerides-deportivas-8-de-abril-sebastian-vettel-celebro-con-victoria-su-carrera-200-en-la-formula-1\/#breadcrumb","itemListElement":[{"@type":"ListItem","position":1,"name":"Portada","item":"https:\/\/soynuevaprensadigital.com\/news1053fm\/"},{"@type":"ListItem","position":2,"name":"Efem\u00e9rides Deportivas 8 de abril: Sebasti\u00e1n Vettel celebr\u00f3 con victoria su carrera 200 en la F\u00f3rmula 1"}]},{"@type":"WebSite","@id":"https:\/\/soynuevaprensadigital.com\/news1053fm\/#website","url":"https:\/\/soynuevaprensadigital.com\/news1053fm\/","name":"News 105.3 FM","description":"Nuestro compromiso contigo nos permite ofrecerte la radio de mejor calidad, la frecuencia m\u00e1s limpia yel entretenimiento para todos los gustos.","potentialAction":[{"@type":"SearchAction","target":{"@type":"EntryPoint","urlTemplate":"https:\/\/soynuevaprensadigital.com\/news1053fm\/?s={search_term_string}"},"query-input":{"@type":"PropertyValueSpecification","valueRequired":true,"valueName":"search_term_string"}}],"inLanguage":"es"},{"@type":"Person","@id":"https:\/\/soynuevaprensadigital.com\/news1053fm\/#\/schema\/person\/aa2d09ab130e943e3c7b360a32177538","name":"Alvis Cristina Herrera","image":{"@type":"ImageObject","inLanguage":"es","@id":"https:\/\/secure.gravatar.com\/avatar\/6a4b461595fbd8c4d0947e89062b7b1df5ea5bc6348126d9594f8d0cece5be89?s=96&d=mm&r=g","url":"https:\/\/secure.gravatar.com\/avatar\/6a4b461595fbd8c4d0947e89062b7b1df5ea5bc6348126d9594f8d0cece5be89?s=96&d=mm&r=g","contentUrl":"https:\/\/secure.gravatar.com\/avatar\/6a4b461595fbd8c4d0947e89062b7b1df5ea5bc6348126d9594f8d0cece5be89?s=96&d=mm&r=g","caption":"Alvis Cristina Herrera"},"sameAs":["https:\/\/www.facebook.com\/AlvisCristinaHe","https:\/\/www.instagram.com\/alviscristinahe\/","https:\/\/www.linkedin.com\/in\/alviscristinahe\/","https:\/\/x.com\/https:\/\/www.twitter.com\/alviscristinahe\/"],"url":"https:\/\/soynuevaprensadigital.com\/news1053fm\/author\/alvisherrera\/"}]}},"_links":{"self":[{"href":"https:\/\/soynuevaprensadigital.com\/news1053fm\/wp-json\/wp\/v2\/posts\/1861","targetHints":{"allow":["GET"]}}],"collection":[{"href":"https:\/\/soynuevaprensadigital.com\/news1053fm\/wp-json\/wp\/v2\/posts"}],"about":[{"href":"https:\/\/soynuevaprensadigital.com\/news1053fm\/wp-json\/wp\/v2\/types\/post"}],"author":[{"embeddable":true,"href":"https:\/\/soynuevaprensadigital.com\/news1053fm\/wp-json\/wp\/v2\/users\/158"}],"replies":[{"embeddable":true,"href":"https:\/\/soynuevaprensadigital.com\/news1053fm\/wp-json\/wp\/v2\/comments?post=1861"}],"version-history":[{"count":0,"href":"https:\/\/soynuevaprensadigital.com\/news1053fm\/wp-json\/wp\/v2\/posts\/1861\/revisions"}],"wp:attachment":[{"href":"https:\/\/soynuevaprensadigital.com\/news1053fm\/wp-json\/wp\/v2\/media?parent=1861"}],"wp:term":[{"taxonomy":"category","embeddable":true,"href":"https:\/\/soynuevaprensadigital.com\/news1053fm\/wp-json\/wp\/v2\/categories?post=1861"},{"taxonomy":"post_tag","embeddable":true,"href":"https:\/\/soynuevaprensadigital.com\/news1053fm\/wp-json\/wp\/v2\/tags?post=1861"}],"curies":[{"name":"wp","href":"https:\/\/api.w.org\/{rel}","templated":true}]}}