{"id":1868,"date":"2021-04-09T20:55:23","date_gmt":"2021-04-10T00:55:23","guid":{"rendered":"https:\/\/soynuevaprensadigital.com\/news1053fm\/?p=1868"},"modified":"2021-04-09T20:55:23","modified_gmt":"2021-04-10T00:55:23","slug":"jay-wheeler-estreno-su-sencillo-viendo-el-techo","status":"publish","type":"post","link":"https:\/\/soynuevaprensadigital.com\/news1053fm\/jay-wheeler-estreno-su-sencillo-viendo-el-techo\/","title":{"rendered":"Jay Wheeler estren\u00f3 su sencillo \u00abViendo el techo\u00bb"},"content":{"rendered":"<p style=\"text-align: justify\"><strong>San Juan.-<\/strong>El artista puertorrique\u00f1o Jay Wheeler, considerado el l\u00edder juvenil del movimiento urbano latino, estren\u00f3 este viernes su nuevo tema, \u00abViendo el techo\u00bb.<\/p>\n<p>El sencillo, lanzado de la mano de los sellos discogr\u00e1ficos Linked Music y Dynamic Records, cuenta una historia de desamor con la que muchos podr\u00e1n sentirse identificados, afirmaron los representantes de Wheeler en un comunicado de prensa.<\/p>\n<p>\u00abSi alguna vez estuviste en una relaci\u00f3n amorosa y tu media mitad decidi\u00f3 tomar otro camino, esta canci\u00f3n es para ti\u00bb, indicaron los portavoces del artista urbano.<\/p>\n<p>Wheeler, conocido como \u00abLa voz favorita\u00bb de la industria urbana, hab\u00eda adelantado en sus redes un peque\u00f1o fragmento del tema \u00abViendo el techo\u00bb, alcanzando casi 1 mill\u00f3n de reproducciones.<\/p>\n<p>\u00abViendo el techo\u00bb cont\u00f3 con la producci\u00f3n del puertorrique\u00f1o DJ Nelson, uno de los pioneros del reguet\u00f3n.<\/p>\n<p>El sencillo se estrena conjuntamente con un video musical, en el cual Jay Wheeler \u00abes testigo de una encantadora historia de amor que da un giro sorpresivo, y que mantendr\u00e1 a sus fan\u00e1ticos pegados a la pantalla\u00bb, destacaron los representantes del artista en el comunicado.<\/p>\n<p>El video fue dirigido por Abez Media.<\/p>\n<p>\u00abViendo el techo\u00bb es el tema m\u00e1s reciente de Wheeler desde que en febrero pasado lanz\u00f3 \u00abAmor de febrero\u00bb, destac\u00e1ndose en la balada y apart\u00e1ndose de los ritmos urbanos.<\/p>\n<p>\u00abTodo lo que so\u00f1aba, contigo quisiera vivirlo\u00bb, entona Wheeler en una balada, muy diferente a lo que el artista ven\u00eda haciendo hasta ahora, sin el acostumbrado sonido urbano que le identifica, pero con una poderosa letra rom\u00e1ntica que ha diferenciado su carrera art\u00edstica hasta la fecha.<\/p>\n<p>Esta historia, contada a trav\u00e9s de la voz de Jay Wheeler, le \u00abense\u00f1a a una generaci\u00f3n el verdadero valor del respeto, la atenci\u00f3n a los peque\u00f1os detalles y la importancia de elegir a un buen compa\u00f1ero de vida, capaz de morir de amor por ti\u00bb, destacaron los representantes del artista.<\/p>\n<p>El tema cont\u00f3 con la producci\u00f3n de Eliot Feliciano \u00abEl Mago D OZ\u00bb, con la colaboraci\u00f3n del pionero del reguet\u00f3n DJ Nelson junto a Yeziell y Siru.<\/p>\n<p>\u00abAmor de febrero\u00bb incluye adem\u00e1s un video musical, dirigido por Reynaldo Payano, en el que los protagonistas son una pareja de adultos mayores que se mantienen vivos gracias al amor tan poderoso que les une, hasta que un suceso cambia el rumbo de sus vidas para siempre.<\/p>\n","protected":false},"excerpt":{"rendered":"<p>San Juan.-El artista puertorrique\u00f1o Jay Wheeler, considerado el l\u00edder juvenil del movimiento urbano latino, estren\u00f3 este viernes su nuevo tema, \u00abViendo el techo\u00bb. El sencillo, lanzado de la mano de los sellos discogr\u00e1ficos Linked Music y Dynamic Records, cuenta una historia de desamor con la que muchos podr\u00e1n sentirse identificados, afirmaron los representantes de Wheeler [&hellip;]<\/p>\n","protected":false},"author":158,"featured_media":0,"comment_status":"closed","ping_status":"closed","sticky":false,"template":"","format":"standard","meta":{"footnotes":""},"categories":[2,14],"tags":[],"class_list":["post-1868","post","type-post","status-publish","format-standard","hentry","category-featured","category-noticias"],"yoast_head":"<!-- This site is optimized with the Yoast SEO plugin v27.3 - https:\/\/yoast.com\/product\/yoast-seo-wordpress\/ -->\n<title>Jay Wheeler estren\u00f3 su sencillo &quot;Viendo el techo&quot; - News 105.3 FM<\/title>\n<meta name=\"description\" content=\"El sencillo se estrena con un video musical, en el cual Jay Wheeler &quot;es testigo de una encantadora historia de amor que da un giro sorpresivo\" \/>\n<meta name=\"robots\" content=\"index, follow, max-snippet:-1, max-image-preview:large, max-video-preview:-1\" \/>\n<link rel=\"canonical\" href=\"https:\/\/soynuevaprensadigital.com\/news1053fm\/jay-wheeler-estreno-su-sencillo-viendo-el-techo\/\" \/>\n<meta property=\"og:locale\" content=\"es_ES\" \/>\n<meta property=\"og:type\" content=\"article\" \/>\n<meta property=\"og:title\" content=\"Jay Wheeler estren\u00f3 su sencillo &quot;Viendo el techo&quot; - News 105.3 FM\" \/>\n<meta property=\"og:description\" content=\"El sencillo se estrena con un video musical, en el cual Jay Wheeler &quot;es testigo de una encantadora historia de amor que da un giro sorpresivo\" \/>\n<meta property=\"og:url\" content=\"https:\/\/soynuevaprensadigital.com\/news1053fm\/jay-wheeler-estreno-su-sencillo-viendo-el-techo\/\" \/>\n<meta property=\"og:site_name\" content=\"News 105.3 FM\" \/>\n<meta property=\"article:publisher\" content=\"https:\/\/www.facebook.com\/News1053fm-1655395028099413\/\" \/>\n<meta property=\"article:author\" content=\"https:\/\/www.facebook.com\/AlvisCristinaHe\" \/>\n<meta property=\"article:published_time\" content=\"2021-04-10T00:55:23+00:00\" \/>\n<meta property=\"og:image\" content=\"https:\/\/soynuevaprensadigital.com\/news1053fm\/wp-content\/uploads\/sites\/3\/2021\/04\/0010d98e113b63204f099ad492d42afdcff622abw.jpg\" \/>\n\t<meta property=\"og:image:width\" content=\"900\" \/>\n\t<meta property=\"og:image:height\" content=\"750\" \/>\n\t<meta property=\"og:image:type\" content=\"image\/jpeg\" \/>\n<meta name=\"author\" content=\"Alvis Cristina Herrera\" \/>\n<meta name=\"twitter:card\" content=\"summary_large_image\" \/>\n<meta name=\"twitter:creator\" content=\"@https:\/\/www.twitter.com\/alviscristinahe\/\" \/>\n<meta name=\"twitter:site\" content=\"@news105_3fm\" \/>\n<meta name=\"twitter:label1\" content=\"Escrito por\" \/>\n\t<meta name=\"twitter:data1\" content=\"Alvis Cristina Herrera\" \/>\n\t<meta name=\"twitter:label2\" content=\"Tiempo de lectura\" \/>\n\t<meta name=\"twitter:data2\" content=\"2 minutos\" \/>\n<script type=\"application\/ld+json\" class=\"yoast-schema-graph\">{\"@context\":\"https:\\\/\\\/schema.org\",\"@graph\":[{\"@type\":\"Article\",\"@id\":\"https:\\\/\\\/soynuevaprensadigital.com\\\/news1053fm\\\/jay-wheeler-estreno-su-sencillo-viendo-el-techo\\\/#article\",\"isPartOf\":{\"@id\":\"https:\\\/\\\/soynuevaprensadigital.com\\\/news1053fm\\\/jay-wheeler-estreno-su-sencillo-viendo-el-techo\\\/\"},\"author\":{\"name\":\"Alvis Cristina Herrera\",\"@id\":\"https:\\\/\\\/soynuevaprensadigital.com\\\/news1053fm\\\/#\\\/schema\\\/person\\\/aa2d09ab130e943e3c7b360a32177538\"},\"headline\":\"Jay Wheeler estren\u00f3 su sencillo \u00abViendo el techo\u00bb\",\"datePublished\":\"2021-04-10T00:55:23+00:00\",\"mainEntityOfPage\":{\"@id\":\"https:\\\/\\\/soynuevaprensadigital.com\\\/news1053fm\\\/jay-wheeler-estreno-su-sencillo-viendo-el-techo\\\/\"},\"wordCount\":422,\"articleSection\":[\"Featured\",\"Noticias\"],\"inLanguage\":\"es\"},{\"@type\":\"WebPage\",\"@id\":\"https:\\\/\\\/soynuevaprensadigital.com\\\/news1053fm\\\/jay-wheeler-estreno-su-sencillo-viendo-el-techo\\\/\",\"url\":\"https:\\\/\\\/soynuevaprensadigital.com\\\/news1053fm\\\/jay-wheeler-estreno-su-sencillo-viendo-el-techo\\\/\",\"name\":\"Jay Wheeler estren\u00f3 su sencillo \\\"Viendo el techo\\\" - News 105.3 FM\",\"isPartOf\":{\"@id\":\"https:\\\/\\\/soynuevaprensadigital.com\\\/news1053fm\\\/#website\"},\"datePublished\":\"2021-04-10T00:55:23+00:00\",\"author\":{\"@id\":\"https:\\\/\\\/soynuevaprensadigital.com\\\/news1053fm\\\/#\\\/schema\\\/person\\\/aa2d09ab130e943e3c7b360a32177538\"},\"description\":\"El sencillo se estrena con un video musical, en el cual Jay Wheeler \\\"es testigo de una encantadora historia de amor que da un giro sorpresivo\",\"breadcrumb\":{\"@id\":\"https:\\\/\\\/soynuevaprensadigital.com\\\/news1053fm\\\/jay-wheeler-estreno-su-sencillo-viendo-el-techo\\\/#breadcrumb\"},\"inLanguage\":\"es\",\"potentialAction\":[{\"@type\":\"ReadAction\",\"target\":[\"https:\\\/\\\/soynuevaprensadigital.com\\\/news1053fm\\\/jay-wheeler-estreno-su-sencillo-viendo-el-techo\\\/\"]}]},{\"@type\":\"BreadcrumbList\",\"@id\":\"https:\\\/\\\/soynuevaprensadigital.com\\\/news1053fm\\\/jay-wheeler-estreno-su-sencillo-viendo-el-techo\\\/#breadcrumb\",\"itemListElement\":[{\"@type\":\"ListItem\",\"position\":1,\"name\":\"Portada\",\"item\":\"https:\\\/\\\/soynuevaprensadigital.com\\\/news1053fm\\\/\"},{\"@type\":\"ListItem\",\"position\":2,\"name\":\"Jay Wheeler estren\u00f3 su sencillo \u00abViendo el techo\u00bb\"}]},{\"@type\":\"WebSite\",\"@id\":\"https:\\\/\\\/soynuevaprensadigital.com\\\/news1053fm\\\/#website\",\"url\":\"https:\\\/\\\/soynuevaprensadigital.com\\\/news1053fm\\\/\",\"name\":\"News 105.3 FM\",\"description\":\"Nuestro compromiso contigo nos permite ofrecerte la radio de mejor calidad, la frecuencia m\u00e1s limpia yel entretenimiento para todos los gustos.\",\"potentialAction\":[{\"@type\":\"SearchAction\",\"target\":{\"@type\":\"EntryPoint\",\"urlTemplate\":\"https:\\\/\\\/soynuevaprensadigital.com\\\/news1053fm\\\/?s={search_term_string}\"},\"query-input\":{\"@type\":\"PropertyValueSpecification\",\"valueRequired\":true,\"valueName\":\"search_term_string\"}}],\"inLanguage\":\"es\"},{\"@type\":\"Person\",\"@id\":\"https:\\\/\\\/soynuevaprensadigital.com\\\/news1053fm\\\/#\\\/schema\\\/person\\\/aa2d09ab130e943e3c7b360a32177538\",\"name\":\"Alvis Cristina Herrera\",\"image\":{\"@type\":\"ImageObject\",\"inLanguage\":\"es\",\"@id\":\"https:\\\/\\\/secure.gravatar.com\\\/avatar\\\/6a4b461595fbd8c4d0947e89062b7b1df5ea5bc6348126d9594f8d0cece5be89?s=96&d=mm&r=g\",\"url\":\"https:\\\/\\\/secure.gravatar.com\\\/avatar\\\/6a4b461595fbd8c4d0947e89062b7b1df5ea5bc6348126d9594f8d0cece5be89?s=96&d=mm&r=g\",\"contentUrl\":\"https:\\\/\\\/secure.gravatar.com\\\/avatar\\\/6a4b461595fbd8c4d0947e89062b7b1df5ea5bc6348126d9594f8d0cece5be89?s=96&d=mm&r=g\",\"caption\":\"Alvis Cristina Herrera\"},\"sameAs\":[\"https:\\\/\\\/www.facebook.com\\\/AlvisCristinaHe\",\"https:\\\/\\\/www.instagram.com\\\/alviscristinahe\\\/\",\"https:\\\/\\\/www.linkedin.com\\\/in\\\/alviscristinahe\\\/\",\"https:\\\/\\\/x.com\\\/https:\\\/\\\/www.twitter.com\\\/alviscristinahe\\\/\"],\"url\":\"https:\\\/\\\/soynuevaprensadigital.com\\\/news1053fm\\\/author\\\/alvisherrera\\\/\"}]}<\/script>\n<!-- \/ Yoast SEO plugin. -->","yoast_head_json":{"title":"Jay Wheeler estren\u00f3 su sencillo \"Viendo el techo\" - News 105.3 FM","description":"El sencillo se estrena con un video musical, en el cual Jay Wheeler \"es testigo de una encantadora historia de amor que da un giro sorpresivo","robots":{"index":"index","follow":"follow","max-snippet":"max-snippet:-1","max-image-preview":"max-image-preview:large","max-video-preview":"max-video-preview:-1"},"canonical":"https:\/\/soynuevaprensadigital.com\/news1053fm\/jay-wheeler-estreno-su-sencillo-viendo-el-techo\/","og_locale":"es_ES","og_type":"article","og_title":"Jay Wheeler estren\u00f3 su sencillo \"Viendo el techo\" - News 105.3 FM","og_description":"El sencillo se estrena con un video musical, en el cual Jay Wheeler \"es testigo de una encantadora historia de amor que da un giro sorpresivo","og_url":"https:\/\/soynuevaprensadigital.com\/news1053fm\/jay-wheeler-estreno-su-sencillo-viendo-el-techo\/","og_site_name":"News 105.3 FM","article_publisher":"https:\/\/www.facebook.com\/News1053fm-1655395028099413\/","article_author":"https:\/\/www.facebook.com\/AlvisCristinaHe","article_published_time":"2021-04-10T00:55:23+00:00","og_image":[{"width":900,"height":750,"url":"https:\/\/soynuevaprensadigital.com\/news1053fm\/wp-content\/uploads\/sites\/3\/2021\/04\/0010d98e113b63204f099ad492d42afdcff622abw.jpg","type":"image\/jpeg"}],"author":"Alvis Cristina Herrera","twitter_card":"summary_large_image","twitter_creator":"@https:\/\/www.twitter.com\/alviscristinahe\/","twitter_site":"@news105_3fm","twitter_misc":{"Escrito por":"Alvis Cristina Herrera","Tiempo de lectura":"2 minutos"},"schema":{"@context":"https:\/\/schema.org","@graph":[{"@type":"Article","@id":"https:\/\/soynuevaprensadigital.com\/news1053fm\/jay-wheeler-estreno-su-sencillo-viendo-el-techo\/#article","isPartOf":{"@id":"https:\/\/soynuevaprensadigital.com\/news1053fm\/jay-wheeler-estreno-su-sencillo-viendo-el-techo\/"},"author":{"name":"Alvis Cristina Herrera","@id":"https:\/\/soynuevaprensadigital.com\/news1053fm\/#\/schema\/person\/aa2d09ab130e943e3c7b360a32177538"},"headline":"Jay Wheeler estren\u00f3 su sencillo \u00abViendo el techo\u00bb","datePublished":"2021-04-10T00:55:23+00:00","mainEntityOfPage":{"@id":"https:\/\/soynuevaprensadigital.com\/news1053fm\/jay-wheeler-estreno-su-sencillo-viendo-el-techo\/"},"wordCount":422,"articleSection":["Featured","Noticias"],"inLanguage":"es"},{"@type":"WebPage","@id":"https:\/\/soynuevaprensadigital.com\/news1053fm\/jay-wheeler-estreno-su-sencillo-viendo-el-techo\/","url":"https:\/\/soynuevaprensadigital.com\/news1053fm\/jay-wheeler-estreno-su-sencillo-viendo-el-techo\/","name":"Jay Wheeler estren\u00f3 su sencillo \"Viendo el techo\" - News 105.3 FM","isPartOf":{"@id":"https:\/\/soynuevaprensadigital.com\/news1053fm\/#website"},"datePublished":"2021-04-10T00:55:23+00:00","author":{"@id":"https:\/\/soynuevaprensadigital.com\/news1053fm\/#\/schema\/person\/aa2d09ab130e943e3c7b360a32177538"},"description":"El sencillo se estrena con un video musical, en el cual Jay Wheeler \"es testigo de una encantadora historia de amor que da un giro sorpresivo","breadcrumb":{"@id":"https:\/\/soynuevaprensadigital.com\/news1053fm\/jay-wheeler-estreno-su-sencillo-viendo-el-techo\/#breadcrumb"},"inLanguage":"es","potentialAction":[{"@type":"ReadAction","target":["https:\/\/soynuevaprensadigital.com\/news1053fm\/jay-wheeler-estreno-su-sencillo-viendo-el-techo\/"]}]},{"@type":"BreadcrumbList","@id":"https:\/\/soynuevaprensadigital.com\/news1053fm\/jay-wheeler-estreno-su-sencillo-viendo-el-techo\/#breadcrumb","itemListElement":[{"@type":"ListItem","position":1,"name":"Portada","item":"https:\/\/soynuevaprensadigital.com\/news1053fm\/"},{"@type":"ListItem","position":2,"name":"Jay Wheeler estren\u00f3 su sencillo \u00abViendo el techo\u00bb"}]},{"@type":"WebSite","@id":"https:\/\/soynuevaprensadigital.com\/news1053fm\/#website","url":"https:\/\/soynuevaprensadigital.com\/news1053fm\/","name":"News 105.3 FM","description":"Nuestro compromiso contigo nos permite ofrecerte la radio de mejor calidad, la frecuencia m\u00e1s limpia yel entretenimiento para todos los gustos.","potentialAction":[{"@type":"SearchAction","target":{"@type":"EntryPoint","urlTemplate":"https:\/\/soynuevaprensadigital.com\/news1053fm\/?s={search_term_string}"},"query-input":{"@type":"PropertyValueSpecification","valueRequired":true,"valueName":"search_term_string"}}],"inLanguage":"es"},{"@type":"Person","@id":"https:\/\/soynuevaprensadigital.com\/news1053fm\/#\/schema\/person\/aa2d09ab130e943e3c7b360a32177538","name":"Alvis Cristina Herrera","image":{"@type":"ImageObject","inLanguage":"es","@id":"https:\/\/secure.gravatar.com\/avatar\/6a4b461595fbd8c4d0947e89062b7b1df5ea5bc6348126d9594f8d0cece5be89?s=96&d=mm&r=g","url":"https:\/\/secure.gravatar.com\/avatar\/6a4b461595fbd8c4d0947e89062b7b1df5ea5bc6348126d9594f8d0cece5be89?s=96&d=mm&r=g","contentUrl":"https:\/\/secure.gravatar.com\/avatar\/6a4b461595fbd8c4d0947e89062b7b1df5ea5bc6348126d9594f8d0cece5be89?s=96&d=mm&r=g","caption":"Alvis Cristina Herrera"},"sameAs":["https:\/\/www.facebook.com\/AlvisCristinaHe","https:\/\/www.instagram.com\/alviscristinahe\/","https:\/\/www.linkedin.com\/in\/alviscristinahe\/","https:\/\/x.com\/https:\/\/www.twitter.com\/alviscristinahe\/"],"url":"https:\/\/soynuevaprensadigital.com\/news1053fm\/author\/alvisherrera\/"}]}},"_links":{"self":[{"href":"https:\/\/soynuevaprensadigital.com\/news1053fm\/wp-json\/wp\/v2\/posts\/1868","targetHints":{"allow":["GET"]}}],"collection":[{"href":"https:\/\/soynuevaprensadigital.com\/news1053fm\/wp-json\/wp\/v2\/posts"}],"about":[{"href":"https:\/\/soynuevaprensadigital.com\/news1053fm\/wp-json\/wp\/v2\/types\/post"}],"author":[{"embeddable":true,"href":"https:\/\/soynuevaprensadigital.com\/news1053fm\/wp-json\/wp\/v2\/users\/158"}],"replies":[{"embeddable":true,"href":"https:\/\/soynuevaprensadigital.com\/news1053fm\/wp-json\/wp\/v2\/comments?post=1868"}],"version-history":[{"count":0,"href":"https:\/\/soynuevaprensadigital.com\/news1053fm\/wp-json\/wp\/v2\/posts\/1868\/revisions"}],"wp:attachment":[{"href":"https:\/\/soynuevaprensadigital.com\/news1053fm\/wp-json\/wp\/v2\/media?parent=1868"}],"wp:term":[{"taxonomy":"category","embeddable":true,"href":"https:\/\/soynuevaprensadigital.com\/news1053fm\/wp-json\/wp\/v2\/categories?post=1868"},{"taxonomy":"post_tag","embeddable":true,"href":"https:\/\/soynuevaprensadigital.com\/news1053fm\/wp-json\/wp\/v2\/tags?post=1868"}],"curies":[{"name":"wp","href":"https:\/\/api.w.org\/{rel}","templated":true}]}}