{"id":1871,"date":"2021-04-09T21:39:46","date_gmt":"2021-04-10T01:39:46","guid":{"rendered":"https:\/\/soynuevaprensadigital.com\/news1053fm\/?p=1871"},"modified":"2021-04-09T21:39:46","modified_gmt":"2021-04-10T01:39:46","slug":"efemerides-deportivas-9-de-abril-ozzie-guillen-debuta-en-las-grandes-ligas","status":"publish","type":"post","link":"https:\/\/soynuevaprensadigital.com\/news1053fm\/efemerides-deportivas-9-de-abril-ozzie-guillen-debuta-en-las-grandes-ligas\/","title":{"rendered":"Efem\u00e9rides Deportivas 9 de abril: Ozzie Guill\u00e9n debuta en las Grandes Ligas"},"content":{"rendered":"<p style=\"text-align: justify\"><strong>Ciudad Guayana.-<\/strong>Oswaldo Guill\u00e9n debut\u00f3 tal d\u00eda como hoy hace 36 a\u00f1os en las Grandes Ligas con los Medias Blancas de Chicago.<\/p>\n<p style=\"text-align: justify\">El venezolano, con tan solo 21 a\u00f1os, aline\u00f3 como primer bate y en la posici\u00f3n del campocorto por los patiblancos, para convertirse en el 37mo jugador criollo en estrenarse en las Mayores.<\/p>\n<p style=\"text-align: justify\">El cuadro de Chicago se llev\u00f3 la victoria de este encuentro 4-2 sobre Cerveceros de Milwaukee en el County Stadium, que cont\u00f3 con un aforo de 53.000 personas.<\/p>\n<p style=\"text-align: justify\">El oriundo de Ocumare del Tuy, estado Miranda, fue el octavo nativo que cubri\u00f3 el shortstop en un Opening Day de la MLB tras haberlo hecho Alfonso Carrasquel (1950), Luis Aparicio (1956), C\u00e9sar Guti\u00e9rrez (1967), David Concepci\u00f3n (1970), Enzo Hern\u00e1ndez (1971), Fred Manrique (1981) y \u00c1lvaro Espinoza (1984).<\/p>\n<p style=\"text-align: justify\">Guill\u00e9n, quien fue entrenador por Ernesto Aparicio en el b\u00e9isbol menor, se hizo profesional en 1981 con el club Proletarios de Trujillo, que dirig\u00eda Pompeyo Davalillo en la desaparecida Liga Centro Occidental.<\/p>\n<p style=\"text-align: justify\">El mirandino termin\u00f3 la ronda regular con average de .273, un jonr\u00f3n, 33 impulsadas, 71 anotadas y 134 hits en 513 turnos, para alzarse con el premio Novato del A\u00f1o, emulando lo hecho por Luis Aparicio en 1956.<\/p>\n<p style=\"text-align: justify\">Guill\u00e9n jug\u00f3 13 de sus 16 zafras en la Gran Carpa con White Sox, registrando .264 de promedio, 28 cuadrangulares, 619 empujadas, 773 anotadas, 1.764 imparables, 169 bases estafadas y tres Juegos de Estrellas durante toda su carrera como grandeliga.<\/p>\n","protected":false},"excerpt":{"rendered":"<p>Ciudad Guayana.-Oswaldo Guill\u00e9n debut\u00f3 tal d\u00eda como hoy hace 36 a\u00f1os en las Grandes Ligas con los Medias Blancas de Chicago. El venezolano, con tan solo 21 a\u00f1os, aline\u00f3 como primer bate y en la posici\u00f3n del campocorto por los patiblancos, para convertirse en el 37mo jugador criollo en estrenarse en las Mayores. El cuadro [&hellip;]<\/p>\n","protected":false},"author":158,"featured_media":0,"comment_status":"closed","ping_status":"closed","sticky":false,"template":"","format":"standard","meta":{"footnotes":""},"categories":[2,19],"tags":[],"class_list":["post-1871","post","type-post","status-publish","format-standard","hentry","category-featured","category-mundo-deportivo"],"yoast_head":"<!-- This site is optimized with the Yoast SEO plugin v27.3 - https:\/\/yoast.com\/product\/yoast-seo-wordpress\/ -->\n<title>Efem\u00e9rides Deportivas 9 de abril: Ozzie Guill\u00e9n debuta en las Grandes Ligas - News 105.3 FM<\/title>\n<meta name=\"robots\" content=\"index, follow, max-snippet:-1, max-image-preview:large, max-video-preview:-1\" \/>\n<link rel=\"canonical\" href=\"https:\/\/soynuevaprensadigital.com\/news1053fm\/efemerides-deportivas-9-de-abril-ozzie-guillen-debuta-en-las-grandes-ligas\/\" \/>\n<meta property=\"og:locale\" content=\"es_ES\" \/>\n<meta property=\"og:type\" content=\"article\" \/>\n<meta property=\"og:title\" content=\"Efem\u00e9rides Deportivas 9 de abril: Ozzie Guill\u00e9n debuta en las Grandes Ligas - News 105.3 FM\" \/>\n<meta property=\"og:description\" content=\"Ciudad Guayana.-Oswaldo Guill\u00e9n debut\u00f3 tal d\u00eda como hoy hace 36 a\u00f1os en las Grandes Ligas con los Medias Blancas de Chicago. El venezolano, con tan solo 21 a\u00f1os, aline\u00f3 como primer bate y en la posici\u00f3n del campocorto por los patiblancos, para convertirse en el 37mo jugador criollo en estrenarse en las Mayores. El cuadro [&hellip;]\" \/>\n<meta property=\"og:url\" content=\"https:\/\/soynuevaprensadigital.com\/news1053fm\/efemerides-deportivas-9-de-abril-ozzie-guillen-debuta-en-las-grandes-ligas\/\" \/>\n<meta property=\"og:site_name\" content=\"News 105.3 FM\" \/>\n<meta property=\"article:publisher\" content=\"https:\/\/www.facebook.com\/News1053fm-1655395028099413\/\" \/>\n<meta property=\"article:author\" content=\"https:\/\/www.facebook.com\/AlvisCristinaHe\" \/>\n<meta property=\"article:published_time\" content=\"2021-04-10T01:39:46+00:00\" \/>\n<meta property=\"og:image\" content=\"https:\/\/soynuevaprensadigital.com\/news1053fm\/wp-content\/uploads\/sites\/3\/2021\/04\/ct-out-loud-ozzie-guillen-20150706_crop1540827069880.jpg_1902800913.jpg\" \/>\n\t<meta property=\"og:image:width\" content=\"1200\" \/>\n\t<meta property=\"og:image:height\" content=\"900\" \/>\n\t<meta property=\"og:image:type\" content=\"image\/jpeg\" \/>\n<meta name=\"author\" content=\"Alvis Cristina Herrera\" \/>\n<meta name=\"twitter:card\" content=\"summary_large_image\" \/>\n<meta name=\"twitter:creator\" content=\"@https:\/\/www.twitter.com\/alviscristinahe\/\" \/>\n<meta name=\"twitter:site\" content=\"@news105_3fm\" \/>\n<meta name=\"twitter:label1\" content=\"Escrito por\" \/>\n\t<meta name=\"twitter:data1\" content=\"Alvis Cristina Herrera\" \/>\n\t<meta name=\"twitter:label2\" content=\"Tiempo de lectura\" \/>\n\t<meta name=\"twitter:data2\" content=\"2 minutos\" \/>\n<script type=\"application\/ld+json\" class=\"yoast-schema-graph\">{\"@context\":\"https:\\\/\\\/schema.org\",\"@graph\":[{\"@type\":\"Article\",\"@id\":\"https:\\\/\\\/soynuevaprensadigital.com\\\/news1053fm\\\/efemerides-deportivas-9-de-abril-ozzie-guillen-debuta-en-las-grandes-ligas\\\/#article\",\"isPartOf\":{\"@id\":\"https:\\\/\\\/soynuevaprensadigital.com\\\/news1053fm\\\/efemerides-deportivas-9-de-abril-ozzie-guillen-debuta-en-las-grandes-ligas\\\/\"},\"author\":{\"name\":\"Alvis Cristina Herrera\",\"@id\":\"https:\\\/\\\/soynuevaprensadigital.com\\\/news1053fm\\\/#\\\/schema\\\/person\\\/aa2d09ab130e943e3c7b360a32177538\"},\"headline\":\"Efem\u00e9rides Deportivas 9 de abril: Ozzie Guill\u00e9n debuta en las Grandes Ligas\",\"datePublished\":\"2021-04-10T01:39:46+00:00\",\"mainEntityOfPage\":{\"@id\":\"https:\\\/\\\/soynuevaprensadigital.com\\\/news1053fm\\\/efemerides-deportivas-9-de-abril-ozzie-guillen-debuta-en-las-grandes-ligas\\\/\"},\"wordCount\":243,\"articleSection\":[\"Featured\",\"Mundo Deportivo\"],\"inLanguage\":\"es\"},{\"@type\":\"WebPage\",\"@id\":\"https:\\\/\\\/soynuevaprensadigital.com\\\/news1053fm\\\/efemerides-deportivas-9-de-abril-ozzie-guillen-debuta-en-las-grandes-ligas\\\/\",\"url\":\"https:\\\/\\\/soynuevaprensadigital.com\\\/news1053fm\\\/efemerides-deportivas-9-de-abril-ozzie-guillen-debuta-en-las-grandes-ligas\\\/\",\"name\":\"Efem\u00e9rides Deportivas 9 de abril: Ozzie Guill\u00e9n debuta en las Grandes Ligas - News 105.3 FM\",\"isPartOf\":{\"@id\":\"https:\\\/\\\/soynuevaprensadigital.com\\\/news1053fm\\\/#website\"},\"datePublished\":\"2021-04-10T01:39:46+00:00\",\"author\":{\"@id\":\"https:\\\/\\\/soynuevaprensadigital.com\\\/news1053fm\\\/#\\\/schema\\\/person\\\/aa2d09ab130e943e3c7b360a32177538\"},\"breadcrumb\":{\"@id\":\"https:\\\/\\\/soynuevaprensadigital.com\\\/news1053fm\\\/efemerides-deportivas-9-de-abril-ozzie-guillen-debuta-en-las-grandes-ligas\\\/#breadcrumb\"},\"inLanguage\":\"es\",\"potentialAction\":[{\"@type\":\"ReadAction\",\"target\":[\"https:\\\/\\\/soynuevaprensadigital.com\\\/news1053fm\\\/efemerides-deportivas-9-de-abril-ozzie-guillen-debuta-en-las-grandes-ligas\\\/\"]}]},{\"@type\":\"BreadcrumbList\",\"@id\":\"https:\\\/\\\/soynuevaprensadigital.com\\\/news1053fm\\\/efemerides-deportivas-9-de-abril-ozzie-guillen-debuta-en-las-grandes-ligas\\\/#breadcrumb\",\"itemListElement\":[{\"@type\":\"ListItem\",\"position\":1,\"name\":\"Portada\",\"item\":\"https:\\\/\\\/soynuevaprensadigital.com\\\/news1053fm\\\/\"},{\"@type\":\"ListItem\",\"position\":2,\"name\":\"Efem\u00e9rides Deportivas 9 de abril: Ozzie Guill\u00e9n debuta en las Grandes Ligas\"}]},{\"@type\":\"WebSite\",\"@id\":\"https:\\\/\\\/soynuevaprensadigital.com\\\/news1053fm\\\/#website\",\"url\":\"https:\\\/\\\/soynuevaprensadigital.com\\\/news1053fm\\\/\",\"name\":\"News 105.3 FM\",\"description\":\"Nuestro compromiso contigo nos permite ofrecerte la radio de mejor calidad, la frecuencia m\u00e1s limpia yel entretenimiento para todos los gustos.\",\"potentialAction\":[{\"@type\":\"SearchAction\",\"target\":{\"@type\":\"EntryPoint\",\"urlTemplate\":\"https:\\\/\\\/soynuevaprensadigital.com\\\/news1053fm\\\/?s={search_term_string}\"},\"query-input\":{\"@type\":\"PropertyValueSpecification\",\"valueRequired\":true,\"valueName\":\"search_term_string\"}}],\"inLanguage\":\"es\"},{\"@type\":\"Person\",\"@id\":\"https:\\\/\\\/soynuevaprensadigital.com\\\/news1053fm\\\/#\\\/schema\\\/person\\\/aa2d09ab130e943e3c7b360a32177538\",\"name\":\"Alvis Cristina Herrera\",\"image\":{\"@type\":\"ImageObject\",\"inLanguage\":\"es\",\"@id\":\"https:\\\/\\\/secure.gravatar.com\\\/avatar\\\/6a4b461595fbd8c4d0947e89062b7b1df5ea5bc6348126d9594f8d0cece5be89?s=96&d=mm&r=g\",\"url\":\"https:\\\/\\\/secure.gravatar.com\\\/avatar\\\/6a4b461595fbd8c4d0947e89062b7b1df5ea5bc6348126d9594f8d0cece5be89?s=96&d=mm&r=g\",\"contentUrl\":\"https:\\\/\\\/secure.gravatar.com\\\/avatar\\\/6a4b461595fbd8c4d0947e89062b7b1df5ea5bc6348126d9594f8d0cece5be89?s=96&d=mm&r=g\",\"caption\":\"Alvis Cristina Herrera\"},\"sameAs\":[\"https:\\\/\\\/www.facebook.com\\\/AlvisCristinaHe\",\"https:\\\/\\\/www.instagram.com\\\/alviscristinahe\\\/\",\"https:\\\/\\\/www.linkedin.com\\\/in\\\/alviscristinahe\\\/\",\"https:\\\/\\\/x.com\\\/https:\\\/\\\/www.twitter.com\\\/alviscristinahe\\\/\"],\"url\":\"https:\\\/\\\/soynuevaprensadigital.com\\\/news1053fm\\\/author\\\/alvisherrera\\\/\"}]}<\/script>\n<!-- \/ Yoast SEO plugin. -->","yoast_head_json":{"title":"Efem\u00e9rides Deportivas 9 de abril: Ozzie Guill\u00e9n debuta en las Grandes Ligas - News 105.3 FM","robots":{"index":"index","follow":"follow","max-snippet":"max-snippet:-1","max-image-preview":"max-image-preview:large","max-video-preview":"max-video-preview:-1"},"canonical":"https:\/\/soynuevaprensadigital.com\/news1053fm\/efemerides-deportivas-9-de-abril-ozzie-guillen-debuta-en-las-grandes-ligas\/","og_locale":"es_ES","og_type":"article","og_title":"Efem\u00e9rides Deportivas 9 de abril: Ozzie Guill\u00e9n debuta en las Grandes Ligas - News 105.3 FM","og_description":"Ciudad Guayana.-Oswaldo Guill\u00e9n debut\u00f3 tal d\u00eda como hoy hace 36 a\u00f1os en las Grandes Ligas con los Medias Blancas de Chicago. El venezolano, con tan solo 21 a\u00f1os, aline\u00f3 como primer bate y en la posici\u00f3n del campocorto por los patiblancos, para convertirse en el 37mo jugador criollo en estrenarse en las Mayores. El cuadro [&hellip;]","og_url":"https:\/\/soynuevaprensadigital.com\/news1053fm\/efemerides-deportivas-9-de-abril-ozzie-guillen-debuta-en-las-grandes-ligas\/","og_site_name":"News 105.3 FM","article_publisher":"https:\/\/www.facebook.com\/News1053fm-1655395028099413\/","article_author":"https:\/\/www.facebook.com\/AlvisCristinaHe","article_published_time":"2021-04-10T01:39:46+00:00","og_image":[{"width":1200,"height":900,"url":"https:\/\/soynuevaprensadigital.com\/news1053fm\/wp-content\/uploads\/sites\/3\/2021\/04\/ct-out-loud-ozzie-guillen-20150706_crop1540827069880.jpg_1902800913.jpg","type":"image\/jpeg"}],"author":"Alvis Cristina Herrera","twitter_card":"summary_large_image","twitter_creator":"@https:\/\/www.twitter.com\/alviscristinahe\/","twitter_site":"@news105_3fm","twitter_misc":{"Escrito por":"Alvis Cristina Herrera","Tiempo de lectura":"2 minutos"},"schema":{"@context":"https:\/\/schema.org","@graph":[{"@type":"Article","@id":"https:\/\/soynuevaprensadigital.com\/news1053fm\/efemerides-deportivas-9-de-abril-ozzie-guillen-debuta-en-las-grandes-ligas\/#article","isPartOf":{"@id":"https:\/\/soynuevaprensadigital.com\/news1053fm\/efemerides-deportivas-9-de-abril-ozzie-guillen-debuta-en-las-grandes-ligas\/"},"author":{"name":"Alvis Cristina Herrera","@id":"https:\/\/soynuevaprensadigital.com\/news1053fm\/#\/schema\/person\/aa2d09ab130e943e3c7b360a32177538"},"headline":"Efem\u00e9rides Deportivas 9 de abril: Ozzie Guill\u00e9n debuta en las Grandes Ligas","datePublished":"2021-04-10T01:39:46+00:00","mainEntityOfPage":{"@id":"https:\/\/soynuevaprensadigital.com\/news1053fm\/efemerides-deportivas-9-de-abril-ozzie-guillen-debuta-en-las-grandes-ligas\/"},"wordCount":243,"articleSection":["Featured","Mundo Deportivo"],"inLanguage":"es"},{"@type":"WebPage","@id":"https:\/\/soynuevaprensadigital.com\/news1053fm\/efemerides-deportivas-9-de-abril-ozzie-guillen-debuta-en-las-grandes-ligas\/","url":"https:\/\/soynuevaprensadigital.com\/news1053fm\/efemerides-deportivas-9-de-abril-ozzie-guillen-debuta-en-las-grandes-ligas\/","name":"Efem\u00e9rides Deportivas 9 de abril: Ozzie Guill\u00e9n debuta en las Grandes Ligas - News 105.3 FM","isPartOf":{"@id":"https:\/\/soynuevaprensadigital.com\/news1053fm\/#website"},"datePublished":"2021-04-10T01:39:46+00:00","author":{"@id":"https:\/\/soynuevaprensadigital.com\/news1053fm\/#\/schema\/person\/aa2d09ab130e943e3c7b360a32177538"},"breadcrumb":{"@id":"https:\/\/soynuevaprensadigital.com\/news1053fm\/efemerides-deportivas-9-de-abril-ozzie-guillen-debuta-en-las-grandes-ligas\/#breadcrumb"},"inLanguage":"es","potentialAction":[{"@type":"ReadAction","target":["https:\/\/soynuevaprensadigital.com\/news1053fm\/efemerides-deportivas-9-de-abril-ozzie-guillen-debuta-en-las-grandes-ligas\/"]}]},{"@type":"BreadcrumbList","@id":"https:\/\/soynuevaprensadigital.com\/news1053fm\/efemerides-deportivas-9-de-abril-ozzie-guillen-debuta-en-las-grandes-ligas\/#breadcrumb","itemListElement":[{"@type":"ListItem","position":1,"name":"Portada","item":"https:\/\/soynuevaprensadigital.com\/news1053fm\/"},{"@type":"ListItem","position":2,"name":"Efem\u00e9rides Deportivas 9 de abril: Ozzie Guill\u00e9n debuta en las Grandes Ligas"}]},{"@type":"WebSite","@id":"https:\/\/soynuevaprensadigital.com\/news1053fm\/#website","url":"https:\/\/soynuevaprensadigital.com\/news1053fm\/","name":"News 105.3 FM","description":"Nuestro compromiso contigo nos permite ofrecerte la radio de mejor calidad, la frecuencia m\u00e1s limpia yel entretenimiento para todos los gustos.","potentialAction":[{"@type":"SearchAction","target":{"@type":"EntryPoint","urlTemplate":"https:\/\/soynuevaprensadigital.com\/news1053fm\/?s={search_term_string}"},"query-input":{"@type":"PropertyValueSpecification","valueRequired":true,"valueName":"search_term_string"}}],"inLanguage":"es"},{"@type":"Person","@id":"https:\/\/soynuevaprensadigital.com\/news1053fm\/#\/schema\/person\/aa2d09ab130e943e3c7b360a32177538","name":"Alvis Cristina Herrera","image":{"@type":"ImageObject","inLanguage":"es","@id":"https:\/\/secure.gravatar.com\/avatar\/6a4b461595fbd8c4d0947e89062b7b1df5ea5bc6348126d9594f8d0cece5be89?s=96&d=mm&r=g","url":"https:\/\/secure.gravatar.com\/avatar\/6a4b461595fbd8c4d0947e89062b7b1df5ea5bc6348126d9594f8d0cece5be89?s=96&d=mm&r=g","contentUrl":"https:\/\/secure.gravatar.com\/avatar\/6a4b461595fbd8c4d0947e89062b7b1df5ea5bc6348126d9594f8d0cece5be89?s=96&d=mm&r=g","caption":"Alvis Cristina Herrera"},"sameAs":["https:\/\/www.facebook.com\/AlvisCristinaHe","https:\/\/www.instagram.com\/alviscristinahe\/","https:\/\/www.linkedin.com\/in\/alviscristinahe\/","https:\/\/x.com\/https:\/\/www.twitter.com\/alviscristinahe\/"],"url":"https:\/\/soynuevaprensadigital.com\/news1053fm\/author\/alvisherrera\/"}]}},"_links":{"self":[{"href":"https:\/\/soynuevaprensadigital.com\/news1053fm\/wp-json\/wp\/v2\/posts\/1871","targetHints":{"allow":["GET"]}}],"collection":[{"href":"https:\/\/soynuevaprensadigital.com\/news1053fm\/wp-json\/wp\/v2\/posts"}],"about":[{"href":"https:\/\/soynuevaprensadigital.com\/news1053fm\/wp-json\/wp\/v2\/types\/post"}],"author":[{"embeddable":true,"href":"https:\/\/soynuevaprensadigital.com\/news1053fm\/wp-json\/wp\/v2\/users\/158"}],"replies":[{"embeddable":true,"href":"https:\/\/soynuevaprensadigital.com\/news1053fm\/wp-json\/wp\/v2\/comments?post=1871"}],"version-history":[{"count":0,"href":"https:\/\/soynuevaprensadigital.com\/news1053fm\/wp-json\/wp\/v2\/posts\/1871\/revisions"}],"wp:attachment":[{"href":"https:\/\/soynuevaprensadigital.com\/news1053fm\/wp-json\/wp\/v2\/media?parent=1871"}],"wp:term":[{"taxonomy":"category","embeddable":true,"href":"https:\/\/soynuevaprensadigital.com\/news1053fm\/wp-json\/wp\/v2\/categories?post=1871"},{"taxonomy":"post_tag","embeddable":true,"href":"https:\/\/soynuevaprensadigital.com\/news1053fm\/wp-json\/wp\/v2\/tags?post=1871"}],"curies":[{"name":"wp","href":"https:\/\/api.w.org\/{rel}","templated":true}]}}