{"id":1876,"date":"2021-04-09T21:48:13","date_gmt":"2021-04-10T01:48:13","guid":{"rendered":"https:\/\/soynuevaprensadigital.com\/news1053fm\/?p=1876"},"modified":"2021-04-09T21:48:13","modified_gmt":"2021-04-10T01:48:13","slug":"valentino-junto-a-jowell-y-randy-lanzaron-suelta","status":"publish","type":"post","link":"https:\/\/soynuevaprensadigital.com\/news1053fm\/valentino-junto-a-jowell-y-randy-lanzaron-suelta\/","title":{"rendered":"Valentino junto a Jowell y Randy lanzaron \u00abSuelta\u00bb"},"content":{"rendered":"<p><strong>San Juan.-<\/strong>El veterano artista urbano puertorrique\u00f1o Valentino lanz\u00f3 este viernes junto al destacado d\u00fao de reguet\u00f3n Jowell y Randy su nuevo sencillo, \u00abSuelta\u00bb.<\/p>\n<p>El tema, seg\u00fan aseguraron los representantes de Valentino en un comunicado de prensa, \u00abse convertir\u00e1 en el himno oficial de la \u00e9poca m\u00e1s fiestera del a\u00f1o\u00bb.<\/p>\n<p>Igualmente, seg\u00fan se destac\u00f3 en el comunicado, Valentino, antes conocido por formar parte del d\u00fao de Magnate y Valentino, \u00abguard\u00f3 toda su artiller\u00eda pesada\u00bb durante el inicio del 2021, para dedicarse ahora al lanzamiento de su nuevo sencillo.<\/p>\n<p>\u00abSuelta\u00bb, a su vez, \u00abnaci\u00f3 para la fiesta, y para disfrutar a todo pulm\u00f3n\u00bb, en compa\u00f1\u00eda de los expertos del \u00abperreo\u00bb, Jowell y Randy.<\/p>\n<p>El tema fue escrito por sus mismos int\u00e9rpretes junto a Juan Diego Medina, bajo el ala de la casa disquera La Industria INC.<\/p>\n<p>Los productores musicales, por su parte, fueron Saga Whiteblack y Jorge Milliano.<\/p>\n<p>El sencillo, de igual manera, cuenta con un v\u00eddeo musical grabado en la ciudad de Miami (Florida EE.UU.).<\/p>\n<p>La pieza audiovisual muestra una tem\u00e1tica de fiesta nocturna, con toques de sensualidad y una verdadera explosi\u00f3n de color, seg\u00fan se detall\u00f3 en el comunicado.<\/p>\n<p>Valentino arranc\u00f3 su carrera musical en el g\u00e9nero urbano en el a\u00f1o 1998 como integrante del d\u00fao de Magnate y Valentino.<\/p>\n<p>El d\u00fao logr\u00f3 ubicarse entre los primeros d\u00faos de reguet\u00f3n al participar de algunos de los discos de mayor \u00e9xito de principios de la d\u00e9cada del 2000, como \u00abPlayero 42\u00bb, \u00abLas G\u00e1rgolas\u00bb, \u00ab9 Plagas\u00bb y \u00abWarriors 2\u00bb.<\/p>\n<p>Pero, uno de sus temas m\u00e1s exitosos es \u00abGata Celosa\u00bb, que incluyeron en su disco \u00abRompiendo el hielo\u00bb (2002) y en el que colabor\u00f3 el entonces d\u00fao de H\u00e9ctor \u00abEl Father\u00bb y Tito \u00abEl Bambino\u00bb.<\/p>\n<p>No obstante, varios a\u00f1os m\u00e1s tarde, el d\u00fao de Magnate y Valentino decidi\u00f3 romperse.<\/p>\n<p>Ante ello, Valentino continu\u00f3 su carrera como solista, y en el a\u00f1o 2013 lanz\u00f3 el sencillo \u00abNo Llores M\u00e1s\u00bb, un tema que hizo con J \u00c1lvarez.<\/p>\n<p>De este tema se produjo un \u00abremix\u00bb (remezcla) en el que participaron Nicky Jam y \u00d1ejo.<\/p>\n<p>Valentino, por su parte, posteriormente realiz\u00f3 en el a\u00f1o 2014 una gira de presentaciones por Estados Unidos y otros pa\u00edses de Am\u00e9rica Latina, como Chile, Ecuador, Per\u00fa, Panam\u00e1 y Colombia.<\/p>\n<p>Otros destacados temas que Valentino ha lanzado en los pasados a\u00f1os, han sido \u00abB\u00e9same\u00bb, junto al colombiano Manuel Turizo, y \u00abT\u00fa y Yo\u00bb junto a Nicky Jam y Justin Quiles.<\/p>\n","protected":false},"excerpt":{"rendered":"<p>San Juan.-El veterano artista urbano puertorrique\u00f1o Valentino lanz\u00f3 este viernes junto al destacado d\u00fao de reguet\u00f3n Jowell y Randy su nuevo sencillo, \u00abSuelta\u00bb. El tema, seg\u00fan aseguraron los representantes de Valentino en un comunicado de prensa, \u00abse convertir\u00e1 en el himno oficial de la \u00e9poca m\u00e1s fiestera del a\u00f1o\u00bb. Igualmente, seg\u00fan se destac\u00f3 en el [&hellip;]<\/p>\n","protected":false},"author":158,"featured_media":0,"comment_status":"closed","ping_status":"closed","sticky":false,"template":"","format":"standard","meta":{"footnotes":""},"categories":[2,14],"tags":[],"class_list":["post-1876","post","type-post","status-publish","format-standard","hentry","category-featured","category-noticias"],"yoast_head":"<!-- This site is optimized with the Yoast SEO plugin v27.3 - https:\/\/yoast.com\/product\/yoast-seo-wordpress\/ -->\n<title>Valentino junto a Jowell y Randy lanzaron &quot;Suelta&quot; - News 105.3 FM<\/title>\n<meta name=\"robots\" content=\"index, follow, max-snippet:-1, max-image-preview:large, max-video-preview:-1\" \/>\n<link rel=\"canonical\" href=\"https:\/\/soynuevaprensadigital.com\/news1053fm\/valentino-junto-a-jowell-y-randy-lanzaron-suelta\/\" \/>\n<meta property=\"og:locale\" content=\"es_ES\" \/>\n<meta property=\"og:type\" content=\"article\" \/>\n<meta property=\"og:title\" content=\"Valentino junto a Jowell y Randy lanzaron &quot;Suelta&quot; - News 105.3 FM\" \/>\n<meta property=\"og:description\" content=\"San Juan.-El veterano artista urbano puertorrique\u00f1o Valentino lanz\u00f3 este viernes junto al destacado d\u00fao de reguet\u00f3n Jowell y Randy su nuevo sencillo, \u00abSuelta\u00bb. El tema, seg\u00fan aseguraron los representantes de Valentino en un comunicado de prensa, \u00abse convertir\u00e1 en el himno oficial de la \u00e9poca m\u00e1s fiestera del a\u00f1o\u00bb. Igualmente, seg\u00fan se destac\u00f3 en el [&hellip;]\" \/>\n<meta property=\"og:url\" content=\"https:\/\/soynuevaprensadigital.com\/news1053fm\/valentino-junto-a-jowell-y-randy-lanzaron-suelta\/\" \/>\n<meta property=\"og:site_name\" content=\"News 105.3 FM\" \/>\n<meta property=\"article:publisher\" content=\"https:\/\/www.facebook.com\/News1053fm-1655395028099413\/\" \/>\n<meta property=\"article:author\" content=\"https:\/\/www.facebook.com\/AlvisCristinaHe\" \/>\n<meta property=\"article:published_time\" content=\"2021-04-10T01:48:13+00:00\" \/>\n<meta property=\"og:image\" content=\"https:\/\/soynuevaprensadigital.com\/news1053fm\/wp-content\/uploads\/sites\/3\/2021\/04\/826f5a78e7a8ae1b78e177894604c43fe3caa659w.jpg\" \/>\n\t<meta property=\"og:image:width\" content=\"569\" \/>\n\t<meta property=\"og:image:height\" content=\"900\" \/>\n\t<meta property=\"og:image:type\" content=\"image\/jpeg\" \/>\n<meta name=\"author\" content=\"Alvis Cristina Herrera\" \/>\n<meta name=\"twitter:card\" content=\"summary_large_image\" \/>\n<meta name=\"twitter:creator\" content=\"@https:\/\/www.twitter.com\/alviscristinahe\/\" \/>\n<meta name=\"twitter:site\" content=\"@news105_3fm\" \/>\n<meta name=\"twitter:label1\" content=\"Escrito por\" \/>\n\t<meta name=\"twitter:data1\" content=\"Alvis Cristina Herrera\" \/>\n\t<meta name=\"twitter:label2\" content=\"Tiempo de lectura\" \/>\n\t<meta name=\"twitter:data2\" content=\"2 minutos\" \/>\n<script type=\"application\/ld+json\" class=\"yoast-schema-graph\">{\"@context\":\"https:\\\/\\\/schema.org\",\"@graph\":[{\"@type\":\"Article\",\"@id\":\"https:\\\/\\\/soynuevaprensadigital.com\\\/news1053fm\\\/valentino-junto-a-jowell-y-randy-lanzaron-suelta\\\/#article\",\"isPartOf\":{\"@id\":\"https:\\\/\\\/soynuevaprensadigital.com\\\/news1053fm\\\/valentino-junto-a-jowell-y-randy-lanzaron-suelta\\\/\"},\"author\":{\"name\":\"Alvis Cristina Herrera\",\"@id\":\"https:\\\/\\\/soynuevaprensadigital.com\\\/news1053fm\\\/#\\\/schema\\\/person\\\/aa2d09ab130e943e3c7b360a32177538\"},\"headline\":\"Valentino junto a Jowell y Randy lanzaron \u00abSuelta\u00bb\",\"datePublished\":\"2021-04-10T01:48:13+00:00\",\"mainEntityOfPage\":{\"@id\":\"https:\\\/\\\/soynuevaprensadigital.com\\\/news1053fm\\\/valentino-junto-a-jowell-y-randy-lanzaron-suelta\\\/\"},\"wordCount\":436,\"articleSection\":[\"Featured\",\"Noticias\"],\"inLanguage\":\"es\"},{\"@type\":\"WebPage\",\"@id\":\"https:\\\/\\\/soynuevaprensadigital.com\\\/news1053fm\\\/valentino-junto-a-jowell-y-randy-lanzaron-suelta\\\/\",\"url\":\"https:\\\/\\\/soynuevaprensadigital.com\\\/news1053fm\\\/valentino-junto-a-jowell-y-randy-lanzaron-suelta\\\/\",\"name\":\"Valentino junto a Jowell y Randy lanzaron \\\"Suelta\\\" - News 105.3 FM\",\"isPartOf\":{\"@id\":\"https:\\\/\\\/soynuevaprensadigital.com\\\/news1053fm\\\/#website\"},\"datePublished\":\"2021-04-10T01:48:13+00:00\",\"author\":{\"@id\":\"https:\\\/\\\/soynuevaprensadigital.com\\\/news1053fm\\\/#\\\/schema\\\/person\\\/aa2d09ab130e943e3c7b360a32177538\"},\"breadcrumb\":{\"@id\":\"https:\\\/\\\/soynuevaprensadigital.com\\\/news1053fm\\\/valentino-junto-a-jowell-y-randy-lanzaron-suelta\\\/#breadcrumb\"},\"inLanguage\":\"es\",\"potentialAction\":[{\"@type\":\"ReadAction\",\"target\":[\"https:\\\/\\\/soynuevaprensadigital.com\\\/news1053fm\\\/valentino-junto-a-jowell-y-randy-lanzaron-suelta\\\/\"]}]},{\"@type\":\"BreadcrumbList\",\"@id\":\"https:\\\/\\\/soynuevaprensadigital.com\\\/news1053fm\\\/valentino-junto-a-jowell-y-randy-lanzaron-suelta\\\/#breadcrumb\",\"itemListElement\":[{\"@type\":\"ListItem\",\"position\":1,\"name\":\"Portada\",\"item\":\"https:\\\/\\\/soynuevaprensadigital.com\\\/news1053fm\\\/\"},{\"@type\":\"ListItem\",\"position\":2,\"name\":\"Valentino junto a Jowell y Randy lanzaron \u00abSuelta\u00bb\"}]},{\"@type\":\"WebSite\",\"@id\":\"https:\\\/\\\/soynuevaprensadigital.com\\\/news1053fm\\\/#website\",\"url\":\"https:\\\/\\\/soynuevaprensadigital.com\\\/news1053fm\\\/\",\"name\":\"News 105.3 FM\",\"description\":\"Nuestro compromiso contigo nos permite ofrecerte la radio de mejor calidad, la frecuencia m\u00e1s limpia yel entretenimiento para todos los gustos.\",\"potentialAction\":[{\"@type\":\"SearchAction\",\"target\":{\"@type\":\"EntryPoint\",\"urlTemplate\":\"https:\\\/\\\/soynuevaprensadigital.com\\\/news1053fm\\\/?s={search_term_string}\"},\"query-input\":{\"@type\":\"PropertyValueSpecification\",\"valueRequired\":true,\"valueName\":\"search_term_string\"}}],\"inLanguage\":\"es\"},{\"@type\":\"Person\",\"@id\":\"https:\\\/\\\/soynuevaprensadigital.com\\\/news1053fm\\\/#\\\/schema\\\/person\\\/aa2d09ab130e943e3c7b360a32177538\",\"name\":\"Alvis Cristina Herrera\",\"image\":{\"@type\":\"ImageObject\",\"inLanguage\":\"es\",\"@id\":\"https:\\\/\\\/secure.gravatar.com\\\/avatar\\\/6a4b461595fbd8c4d0947e89062b7b1df5ea5bc6348126d9594f8d0cece5be89?s=96&d=mm&r=g\",\"url\":\"https:\\\/\\\/secure.gravatar.com\\\/avatar\\\/6a4b461595fbd8c4d0947e89062b7b1df5ea5bc6348126d9594f8d0cece5be89?s=96&d=mm&r=g\",\"contentUrl\":\"https:\\\/\\\/secure.gravatar.com\\\/avatar\\\/6a4b461595fbd8c4d0947e89062b7b1df5ea5bc6348126d9594f8d0cece5be89?s=96&d=mm&r=g\",\"caption\":\"Alvis Cristina Herrera\"},\"sameAs\":[\"https:\\\/\\\/www.facebook.com\\\/AlvisCristinaHe\",\"https:\\\/\\\/www.instagram.com\\\/alviscristinahe\\\/\",\"https:\\\/\\\/www.linkedin.com\\\/in\\\/alviscristinahe\\\/\",\"https:\\\/\\\/x.com\\\/https:\\\/\\\/www.twitter.com\\\/alviscristinahe\\\/\"],\"url\":\"https:\\\/\\\/soynuevaprensadigital.com\\\/news1053fm\\\/author\\\/alvisherrera\\\/\"}]}<\/script>\n<!-- \/ Yoast SEO plugin. -->","yoast_head_json":{"title":"Valentino junto a Jowell y Randy lanzaron \"Suelta\" - News 105.3 FM","robots":{"index":"index","follow":"follow","max-snippet":"max-snippet:-1","max-image-preview":"max-image-preview:large","max-video-preview":"max-video-preview:-1"},"canonical":"https:\/\/soynuevaprensadigital.com\/news1053fm\/valentino-junto-a-jowell-y-randy-lanzaron-suelta\/","og_locale":"es_ES","og_type":"article","og_title":"Valentino junto a Jowell y Randy lanzaron \"Suelta\" - News 105.3 FM","og_description":"San Juan.-El veterano artista urbano puertorrique\u00f1o Valentino lanz\u00f3 este viernes junto al destacado d\u00fao de reguet\u00f3n Jowell y Randy su nuevo sencillo, \u00abSuelta\u00bb. El tema, seg\u00fan aseguraron los representantes de Valentino en un comunicado de prensa, \u00abse convertir\u00e1 en el himno oficial de la \u00e9poca m\u00e1s fiestera del a\u00f1o\u00bb. Igualmente, seg\u00fan se destac\u00f3 en el [&hellip;]","og_url":"https:\/\/soynuevaprensadigital.com\/news1053fm\/valentino-junto-a-jowell-y-randy-lanzaron-suelta\/","og_site_name":"News 105.3 FM","article_publisher":"https:\/\/www.facebook.com\/News1053fm-1655395028099413\/","article_author":"https:\/\/www.facebook.com\/AlvisCristinaHe","article_published_time":"2021-04-10T01:48:13+00:00","og_image":[{"width":569,"height":900,"url":"https:\/\/soynuevaprensadigital.com\/news1053fm\/wp-content\/uploads\/sites\/3\/2021\/04\/826f5a78e7a8ae1b78e177894604c43fe3caa659w.jpg","type":"image\/jpeg"}],"author":"Alvis Cristina Herrera","twitter_card":"summary_large_image","twitter_creator":"@https:\/\/www.twitter.com\/alviscristinahe\/","twitter_site":"@news105_3fm","twitter_misc":{"Escrito por":"Alvis Cristina Herrera","Tiempo de lectura":"2 minutos"},"schema":{"@context":"https:\/\/schema.org","@graph":[{"@type":"Article","@id":"https:\/\/soynuevaprensadigital.com\/news1053fm\/valentino-junto-a-jowell-y-randy-lanzaron-suelta\/#article","isPartOf":{"@id":"https:\/\/soynuevaprensadigital.com\/news1053fm\/valentino-junto-a-jowell-y-randy-lanzaron-suelta\/"},"author":{"name":"Alvis Cristina Herrera","@id":"https:\/\/soynuevaprensadigital.com\/news1053fm\/#\/schema\/person\/aa2d09ab130e943e3c7b360a32177538"},"headline":"Valentino junto a Jowell y Randy lanzaron \u00abSuelta\u00bb","datePublished":"2021-04-10T01:48:13+00:00","mainEntityOfPage":{"@id":"https:\/\/soynuevaprensadigital.com\/news1053fm\/valentino-junto-a-jowell-y-randy-lanzaron-suelta\/"},"wordCount":436,"articleSection":["Featured","Noticias"],"inLanguage":"es"},{"@type":"WebPage","@id":"https:\/\/soynuevaprensadigital.com\/news1053fm\/valentino-junto-a-jowell-y-randy-lanzaron-suelta\/","url":"https:\/\/soynuevaprensadigital.com\/news1053fm\/valentino-junto-a-jowell-y-randy-lanzaron-suelta\/","name":"Valentino junto a Jowell y Randy lanzaron \"Suelta\" - News 105.3 FM","isPartOf":{"@id":"https:\/\/soynuevaprensadigital.com\/news1053fm\/#website"},"datePublished":"2021-04-10T01:48:13+00:00","author":{"@id":"https:\/\/soynuevaprensadigital.com\/news1053fm\/#\/schema\/person\/aa2d09ab130e943e3c7b360a32177538"},"breadcrumb":{"@id":"https:\/\/soynuevaprensadigital.com\/news1053fm\/valentino-junto-a-jowell-y-randy-lanzaron-suelta\/#breadcrumb"},"inLanguage":"es","potentialAction":[{"@type":"ReadAction","target":["https:\/\/soynuevaprensadigital.com\/news1053fm\/valentino-junto-a-jowell-y-randy-lanzaron-suelta\/"]}]},{"@type":"BreadcrumbList","@id":"https:\/\/soynuevaprensadigital.com\/news1053fm\/valentino-junto-a-jowell-y-randy-lanzaron-suelta\/#breadcrumb","itemListElement":[{"@type":"ListItem","position":1,"name":"Portada","item":"https:\/\/soynuevaprensadigital.com\/news1053fm\/"},{"@type":"ListItem","position":2,"name":"Valentino junto a Jowell y Randy lanzaron \u00abSuelta\u00bb"}]},{"@type":"WebSite","@id":"https:\/\/soynuevaprensadigital.com\/news1053fm\/#website","url":"https:\/\/soynuevaprensadigital.com\/news1053fm\/","name":"News 105.3 FM","description":"Nuestro compromiso contigo nos permite ofrecerte la radio de mejor calidad, la frecuencia m\u00e1s limpia yel entretenimiento para todos los gustos.","potentialAction":[{"@type":"SearchAction","target":{"@type":"EntryPoint","urlTemplate":"https:\/\/soynuevaprensadigital.com\/news1053fm\/?s={search_term_string}"},"query-input":{"@type":"PropertyValueSpecification","valueRequired":true,"valueName":"search_term_string"}}],"inLanguage":"es"},{"@type":"Person","@id":"https:\/\/soynuevaprensadigital.com\/news1053fm\/#\/schema\/person\/aa2d09ab130e943e3c7b360a32177538","name":"Alvis Cristina Herrera","image":{"@type":"ImageObject","inLanguage":"es","@id":"https:\/\/secure.gravatar.com\/avatar\/6a4b461595fbd8c4d0947e89062b7b1df5ea5bc6348126d9594f8d0cece5be89?s=96&d=mm&r=g","url":"https:\/\/secure.gravatar.com\/avatar\/6a4b461595fbd8c4d0947e89062b7b1df5ea5bc6348126d9594f8d0cece5be89?s=96&d=mm&r=g","contentUrl":"https:\/\/secure.gravatar.com\/avatar\/6a4b461595fbd8c4d0947e89062b7b1df5ea5bc6348126d9594f8d0cece5be89?s=96&d=mm&r=g","caption":"Alvis Cristina Herrera"},"sameAs":["https:\/\/www.facebook.com\/AlvisCristinaHe","https:\/\/www.instagram.com\/alviscristinahe\/","https:\/\/www.linkedin.com\/in\/alviscristinahe\/","https:\/\/x.com\/https:\/\/www.twitter.com\/alviscristinahe\/"],"url":"https:\/\/soynuevaprensadigital.com\/news1053fm\/author\/alvisherrera\/"}]}},"_links":{"self":[{"href":"https:\/\/soynuevaprensadigital.com\/news1053fm\/wp-json\/wp\/v2\/posts\/1876","targetHints":{"allow":["GET"]}}],"collection":[{"href":"https:\/\/soynuevaprensadigital.com\/news1053fm\/wp-json\/wp\/v2\/posts"}],"about":[{"href":"https:\/\/soynuevaprensadigital.com\/news1053fm\/wp-json\/wp\/v2\/types\/post"}],"author":[{"embeddable":true,"href":"https:\/\/soynuevaprensadigital.com\/news1053fm\/wp-json\/wp\/v2\/users\/158"}],"replies":[{"embeddable":true,"href":"https:\/\/soynuevaprensadigital.com\/news1053fm\/wp-json\/wp\/v2\/comments?post=1876"}],"version-history":[{"count":0,"href":"https:\/\/soynuevaprensadigital.com\/news1053fm\/wp-json\/wp\/v2\/posts\/1876\/revisions"}],"wp:attachment":[{"href":"https:\/\/soynuevaprensadigital.com\/news1053fm\/wp-json\/wp\/v2\/media?parent=1876"}],"wp:term":[{"taxonomy":"category","embeddable":true,"href":"https:\/\/soynuevaprensadigital.com\/news1053fm\/wp-json\/wp\/v2\/categories?post=1876"},{"taxonomy":"post_tag","embeddable":true,"href":"https:\/\/soynuevaprensadigital.com\/news1053fm\/wp-json\/wp\/v2\/tags?post=1876"}],"curies":[{"name":"wp","href":"https:\/\/api.w.org\/{rel}","templated":true}]}}