{"id":1904,"date":"2021-04-15T20:51:17","date_gmt":"2021-04-16T00:51:17","guid":{"rendered":"https:\/\/soynuevaprensadigital.com\/news1053fm\/?p=1904"},"modified":"2021-04-15T20:51:17","modified_gmt":"2021-04-16T00:51:17","slug":"christina-aguilera-prepara-un-nuevo-disco","status":"publish","type":"post","link":"https:\/\/soynuevaprensadigital.com\/news1053fm\/christina-aguilera-prepara-un-nuevo-disco\/","title":{"rendered":"Christina Aguilera prepara un nuevo disco"},"content":{"rendered":"<p style=\"text-align: justify\"><strong>Nueva York.-<\/strong>La cantante estadounidense Christina Aguilera, que recientemente anunci\u00f3 que est\u00e1 preparando su segundo disco en espa\u00f1ol 21 a\u00f1os despu\u00e9s de \u00abMi reflejo\u00bb, est\u00e1 componiendo tambi\u00e9n un nuevo \u00e1lbum en ingl\u00e9s, aunque advirti\u00f3 que su creaci\u00f3n est\u00e1 a meses vista.<\/p>\n<p>En una entrevista que dio a la revista Health, la artista, que acaba de cumplir 40 a\u00f1os, asegur\u00f3 que estaba \u00abtrabajando simult\u00e1neamente\u00bb en un disco en ingl\u00e9s y en la \u00abcontinuaci\u00f3n\u00bb de su debut en espa\u00f1ol hace dos d\u00e9cadas, aunque advirti\u00f3 que a\u00fan no se anunciar\u00eda nada hasta dentro de varios meses.<\/p>\n<p>\u00abEstoy a meses de que se anuncie algo (&#8230;) Soy perfeccionista y quiero dar todo lo mejor de m\u00ed, especialmente por el examen de conciencia que hice durante el a\u00f1o pasado y la nueva perspectiva que tengo\u00bb, dijo la cantante, que subray\u00f3 a la revista que hab\u00eda recuperado la inspiraci\u00f3n y vuelto a conectar con ella misma.<\/p>\n<p>La cantante tampoco ofreci\u00f3 posibles fechas, aunque s\u00ed dej\u00f3 caer que se podr\u00eda tratar de un trabajo intimista.<\/p>\n<p>\u00abMe he acercado a todas mis sesiones de escritura como un libro abierto y diciendo: &#8216;Mira, as\u00ed es como me sent\u00ed&#8217;. Mucha gente ha dicho: &#8216;Espera, no ten\u00eda ni idea de que alguna vez te sentiste as\u00ed porque siempre has sido un pilar de fuerza con tus mensajes'\u00bb, dijo la cantante antes de subrayar que incluso al reconocer la verdad y el poder, \u00abhay momentos de debilidad\u00bb.<\/p>\n<p>\u00abNo me averg\u00fcenza decir que tengo mis momentos oscuros\u00bb, continu\u00f3.<\/p>\n<p>Sobre sus nuevos trabajos, la cantante neoyorquina, que public\u00f3 su \u00faltimo disco \u00abLiberation\u00bb en 2018, tambi\u00e9n hizo hincapi\u00e9 en que se ha enamorado de la m\u00fasica de nuevo.<\/p>\n<p>Aguilera, de ancestros ecuatorianos, grab\u00f3 su primer disco en espa\u00f1ol en 2000. En 2001 recibi\u00f3 una nominaci\u00f3n a los Latin Grammys, una a los Grammy y gan\u00f3 dos Latin Billboards, entre otras distinciones.<\/p>\n","protected":false},"excerpt":{"rendered":"<p>Nueva York.-La cantante estadounidense Christina Aguilera, que recientemente anunci\u00f3 que est\u00e1 preparando su segundo disco en espa\u00f1ol 21 a\u00f1os despu\u00e9s de \u00abMi reflejo\u00bb, est\u00e1 componiendo tambi\u00e9n un nuevo \u00e1lbum en ingl\u00e9s, aunque advirti\u00f3 que su creaci\u00f3n est\u00e1 a meses vista. En una entrevista que dio a la revista Health, la artista, que acaba de cumplir [&hellip;]<\/p>\n","protected":false},"author":158,"featured_media":0,"comment_status":"closed","ping_status":"closed","sticky":false,"template":"","format":"standard","meta":{"footnotes":""},"categories":[2,14],"tags":[],"class_list":["post-1904","post","type-post","status-publish","format-standard","hentry","category-featured","category-noticias"],"yoast_head":"<!-- This site is optimized with the Yoast SEO plugin v27.3 - https:\/\/yoast.com\/product\/yoast-seo-wordpress\/ -->\n<title>Christina Aguilera prepara un nuevo disco - News 105.3 FM<\/title>\n<meta name=\"robots\" content=\"index, follow, max-snippet:-1, max-image-preview:large, max-video-preview:-1\" \/>\n<link rel=\"canonical\" href=\"https:\/\/soynuevaprensadigital.com\/news1053fm\/christina-aguilera-prepara-un-nuevo-disco\/\" \/>\n<meta property=\"og:locale\" content=\"es_ES\" \/>\n<meta property=\"og:type\" content=\"article\" \/>\n<meta property=\"og:title\" content=\"Christina Aguilera prepara un nuevo disco - News 105.3 FM\" \/>\n<meta property=\"og:description\" content=\"Nueva York.-La cantante estadounidense Christina Aguilera, que recientemente anunci\u00f3 que est\u00e1 preparando su segundo disco en espa\u00f1ol 21 a\u00f1os despu\u00e9s de \u00abMi reflejo\u00bb, est\u00e1 componiendo tambi\u00e9n un nuevo \u00e1lbum en ingl\u00e9s, aunque advirti\u00f3 que su creaci\u00f3n est\u00e1 a meses vista. En una entrevista que dio a la revista Health, la artista, que acaba de cumplir [&hellip;]\" \/>\n<meta property=\"og:url\" content=\"https:\/\/soynuevaprensadigital.com\/news1053fm\/christina-aguilera-prepara-un-nuevo-disco\/\" \/>\n<meta property=\"og:site_name\" content=\"News 105.3 FM\" \/>\n<meta property=\"article:publisher\" content=\"https:\/\/www.facebook.com\/News1053fm-1655395028099413\/\" \/>\n<meta property=\"article:author\" content=\"https:\/\/www.facebook.com\/AlvisCristinaHe\" \/>\n<meta property=\"article:published_time\" content=\"2021-04-16T00:51:17+00:00\" \/>\n<meta property=\"og:image\" content=\"https:\/\/soynuevaprensadigital.com\/news1053fm\/wp-content\/uploads\/sites\/3\/2021\/04\/50d4ce5368ba9224d12062e8bd6197868c322696w.jpg\" \/>\n\t<meta property=\"og:image:width\" content=\"1920\" \/>\n\t<meta property=\"og:image:height\" content=\"1279\" \/>\n\t<meta property=\"og:image:type\" content=\"image\/jpeg\" \/>\n<meta name=\"author\" content=\"Alvis Cristina Herrera\" \/>\n<meta name=\"twitter:card\" content=\"summary_large_image\" \/>\n<meta name=\"twitter:creator\" content=\"@https:\/\/www.twitter.com\/alviscristinahe\/\" \/>\n<meta name=\"twitter:site\" content=\"@news105_3fm\" \/>\n<meta name=\"twitter:label1\" content=\"Escrito por\" \/>\n\t<meta name=\"twitter:data1\" content=\"Alvis Cristina Herrera\" \/>\n\t<meta name=\"twitter:label2\" content=\"Tiempo de lectura\" \/>\n\t<meta name=\"twitter:data2\" content=\"2 minutos\" \/>\n<script type=\"application\/ld+json\" class=\"yoast-schema-graph\">{\"@context\":\"https:\\\/\\\/schema.org\",\"@graph\":[{\"@type\":\"Article\",\"@id\":\"https:\\\/\\\/soynuevaprensadigital.com\\\/news1053fm\\\/christina-aguilera-prepara-un-nuevo-disco\\\/#article\",\"isPartOf\":{\"@id\":\"https:\\\/\\\/soynuevaprensadigital.com\\\/news1053fm\\\/christina-aguilera-prepara-un-nuevo-disco\\\/\"},\"author\":{\"name\":\"Alvis Cristina Herrera\",\"@id\":\"https:\\\/\\\/soynuevaprensadigital.com\\\/news1053fm\\\/#\\\/schema\\\/person\\\/aa2d09ab130e943e3c7b360a32177538\"},\"headline\":\"Christina Aguilera prepara un nuevo disco\",\"datePublished\":\"2021-04-16T00:51:17+00:00\",\"mainEntityOfPage\":{\"@id\":\"https:\\\/\\\/soynuevaprensadigital.com\\\/news1053fm\\\/christina-aguilera-prepara-un-nuevo-disco\\\/\"},\"wordCount\":330,\"articleSection\":[\"Featured\",\"Noticias\"],\"inLanguage\":\"es\"},{\"@type\":\"WebPage\",\"@id\":\"https:\\\/\\\/soynuevaprensadigital.com\\\/news1053fm\\\/christina-aguilera-prepara-un-nuevo-disco\\\/\",\"url\":\"https:\\\/\\\/soynuevaprensadigital.com\\\/news1053fm\\\/christina-aguilera-prepara-un-nuevo-disco\\\/\",\"name\":\"Christina Aguilera prepara un nuevo disco - News 105.3 FM\",\"isPartOf\":{\"@id\":\"https:\\\/\\\/soynuevaprensadigital.com\\\/news1053fm\\\/#website\"},\"datePublished\":\"2021-04-16T00:51:17+00:00\",\"author\":{\"@id\":\"https:\\\/\\\/soynuevaprensadigital.com\\\/news1053fm\\\/#\\\/schema\\\/person\\\/aa2d09ab130e943e3c7b360a32177538\"},\"breadcrumb\":{\"@id\":\"https:\\\/\\\/soynuevaprensadigital.com\\\/news1053fm\\\/christina-aguilera-prepara-un-nuevo-disco\\\/#breadcrumb\"},\"inLanguage\":\"es\",\"potentialAction\":[{\"@type\":\"ReadAction\",\"target\":[\"https:\\\/\\\/soynuevaprensadigital.com\\\/news1053fm\\\/christina-aguilera-prepara-un-nuevo-disco\\\/\"]}]},{\"@type\":\"BreadcrumbList\",\"@id\":\"https:\\\/\\\/soynuevaprensadigital.com\\\/news1053fm\\\/christina-aguilera-prepara-un-nuevo-disco\\\/#breadcrumb\",\"itemListElement\":[{\"@type\":\"ListItem\",\"position\":1,\"name\":\"Portada\",\"item\":\"https:\\\/\\\/soynuevaprensadigital.com\\\/news1053fm\\\/\"},{\"@type\":\"ListItem\",\"position\":2,\"name\":\"Christina Aguilera prepara un nuevo disco\"}]},{\"@type\":\"WebSite\",\"@id\":\"https:\\\/\\\/soynuevaprensadigital.com\\\/news1053fm\\\/#website\",\"url\":\"https:\\\/\\\/soynuevaprensadigital.com\\\/news1053fm\\\/\",\"name\":\"News 105.3 FM\",\"description\":\"Nuestro compromiso contigo nos permite ofrecerte la radio de mejor calidad, la frecuencia m\u00e1s limpia yel entretenimiento para todos los gustos.\",\"potentialAction\":[{\"@type\":\"SearchAction\",\"target\":{\"@type\":\"EntryPoint\",\"urlTemplate\":\"https:\\\/\\\/soynuevaprensadigital.com\\\/news1053fm\\\/?s={search_term_string}\"},\"query-input\":{\"@type\":\"PropertyValueSpecification\",\"valueRequired\":true,\"valueName\":\"search_term_string\"}}],\"inLanguage\":\"es\"},{\"@type\":\"Person\",\"@id\":\"https:\\\/\\\/soynuevaprensadigital.com\\\/news1053fm\\\/#\\\/schema\\\/person\\\/aa2d09ab130e943e3c7b360a32177538\",\"name\":\"Alvis Cristina Herrera\",\"image\":{\"@type\":\"ImageObject\",\"inLanguage\":\"es\",\"@id\":\"https:\\\/\\\/secure.gravatar.com\\\/avatar\\\/6a4b461595fbd8c4d0947e89062b7b1df5ea5bc6348126d9594f8d0cece5be89?s=96&d=mm&r=g\",\"url\":\"https:\\\/\\\/secure.gravatar.com\\\/avatar\\\/6a4b461595fbd8c4d0947e89062b7b1df5ea5bc6348126d9594f8d0cece5be89?s=96&d=mm&r=g\",\"contentUrl\":\"https:\\\/\\\/secure.gravatar.com\\\/avatar\\\/6a4b461595fbd8c4d0947e89062b7b1df5ea5bc6348126d9594f8d0cece5be89?s=96&d=mm&r=g\",\"caption\":\"Alvis Cristina Herrera\"},\"sameAs\":[\"https:\\\/\\\/www.facebook.com\\\/AlvisCristinaHe\",\"https:\\\/\\\/www.instagram.com\\\/alviscristinahe\\\/\",\"https:\\\/\\\/www.linkedin.com\\\/in\\\/alviscristinahe\\\/\",\"https:\\\/\\\/x.com\\\/https:\\\/\\\/www.twitter.com\\\/alviscristinahe\\\/\"],\"url\":\"https:\\\/\\\/soynuevaprensadigital.com\\\/news1053fm\\\/author\\\/alvisherrera\\\/\"}]}<\/script>\n<!-- \/ Yoast SEO plugin. -->","yoast_head_json":{"title":"Christina Aguilera prepara un nuevo disco - News 105.3 FM","robots":{"index":"index","follow":"follow","max-snippet":"max-snippet:-1","max-image-preview":"max-image-preview:large","max-video-preview":"max-video-preview:-1"},"canonical":"https:\/\/soynuevaprensadigital.com\/news1053fm\/christina-aguilera-prepara-un-nuevo-disco\/","og_locale":"es_ES","og_type":"article","og_title":"Christina Aguilera prepara un nuevo disco - News 105.3 FM","og_description":"Nueva York.-La cantante estadounidense Christina Aguilera, que recientemente anunci\u00f3 que est\u00e1 preparando su segundo disco en espa\u00f1ol 21 a\u00f1os despu\u00e9s de \u00abMi reflejo\u00bb, est\u00e1 componiendo tambi\u00e9n un nuevo \u00e1lbum en ingl\u00e9s, aunque advirti\u00f3 que su creaci\u00f3n est\u00e1 a meses vista. En una entrevista que dio a la revista Health, la artista, que acaba de cumplir [&hellip;]","og_url":"https:\/\/soynuevaprensadigital.com\/news1053fm\/christina-aguilera-prepara-un-nuevo-disco\/","og_site_name":"News 105.3 FM","article_publisher":"https:\/\/www.facebook.com\/News1053fm-1655395028099413\/","article_author":"https:\/\/www.facebook.com\/AlvisCristinaHe","article_published_time":"2021-04-16T00:51:17+00:00","og_image":[{"width":1920,"height":1279,"url":"https:\/\/soynuevaprensadigital.com\/news1053fm\/wp-content\/uploads\/sites\/3\/2021\/04\/50d4ce5368ba9224d12062e8bd6197868c322696w.jpg","type":"image\/jpeg"}],"author":"Alvis Cristina Herrera","twitter_card":"summary_large_image","twitter_creator":"@https:\/\/www.twitter.com\/alviscristinahe\/","twitter_site":"@news105_3fm","twitter_misc":{"Escrito por":"Alvis Cristina Herrera","Tiempo de lectura":"2 minutos"},"schema":{"@context":"https:\/\/schema.org","@graph":[{"@type":"Article","@id":"https:\/\/soynuevaprensadigital.com\/news1053fm\/christina-aguilera-prepara-un-nuevo-disco\/#article","isPartOf":{"@id":"https:\/\/soynuevaprensadigital.com\/news1053fm\/christina-aguilera-prepara-un-nuevo-disco\/"},"author":{"name":"Alvis Cristina Herrera","@id":"https:\/\/soynuevaprensadigital.com\/news1053fm\/#\/schema\/person\/aa2d09ab130e943e3c7b360a32177538"},"headline":"Christina Aguilera prepara un nuevo disco","datePublished":"2021-04-16T00:51:17+00:00","mainEntityOfPage":{"@id":"https:\/\/soynuevaprensadigital.com\/news1053fm\/christina-aguilera-prepara-un-nuevo-disco\/"},"wordCount":330,"articleSection":["Featured","Noticias"],"inLanguage":"es"},{"@type":"WebPage","@id":"https:\/\/soynuevaprensadigital.com\/news1053fm\/christina-aguilera-prepara-un-nuevo-disco\/","url":"https:\/\/soynuevaprensadigital.com\/news1053fm\/christina-aguilera-prepara-un-nuevo-disco\/","name":"Christina Aguilera prepara un nuevo disco - News 105.3 FM","isPartOf":{"@id":"https:\/\/soynuevaprensadigital.com\/news1053fm\/#website"},"datePublished":"2021-04-16T00:51:17+00:00","author":{"@id":"https:\/\/soynuevaprensadigital.com\/news1053fm\/#\/schema\/person\/aa2d09ab130e943e3c7b360a32177538"},"breadcrumb":{"@id":"https:\/\/soynuevaprensadigital.com\/news1053fm\/christina-aguilera-prepara-un-nuevo-disco\/#breadcrumb"},"inLanguage":"es","potentialAction":[{"@type":"ReadAction","target":["https:\/\/soynuevaprensadigital.com\/news1053fm\/christina-aguilera-prepara-un-nuevo-disco\/"]}]},{"@type":"BreadcrumbList","@id":"https:\/\/soynuevaprensadigital.com\/news1053fm\/christina-aguilera-prepara-un-nuevo-disco\/#breadcrumb","itemListElement":[{"@type":"ListItem","position":1,"name":"Portada","item":"https:\/\/soynuevaprensadigital.com\/news1053fm\/"},{"@type":"ListItem","position":2,"name":"Christina Aguilera prepara un nuevo disco"}]},{"@type":"WebSite","@id":"https:\/\/soynuevaprensadigital.com\/news1053fm\/#website","url":"https:\/\/soynuevaprensadigital.com\/news1053fm\/","name":"News 105.3 FM","description":"Nuestro compromiso contigo nos permite ofrecerte la radio de mejor calidad, la frecuencia m\u00e1s limpia yel entretenimiento para todos los gustos.","potentialAction":[{"@type":"SearchAction","target":{"@type":"EntryPoint","urlTemplate":"https:\/\/soynuevaprensadigital.com\/news1053fm\/?s={search_term_string}"},"query-input":{"@type":"PropertyValueSpecification","valueRequired":true,"valueName":"search_term_string"}}],"inLanguage":"es"},{"@type":"Person","@id":"https:\/\/soynuevaprensadigital.com\/news1053fm\/#\/schema\/person\/aa2d09ab130e943e3c7b360a32177538","name":"Alvis Cristina Herrera","image":{"@type":"ImageObject","inLanguage":"es","@id":"https:\/\/secure.gravatar.com\/avatar\/6a4b461595fbd8c4d0947e89062b7b1df5ea5bc6348126d9594f8d0cece5be89?s=96&d=mm&r=g","url":"https:\/\/secure.gravatar.com\/avatar\/6a4b461595fbd8c4d0947e89062b7b1df5ea5bc6348126d9594f8d0cece5be89?s=96&d=mm&r=g","contentUrl":"https:\/\/secure.gravatar.com\/avatar\/6a4b461595fbd8c4d0947e89062b7b1df5ea5bc6348126d9594f8d0cece5be89?s=96&d=mm&r=g","caption":"Alvis Cristina Herrera"},"sameAs":["https:\/\/www.facebook.com\/AlvisCristinaHe","https:\/\/www.instagram.com\/alviscristinahe\/","https:\/\/www.linkedin.com\/in\/alviscristinahe\/","https:\/\/x.com\/https:\/\/www.twitter.com\/alviscristinahe\/"],"url":"https:\/\/soynuevaprensadigital.com\/news1053fm\/author\/alvisherrera\/"}]}},"_links":{"self":[{"href":"https:\/\/soynuevaprensadigital.com\/news1053fm\/wp-json\/wp\/v2\/posts\/1904","targetHints":{"allow":["GET"]}}],"collection":[{"href":"https:\/\/soynuevaprensadigital.com\/news1053fm\/wp-json\/wp\/v2\/posts"}],"about":[{"href":"https:\/\/soynuevaprensadigital.com\/news1053fm\/wp-json\/wp\/v2\/types\/post"}],"author":[{"embeddable":true,"href":"https:\/\/soynuevaprensadigital.com\/news1053fm\/wp-json\/wp\/v2\/users\/158"}],"replies":[{"embeddable":true,"href":"https:\/\/soynuevaprensadigital.com\/news1053fm\/wp-json\/wp\/v2\/comments?post=1904"}],"version-history":[{"count":0,"href":"https:\/\/soynuevaprensadigital.com\/news1053fm\/wp-json\/wp\/v2\/posts\/1904\/revisions"}],"wp:attachment":[{"href":"https:\/\/soynuevaprensadigital.com\/news1053fm\/wp-json\/wp\/v2\/media?parent=1904"}],"wp:term":[{"taxonomy":"category","embeddable":true,"href":"https:\/\/soynuevaprensadigital.com\/news1053fm\/wp-json\/wp\/v2\/categories?post=1904"},{"taxonomy":"post_tag","embeddable":true,"href":"https:\/\/soynuevaprensadigital.com\/news1053fm\/wp-json\/wp\/v2\/tags?post=1904"}],"curies":[{"name":"wp","href":"https:\/\/api.w.org\/{rel}","templated":true}]}}