{"id":1911,"date":"2021-04-16T20:15:54","date_gmt":"2021-04-17T00:15:54","guid":{"rendered":"https:\/\/soynuevaprensadigital.com\/news1053fm\/?p=1911"},"modified":"2021-04-16T20:15:54","modified_gmt":"2021-04-17T00:15:54","slug":"efemerides-deportivas-16-de-abril-michael-jordan-se-retiro-oficialmente-de-la-nba","status":"publish","type":"post","link":"https:\/\/soynuevaprensadigital.com\/news1053fm\/efemerides-deportivas-16-de-abril-michael-jordan-se-retiro-oficialmente-de-la-nba\/","title":{"rendered":"Efem\u00e9rides Deportivas 16 de abril: Michael Jord\u00e1n se retir\u00f3 oficialmente de la NBA"},"content":{"rendered":"<p style=\"text-align: justify\"><strong>Ciudad Guayana.-<\/strong>El 16 de abril del 2003 termin\u00f3 la carrera e inici\u00f3 la leyenda de Michael Jordan, quien en esa fecha se retir\u00f3 de la NBA jugando para Washington Wizards, club del que se hizo inversionista a inicios del siglo y en el que decidi\u00f3 jugar dos temporadas (2001-02 y 2002-03) luego de anunciar su adi\u00f3s -por segunda vez- del basquetbol en 1998 tras ganar su sexto t\u00edtulo con los Chicago Bulls.<\/p>\n<p style=\"text-align: justify\">El First Union Center de Philadelphia, una de las ciudades m\u00e1s apasionadas por el deporte en los Estados Unidos, recibi\u00f3 a Su Majestad por \u00faltima vez como profesional. Si bien los locales 76ers ganaron con gran actuaci\u00f3n de Allen Iverson (35 puntos), la ovaci\u00f3n de la noche fue para el hombre que desafi\u00f3 la gravedad y redefini\u00f3 el deporte durante 15 campa\u00f1as.<\/p>\n<p style=\"text-align: justify\">Le despidieron de pie con una ovaci\u00f3n de varios minutos ante la que el mism\u00edsimo Jordan, acostumbrado a ser el centro de atenci\u00f3n, por un momento luc\u00eda incr\u00e9dulo y apenado.<\/p>\n<p style=\"text-align: justify\">Aquella velada, MJ23 anot\u00f3 15 puntos, baj\u00f3 cuatro rebotes y dio cuatro asistencias en 28 minutos de juego. N\u00fameros muy discretos si se trata del egresado de North Carolina, pero sobresalientes si pensamos que en ese momento ten\u00eda 40 a\u00f1os. As\u00ed se fue, ovacionado, con su nombre coreado y con el agradecimiento de millones de aficionados que atestiguaron una de las carreras m\u00e1s legendarias del deporte.<\/p>\n<p style=\"text-align: justify\"><strong>The Last Dance: el documental de Jordan <\/strong><\/p>\n<p style=\"text-align: justify\">El pasado 19 de abril se estren\u00f3 en Estados Unidos y en pr\u00e1cticamente todo el mundo el documental de Netflix titulado The Last Dance, en el que se aborda la carrera de Michael Jordan con los Chicago Bulls, especialmente su \u00faltima temporada en 1998 en la que consigui\u00f3 su sexto anillo de la NBA.<\/p>\n<p style=\"text-align: justify\"><strong>Michael Jordan: T\u00edtulos y palmar\u00e9s <\/strong><\/p>\n<ul>\n<li style=\"text-align: justify\">6 Campeonatos NBA<\/li>\n<li style=\"text-align: justify\">2 Medallas de Oro Ol\u00edmpicas<\/li>\n<li style=\"text-align: justify\">Integrante del Dream Team de Barcelona 1992<\/li>\n<li style=\"text-align: justify\">Integrante del Sal\u00f3n de la Fama del Basquetbol (2009)<\/li>\n<li style=\"text-align: justify\">6 veces Jugador M\u00e1s Valioso de las Finales NBA<\/li>\n<li style=\"text-align: justify\">5 veces Jugador M\u00e1s Valioso de la Temporada NBA<\/li>\n<li style=\"text-align: justify\">14 veces elegido al Juego de Estrellas Novato del A\u00f1o (1985)<\/li>\n<li style=\"text-align: justify\">Jugador Defensivo del A\u00f1o (1988)<\/li>\n<li style=\"text-align: justify\">10 t\u00edtulos de M\u00e1ximo Anotador en Temporada Regular (r\u00e9cord)<\/li>\n<li style=\"text-align: justify\">842 partidos consecutivos anotando al menos 10 puntos (r\u00e9cord)<\/li>\n<li style=\"text-align: justify\">1 puntos promedio por partido en su carrera (r\u00e9cord)<\/li>\n<\/ul>\n","protected":false},"excerpt":{"rendered":"<p>Ciudad Guayana.-El 16 de abril del 2003 termin\u00f3 la carrera e inici\u00f3 la leyenda de Michael Jordan, quien en esa fecha se retir\u00f3 de la NBA jugando para Washington Wizards, club del que se hizo inversionista a inicios del siglo y en el que decidi\u00f3 jugar dos temporadas (2001-02 y 2002-03) luego de anunciar su [&hellip;]<\/p>\n","protected":false},"author":158,"featured_media":0,"comment_status":"closed","ping_status":"closed","sticky":false,"template":"","format":"standard","meta":{"footnotes":""},"categories":[2,19],"tags":[],"class_list":["post-1911","post","type-post","status-publish","format-standard","hentry","category-featured","category-mundo-deportivo"],"yoast_head":"<!-- This site is optimized with the Yoast SEO plugin v27.3 - https:\/\/yoast.com\/product\/yoast-seo-wordpress\/ -->\n<title>Efem\u00e9rides Deportivas 16 de abril: Michael Jord\u00e1n se retir\u00f3 oficialmente de la NBA - News 105.3 FM<\/title>\n<meta name=\"robots\" content=\"index, follow, max-snippet:-1, max-image-preview:large, max-video-preview:-1\" \/>\n<link rel=\"canonical\" href=\"https:\/\/soynuevaprensadigital.com\/news1053fm\/efemerides-deportivas-16-de-abril-michael-jordan-se-retiro-oficialmente-de-la-nba\/\" \/>\n<meta property=\"og:locale\" content=\"es_ES\" \/>\n<meta property=\"og:type\" content=\"article\" \/>\n<meta property=\"og:title\" content=\"Efem\u00e9rides Deportivas 16 de abril: Michael Jord\u00e1n se retir\u00f3 oficialmente de la NBA - News 105.3 FM\" \/>\n<meta property=\"og:description\" content=\"Ciudad Guayana.-El 16 de abril del 2003 termin\u00f3 la carrera e inici\u00f3 la leyenda de Michael Jordan, quien en esa fecha se retir\u00f3 de la NBA jugando para Washington Wizards, club del que se hizo inversionista a inicios del siglo y en el que decidi\u00f3 jugar dos temporadas (2001-02 y 2002-03) luego de anunciar su [&hellip;]\" \/>\n<meta property=\"og:url\" content=\"https:\/\/soynuevaprensadigital.com\/news1053fm\/efemerides-deportivas-16-de-abril-michael-jordan-se-retiro-oficialmente-de-la-nba\/\" \/>\n<meta property=\"og:site_name\" content=\"News 105.3 FM\" \/>\n<meta property=\"article:publisher\" content=\"https:\/\/www.facebook.com\/News1053fm-1655395028099413\/\" \/>\n<meta property=\"article:author\" content=\"https:\/\/www.facebook.com\/AlvisCristinaHe\" \/>\n<meta property=\"article:published_time\" content=\"2021-04-17T00:15:54+00:00\" \/>\n<meta property=\"og:image\" content=\"https:\/\/soynuevaprensadigital.com\/news1053fm\/wp-content\/uploads\/sites\/3\/2021\/04\/JORDAN.jpg\" \/>\n\t<meta property=\"og:image:width\" content=\"512\" \/>\n\t<meta property=\"og:image:height\" content=\"288\" \/>\n\t<meta property=\"og:image:type\" content=\"image\/jpeg\" \/>\n<meta name=\"author\" content=\"Alvis Cristina Herrera\" \/>\n<meta name=\"twitter:card\" content=\"summary_large_image\" \/>\n<meta name=\"twitter:creator\" content=\"@https:\/\/www.twitter.com\/alviscristinahe\/\" \/>\n<meta name=\"twitter:site\" content=\"@news105_3fm\" \/>\n<meta name=\"twitter:label1\" content=\"Escrito por\" \/>\n\t<meta name=\"twitter:data1\" content=\"Alvis Cristina Herrera\" \/>\n\t<meta name=\"twitter:label2\" content=\"Tiempo de lectura\" \/>\n\t<meta name=\"twitter:data2\" content=\"2 minutos\" \/>\n<script type=\"application\/ld+json\" class=\"yoast-schema-graph\">{\"@context\":\"https:\\\/\\\/schema.org\",\"@graph\":[{\"@type\":\"Article\",\"@id\":\"https:\\\/\\\/soynuevaprensadigital.com\\\/news1053fm\\\/efemerides-deportivas-16-de-abril-michael-jordan-se-retiro-oficialmente-de-la-nba\\\/#article\",\"isPartOf\":{\"@id\":\"https:\\\/\\\/soynuevaprensadigital.com\\\/news1053fm\\\/efemerides-deportivas-16-de-abril-michael-jordan-se-retiro-oficialmente-de-la-nba\\\/\"},\"author\":{\"name\":\"Alvis Cristina Herrera\",\"@id\":\"https:\\\/\\\/soynuevaprensadigital.com\\\/news1053fm\\\/#\\\/schema\\\/person\\\/aa2d09ab130e943e3c7b360a32177538\"},\"headline\":\"Efem\u00e9rides Deportivas 16 de abril: Michael Jord\u00e1n se retir\u00f3 oficialmente de la NBA\",\"datePublished\":\"2021-04-17T00:15:54+00:00\",\"mainEntityOfPage\":{\"@id\":\"https:\\\/\\\/soynuevaprensadigital.com\\\/news1053fm\\\/efemerides-deportivas-16-de-abril-michael-jordan-se-retiro-oficialmente-de-la-nba\\\/\"},\"wordCount\":402,\"articleSection\":[\"Featured\",\"Mundo Deportivo\"],\"inLanguage\":\"es\"},{\"@type\":\"WebPage\",\"@id\":\"https:\\\/\\\/soynuevaprensadigital.com\\\/news1053fm\\\/efemerides-deportivas-16-de-abril-michael-jordan-se-retiro-oficialmente-de-la-nba\\\/\",\"url\":\"https:\\\/\\\/soynuevaprensadigital.com\\\/news1053fm\\\/efemerides-deportivas-16-de-abril-michael-jordan-se-retiro-oficialmente-de-la-nba\\\/\",\"name\":\"Efem\u00e9rides Deportivas 16 de abril: Michael Jord\u00e1n se retir\u00f3 oficialmente de la NBA - News 105.3 FM\",\"isPartOf\":{\"@id\":\"https:\\\/\\\/soynuevaprensadigital.com\\\/news1053fm\\\/#website\"},\"datePublished\":\"2021-04-17T00:15:54+00:00\",\"author\":{\"@id\":\"https:\\\/\\\/soynuevaprensadigital.com\\\/news1053fm\\\/#\\\/schema\\\/person\\\/aa2d09ab130e943e3c7b360a32177538\"},\"breadcrumb\":{\"@id\":\"https:\\\/\\\/soynuevaprensadigital.com\\\/news1053fm\\\/efemerides-deportivas-16-de-abril-michael-jordan-se-retiro-oficialmente-de-la-nba\\\/#breadcrumb\"},\"inLanguage\":\"es\",\"potentialAction\":[{\"@type\":\"ReadAction\",\"target\":[\"https:\\\/\\\/soynuevaprensadigital.com\\\/news1053fm\\\/efemerides-deportivas-16-de-abril-michael-jordan-se-retiro-oficialmente-de-la-nba\\\/\"]}]},{\"@type\":\"BreadcrumbList\",\"@id\":\"https:\\\/\\\/soynuevaprensadigital.com\\\/news1053fm\\\/efemerides-deportivas-16-de-abril-michael-jordan-se-retiro-oficialmente-de-la-nba\\\/#breadcrumb\",\"itemListElement\":[{\"@type\":\"ListItem\",\"position\":1,\"name\":\"Portada\",\"item\":\"https:\\\/\\\/soynuevaprensadigital.com\\\/news1053fm\\\/\"},{\"@type\":\"ListItem\",\"position\":2,\"name\":\"Efem\u00e9rides Deportivas 16 de abril: Michael Jord\u00e1n se retir\u00f3 oficialmente de la NBA\"}]},{\"@type\":\"WebSite\",\"@id\":\"https:\\\/\\\/soynuevaprensadigital.com\\\/news1053fm\\\/#website\",\"url\":\"https:\\\/\\\/soynuevaprensadigital.com\\\/news1053fm\\\/\",\"name\":\"News 105.3 FM\",\"description\":\"Nuestro compromiso contigo nos permite ofrecerte la radio de mejor calidad, la frecuencia m\u00e1s limpia yel entretenimiento para todos los gustos.\",\"potentialAction\":[{\"@type\":\"SearchAction\",\"target\":{\"@type\":\"EntryPoint\",\"urlTemplate\":\"https:\\\/\\\/soynuevaprensadigital.com\\\/news1053fm\\\/?s={search_term_string}\"},\"query-input\":{\"@type\":\"PropertyValueSpecification\",\"valueRequired\":true,\"valueName\":\"search_term_string\"}}],\"inLanguage\":\"es\"},{\"@type\":\"Person\",\"@id\":\"https:\\\/\\\/soynuevaprensadigital.com\\\/news1053fm\\\/#\\\/schema\\\/person\\\/aa2d09ab130e943e3c7b360a32177538\",\"name\":\"Alvis Cristina Herrera\",\"image\":{\"@type\":\"ImageObject\",\"inLanguage\":\"es\",\"@id\":\"https:\\\/\\\/secure.gravatar.com\\\/avatar\\\/6a4b461595fbd8c4d0947e89062b7b1df5ea5bc6348126d9594f8d0cece5be89?s=96&d=mm&r=g\",\"url\":\"https:\\\/\\\/secure.gravatar.com\\\/avatar\\\/6a4b461595fbd8c4d0947e89062b7b1df5ea5bc6348126d9594f8d0cece5be89?s=96&d=mm&r=g\",\"contentUrl\":\"https:\\\/\\\/secure.gravatar.com\\\/avatar\\\/6a4b461595fbd8c4d0947e89062b7b1df5ea5bc6348126d9594f8d0cece5be89?s=96&d=mm&r=g\",\"caption\":\"Alvis Cristina Herrera\"},\"sameAs\":[\"https:\\\/\\\/www.facebook.com\\\/AlvisCristinaHe\",\"https:\\\/\\\/www.instagram.com\\\/alviscristinahe\\\/\",\"https:\\\/\\\/www.linkedin.com\\\/in\\\/alviscristinahe\\\/\",\"https:\\\/\\\/x.com\\\/https:\\\/\\\/www.twitter.com\\\/alviscristinahe\\\/\"],\"url\":\"https:\\\/\\\/soynuevaprensadigital.com\\\/news1053fm\\\/author\\\/alvisherrera\\\/\"}]}<\/script>\n<!-- \/ Yoast SEO plugin. -->","yoast_head_json":{"title":"Efem\u00e9rides Deportivas 16 de abril: Michael Jord\u00e1n se retir\u00f3 oficialmente de la NBA - News 105.3 FM","robots":{"index":"index","follow":"follow","max-snippet":"max-snippet:-1","max-image-preview":"max-image-preview:large","max-video-preview":"max-video-preview:-1"},"canonical":"https:\/\/soynuevaprensadigital.com\/news1053fm\/efemerides-deportivas-16-de-abril-michael-jordan-se-retiro-oficialmente-de-la-nba\/","og_locale":"es_ES","og_type":"article","og_title":"Efem\u00e9rides Deportivas 16 de abril: Michael Jord\u00e1n se retir\u00f3 oficialmente de la NBA - News 105.3 FM","og_description":"Ciudad Guayana.-El 16 de abril del 2003 termin\u00f3 la carrera e inici\u00f3 la leyenda de Michael Jordan, quien en esa fecha se retir\u00f3 de la NBA jugando para Washington Wizards, club del que se hizo inversionista a inicios del siglo y en el que decidi\u00f3 jugar dos temporadas (2001-02 y 2002-03) luego de anunciar su [&hellip;]","og_url":"https:\/\/soynuevaprensadigital.com\/news1053fm\/efemerides-deportivas-16-de-abril-michael-jordan-se-retiro-oficialmente-de-la-nba\/","og_site_name":"News 105.3 FM","article_publisher":"https:\/\/www.facebook.com\/News1053fm-1655395028099413\/","article_author":"https:\/\/www.facebook.com\/AlvisCristinaHe","article_published_time":"2021-04-17T00:15:54+00:00","og_image":[{"width":512,"height":288,"url":"https:\/\/soynuevaprensadigital.com\/news1053fm\/wp-content\/uploads\/sites\/3\/2021\/04\/JORDAN.jpg","type":"image\/jpeg"}],"author":"Alvis Cristina Herrera","twitter_card":"summary_large_image","twitter_creator":"@https:\/\/www.twitter.com\/alviscristinahe\/","twitter_site":"@news105_3fm","twitter_misc":{"Escrito por":"Alvis Cristina Herrera","Tiempo de lectura":"2 minutos"},"schema":{"@context":"https:\/\/schema.org","@graph":[{"@type":"Article","@id":"https:\/\/soynuevaprensadigital.com\/news1053fm\/efemerides-deportivas-16-de-abril-michael-jordan-se-retiro-oficialmente-de-la-nba\/#article","isPartOf":{"@id":"https:\/\/soynuevaprensadigital.com\/news1053fm\/efemerides-deportivas-16-de-abril-michael-jordan-se-retiro-oficialmente-de-la-nba\/"},"author":{"name":"Alvis Cristina Herrera","@id":"https:\/\/soynuevaprensadigital.com\/news1053fm\/#\/schema\/person\/aa2d09ab130e943e3c7b360a32177538"},"headline":"Efem\u00e9rides Deportivas 16 de abril: Michael Jord\u00e1n se retir\u00f3 oficialmente de la NBA","datePublished":"2021-04-17T00:15:54+00:00","mainEntityOfPage":{"@id":"https:\/\/soynuevaprensadigital.com\/news1053fm\/efemerides-deportivas-16-de-abril-michael-jordan-se-retiro-oficialmente-de-la-nba\/"},"wordCount":402,"articleSection":["Featured","Mundo Deportivo"],"inLanguage":"es"},{"@type":"WebPage","@id":"https:\/\/soynuevaprensadigital.com\/news1053fm\/efemerides-deportivas-16-de-abril-michael-jordan-se-retiro-oficialmente-de-la-nba\/","url":"https:\/\/soynuevaprensadigital.com\/news1053fm\/efemerides-deportivas-16-de-abril-michael-jordan-se-retiro-oficialmente-de-la-nba\/","name":"Efem\u00e9rides Deportivas 16 de abril: Michael Jord\u00e1n se retir\u00f3 oficialmente de la NBA - News 105.3 FM","isPartOf":{"@id":"https:\/\/soynuevaprensadigital.com\/news1053fm\/#website"},"datePublished":"2021-04-17T00:15:54+00:00","author":{"@id":"https:\/\/soynuevaprensadigital.com\/news1053fm\/#\/schema\/person\/aa2d09ab130e943e3c7b360a32177538"},"breadcrumb":{"@id":"https:\/\/soynuevaprensadigital.com\/news1053fm\/efemerides-deportivas-16-de-abril-michael-jordan-se-retiro-oficialmente-de-la-nba\/#breadcrumb"},"inLanguage":"es","potentialAction":[{"@type":"ReadAction","target":["https:\/\/soynuevaprensadigital.com\/news1053fm\/efemerides-deportivas-16-de-abril-michael-jordan-se-retiro-oficialmente-de-la-nba\/"]}]},{"@type":"BreadcrumbList","@id":"https:\/\/soynuevaprensadigital.com\/news1053fm\/efemerides-deportivas-16-de-abril-michael-jordan-se-retiro-oficialmente-de-la-nba\/#breadcrumb","itemListElement":[{"@type":"ListItem","position":1,"name":"Portada","item":"https:\/\/soynuevaprensadigital.com\/news1053fm\/"},{"@type":"ListItem","position":2,"name":"Efem\u00e9rides Deportivas 16 de abril: Michael Jord\u00e1n se retir\u00f3 oficialmente de la NBA"}]},{"@type":"WebSite","@id":"https:\/\/soynuevaprensadigital.com\/news1053fm\/#website","url":"https:\/\/soynuevaprensadigital.com\/news1053fm\/","name":"News 105.3 FM","description":"Nuestro compromiso contigo nos permite ofrecerte la radio de mejor calidad, la frecuencia m\u00e1s limpia yel entretenimiento para todos los gustos.","potentialAction":[{"@type":"SearchAction","target":{"@type":"EntryPoint","urlTemplate":"https:\/\/soynuevaprensadigital.com\/news1053fm\/?s={search_term_string}"},"query-input":{"@type":"PropertyValueSpecification","valueRequired":true,"valueName":"search_term_string"}}],"inLanguage":"es"},{"@type":"Person","@id":"https:\/\/soynuevaprensadigital.com\/news1053fm\/#\/schema\/person\/aa2d09ab130e943e3c7b360a32177538","name":"Alvis Cristina Herrera","image":{"@type":"ImageObject","inLanguage":"es","@id":"https:\/\/secure.gravatar.com\/avatar\/6a4b461595fbd8c4d0947e89062b7b1df5ea5bc6348126d9594f8d0cece5be89?s=96&d=mm&r=g","url":"https:\/\/secure.gravatar.com\/avatar\/6a4b461595fbd8c4d0947e89062b7b1df5ea5bc6348126d9594f8d0cece5be89?s=96&d=mm&r=g","contentUrl":"https:\/\/secure.gravatar.com\/avatar\/6a4b461595fbd8c4d0947e89062b7b1df5ea5bc6348126d9594f8d0cece5be89?s=96&d=mm&r=g","caption":"Alvis Cristina Herrera"},"sameAs":["https:\/\/www.facebook.com\/AlvisCristinaHe","https:\/\/www.instagram.com\/alviscristinahe\/","https:\/\/www.linkedin.com\/in\/alviscristinahe\/","https:\/\/x.com\/https:\/\/www.twitter.com\/alviscristinahe\/"],"url":"https:\/\/soynuevaprensadigital.com\/news1053fm\/author\/alvisherrera\/"}]}},"_links":{"self":[{"href":"https:\/\/soynuevaprensadigital.com\/news1053fm\/wp-json\/wp\/v2\/posts\/1911","targetHints":{"allow":["GET"]}}],"collection":[{"href":"https:\/\/soynuevaprensadigital.com\/news1053fm\/wp-json\/wp\/v2\/posts"}],"about":[{"href":"https:\/\/soynuevaprensadigital.com\/news1053fm\/wp-json\/wp\/v2\/types\/post"}],"author":[{"embeddable":true,"href":"https:\/\/soynuevaprensadigital.com\/news1053fm\/wp-json\/wp\/v2\/users\/158"}],"replies":[{"embeddable":true,"href":"https:\/\/soynuevaprensadigital.com\/news1053fm\/wp-json\/wp\/v2\/comments?post=1911"}],"version-history":[{"count":0,"href":"https:\/\/soynuevaprensadigital.com\/news1053fm\/wp-json\/wp\/v2\/posts\/1911\/revisions"}],"wp:attachment":[{"href":"https:\/\/soynuevaprensadigital.com\/news1053fm\/wp-json\/wp\/v2\/media?parent=1911"}],"wp:term":[{"taxonomy":"category","embeddable":true,"href":"https:\/\/soynuevaprensadigital.com\/news1053fm\/wp-json\/wp\/v2\/categories?post=1911"},{"taxonomy":"post_tag","embeddable":true,"href":"https:\/\/soynuevaprensadigital.com\/news1053fm\/wp-json\/wp\/v2\/tags?post=1911"}],"curies":[{"name":"wp","href":"https:\/\/api.w.org\/{rel}","templated":true}]}}