{"id":1917,"date":"2021-04-16T20:25:27","date_gmt":"2021-04-17T00:25:27","guid":{"rendered":"https:\/\/soynuevaprensadigital.com\/news1053fm\/?p=1917"},"modified":"2021-04-16T20:25:27","modified_gmt":"2021-04-17T00:25:27","slug":"rueda-la-pelota-atletico-nacional-campeon-de-la-copa-libertadores-de-america-1989","status":"publish","type":"post","link":"https:\/\/soynuevaprensadigital.com\/news1053fm\/rueda-la-pelota-atletico-nacional-campeon-de-la-copa-libertadores-de-america-1989\/","title":{"rendered":"Rueda la pelota: Atl\u00e9tico Nacional campe\u00f3n de la Copa Libertadores de Am\u00e9rica 1989"},"content":{"rendered":"<p style=\"text-align: justify\"><strong>Ciudad Guayana.-<\/strong>El 31 de mayo de 1989 en el estadio Nemesio Camacho \u201cEl Camp\u00edn\u201d, de Bogot\u00e1, Colombia, el Atl\u00e9tico Nacional de Colombia, apodado el elenco \u201cVerdolaga\u201d derrot\u00f3 2 a 0 a Olimpia de Paraguay, desde los cobros de tiro penal, y alcanz\u00f3 la primera Copa Libertadores de su historia, la que fue tambi\u00e9n el primer t\u00edtulo internacional de un equipo colombiano en el historial del vecino pa\u00eds.<\/p>\n<p style=\"text-align: justify\">El profesor Francisco \u201cPacho\u201d Maturana hab\u00eda al equipo en 1987 por su buena actuaci\u00f3n con el Once Caldas en 1986 en el torneo colombiano, y se le permiti\u00f3 tener n\u00f3mina de solamente colombianos como Ren\u00e9 Higuita, \u201cChonto\u201d Herrera, Cortina, Molina, Escobar, Villa, P\u00e9rez, Garc\u00eda, Fajardo, Tr\u00e9llez, Casta\u00f1o, Galeano y otros m\u00e1s para lograr el objetivo de ser CAMPEONES DE AM\u00c9RICA.<\/p>\n<p style=\"text-align: justify\">Luego del subt\u00edtulo alcanzado en el torneo colombiano de 1988, el elenco \u201cVerdolaga\u201d tuvo la posibilidad de participar en la Copa Libertadores. Poco a poco iban desfilando por el Atanasio Girardot los rivales. Y poco a poco ca\u00edan, mi\u00e9rcoles tras mi\u00e9rcoles.<\/p>\n<p style=\"text-align: justify\">Los ecuatorianos Emelec y Deportivo Quito, el colombiano Millonarios, Racing de Avellaneda de Argentina, Danubio de Uruguay y Olimpia de Paraguay, este en Bogot\u00e1, vieron como la superioridad de los dirigidos por Francisco Maturana se llevaban para siempre la Copa y hac\u00edan delirar a una ciudad que nuevamente llen\u00f3 dos estadios en menos de 15 horas, el propio, es decir el Atanasio Girardot de Medell\u00edn, su casa deportiva y el Camp\u00edn, al cual tuvo que ir a jugar la gran final, debido a la normativa de los aforos permitidos para partidos por el t\u00edtulo, aforo que no pose\u00eda el Atanasio Girardot de Medell\u00edn.<\/p>\n<p style=\"text-align: justify\">El cuadro Atl\u00e9tico Nacional en primera ronda se enfrent\u00f3 con Millonarios y los ecuatorianos. Tres empates en condici\u00f3n de visitantes: 1-1 en Bogot\u00e1, 1-1 ante Emelec y 1-1 ante Deportivo Quito, dieron la posibilidad de llegar a la segunda fase,\u00a0 si lograban al menos la mitad de los puntos en casa, cosa que se alcanz\u00f3, al ganarle sus partidos a los ecuatorianos (2-1 a Deportivo Quito y 3-1 a Emelec), ello sin importar la derrota 0-2 ante Millonarios de Colombia.<\/p>\n<p style=\"text-align: justify\">En la segunda fase el Verdolaga se enfrent\u00f3 con un ex campe\u00f3n de la Libertadores en segunda ronda: Racing Club de Avellaneda en Argentina. Un 2-0 en el Atanasio mediante anotaciones de Tr\u00e9llez y Villa, permitieron ir al \u201cCilindro\u201d Juan Domingo Per\u00f3n de Avellaneda a manejar el partido.<\/p>\n<p style=\"text-align: justify\">No era tan f\u00e1cil porque los dirigidos por Alfio \u201cEl Coco\u201d Basile por intermedio de Ra\u00fal Iglesias y Rub\u00e9n Paz alcanzaron a igualar las acciones con un 2-0 que indicaba que la tortura de los penales estaba cerca. Claro que sobre el final del partido (min 39 del S.T) un puntazo de Felipe P\u00e9rez al \u00e1ngulo superior izquierdo del \u201cPato\u201d Fillol le entregaba el pase a Cuartos de Final. Sobre el final de ese partido, Basile fue visionario: \u201cNos gan\u00f3 el campe\u00f3n\u201d.<\/p>\n<p style=\"text-align: justify\">Llegaron en Cuartos de Final el duelo de colombianos por disposici\u00f3n de la Conmebol. El primer partido en el Atanasio Girardot termin\u00f3 con un cerrado 1-0 en favor de Atl\u00e9tico Nacional gracias al gol de Albeiro Uzuriaga.<\/p>\n<p style=\"text-align: justify\">En El Camp\u00edn, Millonarios se puso arriba 1-0 y aunque algunos cre\u00edan en una goleada del cuadro azul, Nacional se calm\u00f3, manej\u00f3 los hilos del partido, no permiti\u00f3 m\u00e1s anotaciones azules y sobre el minuto 34 del segundo tiempo, tras una habilitaci\u00f3n de Le\u00f3n Villa, John Jairo Tr\u00e9llez se las ingeni\u00f3 dentro del \u00e1rea para vencer a Goycochea y lograr la clasificaci\u00f3n entre los 4 mejores equipos del continente.<\/p>\n<p style=\"text-align: justify\">El pr\u00f3ximo rival fue Danubio de Uruguay al que se le sac\u00f3 un valioso empate en el Centenario de Montevideo a cero goles. Para el juego de regreso, como en el Atanasio Girardot ya se hac\u00edan remodelaciones de iluminaci\u00f3n, el juego fue en tarde c\u00edvica decretada por el alcalde de entonces, fue a las 3:30 p.m. un mi\u00e9rcoles.<\/p>\n<p style=\"text-align: justify\">Y una de las mejores orquestas verdolagas de la historia toc\u00f3 esa tarde en el Atanasio cuando Nacional venci\u00f3 a los charr\u00faas por un ins\u00f3lito 6-0 para una semifinal de Libertadores.<\/p>\n<p style=\"text-align: justify\">La tarde de la consagraci\u00f3n del \u201cPalomo\u201d Uzuriaga quien con 4 tantos se desliz\u00f3 por la cornisa de los m\u00e1s grandes y catapult\u00f3 a los verdes a su primera final de la historia nada m\u00e1s ni nada menos que contra el Decano paraguayo, Olimpia.<\/p>\n<p style=\"text-align: justify\">El primer partido en el estadio Defensores del Chaco a pesar de Nacional haber jugado un partido notable, concluy\u00f3 2-0 en favor de los paraguayos. Todo el continente daba como campe\u00f3n a Olimpia. Nacional no pod\u00eda jugar la final en el Atanasio Girardot porque el estadio en ese entonces no contaba con la capacidad suficiente para albergar una Libertadores. As\u00ed las cosas, entre Pereira, Cali y Manizales y Bogot\u00e1, la escuadra verdolaga se decidi\u00f3 por la capital de la rep\u00fablica para ser la casa verde del \u00faltimo juego de la Libertadores de 1989.<\/p>\n<p style=\"text-align: justify\">M\u00e1s de 30 mil hinchas verdes asistieron para presenciar la final ante Olimpia. El trasteo m\u00e1s grande de la historia del f\u00fatbol colombiano y quiz\u00e1s mundial, lo protagoniz\u00f3 la hinchada m\u00e1s popular de Colombia que se moviliz\u00f3 v\u00eda terrestre y a\u00e9rea.<\/p>\n<p style=\"text-align: justify\">Aquella noche El Camp\u00edn pareci\u00f3 el Atanasio. En un partido intenso Nacional gan\u00f3 el juego 2-0, el mismo marcador de Asunci\u00f3n, por lo que desde los penales se iba a definir al nuevo monarca.<\/p>\n<p style=\"text-align: justify\">Y all\u00ed surgi\u00f3 la figura simb\u00f3lica y emblem\u00e1tica del gran Ren\u00e9 Higuita que ataj\u00f3 todo para que Leonel \u00c1lvarez pudiera entregar, con el disparo n\u00famero 18, el t\u00edtulo y la gloria al aficionado verdolaga y al balompi\u00e9 criollo.<\/p>\n<p style=\"text-align: justify\">As\u00ed se escuch\u00f3 en toda Colombia, la definici\u00f3n campeona, desde los doce pasos, del primer \u00e9xito colombiano, en una Copa Libertadores de Am\u00e9rica.<\/p>\n","protected":false},"excerpt":{"rendered":"<p>Ciudad Guayana.-El 31 de mayo de 1989 en el estadio Nemesio Camacho \u201cEl Camp\u00edn\u201d, de Bogot\u00e1, Colombia, el Atl\u00e9tico Nacional de Colombia, apodado el elenco \u201cVerdolaga\u201d derrot\u00f3 2 a 0 a Olimpia de Paraguay, desde los cobros de tiro penal, y alcanz\u00f3 la primera Copa Libertadores de su historia, la que fue tambi\u00e9n el primer [&hellip;]<\/p>\n","protected":false},"author":158,"featured_media":0,"comment_status":"closed","ping_status":"closed","sticky":false,"template":"","format":"standard","meta":{"footnotes":""},"categories":[2,19],"tags":[],"class_list":["post-1917","post","type-post","status-publish","format-standard","hentry","category-featured","category-mundo-deportivo"],"yoast_head":"<!-- This site is optimized with the Yoast SEO plugin v27.3 - https:\/\/yoast.com\/product\/yoast-seo-wordpress\/ -->\n<title>Rueda la pelota: Atl\u00e9tico Nacional campe\u00f3n de la Copa Libertadores de Am\u00e9rica 1989 - News 105.3 FM<\/title>\n<meta name=\"robots\" content=\"index, follow, max-snippet:-1, max-image-preview:large, max-video-preview:-1\" \/>\n<link rel=\"canonical\" href=\"https:\/\/soynuevaprensadigital.com\/news1053fm\/rueda-la-pelota-atletico-nacional-campeon-de-la-copa-libertadores-de-america-1989\/\" \/>\n<meta property=\"og:locale\" content=\"es_ES\" \/>\n<meta property=\"og:type\" content=\"article\" \/>\n<meta property=\"og:title\" content=\"Rueda la pelota: Atl\u00e9tico Nacional campe\u00f3n de la Copa Libertadores de Am\u00e9rica 1989 - News 105.3 FM\" \/>\n<meta property=\"og:description\" content=\"Ciudad Guayana.-El 31 de mayo de 1989 en el estadio Nemesio Camacho \u201cEl Camp\u00edn\u201d, de Bogot\u00e1, Colombia, el Atl\u00e9tico Nacional de Colombia, apodado el elenco \u201cVerdolaga\u201d derrot\u00f3 2 a 0 a Olimpia de Paraguay, desde los cobros de tiro penal, y alcanz\u00f3 la primera Copa Libertadores de su historia, la que fue tambi\u00e9n el primer [&hellip;]\" \/>\n<meta property=\"og:url\" content=\"https:\/\/soynuevaprensadigital.com\/news1053fm\/rueda-la-pelota-atletico-nacional-campeon-de-la-copa-libertadores-de-america-1989\/\" \/>\n<meta property=\"og:site_name\" content=\"News 105.3 FM\" \/>\n<meta property=\"article:publisher\" content=\"https:\/\/www.facebook.com\/News1053fm-1655395028099413\/\" \/>\n<meta property=\"article:author\" content=\"https:\/\/www.facebook.com\/AlvisCristinaHe\" \/>\n<meta property=\"article:published_time\" content=\"2021-04-17T00:25:27+00:00\" \/>\n<meta property=\"og:image\" content=\"https:\/\/soynuevaprensadigital.com\/news1053fm\/wp-content\/uploads\/sites\/3\/2021\/04\/atletico-nacional-copa-libertadores-1989_b22swz9c3wne1wnk06w0qk14m.jpg\" \/>\n\t<meta property=\"og:image:width\" content=\"1200\" \/>\n\t<meta property=\"og:image:height\" content=\"800\" \/>\n\t<meta property=\"og:image:type\" content=\"image\/jpeg\" \/>\n<meta name=\"author\" content=\"Alvis Cristina Herrera\" \/>\n<meta name=\"twitter:card\" content=\"summary_large_image\" \/>\n<meta name=\"twitter:creator\" content=\"@https:\/\/www.twitter.com\/alviscristinahe\/\" \/>\n<meta name=\"twitter:site\" content=\"@news105_3fm\" \/>\n<meta name=\"twitter:label1\" content=\"Escrito por\" \/>\n\t<meta name=\"twitter:data1\" content=\"Alvis Cristina Herrera\" \/>\n\t<meta name=\"twitter:label2\" content=\"Tiempo de lectura\" \/>\n\t<meta name=\"twitter:data2\" content=\"5 minutos\" \/>\n<script type=\"application\/ld+json\" class=\"yoast-schema-graph\">{\"@context\":\"https:\\\/\\\/schema.org\",\"@graph\":[{\"@type\":\"Article\",\"@id\":\"https:\\\/\\\/soynuevaprensadigital.com\\\/news1053fm\\\/rueda-la-pelota-atletico-nacional-campeon-de-la-copa-libertadores-de-america-1989\\\/#article\",\"isPartOf\":{\"@id\":\"https:\\\/\\\/soynuevaprensadigital.com\\\/news1053fm\\\/rueda-la-pelota-atletico-nacional-campeon-de-la-copa-libertadores-de-america-1989\\\/\"},\"author\":{\"name\":\"Alvis Cristina Herrera\",\"@id\":\"https:\\\/\\\/soynuevaprensadigital.com\\\/news1053fm\\\/#\\\/schema\\\/person\\\/aa2d09ab130e943e3c7b360a32177538\"},\"headline\":\"Rueda la pelota: Atl\u00e9tico Nacional campe\u00f3n de la Copa Libertadores de Am\u00e9rica 1989\",\"datePublished\":\"2021-04-17T00:25:27+00:00\",\"mainEntityOfPage\":{\"@id\":\"https:\\\/\\\/soynuevaprensadigital.com\\\/news1053fm\\\/rueda-la-pelota-atletico-nacional-campeon-de-la-copa-libertadores-de-america-1989\\\/\"},\"wordCount\":1022,\"articleSection\":[\"Featured\",\"Mundo Deportivo\"],\"inLanguage\":\"es\"},{\"@type\":\"WebPage\",\"@id\":\"https:\\\/\\\/soynuevaprensadigital.com\\\/news1053fm\\\/rueda-la-pelota-atletico-nacional-campeon-de-la-copa-libertadores-de-america-1989\\\/\",\"url\":\"https:\\\/\\\/soynuevaprensadigital.com\\\/news1053fm\\\/rueda-la-pelota-atletico-nacional-campeon-de-la-copa-libertadores-de-america-1989\\\/\",\"name\":\"Rueda la pelota: Atl\u00e9tico Nacional campe\u00f3n de la Copa Libertadores de Am\u00e9rica 1989 - News 105.3 FM\",\"isPartOf\":{\"@id\":\"https:\\\/\\\/soynuevaprensadigital.com\\\/news1053fm\\\/#website\"},\"datePublished\":\"2021-04-17T00:25:27+00:00\",\"author\":{\"@id\":\"https:\\\/\\\/soynuevaprensadigital.com\\\/news1053fm\\\/#\\\/schema\\\/person\\\/aa2d09ab130e943e3c7b360a32177538\"},\"breadcrumb\":{\"@id\":\"https:\\\/\\\/soynuevaprensadigital.com\\\/news1053fm\\\/rueda-la-pelota-atletico-nacional-campeon-de-la-copa-libertadores-de-america-1989\\\/#breadcrumb\"},\"inLanguage\":\"es\",\"potentialAction\":[{\"@type\":\"ReadAction\",\"target\":[\"https:\\\/\\\/soynuevaprensadigital.com\\\/news1053fm\\\/rueda-la-pelota-atletico-nacional-campeon-de-la-copa-libertadores-de-america-1989\\\/\"]}]},{\"@type\":\"BreadcrumbList\",\"@id\":\"https:\\\/\\\/soynuevaprensadigital.com\\\/news1053fm\\\/rueda-la-pelota-atletico-nacional-campeon-de-la-copa-libertadores-de-america-1989\\\/#breadcrumb\",\"itemListElement\":[{\"@type\":\"ListItem\",\"position\":1,\"name\":\"Portada\",\"item\":\"https:\\\/\\\/soynuevaprensadigital.com\\\/news1053fm\\\/\"},{\"@type\":\"ListItem\",\"position\":2,\"name\":\"Rueda la pelota: Atl\u00e9tico Nacional campe\u00f3n de la Copa Libertadores de Am\u00e9rica 1989\"}]},{\"@type\":\"WebSite\",\"@id\":\"https:\\\/\\\/soynuevaprensadigital.com\\\/news1053fm\\\/#website\",\"url\":\"https:\\\/\\\/soynuevaprensadigital.com\\\/news1053fm\\\/\",\"name\":\"News 105.3 FM\",\"description\":\"Nuestro compromiso contigo nos permite ofrecerte la radio de mejor calidad, la frecuencia m\u00e1s limpia yel entretenimiento para todos los gustos.\",\"potentialAction\":[{\"@type\":\"SearchAction\",\"target\":{\"@type\":\"EntryPoint\",\"urlTemplate\":\"https:\\\/\\\/soynuevaprensadigital.com\\\/news1053fm\\\/?s={search_term_string}\"},\"query-input\":{\"@type\":\"PropertyValueSpecification\",\"valueRequired\":true,\"valueName\":\"search_term_string\"}}],\"inLanguage\":\"es\"},{\"@type\":\"Person\",\"@id\":\"https:\\\/\\\/soynuevaprensadigital.com\\\/news1053fm\\\/#\\\/schema\\\/person\\\/aa2d09ab130e943e3c7b360a32177538\",\"name\":\"Alvis Cristina Herrera\",\"image\":{\"@type\":\"ImageObject\",\"inLanguage\":\"es\",\"@id\":\"https:\\\/\\\/secure.gravatar.com\\\/avatar\\\/6a4b461595fbd8c4d0947e89062b7b1df5ea5bc6348126d9594f8d0cece5be89?s=96&d=mm&r=g\",\"url\":\"https:\\\/\\\/secure.gravatar.com\\\/avatar\\\/6a4b461595fbd8c4d0947e89062b7b1df5ea5bc6348126d9594f8d0cece5be89?s=96&d=mm&r=g\",\"contentUrl\":\"https:\\\/\\\/secure.gravatar.com\\\/avatar\\\/6a4b461595fbd8c4d0947e89062b7b1df5ea5bc6348126d9594f8d0cece5be89?s=96&d=mm&r=g\",\"caption\":\"Alvis Cristina Herrera\"},\"sameAs\":[\"https:\\\/\\\/www.facebook.com\\\/AlvisCristinaHe\",\"https:\\\/\\\/www.instagram.com\\\/alviscristinahe\\\/\",\"https:\\\/\\\/www.linkedin.com\\\/in\\\/alviscristinahe\\\/\",\"https:\\\/\\\/x.com\\\/https:\\\/\\\/www.twitter.com\\\/alviscristinahe\\\/\"],\"url\":\"https:\\\/\\\/soynuevaprensadigital.com\\\/news1053fm\\\/author\\\/alvisherrera\\\/\"}]}<\/script>\n<!-- \/ Yoast SEO plugin. -->","yoast_head_json":{"title":"Rueda la pelota: Atl\u00e9tico Nacional campe\u00f3n de la Copa Libertadores de Am\u00e9rica 1989 - News 105.3 FM","robots":{"index":"index","follow":"follow","max-snippet":"max-snippet:-1","max-image-preview":"max-image-preview:large","max-video-preview":"max-video-preview:-1"},"canonical":"https:\/\/soynuevaprensadigital.com\/news1053fm\/rueda-la-pelota-atletico-nacional-campeon-de-la-copa-libertadores-de-america-1989\/","og_locale":"es_ES","og_type":"article","og_title":"Rueda la pelota: Atl\u00e9tico Nacional campe\u00f3n de la Copa Libertadores de Am\u00e9rica 1989 - News 105.3 FM","og_description":"Ciudad Guayana.-El 31 de mayo de 1989 en el estadio Nemesio Camacho \u201cEl Camp\u00edn\u201d, de Bogot\u00e1, Colombia, el Atl\u00e9tico Nacional de Colombia, apodado el elenco \u201cVerdolaga\u201d derrot\u00f3 2 a 0 a Olimpia de Paraguay, desde los cobros de tiro penal, y alcanz\u00f3 la primera Copa Libertadores de su historia, la que fue tambi\u00e9n el primer [&hellip;]","og_url":"https:\/\/soynuevaprensadigital.com\/news1053fm\/rueda-la-pelota-atletico-nacional-campeon-de-la-copa-libertadores-de-america-1989\/","og_site_name":"News 105.3 FM","article_publisher":"https:\/\/www.facebook.com\/News1053fm-1655395028099413\/","article_author":"https:\/\/www.facebook.com\/AlvisCristinaHe","article_published_time":"2021-04-17T00:25:27+00:00","og_image":[{"width":1200,"height":800,"url":"https:\/\/soynuevaprensadigital.com\/news1053fm\/wp-content\/uploads\/sites\/3\/2021\/04\/atletico-nacional-copa-libertadores-1989_b22swz9c3wne1wnk06w0qk14m.jpg","type":"image\/jpeg"}],"author":"Alvis Cristina Herrera","twitter_card":"summary_large_image","twitter_creator":"@https:\/\/www.twitter.com\/alviscristinahe\/","twitter_site":"@news105_3fm","twitter_misc":{"Escrito por":"Alvis Cristina Herrera","Tiempo de lectura":"5 minutos"},"schema":{"@context":"https:\/\/schema.org","@graph":[{"@type":"Article","@id":"https:\/\/soynuevaprensadigital.com\/news1053fm\/rueda-la-pelota-atletico-nacional-campeon-de-la-copa-libertadores-de-america-1989\/#article","isPartOf":{"@id":"https:\/\/soynuevaprensadigital.com\/news1053fm\/rueda-la-pelota-atletico-nacional-campeon-de-la-copa-libertadores-de-america-1989\/"},"author":{"name":"Alvis Cristina Herrera","@id":"https:\/\/soynuevaprensadigital.com\/news1053fm\/#\/schema\/person\/aa2d09ab130e943e3c7b360a32177538"},"headline":"Rueda la pelota: Atl\u00e9tico Nacional campe\u00f3n de la Copa Libertadores de Am\u00e9rica 1989","datePublished":"2021-04-17T00:25:27+00:00","mainEntityOfPage":{"@id":"https:\/\/soynuevaprensadigital.com\/news1053fm\/rueda-la-pelota-atletico-nacional-campeon-de-la-copa-libertadores-de-america-1989\/"},"wordCount":1022,"articleSection":["Featured","Mundo Deportivo"],"inLanguage":"es"},{"@type":"WebPage","@id":"https:\/\/soynuevaprensadigital.com\/news1053fm\/rueda-la-pelota-atletico-nacional-campeon-de-la-copa-libertadores-de-america-1989\/","url":"https:\/\/soynuevaprensadigital.com\/news1053fm\/rueda-la-pelota-atletico-nacional-campeon-de-la-copa-libertadores-de-america-1989\/","name":"Rueda la pelota: Atl\u00e9tico Nacional campe\u00f3n de la Copa Libertadores de Am\u00e9rica 1989 - News 105.3 FM","isPartOf":{"@id":"https:\/\/soynuevaprensadigital.com\/news1053fm\/#website"},"datePublished":"2021-04-17T00:25:27+00:00","author":{"@id":"https:\/\/soynuevaprensadigital.com\/news1053fm\/#\/schema\/person\/aa2d09ab130e943e3c7b360a32177538"},"breadcrumb":{"@id":"https:\/\/soynuevaprensadigital.com\/news1053fm\/rueda-la-pelota-atletico-nacional-campeon-de-la-copa-libertadores-de-america-1989\/#breadcrumb"},"inLanguage":"es","potentialAction":[{"@type":"ReadAction","target":["https:\/\/soynuevaprensadigital.com\/news1053fm\/rueda-la-pelota-atletico-nacional-campeon-de-la-copa-libertadores-de-america-1989\/"]}]},{"@type":"BreadcrumbList","@id":"https:\/\/soynuevaprensadigital.com\/news1053fm\/rueda-la-pelota-atletico-nacional-campeon-de-la-copa-libertadores-de-america-1989\/#breadcrumb","itemListElement":[{"@type":"ListItem","position":1,"name":"Portada","item":"https:\/\/soynuevaprensadigital.com\/news1053fm\/"},{"@type":"ListItem","position":2,"name":"Rueda la pelota: Atl\u00e9tico Nacional campe\u00f3n de la Copa Libertadores de Am\u00e9rica 1989"}]},{"@type":"WebSite","@id":"https:\/\/soynuevaprensadigital.com\/news1053fm\/#website","url":"https:\/\/soynuevaprensadigital.com\/news1053fm\/","name":"News 105.3 FM","description":"Nuestro compromiso contigo nos permite ofrecerte la radio de mejor calidad, la frecuencia m\u00e1s limpia yel entretenimiento para todos los gustos.","potentialAction":[{"@type":"SearchAction","target":{"@type":"EntryPoint","urlTemplate":"https:\/\/soynuevaprensadigital.com\/news1053fm\/?s={search_term_string}"},"query-input":{"@type":"PropertyValueSpecification","valueRequired":true,"valueName":"search_term_string"}}],"inLanguage":"es"},{"@type":"Person","@id":"https:\/\/soynuevaprensadigital.com\/news1053fm\/#\/schema\/person\/aa2d09ab130e943e3c7b360a32177538","name":"Alvis Cristina Herrera","image":{"@type":"ImageObject","inLanguage":"es","@id":"https:\/\/secure.gravatar.com\/avatar\/6a4b461595fbd8c4d0947e89062b7b1df5ea5bc6348126d9594f8d0cece5be89?s=96&d=mm&r=g","url":"https:\/\/secure.gravatar.com\/avatar\/6a4b461595fbd8c4d0947e89062b7b1df5ea5bc6348126d9594f8d0cece5be89?s=96&d=mm&r=g","contentUrl":"https:\/\/secure.gravatar.com\/avatar\/6a4b461595fbd8c4d0947e89062b7b1df5ea5bc6348126d9594f8d0cece5be89?s=96&d=mm&r=g","caption":"Alvis Cristina Herrera"},"sameAs":["https:\/\/www.facebook.com\/AlvisCristinaHe","https:\/\/www.instagram.com\/alviscristinahe\/","https:\/\/www.linkedin.com\/in\/alviscristinahe\/","https:\/\/x.com\/https:\/\/www.twitter.com\/alviscristinahe\/"],"url":"https:\/\/soynuevaprensadigital.com\/news1053fm\/author\/alvisherrera\/"}]}},"_links":{"self":[{"href":"https:\/\/soynuevaprensadigital.com\/news1053fm\/wp-json\/wp\/v2\/posts\/1917","targetHints":{"allow":["GET"]}}],"collection":[{"href":"https:\/\/soynuevaprensadigital.com\/news1053fm\/wp-json\/wp\/v2\/posts"}],"about":[{"href":"https:\/\/soynuevaprensadigital.com\/news1053fm\/wp-json\/wp\/v2\/types\/post"}],"author":[{"embeddable":true,"href":"https:\/\/soynuevaprensadigital.com\/news1053fm\/wp-json\/wp\/v2\/users\/158"}],"replies":[{"embeddable":true,"href":"https:\/\/soynuevaprensadigital.com\/news1053fm\/wp-json\/wp\/v2\/comments?post=1917"}],"version-history":[{"count":0,"href":"https:\/\/soynuevaprensadigital.com\/news1053fm\/wp-json\/wp\/v2\/posts\/1917\/revisions"}],"wp:attachment":[{"href":"https:\/\/soynuevaprensadigital.com\/news1053fm\/wp-json\/wp\/v2\/media?parent=1917"}],"wp:term":[{"taxonomy":"category","embeddable":true,"href":"https:\/\/soynuevaprensadigital.com\/news1053fm\/wp-json\/wp\/v2\/categories?post=1917"},{"taxonomy":"post_tag","embeddable":true,"href":"https:\/\/soynuevaprensadigital.com\/news1053fm\/wp-json\/wp\/v2\/tags?post=1917"}],"curies":[{"name":"wp","href":"https:\/\/api.w.org\/{rel}","templated":true}]}}