{"id":1946,"date":"2021-04-20T16:32:29","date_gmt":"2021-04-20T20:32:29","guid":{"rendered":"https:\/\/soynuevaprensadigital.com\/news1053fm\/?p=1946"},"modified":"2021-04-21T16:49:38","modified_gmt":"2021-04-21T20:49:38","slug":"efemerides-deportivas-20-de-abril-real-madrid-vence-en-la-final-de-la-copa-del-rey-al-barcelona","status":"publish","type":"post","link":"https:\/\/soynuevaprensadigital.com\/news1053fm\/efemerides-deportivas-20-de-abril-real-madrid-vence-en-la-final-de-la-copa-del-rey-al-barcelona\/","title":{"rendered":"Efem\u00e9rides Deportivas 20 de abril: Real Madrid vence en la final de la Copa del Rey al Barcelona"},"content":{"rendered":"<p style=\"text-align: justify\"><strong>Ciudad Guayana.-<\/strong>Haciendo gala de su filosof\u00eda, justificando su fichaje, ganando t\u00edtulos y recibiendo el manteo de los suyos; as\u00ed hizo Mourinho y su equipo el regalo que le faltaba a su presidente Florentino P\u00e9rez: la Copa del Rey.<\/p>\n<p style=\"text-align: justify\">Despu\u00e9s de 120 minutos de una tensi\u00f3n incre\u00edble, el Real Madrid logr\u00f3 ganar la Copa del Rey 18 a\u00f1os despu\u00e9s gracias a un solitario gol de Cristiano Ronaldo en el minuto 13 de la pr\u00f3rroga.<\/p>\n<p style=\"text-align: justify\">El FC Barcelona en cambio se vio demasiado entorpecido a la hora de materializar en ocasiones su dominio de juego. Por vez primera, Pep Guardiola perdi\u00f3 una final como entrenador blaugrana y es que una muestra de su mal d\u00eda es que su equipo hizo el primer tiro sobre la puerta de Casillas en el minuto 74.<\/p>\n<p style=\"text-align: justify\">Los primeros compases del partido fueron de tanteo, de respeto por parte de un equipo hacia el otro, porque la estampa que ofrec\u00eda Mestalla era inigualable, digna de una final entre los dos mejores equipos del mundo.<\/p>\n<p style=\"text-align: justify\">El equipo de Mourinho ten\u00eda bien aprendida la lecci\u00f3n de su entrenador y por eso cedi\u00f3 con gusto el bal\u00f3n al Bar\u00e7a. El equipo de Guardiola recog\u00eda el guante, pero le costaba enlazar jugadas y penetrar en el trivote que comandaba Pepe en el medio.<\/p>\n<p style=\"text-align: justify\">La primera ocasi\u00f3n de peligro real de la final lleg\u00f3 en el minuto 12 sobre la porter\u00eda de Pinto. Pasaban los minutos y el Madrid se encontraba cada vez m\u00e1s c\u00f3modo. La primera media hora de partido fue la m\u00e1s pl\u00e1cida que recuerdan los aficionados merengues frente al Bar\u00e7a en las \u00faltimas tres temporadas, desde que Guardiola era entrenador.<\/p>\n<p style=\"text-align: justify\">La segunda mitad parec\u00eda diferente, algo se notaba y es que Xavi e Iniesta comenzaban a entenderse. En los primeros diez minutos, el equipo cul\u00e9 asust\u00f3 m\u00e1s al Real Madrid que en toda la primera parte.<\/p>\n<p style=\"text-align: justify\">Era una nueva partida de ajedrez en la que los decibelios sub\u00edan y en la que los jugadores principales, Mourinho y Guardiola estaban obligados a mover pieza. Los dos lo sab\u00edan y no eran capaces de sentarse en el banquillo. En esos momentos lleg\u00f3 el primer gol del partido de Villa pero Undiano Mallenco invalid\u00f3 la jugada por fuera de juego.<\/p>\n<p style=\"text-align: justify\">Los \u00faltimos cinco minutos fueron una aut\u00e9ntica agon\u00eda, tanto para el madridismo que no lo ve\u00eda claro como para el barcelonismo porque el gol que sentenciar\u00eda a su favor la final no acababa de llegar.<\/p>\n<p style=\"text-align: justify\">Ya en la pr\u00f3rroga, Cristiano Ronaldo hab\u00eda sido el protagonista de todas las ocasiones merengues y el gol se le resist\u00eda. Corr\u00eda el minuto 13 de la primera parte de la pr\u00f3rroga y Marcelo rob\u00f3 un bal\u00f3n en la salida blaugrana, la abri\u00f3 a la izquierda para que Di Mar\u00eda centrara al primer toque y la figura del crack portugu\u00e9s emergi\u00f3 en el \u00e1rea para batir a Pinto con un cabezazo certero.<\/p>\n<p style=\"text-align: justify\">En los instantes finales, Piqu\u00e9 se fue arriba y la retaguardia qued\u00f3 descubierta jug\u00e1ndose el Bar\u00e7a el todo por el todo. Estuvo cerca la sentencia blanca en una jugada individual de Adebayor que sac\u00f3 Pinto a falta de tres minutos, pero la gloria ya estaba conquistada.<\/p>\n","protected":false},"excerpt":{"rendered":"<p>Ciudad Guayana.-Haciendo gala de su filosof\u00eda, justificando su fichaje, ganando t\u00edtulos y recibiendo el manteo de los suyos; as\u00ed hizo Mourinho y su equipo el regalo que le faltaba a su presidente Florentino P\u00e9rez: la Copa del Rey. Despu\u00e9s de 120 minutos de una tensi\u00f3n incre\u00edble, el Real Madrid logr\u00f3 ganar la Copa del Rey [&hellip;]<\/p>\n","protected":false},"author":158,"featured_media":0,"comment_status":"closed","ping_status":"closed","sticky":false,"template":"","format":"standard","meta":{"footnotes":""},"categories":[2,19],"tags":[],"class_list":["post-1946","post","type-post","status-publish","format-standard","hentry","category-featured","category-mundo-deportivo"],"yoast_head":"<!-- This site is optimized with the Yoast SEO plugin v27.3 - https:\/\/yoast.com\/product\/yoast-seo-wordpress\/ -->\n<title>Efem\u00e9rides Deportivas 20 de abril: Real Madrid vence en la final de la Copa del Rey al Barcelona - News 105.3 FM<\/title>\n<meta name=\"robots\" content=\"index, follow, max-snippet:-1, max-image-preview:large, max-video-preview:-1\" \/>\n<link rel=\"canonical\" href=\"https:\/\/soynuevaprensadigital.com\/news1053fm\/efemerides-deportivas-20-de-abril-real-madrid-vence-en-la-final-de-la-copa-del-rey-al-barcelona\/\" \/>\n<meta property=\"og:locale\" content=\"es_ES\" \/>\n<meta property=\"og:type\" content=\"article\" \/>\n<meta property=\"og:title\" content=\"Efem\u00e9rides Deportivas 20 de abril: Real Madrid vence en la final de la Copa del Rey al Barcelona - News 105.3 FM\" \/>\n<meta property=\"og:description\" content=\"Ciudad Guayana.-Haciendo gala de su filosof\u00eda, justificando su fichaje, ganando t\u00edtulos y recibiendo el manteo de los suyos; as\u00ed hizo Mourinho y su equipo el regalo que le faltaba a su presidente Florentino P\u00e9rez: la Copa del Rey. Despu\u00e9s de 120 minutos de una tensi\u00f3n incre\u00edble, el Real Madrid logr\u00f3 ganar la Copa del Rey [&hellip;]\" \/>\n<meta property=\"og:url\" content=\"https:\/\/soynuevaprensadigital.com\/news1053fm\/efemerides-deportivas-20-de-abril-real-madrid-vence-en-la-final-de-la-copa-del-rey-al-barcelona\/\" \/>\n<meta property=\"og:site_name\" content=\"News 105.3 FM\" \/>\n<meta property=\"article:publisher\" content=\"https:\/\/www.facebook.com\/News1053fm-1655395028099413\/\" \/>\n<meta property=\"article:author\" content=\"https:\/\/www.facebook.com\/AlvisCristinaHe\" \/>\n<meta property=\"article:published_time\" content=\"2021-04-20T20:32:29+00:00\" \/>\n<meta property=\"article:modified_time\" content=\"2021-04-21T20:49:38+00:00\" \/>\n<meta property=\"og:image\" content=\"https:\/\/soynuevaprensadigital.com\/news1053fm\/wp-content\/uploads\/sites\/3\/2021\/04\/r691003_1296x729_16-9.jpg\" \/>\n\t<meta property=\"og:image:width\" content=\"1296\" \/>\n\t<meta property=\"og:image:height\" content=\"729\" \/>\n\t<meta property=\"og:image:type\" content=\"image\/jpeg\" \/>\n<meta name=\"author\" content=\"Alvis Cristina Herrera\" \/>\n<meta name=\"twitter:card\" content=\"summary_large_image\" \/>\n<meta name=\"twitter:creator\" content=\"@https:\/\/www.twitter.com\/alviscristinahe\/\" \/>\n<meta name=\"twitter:site\" content=\"@news105_3fm\" \/>\n<meta name=\"twitter:label1\" content=\"Escrito por\" \/>\n\t<meta name=\"twitter:data1\" content=\"Alvis Cristina Herrera\" \/>\n\t<meta name=\"twitter:label2\" content=\"Tiempo de lectura\" \/>\n\t<meta name=\"twitter:data2\" content=\"3 minutos\" \/>\n<script type=\"application\/ld+json\" class=\"yoast-schema-graph\">{\"@context\":\"https:\\\/\\\/schema.org\",\"@graph\":[{\"@type\":\"Article\",\"@id\":\"https:\\\/\\\/soynuevaprensadigital.com\\\/news1053fm\\\/efemerides-deportivas-20-de-abril-real-madrid-vence-en-la-final-de-la-copa-del-rey-al-barcelona\\\/#article\",\"isPartOf\":{\"@id\":\"https:\\\/\\\/soynuevaprensadigital.com\\\/news1053fm\\\/efemerides-deportivas-20-de-abril-real-madrid-vence-en-la-final-de-la-copa-del-rey-al-barcelona\\\/\"},\"author\":{\"name\":\"Alvis Cristina Herrera\",\"@id\":\"https:\\\/\\\/soynuevaprensadigital.com\\\/news1053fm\\\/#\\\/schema\\\/person\\\/aa2d09ab130e943e3c7b360a32177538\"},\"headline\":\"Efem\u00e9rides Deportivas 20 de abril: Real Madrid vence en la final de la Copa del Rey al Barcelona\",\"datePublished\":\"2021-04-20T20:32:29+00:00\",\"dateModified\":\"2021-04-21T20:49:38+00:00\",\"mainEntityOfPage\":{\"@id\":\"https:\\\/\\\/soynuevaprensadigital.com\\\/news1053fm\\\/efemerides-deportivas-20-de-abril-real-madrid-vence-en-la-final-de-la-copa-del-rey-al-barcelona\\\/\"},\"wordCount\":575,\"articleSection\":[\"Featured\",\"Mundo Deportivo\"],\"inLanguage\":\"es\"},{\"@type\":\"WebPage\",\"@id\":\"https:\\\/\\\/soynuevaprensadigital.com\\\/news1053fm\\\/efemerides-deportivas-20-de-abril-real-madrid-vence-en-la-final-de-la-copa-del-rey-al-barcelona\\\/\",\"url\":\"https:\\\/\\\/soynuevaprensadigital.com\\\/news1053fm\\\/efemerides-deportivas-20-de-abril-real-madrid-vence-en-la-final-de-la-copa-del-rey-al-barcelona\\\/\",\"name\":\"Efem\u00e9rides Deportivas 20 de abril: Real Madrid vence en la final de la Copa del Rey al Barcelona - News 105.3 FM\",\"isPartOf\":{\"@id\":\"https:\\\/\\\/soynuevaprensadigital.com\\\/news1053fm\\\/#website\"},\"datePublished\":\"2021-04-20T20:32:29+00:00\",\"dateModified\":\"2021-04-21T20:49:38+00:00\",\"author\":{\"@id\":\"https:\\\/\\\/soynuevaprensadigital.com\\\/news1053fm\\\/#\\\/schema\\\/person\\\/aa2d09ab130e943e3c7b360a32177538\"},\"breadcrumb\":{\"@id\":\"https:\\\/\\\/soynuevaprensadigital.com\\\/news1053fm\\\/efemerides-deportivas-20-de-abril-real-madrid-vence-en-la-final-de-la-copa-del-rey-al-barcelona\\\/#breadcrumb\"},\"inLanguage\":\"es\",\"potentialAction\":[{\"@type\":\"ReadAction\",\"target\":[\"https:\\\/\\\/soynuevaprensadigital.com\\\/news1053fm\\\/efemerides-deportivas-20-de-abril-real-madrid-vence-en-la-final-de-la-copa-del-rey-al-barcelona\\\/\"]}]},{\"@type\":\"BreadcrumbList\",\"@id\":\"https:\\\/\\\/soynuevaprensadigital.com\\\/news1053fm\\\/efemerides-deportivas-20-de-abril-real-madrid-vence-en-la-final-de-la-copa-del-rey-al-barcelona\\\/#breadcrumb\",\"itemListElement\":[{\"@type\":\"ListItem\",\"position\":1,\"name\":\"Portada\",\"item\":\"https:\\\/\\\/soynuevaprensadigital.com\\\/news1053fm\\\/\"},{\"@type\":\"ListItem\",\"position\":2,\"name\":\"Efem\u00e9rides Deportivas 20 de abril: Real Madrid vence en la final de la Copa del Rey al Barcelona\"}]},{\"@type\":\"WebSite\",\"@id\":\"https:\\\/\\\/soynuevaprensadigital.com\\\/news1053fm\\\/#website\",\"url\":\"https:\\\/\\\/soynuevaprensadigital.com\\\/news1053fm\\\/\",\"name\":\"News 105.3 FM\",\"description\":\"Nuestro compromiso contigo nos permite ofrecerte la radio de mejor calidad, la frecuencia m\u00e1s limpia yel entretenimiento para todos los gustos.\",\"potentialAction\":[{\"@type\":\"SearchAction\",\"target\":{\"@type\":\"EntryPoint\",\"urlTemplate\":\"https:\\\/\\\/soynuevaprensadigital.com\\\/news1053fm\\\/?s={search_term_string}\"},\"query-input\":{\"@type\":\"PropertyValueSpecification\",\"valueRequired\":true,\"valueName\":\"search_term_string\"}}],\"inLanguage\":\"es\"},{\"@type\":\"Person\",\"@id\":\"https:\\\/\\\/soynuevaprensadigital.com\\\/news1053fm\\\/#\\\/schema\\\/person\\\/aa2d09ab130e943e3c7b360a32177538\",\"name\":\"Alvis Cristina Herrera\",\"image\":{\"@type\":\"ImageObject\",\"inLanguage\":\"es\",\"@id\":\"https:\\\/\\\/secure.gravatar.com\\\/avatar\\\/6a4b461595fbd8c4d0947e89062b7b1df5ea5bc6348126d9594f8d0cece5be89?s=96&d=mm&r=g\",\"url\":\"https:\\\/\\\/secure.gravatar.com\\\/avatar\\\/6a4b461595fbd8c4d0947e89062b7b1df5ea5bc6348126d9594f8d0cece5be89?s=96&d=mm&r=g\",\"contentUrl\":\"https:\\\/\\\/secure.gravatar.com\\\/avatar\\\/6a4b461595fbd8c4d0947e89062b7b1df5ea5bc6348126d9594f8d0cece5be89?s=96&d=mm&r=g\",\"caption\":\"Alvis Cristina Herrera\"},\"sameAs\":[\"https:\\\/\\\/www.facebook.com\\\/AlvisCristinaHe\",\"https:\\\/\\\/www.instagram.com\\\/alviscristinahe\\\/\",\"https:\\\/\\\/www.linkedin.com\\\/in\\\/alviscristinahe\\\/\",\"https:\\\/\\\/x.com\\\/https:\\\/\\\/www.twitter.com\\\/alviscristinahe\\\/\"],\"url\":\"https:\\\/\\\/soynuevaprensadigital.com\\\/news1053fm\\\/author\\\/alvisherrera\\\/\"}]}<\/script>\n<!-- \/ Yoast SEO plugin. -->","yoast_head_json":{"title":"Efem\u00e9rides Deportivas 20 de abril: Real Madrid vence en la final de la Copa del Rey al Barcelona - News 105.3 FM","robots":{"index":"index","follow":"follow","max-snippet":"max-snippet:-1","max-image-preview":"max-image-preview:large","max-video-preview":"max-video-preview:-1"},"canonical":"https:\/\/soynuevaprensadigital.com\/news1053fm\/efemerides-deportivas-20-de-abril-real-madrid-vence-en-la-final-de-la-copa-del-rey-al-barcelona\/","og_locale":"es_ES","og_type":"article","og_title":"Efem\u00e9rides Deportivas 20 de abril: Real Madrid vence en la final de la Copa del Rey al Barcelona - News 105.3 FM","og_description":"Ciudad Guayana.-Haciendo gala de su filosof\u00eda, justificando su fichaje, ganando t\u00edtulos y recibiendo el manteo de los suyos; as\u00ed hizo Mourinho y su equipo el regalo que le faltaba a su presidente Florentino P\u00e9rez: la Copa del Rey. Despu\u00e9s de 120 minutos de una tensi\u00f3n incre\u00edble, el Real Madrid logr\u00f3 ganar la Copa del Rey [&hellip;]","og_url":"https:\/\/soynuevaprensadigital.com\/news1053fm\/efemerides-deportivas-20-de-abril-real-madrid-vence-en-la-final-de-la-copa-del-rey-al-barcelona\/","og_site_name":"News 105.3 FM","article_publisher":"https:\/\/www.facebook.com\/News1053fm-1655395028099413\/","article_author":"https:\/\/www.facebook.com\/AlvisCristinaHe","article_published_time":"2021-04-20T20:32:29+00:00","article_modified_time":"2021-04-21T20:49:38+00:00","og_image":[{"width":1296,"height":729,"url":"https:\/\/soynuevaprensadigital.com\/news1053fm\/wp-content\/uploads\/sites\/3\/2021\/04\/r691003_1296x729_16-9.jpg","type":"image\/jpeg"}],"author":"Alvis Cristina Herrera","twitter_card":"summary_large_image","twitter_creator":"@https:\/\/www.twitter.com\/alviscristinahe\/","twitter_site":"@news105_3fm","twitter_misc":{"Escrito por":"Alvis Cristina Herrera","Tiempo de lectura":"3 minutos"},"schema":{"@context":"https:\/\/schema.org","@graph":[{"@type":"Article","@id":"https:\/\/soynuevaprensadigital.com\/news1053fm\/efemerides-deportivas-20-de-abril-real-madrid-vence-en-la-final-de-la-copa-del-rey-al-barcelona\/#article","isPartOf":{"@id":"https:\/\/soynuevaprensadigital.com\/news1053fm\/efemerides-deportivas-20-de-abril-real-madrid-vence-en-la-final-de-la-copa-del-rey-al-barcelona\/"},"author":{"name":"Alvis Cristina Herrera","@id":"https:\/\/soynuevaprensadigital.com\/news1053fm\/#\/schema\/person\/aa2d09ab130e943e3c7b360a32177538"},"headline":"Efem\u00e9rides Deportivas 20 de abril: Real Madrid vence en la final de la Copa del Rey al Barcelona","datePublished":"2021-04-20T20:32:29+00:00","dateModified":"2021-04-21T20:49:38+00:00","mainEntityOfPage":{"@id":"https:\/\/soynuevaprensadigital.com\/news1053fm\/efemerides-deportivas-20-de-abril-real-madrid-vence-en-la-final-de-la-copa-del-rey-al-barcelona\/"},"wordCount":575,"articleSection":["Featured","Mundo Deportivo"],"inLanguage":"es"},{"@type":"WebPage","@id":"https:\/\/soynuevaprensadigital.com\/news1053fm\/efemerides-deportivas-20-de-abril-real-madrid-vence-en-la-final-de-la-copa-del-rey-al-barcelona\/","url":"https:\/\/soynuevaprensadigital.com\/news1053fm\/efemerides-deportivas-20-de-abril-real-madrid-vence-en-la-final-de-la-copa-del-rey-al-barcelona\/","name":"Efem\u00e9rides Deportivas 20 de abril: Real Madrid vence en la final de la Copa del Rey al Barcelona - News 105.3 FM","isPartOf":{"@id":"https:\/\/soynuevaprensadigital.com\/news1053fm\/#website"},"datePublished":"2021-04-20T20:32:29+00:00","dateModified":"2021-04-21T20:49:38+00:00","author":{"@id":"https:\/\/soynuevaprensadigital.com\/news1053fm\/#\/schema\/person\/aa2d09ab130e943e3c7b360a32177538"},"breadcrumb":{"@id":"https:\/\/soynuevaprensadigital.com\/news1053fm\/efemerides-deportivas-20-de-abril-real-madrid-vence-en-la-final-de-la-copa-del-rey-al-barcelona\/#breadcrumb"},"inLanguage":"es","potentialAction":[{"@type":"ReadAction","target":["https:\/\/soynuevaprensadigital.com\/news1053fm\/efemerides-deportivas-20-de-abril-real-madrid-vence-en-la-final-de-la-copa-del-rey-al-barcelona\/"]}]},{"@type":"BreadcrumbList","@id":"https:\/\/soynuevaprensadigital.com\/news1053fm\/efemerides-deportivas-20-de-abril-real-madrid-vence-en-la-final-de-la-copa-del-rey-al-barcelona\/#breadcrumb","itemListElement":[{"@type":"ListItem","position":1,"name":"Portada","item":"https:\/\/soynuevaprensadigital.com\/news1053fm\/"},{"@type":"ListItem","position":2,"name":"Efem\u00e9rides Deportivas 20 de abril: Real Madrid vence en la final de la Copa del Rey al Barcelona"}]},{"@type":"WebSite","@id":"https:\/\/soynuevaprensadigital.com\/news1053fm\/#website","url":"https:\/\/soynuevaprensadigital.com\/news1053fm\/","name":"News 105.3 FM","description":"Nuestro compromiso contigo nos permite ofrecerte la radio de mejor calidad, la frecuencia m\u00e1s limpia yel entretenimiento para todos los gustos.","potentialAction":[{"@type":"SearchAction","target":{"@type":"EntryPoint","urlTemplate":"https:\/\/soynuevaprensadigital.com\/news1053fm\/?s={search_term_string}"},"query-input":{"@type":"PropertyValueSpecification","valueRequired":true,"valueName":"search_term_string"}}],"inLanguage":"es"},{"@type":"Person","@id":"https:\/\/soynuevaprensadigital.com\/news1053fm\/#\/schema\/person\/aa2d09ab130e943e3c7b360a32177538","name":"Alvis Cristina Herrera","image":{"@type":"ImageObject","inLanguage":"es","@id":"https:\/\/secure.gravatar.com\/avatar\/6a4b461595fbd8c4d0947e89062b7b1df5ea5bc6348126d9594f8d0cece5be89?s=96&d=mm&r=g","url":"https:\/\/secure.gravatar.com\/avatar\/6a4b461595fbd8c4d0947e89062b7b1df5ea5bc6348126d9594f8d0cece5be89?s=96&d=mm&r=g","contentUrl":"https:\/\/secure.gravatar.com\/avatar\/6a4b461595fbd8c4d0947e89062b7b1df5ea5bc6348126d9594f8d0cece5be89?s=96&d=mm&r=g","caption":"Alvis Cristina Herrera"},"sameAs":["https:\/\/www.facebook.com\/AlvisCristinaHe","https:\/\/www.instagram.com\/alviscristinahe\/","https:\/\/www.linkedin.com\/in\/alviscristinahe\/","https:\/\/x.com\/https:\/\/www.twitter.com\/alviscristinahe\/"],"url":"https:\/\/soynuevaprensadigital.com\/news1053fm\/author\/alvisherrera\/"}]}},"_links":{"self":[{"href":"https:\/\/soynuevaprensadigital.com\/news1053fm\/wp-json\/wp\/v2\/posts\/1946","targetHints":{"allow":["GET"]}}],"collection":[{"href":"https:\/\/soynuevaprensadigital.com\/news1053fm\/wp-json\/wp\/v2\/posts"}],"about":[{"href":"https:\/\/soynuevaprensadigital.com\/news1053fm\/wp-json\/wp\/v2\/types\/post"}],"author":[{"embeddable":true,"href":"https:\/\/soynuevaprensadigital.com\/news1053fm\/wp-json\/wp\/v2\/users\/158"}],"replies":[{"embeddable":true,"href":"https:\/\/soynuevaprensadigital.com\/news1053fm\/wp-json\/wp\/v2\/comments?post=1946"}],"version-history":[{"count":0,"href":"https:\/\/soynuevaprensadigital.com\/news1053fm\/wp-json\/wp\/v2\/posts\/1946\/revisions"}],"wp:attachment":[{"href":"https:\/\/soynuevaprensadigital.com\/news1053fm\/wp-json\/wp\/v2\/media?parent=1946"}],"wp:term":[{"taxonomy":"category","embeddable":true,"href":"https:\/\/soynuevaprensadigital.com\/news1053fm\/wp-json\/wp\/v2\/categories?post=1946"},{"taxonomy":"post_tag","embeddable":true,"href":"https:\/\/soynuevaprensadigital.com\/news1053fm\/wp-json\/wp\/v2\/tags?post=1946"}],"curies":[{"name":"wp","href":"https:\/\/api.w.org\/{rel}","templated":true}]}}