{"id":1953,"date":"2021-04-21T17:17:32","date_gmt":"2021-04-21T21:17:32","guid":{"rendered":"https:\/\/soynuevaprensadigital.com\/news1053fm\/?p=1953"},"modified":"2021-04-21T17:17:32","modified_gmt":"2021-04-21T21:17:32","slug":"lo-que-no-sabias-de-copa-libertadores-de-america","status":"publish","type":"post","link":"https:\/\/soynuevaprensadigital.com\/news1053fm\/lo-que-no-sabias-de-copa-libertadores-de-america\/","title":{"rendered":"Lo que no sab\u00edas de\u2026 Copa Libertadores de Am\u00e9rica"},"content":{"rendered":"<p style=\"text-align: justify\"><strong>Ciudad Guayana.-<\/strong>La Copa Libertadores de Am\u00e9rica, denominada oficialmente Copa Conmebol Libertadores es un torneo anual internacional oficial de f\u00fatbol organizado por la Confederaci\u00f3n Sudamericana de F\u00fatbol (CONMEBOL).<\/p>\n<p style=\"text-align: justify\"><strong>Cambio honor\u00edfico<\/strong><\/p>\n<p style=\"text-align: justify\">Originalmente, el torneo no se llamaba como lo conocemos hoy en d\u00eda. En 1960, la Confederaci\u00f3n Sudamericana de F\u00fatbol cre\u00f3 la Copa de Campeones de Am\u00e9rica. Al pasar de los a\u00f1os, la competici\u00f3n fue ganando popularidad e importancia.<\/p>\n<p style=\"text-align: justify\">Para 1965, se hab\u00eda convertido en el torneo de clubes m\u00e1s importante de Sudam\u00e9rica, y fue justo en ese a\u00f1o en el que se cambi\u00f3 el nombre del torneo y se le bautiz\u00f3 como \u201cCopa Libertadores de Am\u00e9rica\u201d.<\/p>\n<p style=\"text-align: justify\">El nombre fue modificado en honor a los l\u00edderes de las\u00a0 guerras de independencia hispanoamericanas y brasile\u00f1as de Am\u00e9rica del Sur. As\u00ed que la denominaci\u00f3n de este torneo tiene toda una historia detr\u00e1s.<\/p>\n<p style=\"text-align: justify\"><strong>Invicto en finales<\/strong><\/p>\n<p style=\"text-align: justify\">El equipo argentino Club Atl\u00e9tico Independiente es la definici\u00f3n de \u201cpalmar\u00e9s\u201d en esta competici\u00f3n, ya que es el m\u00e1ximo ganador de la Copa Libertadores.<\/p>\n<p style=\"text-align: justify\">Ha llegado siete veces a la final y las siete veces se ha llevado la victoria. Cabe destacar que tambi\u00e9n es el \u00fanico club sudamericano en lograr ser tetracampe\u00f3n.<\/p>\n<p style=\"text-align: justify\">Las ediciones en las que se llev\u00f3 el triunfo fueron: 1964, 1965, 1972, 1973, 1974, 1975 y 1984.<\/p>\n<p style=\"text-align: justify\"><strong>Garabato<\/strong><\/p>\n<p style=\"text-align: justify\">Colombia ha tenido buenos representantes en la Copa Libertadores, tales como Once Caldas (campe\u00f3n en 2004) y Atl\u00e9tico Nacional (campe\u00f3n en 1989), pero hay un equipo colombiano que a pesar de su gran desempe\u00f1o durante los torneos nunca ha quedado campe\u00f3n. A pesar de que Am\u00e9rica de Cali ha disputado cuatro finales, en ninguna de ellas ha podido levantar la copa. La afici\u00f3n cale\u00f1a atribuye estas derrotas a la ya conocida \u201cmaldici\u00f3n de Garabato\u201d.<\/p>\n<p style=\"text-align: justify\">En 1948, cuando los diablos rojos ascendieron a primera divisi\u00f3n, Garabato (dirigente de la Am\u00e9rica) dijo que por m\u00e1s esfuerzos que hicieran nunca iban a quedar campeones. Esa fue su declaraci\u00f3n, ya que, no estaba de acuerdo con la profesionalizaci\u00f3n del equipo.<\/p>\n<p style=\"text-align: justify\">Desde entonces, cada vez que la Am\u00e9rica pierde una final o simplemente no queda campe\u00f3n, se dice que es por esta maldici\u00f3n. Las finales que perdi\u00f3 el equipo colombiano en la Libertadores fueron: 1985 (Argentinos Juniors), 1986 (River Plate), 1987 (Pe\u00f1arol) y 1996 (River Plate).<\/p>\n<p style=\"text-align: justify\"><strong>Goleada hist\u00f3rica<\/strong><\/p>\n<p style=\"text-align: justify\">El 15 de Marzo de 1970 se presenci\u00f3 la mayor humillaci\u00f3n que se ha visto en la historia de la Copa Libertadores.<\/p>\n<p style=\"text-align: justify\">Para la fase de grupos se ve\u00edan las caras el Pe\u00f1arol (equipo uruguayo) y el Valencia FC (equipo venezolano). Desde el segundo 30 empezaron a caer los goles del Pe\u00f1arol y no pararon. Para el medio tiempo ya iba ganando el conjunto uruguayo 6 a 1. El partido culmin\u00f3 11 a 2, convirti\u00e9ndose en la mayor goleada en la historia de este torneo.<\/p>\n<p style=\"text-align: justify\"><strong>Estrellas en la Copa<\/strong><\/p>\n<p style=\"text-align: justify\">Es un buen momento para recordar la trayectoria del Santos FC. Muchos jugadores hist\u00f3ricos brasile\u00f1os han jugado en este club. El ejemplo m\u00e1s claro es Pel\u00e9, pero no se puede dejar de lado a un jugador de la actualidad. Neymar Junior jug\u00f3 con los colores del Santos en la Copa Libertadores del 2011, y no solo eso; el equipo albinegro qued\u00f3 campe\u00f3n con la ayuda de un gol suyo en la final.<\/p>\n<p style=\"text-align: justify\">Una de las curiosidades m\u00e1s extra\u00f1as de la Copa Libertadores, es que Diego Armando Maradona nunca particip\u00f3 del torneo, cuando se consagr\u00f3 campe\u00f3n de Argentina con Boca Juniors en 1981, se perdi\u00f3 la Copa del a\u00f1o siguiente porque hab\u00eda sido traspasado al FC Barcelona y despu\u00e9s, no jug\u00f3 m\u00e1s en un equipo americano que estuviese participando en el certamen.<\/p>\n<p style=\"text-align: justify\"><strong>Palmar\u00e9s<\/strong><\/p>\n<p style=\"text-align: justify\">El podio de los m\u00e1s victoriosos de la Copa Libertadores est\u00e1 compuesto por dos equipos argentinos y uno uruguayo. El club que est\u00e1 en primera posici\u00f3n es el Atl\u00e9tico Independiente con siete t\u00edtulos. En segunda posici\u00f3n se encuentra el Boca Juniors con 6 torneos victoriosos. En tercer lugar est\u00e1 el Pe\u00f1arol con cinco t\u00edtulos en total. Respecto al Santos FC, ha ganado tres Copas Libertadores; mientras que el Palmeiras ha ganado una.<\/p>\n<p style=\"text-align: justify\"><strong>Mejor equipo debutante<\/strong><\/p>\n<p style=\"text-align: justify\">Estudiantes de La Plata, quien gan\u00f3 la Copa la primera, segunda y tercera vez que la jug\u00f3, en 1968, 1969 y 1970. As\u00ed mismo, el Estudiantes de Zubeld\u00eda se transform\u00f3 en 1969, adem\u00e1s, en el equipo campe\u00f3n de mejor rendimiento en competencias de Conmebol de m\u00e1s de dos participantes: gan\u00f3 los cuatro partidos que jug\u00f3, consiguiendo as\u00ed la totalidad de los puntos disputados<\/p>\n<p style=\"text-align: justify\"><strong>La copa m\u00e1s larga<\/strong><\/p>\n<p style=\"text-align: justify\">Racing Club de Avellaneda tuvo que jugar 20 partidos (un partido m\u00e1s de lo que es un torneo corto de la Primera Divisi\u00f3n en Argentina) para poder conseguir su primera y \u00fanica Copa Libertadores, en 1967, tras vencer a Nacional en un partido desempate, disputado en Chile.<\/p>\n<p style=\"text-align: justify\"><strong>Nunca en casa<\/strong><\/p>\n<p style=\"text-align: justify\">Pe\u00f1arol dio las 5 vueltas ol\u00edmpicas fuera del Uruguay: tres veces en Chile, una en Brasil, y una en Paraguay, Igualmente Olimpia que festej\u00f3 sus 3 copas fuera del Paraguay: una en Argentina, una en Ecuador y una en Brasil.<\/p>\n<p style=\"text-align: justify\"><strong>Campe\u00f3n eliminado en primera ronda:<\/strong><\/p>\n<p style=\"text-align: justify\">Sin contar las eliminatorias previas, s\u00f3lo dos defensores del t\u00edtulo fueron eliminados en primera ronda en el actual formato de Copa Libertadores (32 equipos) Internacional de Porto Alegre en 2007, Liga de Quito en 2009.<\/p>\n<p style=\"text-align: justify\"><strong>Campe\u00f3n invicto:<\/strong> Seis clubes han ganado el torneo como invictos:<\/p>\n<p style=\"text-align: justify\">&#8211; Estudiantes de La Plata en 1969 y 1970.<\/p>\n<p style=\"text-align: justify\">&#8211; Pe\u00f1arol en 1960.<\/p>\n<p style=\"text-align: justify\">&#8211; Santos en 1963.<\/p>\n<p style=\"text-align: justify\">&#8211; Independiente en 1964.<\/p>\n<p style=\"text-align: justify\">&#8211; Boca Juniors en 1978.<\/p>\n<p style=\"text-align: justify\">&#8211; Corinthians en 2012.<\/p>\n<p style=\"text-align: justify\"><strong>El partido con m\u00e1s expulsados<\/strong><\/p>\n<p style=\"text-align: justify\">Fue el Boca Juniors &#8211; Sporting Cristal de 1971, cuando el juez expuls\u00f3 a nueve jugadores argentinos y a diez peruanos despu\u00e9s de cobrar una falta dudosa que desat\u00f3 una pelea campal que termin\u00f3 con todos los jugadores peruanos expulsados dentro de una comisar\u00eda.<\/p>\n<p style=\"text-align: justify\"><strong>R\u00e9cord de partidos sin perder<\/strong><\/p>\n<p style=\"text-align: justify\">Sporting Cristal posee el r\u00e9cord de mayor n\u00famero de partidos sin perder, entre los a\u00f1os 1962 contra Racing Club, y 1969 contra Juan Aurich, totalizando 17 partidos en la copa sin conocer la derrota. La segunda mejor marca la posee Corinthians con 16 partidos sin perder entre las ediciones 2012 y 2013 tras perder dicho invicto ante Tijuana por 1 a 0.<\/p>\n<p style=\"text-align: justify\"><strong>Campe\u00f3n con valla invicta de local<\/strong><\/p>\n<p style=\"text-align: justify\">El \u00fanico club que se coron\u00f3 campe\u00f3n no habiendo recibido ning\u00fan gol en condici\u00f3n de local fue Estudiantes de La Plata, en la Copa Libertadores 2009.<\/p>\n<p style=\"text-align: justify\"><strong>Ceremonia de entrega<\/strong><\/p>\n<p style=\"text-align: justify\">La entrega del trofeo se ha realizado en 8 de los 11 pa\u00edses con cupos del continente (nunca se entreg\u00f3 en Bolivia ni Venezuela): Brasil (18), Argentina (12), Chile (9), Uruguay (7), Paraguay (3), Colombia (3), Ecuador (2), Per\u00fa (1).<\/p>\n","protected":false},"excerpt":{"rendered":"<p>Ciudad Guayana.-La Copa Libertadores de Am\u00e9rica, denominada oficialmente Copa Conmebol Libertadores es un torneo anual internacional oficial de f\u00fatbol organizado por la Confederaci\u00f3n Sudamericana de F\u00fatbol (CONMEBOL). Cambio honor\u00edfico Originalmente, el torneo no se llamaba como lo conocemos hoy en d\u00eda. En 1960, la Confederaci\u00f3n Sudamericana de F\u00fatbol cre\u00f3 la Copa de Campeones de Am\u00e9rica. [&hellip;]<\/p>\n","protected":false},"author":158,"featured_media":0,"comment_status":"closed","ping_status":"closed","sticky":false,"template":"","format":"standard","meta":{"footnotes":""},"categories":[2,19],"tags":[],"class_list":["post-1953","post","type-post","status-publish","format-standard","hentry","category-featured","category-mundo-deportivo"],"yoast_head":"<!-- This site is optimized with the Yoast SEO plugin v27.3 - https:\/\/yoast.com\/product\/yoast-seo-wordpress\/ -->\n<title>Lo que no sab\u00edas de\u2026 Copa Libertadores de Am\u00e9rica - News 105.3 FM<\/title>\n<meta name=\"robots\" content=\"index, follow, max-snippet:-1, max-image-preview:large, max-video-preview:-1\" \/>\n<link rel=\"canonical\" href=\"https:\/\/soynuevaprensadigital.com\/news1053fm\/lo-que-no-sabias-de-copa-libertadores-de-america\/\" \/>\n<meta property=\"og:locale\" content=\"es_ES\" \/>\n<meta property=\"og:type\" content=\"article\" \/>\n<meta property=\"og:title\" content=\"Lo que no sab\u00edas de\u2026 Copa Libertadores de Am\u00e9rica - News 105.3 FM\" \/>\n<meta property=\"og:description\" content=\"Ciudad Guayana.-La Copa Libertadores de Am\u00e9rica, denominada oficialmente Copa Conmebol Libertadores es un torneo anual internacional oficial de f\u00fatbol organizado por la Confederaci\u00f3n Sudamericana de F\u00fatbol (CONMEBOL). Cambio honor\u00edfico Originalmente, el torneo no se llamaba como lo conocemos hoy en d\u00eda. En 1960, la Confederaci\u00f3n Sudamericana de F\u00fatbol cre\u00f3 la Copa de Campeones de Am\u00e9rica. [&hellip;]\" \/>\n<meta property=\"og:url\" content=\"https:\/\/soynuevaprensadigital.com\/news1053fm\/lo-que-no-sabias-de-copa-libertadores-de-america\/\" \/>\n<meta property=\"og:site_name\" content=\"News 105.3 FM\" \/>\n<meta property=\"article:publisher\" content=\"https:\/\/www.facebook.com\/News1053fm-1655395028099413\/\" \/>\n<meta property=\"article:author\" content=\"https:\/\/www.facebook.com\/AlvisCristinaHe\" \/>\n<meta property=\"article:published_time\" content=\"2021-04-21T21:17:32+00:00\" \/>\n<meta property=\"og:image\" content=\"https:\/\/soynuevaprensadigital.com\/news1053fm\/wp-content\/uploads\/sites\/3\/2021\/04\/E26E7BXXYBDTFO75ZSF6TSHUQU.jpg\" \/>\n\t<meta property=\"og:image:width\" content=\"1200\" \/>\n\t<meta property=\"og:image:height\" content=\"675\" \/>\n\t<meta property=\"og:image:type\" content=\"image\/jpeg\" \/>\n<meta name=\"author\" content=\"Alvis Cristina Herrera\" \/>\n<meta name=\"twitter:card\" content=\"summary_large_image\" \/>\n<meta name=\"twitter:creator\" content=\"@https:\/\/www.twitter.com\/alviscristinahe\/\" \/>\n<meta name=\"twitter:site\" content=\"@news105_3fm\" \/>\n<meta name=\"twitter:label1\" content=\"Escrito por\" \/>\n\t<meta name=\"twitter:data1\" content=\"Alvis Cristina Herrera\" \/>\n\t<meta name=\"twitter:label2\" content=\"Tiempo de lectura\" \/>\n\t<meta name=\"twitter:data2\" content=\"5 minutos\" \/>\n<script type=\"application\/ld+json\" class=\"yoast-schema-graph\">{\"@context\":\"https:\\\/\\\/schema.org\",\"@graph\":[{\"@type\":\"Article\",\"@id\":\"https:\\\/\\\/soynuevaprensadigital.com\\\/news1053fm\\\/lo-que-no-sabias-de-copa-libertadores-de-america\\\/#article\",\"isPartOf\":{\"@id\":\"https:\\\/\\\/soynuevaprensadigital.com\\\/news1053fm\\\/lo-que-no-sabias-de-copa-libertadores-de-america\\\/\"},\"author\":{\"name\":\"Alvis Cristina Herrera\",\"@id\":\"https:\\\/\\\/soynuevaprensadigital.com\\\/news1053fm\\\/#\\\/schema\\\/person\\\/aa2d09ab130e943e3c7b360a32177538\"},\"headline\":\"Lo que no sab\u00edas de\u2026 Copa Libertadores de Am\u00e9rica\",\"datePublished\":\"2021-04-21T21:17:32+00:00\",\"mainEntityOfPage\":{\"@id\":\"https:\\\/\\\/soynuevaprensadigital.com\\\/news1053fm\\\/lo-que-no-sabias-de-copa-libertadores-de-america\\\/\"},\"wordCount\":1145,\"articleSection\":[\"Featured\",\"Mundo Deportivo\"],\"inLanguage\":\"es\"},{\"@type\":\"WebPage\",\"@id\":\"https:\\\/\\\/soynuevaprensadigital.com\\\/news1053fm\\\/lo-que-no-sabias-de-copa-libertadores-de-america\\\/\",\"url\":\"https:\\\/\\\/soynuevaprensadigital.com\\\/news1053fm\\\/lo-que-no-sabias-de-copa-libertadores-de-america\\\/\",\"name\":\"Lo que no sab\u00edas de\u2026 Copa Libertadores de Am\u00e9rica - News 105.3 FM\",\"isPartOf\":{\"@id\":\"https:\\\/\\\/soynuevaprensadigital.com\\\/news1053fm\\\/#website\"},\"datePublished\":\"2021-04-21T21:17:32+00:00\",\"author\":{\"@id\":\"https:\\\/\\\/soynuevaprensadigital.com\\\/news1053fm\\\/#\\\/schema\\\/person\\\/aa2d09ab130e943e3c7b360a32177538\"},\"breadcrumb\":{\"@id\":\"https:\\\/\\\/soynuevaprensadigital.com\\\/news1053fm\\\/lo-que-no-sabias-de-copa-libertadores-de-america\\\/#breadcrumb\"},\"inLanguage\":\"es\",\"potentialAction\":[{\"@type\":\"ReadAction\",\"target\":[\"https:\\\/\\\/soynuevaprensadigital.com\\\/news1053fm\\\/lo-que-no-sabias-de-copa-libertadores-de-america\\\/\"]}]},{\"@type\":\"BreadcrumbList\",\"@id\":\"https:\\\/\\\/soynuevaprensadigital.com\\\/news1053fm\\\/lo-que-no-sabias-de-copa-libertadores-de-america\\\/#breadcrumb\",\"itemListElement\":[{\"@type\":\"ListItem\",\"position\":1,\"name\":\"Portada\",\"item\":\"https:\\\/\\\/soynuevaprensadigital.com\\\/news1053fm\\\/\"},{\"@type\":\"ListItem\",\"position\":2,\"name\":\"Lo que no sab\u00edas de\u2026 Copa Libertadores de Am\u00e9rica\"}]},{\"@type\":\"WebSite\",\"@id\":\"https:\\\/\\\/soynuevaprensadigital.com\\\/news1053fm\\\/#website\",\"url\":\"https:\\\/\\\/soynuevaprensadigital.com\\\/news1053fm\\\/\",\"name\":\"News 105.3 FM\",\"description\":\"Nuestro compromiso contigo nos permite ofrecerte la radio de mejor calidad, la frecuencia m\u00e1s limpia yel entretenimiento para todos los gustos.\",\"potentialAction\":[{\"@type\":\"SearchAction\",\"target\":{\"@type\":\"EntryPoint\",\"urlTemplate\":\"https:\\\/\\\/soynuevaprensadigital.com\\\/news1053fm\\\/?s={search_term_string}\"},\"query-input\":{\"@type\":\"PropertyValueSpecification\",\"valueRequired\":true,\"valueName\":\"search_term_string\"}}],\"inLanguage\":\"es\"},{\"@type\":\"Person\",\"@id\":\"https:\\\/\\\/soynuevaprensadigital.com\\\/news1053fm\\\/#\\\/schema\\\/person\\\/aa2d09ab130e943e3c7b360a32177538\",\"name\":\"Alvis Cristina Herrera\",\"image\":{\"@type\":\"ImageObject\",\"inLanguage\":\"es\",\"@id\":\"https:\\\/\\\/secure.gravatar.com\\\/avatar\\\/6a4b461595fbd8c4d0947e89062b7b1df5ea5bc6348126d9594f8d0cece5be89?s=96&d=mm&r=g\",\"url\":\"https:\\\/\\\/secure.gravatar.com\\\/avatar\\\/6a4b461595fbd8c4d0947e89062b7b1df5ea5bc6348126d9594f8d0cece5be89?s=96&d=mm&r=g\",\"contentUrl\":\"https:\\\/\\\/secure.gravatar.com\\\/avatar\\\/6a4b461595fbd8c4d0947e89062b7b1df5ea5bc6348126d9594f8d0cece5be89?s=96&d=mm&r=g\",\"caption\":\"Alvis Cristina Herrera\"},\"sameAs\":[\"https:\\\/\\\/www.facebook.com\\\/AlvisCristinaHe\",\"https:\\\/\\\/www.instagram.com\\\/alviscristinahe\\\/\",\"https:\\\/\\\/www.linkedin.com\\\/in\\\/alviscristinahe\\\/\",\"https:\\\/\\\/x.com\\\/https:\\\/\\\/www.twitter.com\\\/alviscristinahe\\\/\"],\"url\":\"https:\\\/\\\/soynuevaprensadigital.com\\\/news1053fm\\\/author\\\/alvisherrera\\\/\"}]}<\/script>\n<!-- \/ Yoast SEO plugin. -->","yoast_head_json":{"title":"Lo que no sab\u00edas de\u2026 Copa Libertadores de Am\u00e9rica - News 105.3 FM","robots":{"index":"index","follow":"follow","max-snippet":"max-snippet:-1","max-image-preview":"max-image-preview:large","max-video-preview":"max-video-preview:-1"},"canonical":"https:\/\/soynuevaprensadigital.com\/news1053fm\/lo-que-no-sabias-de-copa-libertadores-de-america\/","og_locale":"es_ES","og_type":"article","og_title":"Lo que no sab\u00edas de\u2026 Copa Libertadores de Am\u00e9rica - News 105.3 FM","og_description":"Ciudad Guayana.-La Copa Libertadores de Am\u00e9rica, denominada oficialmente Copa Conmebol Libertadores es un torneo anual internacional oficial de f\u00fatbol organizado por la Confederaci\u00f3n Sudamericana de F\u00fatbol (CONMEBOL). Cambio honor\u00edfico Originalmente, el torneo no se llamaba como lo conocemos hoy en d\u00eda. En 1960, la Confederaci\u00f3n Sudamericana de F\u00fatbol cre\u00f3 la Copa de Campeones de Am\u00e9rica. [&hellip;]","og_url":"https:\/\/soynuevaprensadigital.com\/news1053fm\/lo-que-no-sabias-de-copa-libertadores-de-america\/","og_site_name":"News 105.3 FM","article_publisher":"https:\/\/www.facebook.com\/News1053fm-1655395028099413\/","article_author":"https:\/\/www.facebook.com\/AlvisCristinaHe","article_published_time":"2021-04-21T21:17:32+00:00","og_image":[{"width":1200,"height":675,"url":"https:\/\/soynuevaprensadigital.com\/news1053fm\/wp-content\/uploads\/sites\/3\/2021\/04\/E26E7BXXYBDTFO75ZSF6TSHUQU.jpg","type":"image\/jpeg"}],"author":"Alvis Cristina Herrera","twitter_card":"summary_large_image","twitter_creator":"@https:\/\/www.twitter.com\/alviscristinahe\/","twitter_site":"@news105_3fm","twitter_misc":{"Escrito por":"Alvis Cristina Herrera","Tiempo de lectura":"5 minutos"},"schema":{"@context":"https:\/\/schema.org","@graph":[{"@type":"Article","@id":"https:\/\/soynuevaprensadigital.com\/news1053fm\/lo-que-no-sabias-de-copa-libertadores-de-america\/#article","isPartOf":{"@id":"https:\/\/soynuevaprensadigital.com\/news1053fm\/lo-que-no-sabias-de-copa-libertadores-de-america\/"},"author":{"name":"Alvis Cristina Herrera","@id":"https:\/\/soynuevaprensadigital.com\/news1053fm\/#\/schema\/person\/aa2d09ab130e943e3c7b360a32177538"},"headline":"Lo que no sab\u00edas de\u2026 Copa Libertadores de Am\u00e9rica","datePublished":"2021-04-21T21:17:32+00:00","mainEntityOfPage":{"@id":"https:\/\/soynuevaprensadigital.com\/news1053fm\/lo-que-no-sabias-de-copa-libertadores-de-america\/"},"wordCount":1145,"articleSection":["Featured","Mundo Deportivo"],"inLanguage":"es"},{"@type":"WebPage","@id":"https:\/\/soynuevaprensadigital.com\/news1053fm\/lo-que-no-sabias-de-copa-libertadores-de-america\/","url":"https:\/\/soynuevaprensadigital.com\/news1053fm\/lo-que-no-sabias-de-copa-libertadores-de-america\/","name":"Lo que no sab\u00edas de\u2026 Copa Libertadores de Am\u00e9rica - News 105.3 FM","isPartOf":{"@id":"https:\/\/soynuevaprensadigital.com\/news1053fm\/#website"},"datePublished":"2021-04-21T21:17:32+00:00","author":{"@id":"https:\/\/soynuevaprensadigital.com\/news1053fm\/#\/schema\/person\/aa2d09ab130e943e3c7b360a32177538"},"breadcrumb":{"@id":"https:\/\/soynuevaprensadigital.com\/news1053fm\/lo-que-no-sabias-de-copa-libertadores-de-america\/#breadcrumb"},"inLanguage":"es","potentialAction":[{"@type":"ReadAction","target":["https:\/\/soynuevaprensadigital.com\/news1053fm\/lo-que-no-sabias-de-copa-libertadores-de-america\/"]}]},{"@type":"BreadcrumbList","@id":"https:\/\/soynuevaprensadigital.com\/news1053fm\/lo-que-no-sabias-de-copa-libertadores-de-america\/#breadcrumb","itemListElement":[{"@type":"ListItem","position":1,"name":"Portada","item":"https:\/\/soynuevaprensadigital.com\/news1053fm\/"},{"@type":"ListItem","position":2,"name":"Lo que no sab\u00edas de\u2026 Copa Libertadores de Am\u00e9rica"}]},{"@type":"WebSite","@id":"https:\/\/soynuevaprensadigital.com\/news1053fm\/#website","url":"https:\/\/soynuevaprensadigital.com\/news1053fm\/","name":"News 105.3 FM","description":"Nuestro compromiso contigo nos permite ofrecerte la radio de mejor calidad, la frecuencia m\u00e1s limpia yel entretenimiento para todos los gustos.","potentialAction":[{"@type":"SearchAction","target":{"@type":"EntryPoint","urlTemplate":"https:\/\/soynuevaprensadigital.com\/news1053fm\/?s={search_term_string}"},"query-input":{"@type":"PropertyValueSpecification","valueRequired":true,"valueName":"search_term_string"}}],"inLanguage":"es"},{"@type":"Person","@id":"https:\/\/soynuevaprensadigital.com\/news1053fm\/#\/schema\/person\/aa2d09ab130e943e3c7b360a32177538","name":"Alvis Cristina Herrera","image":{"@type":"ImageObject","inLanguage":"es","@id":"https:\/\/secure.gravatar.com\/avatar\/6a4b461595fbd8c4d0947e89062b7b1df5ea5bc6348126d9594f8d0cece5be89?s=96&d=mm&r=g","url":"https:\/\/secure.gravatar.com\/avatar\/6a4b461595fbd8c4d0947e89062b7b1df5ea5bc6348126d9594f8d0cece5be89?s=96&d=mm&r=g","contentUrl":"https:\/\/secure.gravatar.com\/avatar\/6a4b461595fbd8c4d0947e89062b7b1df5ea5bc6348126d9594f8d0cece5be89?s=96&d=mm&r=g","caption":"Alvis Cristina Herrera"},"sameAs":["https:\/\/www.facebook.com\/AlvisCristinaHe","https:\/\/www.instagram.com\/alviscristinahe\/","https:\/\/www.linkedin.com\/in\/alviscristinahe\/","https:\/\/x.com\/https:\/\/www.twitter.com\/alviscristinahe\/"],"url":"https:\/\/soynuevaprensadigital.com\/news1053fm\/author\/alvisherrera\/"}]}},"_links":{"self":[{"href":"https:\/\/soynuevaprensadigital.com\/news1053fm\/wp-json\/wp\/v2\/posts\/1953","targetHints":{"allow":["GET"]}}],"collection":[{"href":"https:\/\/soynuevaprensadigital.com\/news1053fm\/wp-json\/wp\/v2\/posts"}],"about":[{"href":"https:\/\/soynuevaprensadigital.com\/news1053fm\/wp-json\/wp\/v2\/types\/post"}],"author":[{"embeddable":true,"href":"https:\/\/soynuevaprensadigital.com\/news1053fm\/wp-json\/wp\/v2\/users\/158"}],"replies":[{"embeddable":true,"href":"https:\/\/soynuevaprensadigital.com\/news1053fm\/wp-json\/wp\/v2\/comments?post=1953"}],"version-history":[{"count":0,"href":"https:\/\/soynuevaprensadigital.com\/news1053fm\/wp-json\/wp\/v2\/posts\/1953\/revisions"}],"wp:attachment":[{"href":"https:\/\/soynuevaprensadigital.com\/news1053fm\/wp-json\/wp\/v2\/media?parent=1953"}],"wp:term":[{"taxonomy":"category","embeddable":true,"href":"https:\/\/soynuevaprensadigital.com\/news1053fm\/wp-json\/wp\/v2\/categories?post=1953"},{"taxonomy":"post_tag","embeddable":true,"href":"https:\/\/soynuevaprensadigital.com\/news1053fm\/wp-json\/wp\/v2\/tags?post=1953"}],"curies":[{"name":"wp","href":"https:\/\/api.w.org\/{rel}","templated":true}]}}