{"id":1957,"date":"2021-04-22T16:57:18","date_gmt":"2021-04-22T20:57:18","guid":{"rendered":"https:\/\/soynuevaprensadigital.com\/news1053fm\/?p=1957"},"modified":"2021-04-22T16:57:18","modified_gmt":"2021-04-22T20:57:18","slug":"efemerides-deportivas-22-de-abril-sebastian-vettel-gana-el-gp-de-bahrein","status":"publish","type":"post","link":"https:\/\/soynuevaprensadigital.com\/news1053fm\/efemerides-deportivas-22-de-abril-sebastian-vettel-gana-el-gp-de-bahrein\/","title":{"rendered":"Efem\u00e9rides Deportivas 22 de abril: Sebasti\u00e1n Vettel gana el GP de Bahr\u00e9in"},"content":{"rendered":"<p style=\"text-align: justify\"><strong>Ciudad Guayana.-<\/strong>Sebasti\u00e1n Vettel consigui\u00f3, un d\u00eda como hoy, la victoria en el GP de Bahr\u00e9in y culmin\u00f3 as\u00ed el dominio que tuvo el alem\u00e1n de Red Bull durante todo ese fin de semana. Las alas volvieron cuando m\u00e1s falta hac\u00eda y sirvieron para subirse a lo m\u00e1s alto del podio por delante de los Lotus de R\u00e4ikk\u00f6nen y de Grosjean, con Fernando Alonso s\u00e9ptimo.<\/p>\n<p style=\"text-align: justify\">Vettel ten\u00eda la carrera perfecta ante s\u00ed. Desde la pole y sin nadie por delante. Tan s\u00f3lo ten\u00eda que hacer una buena salida y a partir de ah\u00ed abrir hueco con el resto. Y eso no es que se le d\u00e9 bien, es que se le da genial. Y as\u00ed ha pasado&#8230;<\/p>\n<p style=\"text-align: justify\">En cuanto se apag\u00f3 el sem\u00e1foro, Sebasti\u00e1n ha bebido de la marca que da nombre a su monoplaza y ha empezado a correr como si no hubiera ma\u00f1ana. Volando iba el alem\u00e1n sobre la pista. Y volando iban tambi\u00e9n los dos Lotus.<\/p>\n<p style=\"text-align: justify\">Y es que hay m\u00e1s mundo aparte de McLaren, Red Bull y Mercedes. Y ese mundo se llama Lotus. Y en ese mundo el que manda es Kimi R\u00e4ikk\u00f6nen. Kimi es Kimi, un piloto al que no le hace falta salir desde arriba, ni tan siquiera entrar en la Q3 para hacer un carrer\u00f3n. Y es que as\u00ed es Kimi, un piloto que hace dif\u00edcil lo f\u00e1cil y que hace f\u00e1cil lo dif\u00edcil.<\/p>\n<p style=\"text-align: justify\">La remontada del finland\u00e9s de Lotus sobre la pista es de las que le gustan. De esas veces que tiene a diez o doce coches por delante. Eso le da igual. \u00c9l coge el volante y conduce, y conduce de tal forma que de habiendo salido en el puesto once ha llegado a estar a cinco d\u00e9cimas de Sebasti\u00e1n Vettel durante varias vueltas en carrera.<\/p>\n<p style=\"text-align: justify\">Algo hist\u00f3rico para \u00e9l, ya que es el primer podio desde que volvi\u00f3 de los rallies, con tan s\u00f3lo cuatro carreras disputadas. R\u00e4ikk\u00f6nen volv\u00eda a saborear el dulce aroma del podio, algo que no probaba desde el GP de Italia de 2009, cuando fue tercero en el equipo Ferrari. Y tambi\u00e9n hist\u00f3rico fue para Grosjean, que logr\u00f3 el primer podio de su vida en F\u00f3rmula 1 tras otra gran carrera.<\/p>\n<p style=\"text-align: justify\"><strong>Alonso sac\u00f3 la mayor renta posible en otra cita complicada<\/strong><\/p>\n<p style=\"text-align: justify\">Mientras unos lucharon por ganar porque pod\u00edan, otros no tuvieron las armas necesarias para estar ah\u00ed. Al Ferrari de Fernando Alonso le pasaban todos. R\u00e4ikk\u00f6nen, Rosberg, Button, Hamilton&#8230; y lo hac\u00edan con una facilidad pasmosa. La velocidad punta del Ferrari le pas\u00f3 factura y se hizo m\u00e1s que visible en las \u00faltimas vueltas, con un Di Resta hundido al que de haber habido tres curvas m\u00e1s le habr\u00eda pasado.<\/p>\n<p style=\"text-align: justify\">A pesar de eso, Fernando sigui\u00f3 sacando lo mejor de lo mejor que hab\u00eda en su Ferrari, como siempre acostumbra a hacer en cada uno de los equipos en los que est\u00e1. Primero por otra gran salida que realiz\u00f3, una salida que le permiti\u00f3 terminar la primera vuelta en quinta posici\u00f3n a pesar de haber comenzado en la novena plaza. Una salida de esas, de las suyas, de las que hacen afici\u00f3n.<\/p>\n<p style=\"text-align: justify\">Y lo cierto es que solvent\u00f3 bien otra de esas citas del Mundial inc\u00f3modas para Ferrari, con una s\u00e9ptima plaza que le permit\u00edan sumar los puntos suficientes para estar a diez del l\u00edder, que era Sebasti\u00e1n Vettel, con la cita de Montmel\u00f3 en la mente de todos como el inicio de un cambio en el devenir del monoplaza rojo. Incluso en este GP de Bahr\u00e9in termin\u00f3 por delante de las grandes decepciones de Sakhir.<\/p>\n<p style=\"text-align: justify\">Esas decepciones ten\u00edan escuder\u00eda y nombres. La escuder\u00eda era McLaren y sus nombres eran Lewis Hamilton y Jenson Button. El primero termin\u00f3 justo por detr\u00e1s de Alonso y su equipo realiz\u00f3 dos paradas lamentables que le han hecho perder toda opci\u00f3n a podio. El segundo ni tan siquiera termin\u00f3 la carrera.<\/p>\n","protected":false},"excerpt":{"rendered":"<p>Ciudad Guayana.-Sebasti\u00e1n Vettel consigui\u00f3, un d\u00eda como hoy, la victoria en el GP de Bahr\u00e9in y culmin\u00f3 as\u00ed el dominio que tuvo el alem\u00e1n de Red Bull durante todo ese fin de semana. Las alas volvieron cuando m\u00e1s falta hac\u00eda y sirvieron para subirse a lo m\u00e1s alto del podio por delante de los Lotus [&hellip;]<\/p>\n","protected":false},"author":158,"featured_media":0,"comment_status":"closed","ping_status":"closed","sticky":false,"template":"","format":"standard","meta":{"footnotes":""},"categories":[2,14],"tags":[],"class_list":["post-1957","post","type-post","status-publish","format-standard","hentry","category-featured","category-noticias"],"yoast_head":"<!-- This site is optimized with the Yoast SEO plugin v27.3 - https:\/\/yoast.com\/product\/yoast-seo-wordpress\/ -->\n<title>Efem\u00e9rides Deportivas 22 de abril: Sebasti\u00e1n Vettel gana el GP de Bahr\u00e9in - News 105.3 FM<\/title>\n<meta name=\"robots\" content=\"index, follow, max-snippet:-1, max-image-preview:large, max-video-preview:-1\" \/>\n<link rel=\"canonical\" href=\"https:\/\/soynuevaprensadigital.com\/news1053fm\/efemerides-deportivas-22-de-abril-sebastian-vettel-gana-el-gp-de-bahrein\/\" \/>\n<meta property=\"og:locale\" content=\"es_ES\" \/>\n<meta property=\"og:type\" content=\"article\" \/>\n<meta property=\"og:title\" content=\"Efem\u00e9rides Deportivas 22 de abril: Sebasti\u00e1n Vettel gana el GP de Bahr\u00e9in - News 105.3 FM\" \/>\n<meta property=\"og:description\" content=\"Ciudad Guayana.-Sebasti\u00e1n Vettel consigui\u00f3, un d\u00eda como hoy, la victoria en el GP de Bahr\u00e9in y culmin\u00f3 as\u00ed el dominio que tuvo el alem\u00e1n de Red Bull durante todo ese fin de semana. Las alas volvieron cuando m\u00e1s falta hac\u00eda y sirvieron para subirse a lo m\u00e1s alto del podio por delante de los Lotus [&hellip;]\" \/>\n<meta property=\"og:url\" content=\"https:\/\/soynuevaprensadigital.com\/news1053fm\/efemerides-deportivas-22-de-abril-sebastian-vettel-gana-el-gp-de-bahrein\/\" \/>\n<meta property=\"og:site_name\" content=\"News 105.3 FM\" \/>\n<meta property=\"article:publisher\" content=\"https:\/\/www.facebook.com\/News1053fm-1655395028099413\/\" \/>\n<meta property=\"article:author\" content=\"https:\/\/www.facebook.com\/AlvisCristinaHe\" \/>\n<meta property=\"article:published_time\" content=\"2021-04-22T20:57:18+00:00\" \/>\n<meta property=\"og:image\" content=\"https:\/\/soynuevaprensadigital.com\/news1053fm\/wp-content\/uploads\/sites\/3\/2021\/04\/podio-gp-bahrein-f1-2012_1.png\" \/>\n\t<meta property=\"og:image:width\" content=\"1200\" \/>\n\t<meta property=\"og:image:height\" content=\"774\" \/>\n\t<meta property=\"og:image:type\" content=\"image\/png\" \/>\n<meta name=\"author\" content=\"Alvis Cristina Herrera\" \/>\n<meta name=\"twitter:card\" content=\"summary_large_image\" \/>\n<meta name=\"twitter:creator\" content=\"@https:\/\/www.twitter.com\/alviscristinahe\/\" \/>\n<meta name=\"twitter:site\" content=\"@news105_3fm\" \/>\n<meta name=\"twitter:label1\" content=\"Escrito por\" \/>\n\t<meta name=\"twitter:data1\" content=\"Alvis Cristina Herrera\" \/>\n\t<meta name=\"twitter:label2\" content=\"Tiempo de lectura\" \/>\n\t<meta name=\"twitter:data2\" content=\"3 minutos\" \/>\n<script type=\"application\/ld+json\" class=\"yoast-schema-graph\">{\"@context\":\"https:\\\/\\\/schema.org\",\"@graph\":[{\"@type\":\"Article\",\"@id\":\"https:\\\/\\\/soynuevaprensadigital.com\\\/news1053fm\\\/efemerides-deportivas-22-de-abril-sebastian-vettel-gana-el-gp-de-bahrein\\\/#article\",\"isPartOf\":{\"@id\":\"https:\\\/\\\/soynuevaprensadigital.com\\\/news1053fm\\\/efemerides-deportivas-22-de-abril-sebastian-vettel-gana-el-gp-de-bahrein\\\/\"},\"author\":{\"name\":\"Alvis Cristina Herrera\",\"@id\":\"https:\\\/\\\/soynuevaprensadigital.com\\\/news1053fm\\\/#\\\/schema\\\/person\\\/aa2d09ab130e943e3c7b360a32177538\"},\"headline\":\"Efem\u00e9rides Deportivas 22 de abril: Sebasti\u00e1n Vettel gana el GP de Bahr\u00e9in\",\"datePublished\":\"2021-04-22T20:57:18+00:00\",\"mainEntityOfPage\":{\"@id\":\"https:\\\/\\\/soynuevaprensadigital.com\\\/news1053fm\\\/efemerides-deportivas-22-de-abril-sebastian-vettel-gana-el-gp-de-bahrein\\\/\"},\"wordCount\":713,\"articleSection\":[\"Featured\",\"Noticias\"],\"inLanguage\":\"es\"},{\"@type\":\"WebPage\",\"@id\":\"https:\\\/\\\/soynuevaprensadigital.com\\\/news1053fm\\\/efemerides-deportivas-22-de-abril-sebastian-vettel-gana-el-gp-de-bahrein\\\/\",\"url\":\"https:\\\/\\\/soynuevaprensadigital.com\\\/news1053fm\\\/efemerides-deportivas-22-de-abril-sebastian-vettel-gana-el-gp-de-bahrein\\\/\",\"name\":\"Efem\u00e9rides Deportivas 22 de abril: Sebasti\u00e1n Vettel gana el GP de Bahr\u00e9in - News 105.3 FM\",\"isPartOf\":{\"@id\":\"https:\\\/\\\/soynuevaprensadigital.com\\\/news1053fm\\\/#website\"},\"datePublished\":\"2021-04-22T20:57:18+00:00\",\"author\":{\"@id\":\"https:\\\/\\\/soynuevaprensadigital.com\\\/news1053fm\\\/#\\\/schema\\\/person\\\/aa2d09ab130e943e3c7b360a32177538\"},\"breadcrumb\":{\"@id\":\"https:\\\/\\\/soynuevaprensadigital.com\\\/news1053fm\\\/efemerides-deportivas-22-de-abril-sebastian-vettel-gana-el-gp-de-bahrein\\\/#breadcrumb\"},\"inLanguage\":\"es\",\"potentialAction\":[{\"@type\":\"ReadAction\",\"target\":[\"https:\\\/\\\/soynuevaprensadigital.com\\\/news1053fm\\\/efemerides-deportivas-22-de-abril-sebastian-vettel-gana-el-gp-de-bahrein\\\/\"]}]},{\"@type\":\"BreadcrumbList\",\"@id\":\"https:\\\/\\\/soynuevaprensadigital.com\\\/news1053fm\\\/efemerides-deportivas-22-de-abril-sebastian-vettel-gana-el-gp-de-bahrein\\\/#breadcrumb\",\"itemListElement\":[{\"@type\":\"ListItem\",\"position\":1,\"name\":\"Portada\",\"item\":\"https:\\\/\\\/soynuevaprensadigital.com\\\/news1053fm\\\/\"},{\"@type\":\"ListItem\",\"position\":2,\"name\":\"Efem\u00e9rides Deportivas 22 de abril: Sebasti\u00e1n Vettel gana el GP de Bahr\u00e9in\"}]},{\"@type\":\"WebSite\",\"@id\":\"https:\\\/\\\/soynuevaprensadigital.com\\\/news1053fm\\\/#website\",\"url\":\"https:\\\/\\\/soynuevaprensadigital.com\\\/news1053fm\\\/\",\"name\":\"News 105.3 FM\",\"description\":\"Nuestro compromiso contigo nos permite ofrecerte la radio de mejor calidad, la frecuencia m\u00e1s limpia yel entretenimiento para todos los gustos.\",\"potentialAction\":[{\"@type\":\"SearchAction\",\"target\":{\"@type\":\"EntryPoint\",\"urlTemplate\":\"https:\\\/\\\/soynuevaprensadigital.com\\\/news1053fm\\\/?s={search_term_string}\"},\"query-input\":{\"@type\":\"PropertyValueSpecification\",\"valueRequired\":true,\"valueName\":\"search_term_string\"}}],\"inLanguage\":\"es\"},{\"@type\":\"Person\",\"@id\":\"https:\\\/\\\/soynuevaprensadigital.com\\\/news1053fm\\\/#\\\/schema\\\/person\\\/aa2d09ab130e943e3c7b360a32177538\",\"name\":\"Alvis Cristina Herrera\",\"image\":{\"@type\":\"ImageObject\",\"inLanguage\":\"es\",\"@id\":\"https:\\\/\\\/secure.gravatar.com\\\/avatar\\\/6a4b461595fbd8c4d0947e89062b7b1df5ea5bc6348126d9594f8d0cece5be89?s=96&d=mm&r=g\",\"url\":\"https:\\\/\\\/secure.gravatar.com\\\/avatar\\\/6a4b461595fbd8c4d0947e89062b7b1df5ea5bc6348126d9594f8d0cece5be89?s=96&d=mm&r=g\",\"contentUrl\":\"https:\\\/\\\/secure.gravatar.com\\\/avatar\\\/6a4b461595fbd8c4d0947e89062b7b1df5ea5bc6348126d9594f8d0cece5be89?s=96&d=mm&r=g\",\"caption\":\"Alvis Cristina Herrera\"},\"sameAs\":[\"https:\\\/\\\/www.facebook.com\\\/AlvisCristinaHe\",\"https:\\\/\\\/www.instagram.com\\\/alviscristinahe\\\/\",\"https:\\\/\\\/www.linkedin.com\\\/in\\\/alviscristinahe\\\/\",\"https:\\\/\\\/x.com\\\/https:\\\/\\\/www.twitter.com\\\/alviscristinahe\\\/\"],\"url\":\"https:\\\/\\\/soynuevaprensadigital.com\\\/news1053fm\\\/author\\\/alvisherrera\\\/\"}]}<\/script>\n<!-- \/ Yoast SEO plugin. -->","yoast_head_json":{"title":"Efem\u00e9rides Deportivas 22 de abril: Sebasti\u00e1n Vettel gana el GP de Bahr\u00e9in - News 105.3 FM","robots":{"index":"index","follow":"follow","max-snippet":"max-snippet:-1","max-image-preview":"max-image-preview:large","max-video-preview":"max-video-preview:-1"},"canonical":"https:\/\/soynuevaprensadigital.com\/news1053fm\/efemerides-deportivas-22-de-abril-sebastian-vettel-gana-el-gp-de-bahrein\/","og_locale":"es_ES","og_type":"article","og_title":"Efem\u00e9rides Deportivas 22 de abril: Sebasti\u00e1n Vettel gana el GP de Bahr\u00e9in - News 105.3 FM","og_description":"Ciudad Guayana.-Sebasti\u00e1n Vettel consigui\u00f3, un d\u00eda como hoy, la victoria en el GP de Bahr\u00e9in y culmin\u00f3 as\u00ed el dominio que tuvo el alem\u00e1n de Red Bull durante todo ese fin de semana. Las alas volvieron cuando m\u00e1s falta hac\u00eda y sirvieron para subirse a lo m\u00e1s alto del podio por delante de los Lotus [&hellip;]","og_url":"https:\/\/soynuevaprensadigital.com\/news1053fm\/efemerides-deportivas-22-de-abril-sebastian-vettel-gana-el-gp-de-bahrein\/","og_site_name":"News 105.3 FM","article_publisher":"https:\/\/www.facebook.com\/News1053fm-1655395028099413\/","article_author":"https:\/\/www.facebook.com\/AlvisCristinaHe","article_published_time":"2021-04-22T20:57:18+00:00","og_image":[{"width":1200,"height":774,"url":"https:\/\/soynuevaprensadigital.com\/news1053fm\/wp-content\/uploads\/sites\/3\/2021\/04\/podio-gp-bahrein-f1-2012_1.png","type":"image\/png"}],"author":"Alvis Cristina Herrera","twitter_card":"summary_large_image","twitter_creator":"@https:\/\/www.twitter.com\/alviscristinahe\/","twitter_site":"@news105_3fm","twitter_misc":{"Escrito por":"Alvis Cristina Herrera","Tiempo de lectura":"3 minutos"},"schema":{"@context":"https:\/\/schema.org","@graph":[{"@type":"Article","@id":"https:\/\/soynuevaprensadigital.com\/news1053fm\/efemerides-deportivas-22-de-abril-sebastian-vettel-gana-el-gp-de-bahrein\/#article","isPartOf":{"@id":"https:\/\/soynuevaprensadigital.com\/news1053fm\/efemerides-deportivas-22-de-abril-sebastian-vettel-gana-el-gp-de-bahrein\/"},"author":{"name":"Alvis Cristina Herrera","@id":"https:\/\/soynuevaprensadigital.com\/news1053fm\/#\/schema\/person\/aa2d09ab130e943e3c7b360a32177538"},"headline":"Efem\u00e9rides Deportivas 22 de abril: Sebasti\u00e1n Vettel gana el GP de Bahr\u00e9in","datePublished":"2021-04-22T20:57:18+00:00","mainEntityOfPage":{"@id":"https:\/\/soynuevaprensadigital.com\/news1053fm\/efemerides-deportivas-22-de-abril-sebastian-vettel-gana-el-gp-de-bahrein\/"},"wordCount":713,"articleSection":["Featured","Noticias"],"inLanguage":"es"},{"@type":"WebPage","@id":"https:\/\/soynuevaprensadigital.com\/news1053fm\/efemerides-deportivas-22-de-abril-sebastian-vettel-gana-el-gp-de-bahrein\/","url":"https:\/\/soynuevaprensadigital.com\/news1053fm\/efemerides-deportivas-22-de-abril-sebastian-vettel-gana-el-gp-de-bahrein\/","name":"Efem\u00e9rides Deportivas 22 de abril: Sebasti\u00e1n Vettel gana el GP de Bahr\u00e9in - News 105.3 FM","isPartOf":{"@id":"https:\/\/soynuevaprensadigital.com\/news1053fm\/#website"},"datePublished":"2021-04-22T20:57:18+00:00","author":{"@id":"https:\/\/soynuevaprensadigital.com\/news1053fm\/#\/schema\/person\/aa2d09ab130e943e3c7b360a32177538"},"breadcrumb":{"@id":"https:\/\/soynuevaprensadigital.com\/news1053fm\/efemerides-deportivas-22-de-abril-sebastian-vettel-gana-el-gp-de-bahrein\/#breadcrumb"},"inLanguage":"es","potentialAction":[{"@type":"ReadAction","target":["https:\/\/soynuevaprensadigital.com\/news1053fm\/efemerides-deportivas-22-de-abril-sebastian-vettel-gana-el-gp-de-bahrein\/"]}]},{"@type":"BreadcrumbList","@id":"https:\/\/soynuevaprensadigital.com\/news1053fm\/efemerides-deportivas-22-de-abril-sebastian-vettel-gana-el-gp-de-bahrein\/#breadcrumb","itemListElement":[{"@type":"ListItem","position":1,"name":"Portada","item":"https:\/\/soynuevaprensadigital.com\/news1053fm\/"},{"@type":"ListItem","position":2,"name":"Efem\u00e9rides Deportivas 22 de abril: Sebasti\u00e1n Vettel gana el GP de Bahr\u00e9in"}]},{"@type":"WebSite","@id":"https:\/\/soynuevaprensadigital.com\/news1053fm\/#website","url":"https:\/\/soynuevaprensadigital.com\/news1053fm\/","name":"News 105.3 FM","description":"Nuestro compromiso contigo nos permite ofrecerte la radio de mejor calidad, la frecuencia m\u00e1s limpia yel entretenimiento para todos los gustos.","potentialAction":[{"@type":"SearchAction","target":{"@type":"EntryPoint","urlTemplate":"https:\/\/soynuevaprensadigital.com\/news1053fm\/?s={search_term_string}"},"query-input":{"@type":"PropertyValueSpecification","valueRequired":true,"valueName":"search_term_string"}}],"inLanguage":"es"},{"@type":"Person","@id":"https:\/\/soynuevaprensadigital.com\/news1053fm\/#\/schema\/person\/aa2d09ab130e943e3c7b360a32177538","name":"Alvis Cristina Herrera","image":{"@type":"ImageObject","inLanguage":"es","@id":"https:\/\/secure.gravatar.com\/avatar\/6a4b461595fbd8c4d0947e89062b7b1df5ea5bc6348126d9594f8d0cece5be89?s=96&d=mm&r=g","url":"https:\/\/secure.gravatar.com\/avatar\/6a4b461595fbd8c4d0947e89062b7b1df5ea5bc6348126d9594f8d0cece5be89?s=96&d=mm&r=g","contentUrl":"https:\/\/secure.gravatar.com\/avatar\/6a4b461595fbd8c4d0947e89062b7b1df5ea5bc6348126d9594f8d0cece5be89?s=96&d=mm&r=g","caption":"Alvis Cristina Herrera"},"sameAs":["https:\/\/www.facebook.com\/AlvisCristinaHe","https:\/\/www.instagram.com\/alviscristinahe\/","https:\/\/www.linkedin.com\/in\/alviscristinahe\/","https:\/\/x.com\/https:\/\/www.twitter.com\/alviscristinahe\/"],"url":"https:\/\/soynuevaprensadigital.com\/news1053fm\/author\/alvisherrera\/"}]}},"_links":{"self":[{"href":"https:\/\/soynuevaprensadigital.com\/news1053fm\/wp-json\/wp\/v2\/posts\/1957","targetHints":{"allow":["GET"]}}],"collection":[{"href":"https:\/\/soynuevaprensadigital.com\/news1053fm\/wp-json\/wp\/v2\/posts"}],"about":[{"href":"https:\/\/soynuevaprensadigital.com\/news1053fm\/wp-json\/wp\/v2\/types\/post"}],"author":[{"embeddable":true,"href":"https:\/\/soynuevaprensadigital.com\/news1053fm\/wp-json\/wp\/v2\/users\/158"}],"replies":[{"embeddable":true,"href":"https:\/\/soynuevaprensadigital.com\/news1053fm\/wp-json\/wp\/v2\/comments?post=1957"}],"version-history":[{"count":0,"href":"https:\/\/soynuevaprensadigital.com\/news1053fm\/wp-json\/wp\/v2\/posts\/1957\/revisions"}],"wp:attachment":[{"href":"https:\/\/soynuevaprensadigital.com\/news1053fm\/wp-json\/wp\/v2\/media?parent=1957"}],"wp:term":[{"taxonomy":"category","embeddable":true,"href":"https:\/\/soynuevaprensadigital.com\/news1053fm\/wp-json\/wp\/v2\/categories?post=1957"},{"taxonomy":"post_tag","embeddable":true,"href":"https:\/\/soynuevaprensadigital.com\/news1053fm\/wp-json\/wp\/v2\/tags?post=1957"}],"curies":[{"name":"wp","href":"https:\/\/api.w.org\/{rel}","templated":true}]}}