{"id":1968,"date":"2021-04-23T15:52:14","date_gmt":"2021-04-23T19:52:14","guid":{"rendered":"https:\/\/soynuevaprensadigital.com\/news1053fm\/?p=1968"},"modified":"2021-04-24T15:53:03","modified_gmt":"2021-04-24T19:53:03","slug":"llane-anuncio-lanzamiento-de-su-primer-disco-como-solista-en-septiembre","status":"publish","type":"post","link":"https:\/\/soynuevaprensadigital.com\/news1053fm\/llane-anuncio-lanzamiento-de-su-primer-disco-como-solista-en-septiembre\/","title":{"rendered":"Llane anunci\u00f3 lanzamiento de su primer disco como solista en septiembre"},"content":{"rendered":"<p style=\"text-align: justify\"><strong>Miami.-<\/strong>El artista colombiano Llane, antiguo vocalista del grupo Piso 21, dijo a Efe que su primer disco como solista saldr\u00e1 en septiembre pr\u00f3ximo y ser\u00e1 una \u00abexpresi\u00f3n\u00bb de sus intereses como artista y la \u00abesencia\u00bb de qui\u00e9n es.<\/p>\n<p>Por eso le ha dado el nombre de \u00abPresente\u00bb y una muestra de la m\u00fasica que ofrecer\u00e1 en \u00e9l es su nuevo sencillo, \u00abPresente y futuro\u00bb, una colaboraci\u00f3n con los artistas puertorrique\u00f1os Zion (del dueto Zion y Lennox) y \u00c1lvaro D\u00edaz.<\/p>\n<p>\u00abLa canci\u00f3n es una celebraci\u00f3n a las parejas que han logrado superar momentos dif\u00edciles\u00bb, explic\u00f3 el artista cuyo nombre de pila es Juan David Casta\u00f1o.<\/p>\n<p>Compuesta por \u00e9l mismo y con la producci\u00f3n de Albert Hype y Jota Rosa, \u00abPresente y futuro\u00bb habla sobre un amor de a\u00f1os y un compromiso a mantener la relaci\u00f3n a futuro.<\/p>\n<p>\u00abLa colaboraci\u00f3n con Zion y Alvarito se dio org\u00e1nicamente y estoy feliz con el resultado, incluso con el video. Yo grab\u00e9 mi parte en Medell\u00edn (Colombia) y ellos en Miami, pero funciona incre\u00edblemente\u00bb, agreg\u00f3.<\/p>\n<p>En el video, Llane muestra su talento para la danza, con pasos que recuerdan al fallecido artista estadounidense Michael Jackson, uno de sus \u00eddolos.<\/p>\n<p>\u00abPresente y futuro\u00bb es el quinto sencillo que ofrece Llane como solista. El artista sali\u00f3 de Piso 21 en 2019 tras 12 a\u00f1os como l\u00edder vocal y fundador del cuarteto colombiano.<\/p>\n<p>El tema anterior, \u00abSer\u00e1\u00bb, una colaboraci\u00f3n con Manuel Turizo, tiene 17,7 millones de escuchas y m\u00e1s de 15 millones de visualizaciones en YouTube.<\/p>\n<p>El resto de las canciones fueron de Llane como solista e incluyen \u00abComo antes\u00bb, un bolero que escribi\u00f3 antes de la muerte de su madre, inspirado en las canciones rom\u00e1nticas que escuch\u00f3 en su infancia.<\/p>\n<p>Sin embargo, Llane subray\u00f3 que ese es el \u00fanico tema de ese estilo en su pr\u00f3ximo disco.<\/p>\n<p>\u00abEstoy explorando mi sonido, pero desde lo urbano, que es lo que ha definido mi m\u00fasica desde que nos lanzamos profesionalmente con Piso\u00bb, manifest\u00f3.<\/p>\n<p>Otros temas del artista colombiano son \u00abInsisto\u00bb y \u00abCuenta conmigo\u00bb, una colaboraci\u00f3n con el dominicano Mozart de la Parra, el puertorrique\u00f1o PJ Sin Suela y su compatriota Mike Bahia.<\/p>\n","protected":false},"excerpt":{"rendered":"<p>Miami.-El artista colombiano Llane, antiguo vocalista del grupo Piso 21, dijo a Efe que su primer disco como solista saldr\u00e1 en septiembre pr\u00f3ximo y ser\u00e1 una \u00abexpresi\u00f3n\u00bb de sus intereses como artista y la \u00abesencia\u00bb de qui\u00e9n es. Por eso le ha dado el nombre de \u00abPresente\u00bb y una muestra de la m\u00fasica que ofrecer\u00e1 [&hellip;]<\/p>\n","protected":false},"author":158,"featured_media":0,"comment_status":"closed","ping_status":"closed","sticky":false,"template":"","format":"standard","meta":{"footnotes":""},"categories":[2,14],"tags":[],"class_list":["post-1968","post","type-post","status-publish","format-standard","hentry","category-featured","category-noticias"],"yoast_head":"<!-- This site is optimized with the Yoast SEO plugin v27.3 - https:\/\/yoast.com\/product\/yoast-seo-wordpress\/ -->\n<title>Llane anunci\u00f3 lanzamiento de su primer disco como solista en septiembre - News 105.3 FM<\/title>\n<meta name=\"robots\" content=\"index, follow, max-snippet:-1, max-image-preview:large, max-video-preview:-1\" \/>\n<link rel=\"canonical\" href=\"https:\/\/soynuevaprensadigital.com\/news1053fm\/llane-anuncio-lanzamiento-de-su-primer-disco-como-solista-en-septiembre\/\" \/>\n<meta property=\"og:locale\" content=\"es_ES\" \/>\n<meta property=\"og:type\" content=\"article\" \/>\n<meta property=\"og:title\" content=\"Llane anunci\u00f3 lanzamiento de su primer disco como solista en septiembre - News 105.3 FM\" \/>\n<meta property=\"og:description\" content=\"Miami.-El artista colombiano Llane, antiguo vocalista del grupo Piso 21, dijo a Efe que su primer disco como solista saldr\u00e1 en septiembre pr\u00f3ximo y ser\u00e1 una \u00abexpresi\u00f3n\u00bb de sus intereses como artista y la \u00abesencia\u00bb de qui\u00e9n es. Por eso le ha dado el nombre de \u00abPresente\u00bb y una muestra de la m\u00fasica que ofrecer\u00e1 [&hellip;]\" \/>\n<meta property=\"og:url\" content=\"https:\/\/soynuevaprensadigital.com\/news1053fm\/llane-anuncio-lanzamiento-de-su-primer-disco-como-solista-en-septiembre\/\" \/>\n<meta property=\"og:site_name\" content=\"News 105.3 FM\" \/>\n<meta property=\"article:publisher\" content=\"https:\/\/www.facebook.com\/News1053fm-1655395028099413\/\" \/>\n<meta property=\"article:author\" content=\"https:\/\/www.facebook.com\/AlvisCristinaHe\" \/>\n<meta property=\"article:published_time\" content=\"2021-04-23T19:52:14+00:00\" \/>\n<meta property=\"article:modified_time\" content=\"2021-04-24T19:53:03+00:00\" \/>\n<meta property=\"og:image\" content=\"https:\/\/soynuevaprensadigital.com\/news1053fm\/wp-content\/uploads\/sites\/3\/2021\/04\/0563d4289cf6a5beb7bb055b9959349ddd2f38f2w.jpg\" \/>\n\t<meta property=\"og:image:width\" content=\"1920\" \/>\n\t<meta property=\"og:image:height\" content=\"1280\" \/>\n\t<meta property=\"og:image:type\" content=\"image\/jpeg\" \/>\n<meta name=\"author\" content=\"Alvis Cristina Herrera\" \/>\n<meta name=\"twitter:card\" content=\"summary_large_image\" \/>\n<meta name=\"twitter:creator\" content=\"@https:\/\/www.twitter.com\/alviscristinahe\/\" \/>\n<meta name=\"twitter:site\" content=\"@news105_3fm\" \/>\n<meta name=\"twitter:label1\" content=\"Escrito por\" \/>\n\t<meta name=\"twitter:data1\" content=\"Alvis Cristina Herrera\" \/>\n\t<meta name=\"twitter:label2\" content=\"Tiempo de lectura\" \/>\n\t<meta name=\"twitter:data2\" content=\"2 minutos\" \/>\n<script type=\"application\/ld+json\" class=\"yoast-schema-graph\">{\"@context\":\"https:\\\/\\\/schema.org\",\"@graph\":[{\"@type\":\"Article\",\"@id\":\"https:\\\/\\\/soynuevaprensadigital.com\\\/news1053fm\\\/llane-anuncio-lanzamiento-de-su-primer-disco-como-solista-en-septiembre\\\/#article\",\"isPartOf\":{\"@id\":\"https:\\\/\\\/soynuevaprensadigital.com\\\/news1053fm\\\/llane-anuncio-lanzamiento-de-su-primer-disco-como-solista-en-septiembre\\\/\"},\"author\":{\"name\":\"Alvis Cristina Herrera\",\"@id\":\"https:\\\/\\\/soynuevaprensadigital.com\\\/news1053fm\\\/#\\\/schema\\\/person\\\/aa2d09ab130e943e3c7b360a32177538\"},\"headline\":\"Llane anunci\u00f3 lanzamiento de su primer disco como solista en septiembre\",\"datePublished\":\"2021-04-23T19:52:14+00:00\",\"dateModified\":\"2021-04-24T19:53:03+00:00\",\"mainEntityOfPage\":{\"@id\":\"https:\\\/\\\/soynuevaprensadigital.com\\\/news1053fm\\\/llane-anuncio-lanzamiento-de-su-primer-disco-como-solista-en-septiembre\\\/\"},\"wordCount\":386,\"articleSection\":[\"Featured\",\"Noticias\"],\"inLanguage\":\"es\"},{\"@type\":\"WebPage\",\"@id\":\"https:\\\/\\\/soynuevaprensadigital.com\\\/news1053fm\\\/llane-anuncio-lanzamiento-de-su-primer-disco-como-solista-en-septiembre\\\/\",\"url\":\"https:\\\/\\\/soynuevaprensadigital.com\\\/news1053fm\\\/llane-anuncio-lanzamiento-de-su-primer-disco-como-solista-en-septiembre\\\/\",\"name\":\"Llane anunci\u00f3 lanzamiento de su primer disco como solista en septiembre - News 105.3 FM\",\"isPartOf\":{\"@id\":\"https:\\\/\\\/soynuevaprensadigital.com\\\/news1053fm\\\/#website\"},\"datePublished\":\"2021-04-23T19:52:14+00:00\",\"dateModified\":\"2021-04-24T19:53:03+00:00\",\"author\":{\"@id\":\"https:\\\/\\\/soynuevaprensadigital.com\\\/news1053fm\\\/#\\\/schema\\\/person\\\/aa2d09ab130e943e3c7b360a32177538\"},\"breadcrumb\":{\"@id\":\"https:\\\/\\\/soynuevaprensadigital.com\\\/news1053fm\\\/llane-anuncio-lanzamiento-de-su-primer-disco-como-solista-en-septiembre\\\/#breadcrumb\"},\"inLanguage\":\"es\",\"potentialAction\":[{\"@type\":\"ReadAction\",\"target\":[\"https:\\\/\\\/soynuevaprensadigital.com\\\/news1053fm\\\/llane-anuncio-lanzamiento-de-su-primer-disco-como-solista-en-septiembre\\\/\"]}]},{\"@type\":\"BreadcrumbList\",\"@id\":\"https:\\\/\\\/soynuevaprensadigital.com\\\/news1053fm\\\/llane-anuncio-lanzamiento-de-su-primer-disco-como-solista-en-septiembre\\\/#breadcrumb\",\"itemListElement\":[{\"@type\":\"ListItem\",\"position\":1,\"name\":\"Portada\",\"item\":\"https:\\\/\\\/soynuevaprensadigital.com\\\/news1053fm\\\/\"},{\"@type\":\"ListItem\",\"position\":2,\"name\":\"Llane anunci\u00f3 lanzamiento de su primer disco como solista en septiembre\"}]},{\"@type\":\"WebSite\",\"@id\":\"https:\\\/\\\/soynuevaprensadigital.com\\\/news1053fm\\\/#website\",\"url\":\"https:\\\/\\\/soynuevaprensadigital.com\\\/news1053fm\\\/\",\"name\":\"News 105.3 FM\",\"description\":\"Nuestro compromiso contigo nos permite ofrecerte la radio de mejor calidad, la frecuencia m\u00e1s limpia yel entretenimiento para todos los gustos.\",\"potentialAction\":[{\"@type\":\"SearchAction\",\"target\":{\"@type\":\"EntryPoint\",\"urlTemplate\":\"https:\\\/\\\/soynuevaprensadigital.com\\\/news1053fm\\\/?s={search_term_string}\"},\"query-input\":{\"@type\":\"PropertyValueSpecification\",\"valueRequired\":true,\"valueName\":\"search_term_string\"}}],\"inLanguage\":\"es\"},{\"@type\":\"Person\",\"@id\":\"https:\\\/\\\/soynuevaprensadigital.com\\\/news1053fm\\\/#\\\/schema\\\/person\\\/aa2d09ab130e943e3c7b360a32177538\",\"name\":\"Alvis Cristina Herrera\",\"image\":{\"@type\":\"ImageObject\",\"inLanguage\":\"es\",\"@id\":\"https:\\\/\\\/secure.gravatar.com\\\/avatar\\\/6a4b461595fbd8c4d0947e89062b7b1df5ea5bc6348126d9594f8d0cece5be89?s=96&d=mm&r=g\",\"url\":\"https:\\\/\\\/secure.gravatar.com\\\/avatar\\\/6a4b461595fbd8c4d0947e89062b7b1df5ea5bc6348126d9594f8d0cece5be89?s=96&d=mm&r=g\",\"contentUrl\":\"https:\\\/\\\/secure.gravatar.com\\\/avatar\\\/6a4b461595fbd8c4d0947e89062b7b1df5ea5bc6348126d9594f8d0cece5be89?s=96&d=mm&r=g\",\"caption\":\"Alvis Cristina Herrera\"},\"sameAs\":[\"https:\\\/\\\/www.facebook.com\\\/AlvisCristinaHe\",\"https:\\\/\\\/www.instagram.com\\\/alviscristinahe\\\/\",\"https:\\\/\\\/www.linkedin.com\\\/in\\\/alviscristinahe\\\/\",\"https:\\\/\\\/x.com\\\/https:\\\/\\\/www.twitter.com\\\/alviscristinahe\\\/\"],\"url\":\"https:\\\/\\\/soynuevaprensadigital.com\\\/news1053fm\\\/author\\\/alvisherrera\\\/\"}]}<\/script>\n<!-- \/ Yoast SEO plugin. -->","yoast_head_json":{"title":"Llane anunci\u00f3 lanzamiento de su primer disco como solista en septiembre - News 105.3 FM","robots":{"index":"index","follow":"follow","max-snippet":"max-snippet:-1","max-image-preview":"max-image-preview:large","max-video-preview":"max-video-preview:-1"},"canonical":"https:\/\/soynuevaprensadigital.com\/news1053fm\/llane-anuncio-lanzamiento-de-su-primer-disco-como-solista-en-septiembre\/","og_locale":"es_ES","og_type":"article","og_title":"Llane anunci\u00f3 lanzamiento de su primer disco como solista en septiembre - News 105.3 FM","og_description":"Miami.-El artista colombiano Llane, antiguo vocalista del grupo Piso 21, dijo a Efe que su primer disco como solista saldr\u00e1 en septiembre pr\u00f3ximo y ser\u00e1 una \u00abexpresi\u00f3n\u00bb de sus intereses como artista y la \u00abesencia\u00bb de qui\u00e9n es. Por eso le ha dado el nombre de \u00abPresente\u00bb y una muestra de la m\u00fasica que ofrecer\u00e1 [&hellip;]","og_url":"https:\/\/soynuevaprensadigital.com\/news1053fm\/llane-anuncio-lanzamiento-de-su-primer-disco-como-solista-en-septiembre\/","og_site_name":"News 105.3 FM","article_publisher":"https:\/\/www.facebook.com\/News1053fm-1655395028099413\/","article_author":"https:\/\/www.facebook.com\/AlvisCristinaHe","article_published_time":"2021-04-23T19:52:14+00:00","article_modified_time":"2021-04-24T19:53:03+00:00","og_image":[{"width":1920,"height":1280,"url":"https:\/\/soynuevaprensadigital.com\/news1053fm\/wp-content\/uploads\/sites\/3\/2021\/04\/0563d4289cf6a5beb7bb055b9959349ddd2f38f2w.jpg","type":"image\/jpeg"}],"author":"Alvis Cristina Herrera","twitter_card":"summary_large_image","twitter_creator":"@https:\/\/www.twitter.com\/alviscristinahe\/","twitter_site":"@news105_3fm","twitter_misc":{"Escrito por":"Alvis Cristina Herrera","Tiempo de lectura":"2 minutos"},"schema":{"@context":"https:\/\/schema.org","@graph":[{"@type":"Article","@id":"https:\/\/soynuevaprensadigital.com\/news1053fm\/llane-anuncio-lanzamiento-de-su-primer-disco-como-solista-en-septiembre\/#article","isPartOf":{"@id":"https:\/\/soynuevaprensadigital.com\/news1053fm\/llane-anuncio-lanzamiento-de-su-primer-disco-como-solista-en-septiembre\/"},"author":{"name":"Alvis Cristina Herrera","@id":"https:\/\/soynuevaprensadigital.com\/news1053fm\/#\/schema\/person\/aa2d09ab130e943e3c7b360a32177538"},"headline":"Llane anunci\u00f3 lanzamiento de su primer disco como solista en septiembre","datePublished":"2021-04-23T19:52:14+00:00","dateModified":"2021-04-24T19:53:03+00:00","mainEntityOfPage":{"@id":"https:\/\/soynuevaprensadigital.com\/news1053fm\/llane-anuncio-lanzamiento-de-su-primer-disco-como-solista-en-septiembre\/"},"wordCount":386,"articleSection":["Featured","Noticias"],"inLanguage":"es"},{"@type":"WebPage","@id":"https:\/\/soynuevaprensadigital.com\/news1053fm\/llane-anuncio-lanzamiento-de-su-primer-disco-como-solista-en-septiembre\/","url":"https:\/\/soynuevaprensadigital.com\/news1053fm\/llane-anuncio-lanzamiento-de-su-primer-disco-como-solista-en-septiembre\/","name":"Llane anunci\u00f3 lanzamiento de su primer disco como solista en septiembre - News 105.3 FM","isPartOf":{"@id":"https:\/\/soynuevaprensadigital.com\/news1053fm\/#website"},"datePublished":"2021-04-23T19:52:14+00:00","dateModified":"2021-04-24T19:53:03+00:00","author":{"@id":"https:\/\/soynuevaprensadigital.com\/news1053fm\/#\/schema\/person\/aa2d09ab130e943e3c7b360a32177538"},"breadcrumb":{"@id":"https:\/\/soynuevaprensadigital.com\/news1053fm\/llane-anuncio-lanzamiento-de-su-primer-disco-como-solista-en-septiembre\/#breadcrumb"},"inLanguage":"es","potentialAction":[{"@type":"ReadAction","target":["https:\/\/soynuevaprensadigital.com\/news1053fm\/llane-anuncio-lanzamiento-de-su-primer-disco-como-solista-en-septiembre\/"]}]},{"@type":"BreadcrumbList","@id":"https:\/\/soynuevaprensadigital.com\/news1053fm\/llane-anuncio-lanzamiento-de-su-primer-disco-como-solista-en-septiembre\/#breadcrumb","itemListElement":[{"@type":"ListItem","position":1,"name":"Portada","item":"https:\/\/soynuevaprensadigital.com\/news1053fm\/"},{"@type":"ListItem","position":2,"name":"Llane anunci\u00f3 lanzamiento de su primer disco como solista en septiembre"}]},{"@type":"WebSite","@id":"https:\/\/soynuevaprensadigital.com\/news1053fm\/#website","url":"https:\/\/soynuevaprensadigital.com\/news1053fm\/","name":"News 105.3 FM","description":"Nuestro compromiso contigo nos permite ofrecerte la radio de mejor calidad, la frecuencia m\u00e1s limpia yel entretenimiento para todos los gustos.","potentialAction":[{"@type":"SearchAction","target":{"@type":"EntryPoint","urlTemplate":"https:\/\/soynuevaprensadigital.com\/news1053fm\/?s={search_term_string}"},"query-input":{"@type":"PropertyValueSpecification","valueRequired":true,"valueName":"search_term_string"}}],"inLanguage":"es"},{"@type":"Person","@id":"https:\/\/soynuevaprensadigital.com\/news1053fm\/#\/schema\/person\/aa2d09ab130e943e3c7b360a32177538","name":"Alvis Cristina Herrera","image":{"@type":"ImageObject","inLanguage":"es","@id":"https:\/\/secure.gravatar.com\/avatar\/6a4b461595fbd8c4d0947e89062b7b1df5ea5bc6348126d9594f8d0cece5be89?s=96&d=mm&r=g","url":"https:\/\/secure.gravatar.com\/avatar\/6a4b461595fbd8c4d0947e89062b7b1df5ea5bc6348126d9594f8d0cece5be89?s=96&d=mm&r=g","contentUrl":"https:\/\/secure.gravatar.com\/avatar\/6a4b461595fbd8c4d0947e89062b7b1df5ea5bc6348126d9594f8d0cece5be89?s=96&d=mm&r=g","caption":"Alvis Cristina Herrera"},"sameAs":["https:\/\/www.facebook.com\/AlvisCristinaHe","https:\/\/www.instagram.com\/alviscristinahe\/","https:\/\/www.linkedin.com\/in\/alviscristinahe\/","https:\/\/x.com\/https:\/\/www.twitter.com\/alviscristinahe\/"],"url":"https:\/\/soynuevaprensadigital.com\/news1053fm\/author\/alvisherrera\/"}]}},"_links":{"self":[{"href":"https:\/\/soynuevaprensadigital.com\/news1053fm\/wp-json\/wp\/v2\/posts\/1968","targetHints":{"allow":["GET"]}}],"collection":[{"href":"https:\/\/soynuevaprensadigital.com\/news1053fm\/wp-json\/wp\/v2\/posts"}],"about":[{"href":"https:\/\/soynuevaprensadigital.com\/news1053fm\/wp-json\/wp\/v2\/types\/post"}],"author":[{"embeddable":true,"href":"https:\/\/soynuevaprensadigital.com\/news1053fm\/wp-json\/wp\/v2\/users\/158"}],"replies":[{"embeddable":true,"href":"https:\/\/soynuevaprensadigital.com\/news1053fm\/wp-json\/wp\/v2\/comments?post=1968"}],"version-history":[{"count":0,"href":"https:\/\/soynuevaprensadigital.com\/news1053fm\/wp-json\/wp\/v2\/posts\/1968\/revisions"}],"wp:attachment":[{"href":"https:\/\/soynuevaprensadigital.com\/news1053fm\/wp-json\/wp\/v2\/media?parent=1968"}],"wp:term":[{"taxonomy":"category","embeddable":true,"href":"https:\/\/soynuevaprensadigital.com\/news1053fm\/wp-json\/wp\/v2\/categories?post=1968"},{"taxonomy":"post_tag","embeddable":true,"href":"https:\/\/soynuevaprensadigital.com\/news1053fm\/wp-json\/wp\/v2\/tags?post=1968"}],"curies":[{"name":"wp","href":"https:\/\/api.w.org\/{rel}","templated":true}]}}