{"id":1970,"date":"2021-04-23T15:50:09","date_gmt":"2021-04-23T19:50:09","guid":{"rendered":"https:\/\/soynuevaprensadigital.com\/news1053fm\/?p=1970"},"modified":"2021-04-24T15:51:55","modified_gmt":"2021-04-24T19:51:55","slug":"efemerides-deportivas-23-de-abril-alejandro-paton-carrasquel-se-convirtio-en-el-primer-venezolano-en-llegar-a-las-grandes-ligas","status":"publish","type":"post","link":"https:\/\/soynuevaprensadigital.com\/news1053fm\/efemerides-deportivas-23-de-abril-alejandro-paton-carrasquel-se-convirtio-en-el-primer-venezolano-en-llegar-a-las-grandes-ligas\/","title":{"rendered":"Efem\u00e9rides Deportivas 23 de abril: Alejandro Pat\u00f3n Carrasquel se convirti\u00f3 en el primer venezolano en llegar a las Grandes Ligas"},"content":{"rendered":"<p style=\"text-align: justify\"><strong>Ciudad Guayana.-<\/strong>El 23 de abril de 1939 siempre ser\u00e1 una fecha hist\u00f3rica para Venezuela al ser el debut de Alejandro \u2018Pat\u00f3n\u2019 Carrasquel en las Grandes Ligas.<\/p>\n<p style=\"text-align: justify\">Con tan solo 26 a\u00f1os, el lanzador caraque\u00f1o visti\u00f3 la camiseta de los Senadores de Washington en su encuentro contra los poderosos Yankees de Nueva York en el Griffith Stadium de la capital estadounidense.<\/p>\n<p style=\"text-align: justify\">Alejandro Carrasquel recib\u00eda su apodo por el tama\u00f1o de sus pies. Naci\u00f3 el 24 de julio de 1912 en Caracas.<\/p>\n<p style=\"text-align: justify\">La primera aparici\u00f3n del Carrasquel en el mont\u00edculo de la Gran Carpa ocurri\u00f3 en la cuarta entrada con tres corredores en base y dos outs tras recibir el llamado del bullpen por parte de su manager Bucky Harris.<\/p>\n<p style=\"text-align: justify\">\u2018Pat\u00f3n\u2019, domin\u00f3 a la leyenda Joe DiMaggio con un roletazo a sus manos. En el siguiente episodio, retir\u00f3 a las estrellas Lou Gerigh y Bill Dickey, con un ponche y un globo a la segunda base.<\/p>\n<p style=\"text-align: justify\">La actuaci\u00f3n final del novato fue de 5.3 entradas, una carrera limpia permitida, 5 hits, 2 ponches y un boleto, aunque su equipo cay\u00f3 derrotado 7-5.<\/p>\n<p style=\"text-align: justify\"><strong>Primera victoria de Alejandro \u2018Pat\u00f3n\u2019 Carrasquel en las Grandes Ligas<\/strong><\/p>\n<p style=\"text-align: justify\">10 d\u00edas despu\u00e9s, consigui\u00f3 su primer triunfo en el Big Show ante los Carmelitas de San Luis. El derecho criado en Sarr\u00eda, que era un especialista de la curva, entr\u00f3 nuevamente en relevo con desventaja de 10\u00d76 y s\u00f3lo permiti\u00f3 un incogible en 2.0 cap\u00edtulos. Senadores gan\u00f3 el encuentro con score de 11\u00d710.<\/p>\n<p style=\"text-align: justify\">Tras culminar la temporada, el pitcher regres\u00f3 a su pa\u00eds y fue recibido como todo un h\u00e9roe.<\/p>\n<p style=\"text-align: justify\">Alejandro \u2018Pat\u00f3n\u2019 Carrasquel, quien tambi\u00e9n jug\u00f3 con Medias Blancas de Chicago, disput\u00f3 ocho temporadas en las Grandes Ligas con marca de 50 victorias,30 derrotas y16 salvados, con efectividad de 3.73 y 861 innings en 258 juegos.<\/p>\n<p style=\"text-align: justify\">Seg\u00fan cuentan Javier Gonz\u00e1lez y Carlos Figueroa en su le\u00eddo libro sobre Alejandro Carrasquel, este tard\u00f3 cinco a\u00f1os en aceptar viajar a Estados Unidos para lanzar en las Mayores, argumentando que no sab\u00eda hablar ingl\u00e9s. La primera propuesta se la hab\u00eda hecho en 1934 el formidable cubano Mart\u00edn Dihigo, tambi\u00e9n pitcher y miembro del Sal\u00f3n de la Fama de Cooperstown.<\/p>\n<p style=\"text-align: justify\">El lanzador venezolano falleci\u00f3 el 19 de agosto de 1969 en su natal Caracas, a sus 57 a\u00f1os. Venezuela hoy en d\u00eda tiene m\u00e1s de 400 grandeligas, uno de ellos es un Sal\u00f3n de la Fama de Cooperstown, y se trata de Luis Aparicio.<\/p>\n","protected":false},"excerpt":{"rendered":"<p>Ciudad Guayana.-El 23 de abril de 1939 siempre ser\u00e1 una fecha hist\u00f3rica para Venezuela al ser el debut de Alejandro \u2018Pat\u00f3n\u2019 Carrasquel en las Grandes Ligas. Con tan solo 26 a\u00f1os, el lanzador caraque\u00f1o visti\u00f3 la camiseta de los Senadores de Washington en su encuentro contra los poderosos Yankees de Nueva York en el Griffith [&hellip;]<\/p>\n","protected":false},"author":158,"featured_media":0,"comment_status":"closed","ping_status":"closed","sticky":false,"template":"","format":"standard","meta":{"footnotes":""},"categories":[2,19],"tags":[],"class_list":["post-1970","post","type-post","status-publish","format-standard","hentry","category-featured","category-mundo-deportivo"],"yoast_head":"<!-- This site is optimized with the Yoast SEO plugin v27.3 - https:\/\/yoast.com\/product\/yoast-seo-wordpress\/ -->\n<title>Efem\u00e9rides Deportivas 23 de abril: Alejandro Pat\u00f3n Carrasquel se convirti\u00f3 en el primer venezolano en llegar a las Grandes Ligas - News 105.3 FM<\/title>\n<meta name=\"robots\" content=\"index, follow, max-snippet:-1, max-image-preview:large, max-video-preview:-1\" \/>\n<link rel=\"canonical\" href=\"https:\/\/soynuevaprensadigital.com\/news1053fm\/efemerides-deportivas-23-de-abril-alejandro-paton-carrasquel-se-convirtio-en-el-primer-venezolano-en-llegar-a-las-grandes-ligas\/\" \/>\n<meta property=\"og:locale\" content=\"es_ES\" \/>\n<meta property=\"og:type\" content=\"article\" \/>\n<meta property=\"og:title\" content=\"Efem\u00e9rides Deportivas 23 de abril: Alejandro Pat\u00f3n Carrasquel se convirti\u00f3 en el primer venezolano en llegar a las Grandes Ligas - News 105.3 FM\" \/>\n<meta property=\"og:description\" content=\"Ciudad Guayana.-El 23 de abril de 1939 siempre ser\u00e1 una fecha hist\u00f3rica para Venezuela al ser el debut de Alejandro \u2018Pat\u00f3n\u2019 Carrasquel en las Grandes Ligas. Con tan solo 26 a\u00f1os, el lanzador caraque\u00f1o visti\u00f3 la camiseta de los Senadores de Washington en su encuentro contra los poderosos Yankees de Nueva York en el Griffith [&hellip;]\" \/>\n<meta property=\"og:url\" content=\"https:\/\/soynuevaprensadigital.com\/news1053fm\/efemerides-deportivas-23-de-abril-alejandro-paton-carrasquel-se-convirtio-en-el-primer-venezolano-en-llegar-a-las-grandes-ligas\/\" \/>\n<meta property=\"og:site_name\" content=\"News 105.3 FM\" \/>\n<meta property=\"article:publisher\" content=\"https:\/\/www.facebook.com\/News1053fm-1655395028099413\/\" \/>\n<meta property=\"article:author\" content=\"https:\/\/www.facebook.com\/AlvisCristinaHe\" \/>\n<meta property=\"article:published_time\" content=\"2021-04-23T19:50:09+00:00\" \/>\n<meta property=\"article:modified_time\" content=\"2021-04-24T19:51:55+00:00\" \/>\n<meta property=\"og:image\" content=\"https:\/\/soynuevaprensadigital.com\/news1053fm\/wp-content\/uploads\/sites\/3\/2021\/04\/paton-carrasquel-e1471343189324-7681763595.jpg\" \/>\n\t<meta property=\"og:image:width\" content=\"1200\" \/>\n\t<meta property=\"og:image:height\" content=\"1200\" \/>\n\t<meta property=\"og:image:type\" content=\"image\/jpeg\" \/>\n<meta name=\"author\" content=\"Alvis Cristina Herrera\" \/>\n<meta name=\"twitter:card\" content=\"summary_large_image\" \/>\n<meta name=\"twitter:creator\" content=\"@https:\/\/www.twitter.com\/alviscristinahe\/\" \/>\n<meta name=\"twitter:site\" content=\"@news105_3fm\" \/>\n<meta name=\"twitter:label1\" content=\"Escrito por\" \/>\n\t<meta name=\"twitter:data1\" content=\"Alvis Cristina Herrera\" \/>\n\t<meta name=\"twitter:label2\" content=\"Tiempo de lectura\" \/>\n\t<meta name=\"twitter:data2\" content=\"2 minutos\" \/>\n<script type=\"application\/ld+json\" class=\"yoast-schema-graph\">{\"@context\":\"https:\\\/\\\/schema.org\",\"@graph\":[{\"@type\":\"Article\",\"@id\":\"https:\\\/\\\/soynuevaprensadigital.com\\\/news1053fm\\\/efemerides-deportivas-23-de-abril-alejandro-paton-carrasquel-se-convirtio-en-el-primer-venezolano-en-llegar-a-las-grandes-ligas\\\/#article\",\"isPartOf\":{\"@id\":\"https:\\\/\\\/soynuevaprensadigital.com\\\/news1053fm\\\/efemerides-deportivas-23-de-abril-alejandro-paton-carrasquel-se-convirtio-en-el-primer-venezolano-en-llegar-a-las-grandes-ligas\\\/\"},\"author\":{\"name\":\"Alvis Cristina Herrera\",\"@id\":\"https:\\\/\\\/soynuevaprensadigital.com\\\/news1053fm\\\/#\\\/schema\\\/person\\\/aa2d09ab130e943e3c7b360a32177538\"},\"headline\":\"Efem\u00e9rides Deportivas 23 de abril: Alejandro Pat\u00f3n Carrasquel se convirti\u00f3 en el primer venezolano en llegar a las Grandes Ligas\",\"datePublished\":\"2021-04-23T19:50:09+00:00\",\"dateModified\":\"2021-04-24T19:51:55+00:00\",\"mainEntityOfPage\":{\"@id\":\"https:\\\/\\\/soynuevaprensadigital.com\\\/news1053fm\\\/efemerides-deportivas-23-de-abril-alejandro-paton-carrasquel-se-convirtio-en-el-primer-venezolano-en-llegar-a-las-grandes-ligas\\\/\"},\"wordCount\":435,\"articleSection\":[\"Featured\",\"Mundo Deportivo\"],\"inLanguage\":\"es\"},{\"@type\":\"WebPage\",\"@id\":\"https:\\\/\\\/soynuevaprensadigital.com\\\/news1053fm\\\/efemerides-deportivas-23-de-abril-alejandro-paton-carrasquel-se-convirtio-en-el-primer-venezolano-en-llegar-a-las-grandes-ligas\\\/\",\"url\":\"https:\\\/\\\/soynuevaprensadigital.com\\\/news1053fm\\\/efemerides-deportivas-23-de-abril-alejandro-paton-carrasquel-se-convirtio-en-el-primer-venezolano-en-llegar-a-las-grandes-ligas\\\/\",\"name\":\"Efem\u00e9rides Deportivas 23 de abril: Alejandro Pat\u00f3n Carrasquel se convirti\u00f3 en el primer venezolano en llegar a las Grandes Ligas - News 105.3 FM\",\"isPartOf\":{\"@id\":\"https:\\\/\\\/soynuevaprensadigital.com\\\/news1053fm\\\/#website\"},\"datePublished\":\"2021-04-23T19:50:09+00:00\",\"dateModified\":\"2021-04-24T19:51:55+00:00\",\"author\":{\"@id\":\"https:\\\/\\\/soynuevaprensadigital.com\\\/news1053fm\\\/#\\\/schema\\\/person\\\/aa2d09ab130e943e3c7b360a32177538\"},\"breadcrumb\":{\"@id\":\"https:\\\/\\\/soynuevaprensadigital.com\\\/news1053fm\\\/efemerides-deportivas-23-de-abril-alejandro-paton-carrasquel-se-convirtio-en-el-primer-venezolano-en-llegar-a-las-grandes-ligas\\\/#breadcrumb\"},\"inLanguage\":\"es\",\"potentialAction\":[{\"@type\":\"ReadAction\",\"target\":[\"https:\\\/\\\/soynuevaprensadigital.com\\\/news1053fm\\\/efemerides-deportivas-23-de-abril-alejandro-paton-carrasquel-se-convirtio-en-el-primer-venezolano-en-llegar-a-las-grandes-ligas\\\/\"]}]},{\"@type\":\"BreadcrumbList\",\"@id\":\"https:\\\/\\\/soynuevaprensadigital.com\\\/news1053fm\\\/efemerides-deportivas-23-de-abril-alejandro-paton-carrasquel-se-convirtio-en-el-primer-venezolano-en-llegar-a-las-grandes-ligas\\\/#breadcrumb\",\"itemListElement\":[{\"@type\":\"ListItem\",\"position\":1,\"name\":\"Portada\",\"item\":\"https:\\\/\\\/soynuevaprensadigital.com\\\/news1053fm\\\/\"},{\"@type\":\"ListItem\",\"position\":2,\"name\":\"Efem\u00e9rides Deportivas 23 de abril: Alejandro Pat\u00f3n Carrasquel se convirti\u00f3 en el primer venezolano en llegar a las Grandes Ligas\"}]},{\"@type\":\"WebSite\",\"@id\":\"https:\\\/\\\/soynuevaprensadigital.com\\\/news1053fm\\\/#website\",\"url\":\"https:\\\/\\\/soynuevaprensadigital.com\\\/news1053fm\\\/\",\"name\":\"News 105.3 FM\",\"description\":\"Nuestro compromiso contigo nos permite ofrecerte la radio de mejor calidad, la frecuencia m\u00e1s limpia yel entretenimiento para todos los gustos.\",\"potentialAction\":[{\"@type\":\"SearchAction\",\"target\":{\"@type\":\"EntryPoint\",\"urlTemplate\":\"https:\\\/\\\/soynuevaprensadigital.com\\\/news1053fm\\\/?s={search_term_string}\"},\"query-input\":{\"@type\":\"PropertyValueSpecification\",\"valueRequired\":true,\"valueName\":\"search_term_string\"}}],\"inLanguage\":\"es\"},{\"@type\":\"Person\",\"@id\":\"https:\\\/\\\/soynuevaprensadigital.com\\\/news1053fm\\\/#\\\/schema\\\/person\\\/aa2d09ab130e943e3c7b360a32177538\",\"name\":\"Alvis Cristina Herrera\",\"image\":{\"@type\":\"ImageObject\",\"inLanguage\":\"es\",\"@id\":\"https:\\\/\\\/secure.gravatar.com\\\/avatar\\\/6a4b461595fbd8c4d0947e89062b7b1df5ea5bc6348126d9594f8d0cece5be89?s=96&d=mm&r=g\",\"url\":\"https:\\\/\\\/secure.gravatar.com\\\/avatar\\\/6a4b461595fbd8c4d0947e89062b7b1df5ea5bc6348126d9594f8d0cece5be89?s=96&d=mm&r=g\",\"contentUrl\":\"https:\\\/\\\/secure.gravatar.com\\\/avatar\\\/6a4b461595fbd8c4d0947e89062b7b1df5ea5bc6348126d9594f8d0cece5be89?s=96&d=mm&r=g\",\"caption\":\"Alvis Cristina Herrera\"},\"sameAs\":[\"https:\\\/\\\/www.facebook.com\\\/AlvisCristinaHe\",\"https:\\\/\\\/www.instagram.com\\\/alviscristinahe\\\/\",\"https:\\\/\\\/www.linkedin.com\\\/in\\\/alviscristinahe\\\/\",\"https:\\\/\\\/x.com\\\/https:\\\/\\\/www.twitter.com\\\/alviscristinahe\\\/\"],\"url\":\"https:\\\/\\\/soynuevaprensadigital.com\\\/news1053fm\\\/author\\\/alvisherrera\\\/\"}]}<\/script>\n<!-- \/ Yoast SEO plugin. -->","yoast_head_json":{"title":"Efem\u00e9rides Deportivas 23 de abril: Alejandro Pat\u00f3n Carrasquel se convirti\u00f3 en el primer venezolano en llegar a las Grandes Ligas - News 105.3 FM","robots":{"index":"index","follow":"follow","max-snippet":"max-snippet:-1","max-image-preview":"max-image-preview:large","max-video-preview":"max-video-preview:-1"},"canonical":"https:\/\/soynuevaprensadigital.com\/news1053fm\/efemerides-deportivas-23-de-abril-alejandro-paton-carrasquel-se-convirtio-en-el-primer-venezolano-en-llegar-a-las-grandes-ligas\/","og_locale":"es_ES","og_type":"article","og_title":"Efem\u00e9rides Deportivas 23 de abril: Alejandro Pat\u00f3n Carrasquel se convirti\u00f3 en el primer venezolano en llegar a las Grandes Ligas - News 105.3 FM","og_description":"Ciudad Guayana.-El 23 de abril de 1939 siempre ser\u00e1 una fecha hist\u00f3rica para Venezuela al ser el debut de Alejandro \u2018Pat\u00f3n\u2019 Carrasquel en las Grandes Ligas. Con tan solo 26 a\u00f1os, el lanzador caraque\u00f1o visti\u00f3 la camiseta de los Senadores de Washington en su encuentro contra los poderosos Yankees de Nueva York en el Griffith [&hellip;]","og_url":"https:\/\/soynuevaprensadigital.com\/news1053fm\/efemerides-deportivas-23-de-abril-alejandro-paton-carrasquel-se-convirtio-en-el-primer-venezolano-en-llegar-a-las-grandes-ligas\/","og_site_name":"News 105.3 FM","article_publisher":"https:\/\/www.facebook.com\/News1053fm-1655395028099413\/","article_author":"https:\/\/www.facebook.com\/AlvisCristinaHe","article_published_time":"2021-04-23T19:50:09+00:00","article_modified_time":"2021-04-24T19:51:55+00:00","og_image":[{"width":1200,"height":1200,"url":"https:\/\/soynuevaprensadigital.com\/news1053fm\/wp-content\/uploads\/sites\/3\/2021\/04\/paton-carrasquel-e1471343189324-7681763595.jpg","type":"image\/jpeg"}],"author":"Alvis Cristina Herrera","twitter_card":"summary_large_image","twitter_creator":"@https:\/\/www.twitter.com\/alviscristinahe\/","twitter_site":"@news105_3fm","twitter_misc":{"Escrito por":"Alvis Cristina Herrera","Tiempo de lectura":"2 minutos"},"schema":{"@context":"https:\/\/schema.org","@graph":[{"@type":"Article","@id":"https:\/\/soynuevaprensadigital.com\/news1053fm\/efemerides-deportivas-23-de-abril-alejandro-paton-carrasquel-se-convirtio-en-el-primer-venezolano-en-llegar-a-las-grandes-ligas\/#article","isPartOf":{"@id":"https:\/\/soynuevaprensadigital.com\/news1053fm\/efemerides-deportivas-23-de-abril-alejandro-paton-carrasquel-se-convirtio-en-el-primer-venezolano-en-llegar-a-las-grandes-ligas\/"},"author":{"name":"Alvis Cristina Herrera","@id":"https:\/\/soynuevaprensadigital.com\/news1053fm\/#\/schema\/person\/aa2d09ab130e943e3c7b360a32177538"},"headline":"Efem\u00e9rides Deportivas 23 de abril: Alejandro Pat\u00f3n Carrasquel se convirti\u00f3 en el primer venezolano en llegar a las Grandes Ligas","datePublished":"2021-04-23T19:50:09+00:00","dateModified":"2021-04-24T19:51:55+00:00","mainEntityOfPage":{"@id":"https:\/\/soynuevaprensadigital.com\/news1053fm\/efemerides-deportivas-23-de-abril-alejandro-paton-carrasquel-se-convirtio-en-el-primer-venezolano-en-llegar-a-las-grandes-ligas\/"},"wordCount":435,"articleSection":["Featured","Mundo Deportivo"],"inLanguage":"es"},{"@type":"WebPage","@id":"https:\/\/soynuevaprensadigital.com\/news1053fm\/efemerides-deportivas-23-de-abril-alejandro-paton-carrasquel-se-convirtio-en-el-primer-venezolano-en-llegar-a-las-grandes-ligas\/","url":"https:\/\/soynuevaprensadigital.com\/news1053fm\/efemerides-deportivas-23-de-abril-alejandro-paton-carrasquel-se-convirtio-en-el-primer-venezolano-en-llegar-a-las-grandes-ligas\/","name":"Efem\u00e9rides Deportivas 23 de abril: Alejandro Pat\u00f3n Carrasquel se convirti\u00f3 en el primer venezolano en llegar a las Grandes Ligas - News 105.3 FM","isPartOf":{"@id":"https:\/\/soynuevaprensadigital.com\/news1053fm\/#website"},"datePublished":"2021-04-23T19:50:09+00:00","dateModified":"2021-04-24T19:51:55+00:00","author":{"@id":"https:\/\/soynuevaprensadigital.com\/news1053fm\/#\/schema\/person\/aa2d09ab130e943e3c7b360a32177538"},"breadcrumb":{"@id":"https:\/\/soynuevaprensadigital.com\/news1053fm\/efemerides-deportivas-23-de-abril-alejandro-paton-carrasquel-se-convirtio-en-el-primer-venezolano-en-llegar-a-las-grandes-ligas\/#breadcrumb"},"inLanguage":"es","potentialAction":[{"@type":"ReadAction","target":["https:\/\/soynuevaprensadigital.com\/news1053fm\/efemerides-deportivas-23-de-abril-alejandro-paton-carrasquel-se-convirtio-en-el-primer-venezolano-en-llegar-a-las-grandes-ligas\/"]}]},{"@type":"BreadcrumbList","@id":"https:\/\/soynuevaprensadigital.com\/news1053fm\/efemerides-deportivas-23-de-abril-alejandro-paton-carrasquel-se-convirtio-en-el-primer-venezolano-en-llegar-a-las-grandes-ligas\/#breadcrumb","itemListElement":[{"@type":"ListItem","position":1,"name":"Portada","item":"https:\/\/soynuevaprensadigital.com\/news1053fm\/"},{"@type":"ListItem","position":2,"name":"Efem\u00e9rides Deportivas 23 de abril: Alejandro Pat\u00f3n Carrasquel se convirti\u00f3 en el primer venezolano en llegar a las Grandes Ligas"}]},{"@type":"WebSite","@id":"https:\/\/soynuevaprensadigital.com\/news1053fm\/#website","url":"https:\/\/soynuevaprensadigital.com\/news1053fm\/","name":"News 105.3 FM","description":"Nuestro compromiso contigo nos permite ofrecerte la radio de mejor calidad, la frecuencia m\u00e1s limpia yel entretenimiento para todos los gustos.","potentialAction":[{"@type":"SearchAction","target":{"@type":"EntryPoint","urlTemplate":"https:\/\/soynuevaprensadigital.com\/news1053fm\/?s={search_term_string}"},"query-input":{"@type":"PropertyValueSpecification","valueRequired":true,"valueName":"search_term_string"}}],"inLanguage":"es"},{"@type":"Person","@id":"https:\/\/soynuevaprensadigital.com\/news1053fm\/#\/schema\/person\/aa2d09ab130e943e3c7b360a32177538","name":"Alvis Cristina Herrera","image":{"@type":"ImageObject","inLanguage":"es","@id":"https:\/\/secure.gravatar.com\/avatar\/6a4b461595fbd8c4d0947e89062b7b1df5ea5bc6348126d9594f8d0cece5be89?s=96&d=mm&r=g","url":"https:\/\/secure.gravatar.com\/avatar\/6a4b461595fbd8c4d0947e89062b7b1df5ea5bc6348126d9594f8d0cece5be89?s=96&d=mm&r=g","contentUrl":"https:\/\/secure.gravatar.com\/avatar\/6a4b461595fbd8c4d0947e89062b7b1df5ea5bc6348126d9594f8d0cece5be89?s=96&d=mm&r=g","caption":"Alvis Cristina Herrera"},"sameAs":["https:\/\/www.facebook.com\/AlvisCristinaHe","https:\/\/www.instagram.com\/alviscristinahe\/","https:\/\/www.linkedin.com\/in\/alviscristinahe\/","https:\/\/x.com\/https:\/\/www.twitter.com\/alviscristinahe\/"],"url":"https:\/\/soynuevaprensadigital.com\/news1053fm\/author\/alvisherrera\/"}]}},"_links":{"self":[{"href":"https:\/\/soynuevaprensadigital.com\/news1053fm\/wp-json\/wp\/v2\/posts\/1970","targetHints":{"allow":["GET"]}}],"collection":[{"href":"https:\/\/soynuevaprensadigital.com\/news1053fm\/wp-json\/wp\/v2\/posts"}],"about":[{"href":"https:\/\/soynuevaprensadigital.com\/news1053fm\/wp-json\/wp\/v2\/types\/post"}],"author":[{"embeddable":true,"href":"https:\/\/soynuevaprensadigital.com\/news1053fm\/wp-json\/wp\/v2\/users\/158"}],"replies":[{"embeddable":true,"href":"https:\/\/soynuevaprensadigital.com\/news1053fm\/wp-json\/wp\/v2\/comments?post=1970"}],"version-history":[{"count":0,"href":"https:\/\/soynuevaprensadigital.com\/news1053fm\/wp-json\/wp\/v2\/posts\/1970\/revisions"}],"wp:attachment":[{"href":"https:\/\/soynuevaprensadigital.com\/news1053fm\/wp-json\/wp\/v2\/media?parent=1970"}],"wp:term":[{"taxonomy":"category","embeddable":true,"href":"https:\/\/soynuevaprensadigital.com\/news1053fm\/wp-json\/wp\/v2\/categories?post=1970"},{"taxonomy":"post_tag","embeddable":true,"href":"https:\/\/soynuevaprensadigital.com\/news1053fm\/wp-json\/wp\/v2\/tags?post=1970"}],"curies":[{"name":"wp","href":"https:\/\/api.w.org\/{rel}","templated":true}]}}