{"id":1976,"date":"2021-04-24T16:01:40","date_gmt":"2021-04-24T20:01:40","guid":{"rendered":"https:\/\/soynuevaprensadigital.com\/news1053fm\/?p=1976"},"modified":"2021-04-24T16:01:40","modified_gmt":"2021-04-24T20:01:40","slug":"capitan-america-tendra-su-cuarta-pelicula","status":"publish","type":"post","link":"https:\/\/soynuevaprensadigital.com\/news1053fm\/capitan-america-tendra-su-cuarta-pelicula\/","title":{"rendered":"Capit\u00e1n Am\u00e9rica tendr\u00e1 su cuarta pel\u00edcula"},"content":{"rendered":"<p style=\"text-align: justify\"><strong>Los \u00c1ngeles.-<\/strong>Marvel est\u00e1 preparando una cuarta pel\u00edcula sobre Capit\u00e1n Am\u00e9rica , una cinta para la que contar\u00e1n con los guionistas Malcolm Spellman y Dalan Musson de la serie \u00abFalcon and the Winter Soldier\u00bb de Disney+.<\/p>\n<p>La revista The Hollywood Reporter detall\u00f3 este viernes los planes de Marvel para uno de sus personajes m\u00e1s populares y que hasta ahora hab\u00eda interpretado en la gran pantalla Chris Evans.<\/p>\n<p>Sin embargo, Evans se retir\u00f3 como Capit\u00e1n Am\u00e9rica con \u00abAvengers: Endgame\u00bb (2019) y no est\u00e1 previsto que regrese en esta cuarta cinta.<\/p>\n<p>Por ahora no hay ning\u00fan actor ni cineasta vinculado a este nuevo proyecto sobre Captain America.<\/p>\n<p>Evans dio vida al superh\u00e9roe del escudo estrellado en \u00abCapit\u00e1n Am\u00e9rica: The First Avenger\u00bb (2011), \u00abCapit\u00e1n Am\u00e9rica: The Winter Soldier\u00bb (2014) y \u00abCapit\u00e1n Am\u00e9rica: Civil War\u00bb (2016).<\/p>\n<p>Esta tercera pel\u00edcula se entendi\u00f3 pr\u00e1cticamente como una entrega m\u00e1s de los Avengers, ya que en ella aparec\u00edan casi todos los personajes del Universo Cinematogr\u00e1fico de Marvel (MCU, en ingl\u00e9s): Iron Man (Robert Downey Jr.), Black Widow (Scarlett Johansson), Hawkeye (Jeremy Renner), Scarlet Witch (Elizabeth Olsen), Vision (Paul Bettany) o un jovenc\u00edsimo y debutante Spider-Man (Tom Holland).<\/p>\n<p>Tras lo ocurrido en \u00abAvengers: Endgame\u00bb, Falcon (Anthony Mackie) se qued\u00f3 con el escudo de Capit\u00e1n Am\u00e9rica (Evans), un aspecto fundamental en la trama de la serie \u00abFalcon and the Winter Soldier\u00bb que est\u00e1 emitiendo Disney+ en estos momentos.<\/p>\n<p>De ah\u00ed que una de las posibilidades para la cuarta pel\u00edcula de Capit\u00e1n Am\u00e9rica sea que Mackie tome el relevo de Evans.<\/p>\n<p>En cualquier caso, la poderosa imagen en \u00abAvengers: Endgame\u00bb de Falcon, un superh\u00e9roe negro, con el escudo de Capit\u00e1n Am\u00e9rica, poco menos que el patriotismo estadounidense encarnado en una figura de Marvel, sirvi\u00f3 para continuar dialogando sobre el racismo en EE.UU. a trav\u00e9s de las pel\u00edculas y series del MCU.<\/p>\n<p>\u00abLa raza es un asunto importante desde que Steve (Evans) le da a Sam (Falcon) el escudo. Sam es un hombre negro en EE.UU. Y si piensas en 2020, ser un hombre negro en EE.UU. significa una existencia turbulenta, por decirlo suavemente\u00bb, argument\u00f3 Mackie en un encuentro con los medios sobre esta nueva serie en el que particip\u00f3 Efe.<\/p>\n<p>\u00abPara Sam la pregunta es c\u00f3mo te levantas y representas a un pa\u00eds que nunca ha luchado por ti, que nunca te ha querido, que nunca te ha permitido la decencia de ser una persona y te ha esclavizado, que ha violado y saqueado b\u00e1sicamente tu tierra natal y tambi\u00e9n esa historia de ti mismo&#8230; \u00bfC\u00f3mo te levantas y representas eso?\u00bb, desarroll\u00f3.<\/p>\n","protected":false},"excerpt":{"rendered":"<p>Los \u00c1ngeles.-Marvel est\u00e1 preparando una cuarta pel\u00edcula sobre Capit\u00e1n Am\u00e9rica , una cinta para la que contar\u00e1n con los guionistas Malcolm Spellman y Dalan Musson de la serie \u00abFalcon and the Winter Soldier\u00bb de Disney+. La revista The Hollywood Reporter detall\u00f3 este viernes los planes de Marvel para uno de sus personajes m\u00e1s populares y [&hellip;]<\/p>\n","protected":false},"author":158,"featured_media":0,"comment_status":"closed","ping_status":"closed","sticky":false,"template":"","format":"standard","meta":{"footnotes":""},"categories":[2,14],"tags":[],"class_list":["post-1976","post","type-post","status-publish","format-standard","hentry","category-featured","category-noticias"],"yoast_head":"<!-- This site is optimized with the Yoast SEO plugin v27.3 - https:\/\/yoast.com\/product\/yoast-seo-wordpress\/ -->\n<title>Capit\u00e1n Am\u00e9rica tendr\u00e1 su cuarta pel\u00edcula - News 105.3 FM<\/title>\n<meta name=\"robots\" content=\"index, follow, max-snippet:-1, max-image-preview:large, max-video-preview:-1\" \/>\n<link rel=\"canonical\" href=\"https:\/\/soynuevaprensadigital.com\/news1053fm\/capitan-america-tendra-su-cuarta-pelicula\/\" \/>\n<meta property=\"og:locale\" content=\"es_ES\" \/>\n<meta property=\"og:type\" content=\"article\" \/>\n<meta property=\"og:title\" content=\"Capit\u00e1n Am\u00e9rica tendr\u00e1 su cuarta pel\u00edcula - News 105.3 FM\" \/>\n<meta property=\"og:description\" content=\"Los \u00c1ngeles.-Marvel est\u00e1 preparando una cuarta pel\u00edcula sobre Capit\u00e1n Am\u00e9rica , una cinta para la que contar\u00e1n con los guionistas Malcolm Spellman y Dalan Musson de la serie \u00abFalcon and the Winter Soldier\u00bb de Disney+. La revista The Hollywood Reporter detall\u00f3 este viernes los planes de Marvel para uno de sus personajes m\u00e1s populares y [&hellip;]\" \/>\n<meta property=\"og:url\" content=\"https:\/\/soynuevaprensadigital.com\/news1053fm\/capitan-america-tendra-su-cuarta-pelicula\/\" \/>\n<meta property=\"og:site_name\" content=\"News 105.3 FM\" \/>\n<meta property=\"article:publisher\" content=\"https:\/\/www.facebook.com\/News1053fm-1655395028099413\/\" \/>\n<meta property=\"article:author\" content=\"https:\/\/www.facebook.com\/AlvisCristinaHe\" \/>\n<meta property=\"article:published_time\" content=\"2021-04-24T20:01:40+00:00\" \/>\n<meta property=\"og:image\" content=\"https:\/\/soynuevaprensadigital.com\/news1053fm\/wp-content\/uploads\/sites\/3\/2021\/04\/e77a42c2e724b332319ca408e333d41ee4884c51w.jpg\" \/>\n\t<meta property=\"og:image:width\" content=\"1920\" \/>\n\t<meta property=\"og:image:height\" content=\"1378\" \/>\n\t<meta property=\"og:image:type\" content=\"image\/jpeg\" \/>\n<meta name=\"author\" content=\"Alvis Cristina Herrera\" \/>\n<meta name=\"twitter:card\" content=\"summary_large_image\" \/>\n<meta name=\"twitter:creator\" content=\"@https:\/\/www.twitter.com\/alviscristinahe\/\" \/>\n<meta name=\"twitter:site\" content=\"@news105_3fm\" \/>\n<meta name=\"twitter:label1\" content=\"Escrito por\" \/>\n\t<meta name=\"twitter:data1\" content=\"Alvis Cristina Herrera\" \/>\n\t<meta name=\"twitter:label2\" content=\"Tiempo de lectura\" \/>\n\t<meta name=\"twitter:data2\" content=\"2 minutos\" \/>\n<script type=\"application\/ld+json\" class=\"yoast-schema-graph\">{\"@context\":\"https:\\\/\\\/schema.org\",\"@graph\":[{\"@type\":\"Article\",\"@id\":\"https:\\\/\\\/soynuevaprensadigital.com\\\/news1053fm\\\/capitan-america-tendra-su-cuarta-pelicula\\\/#article\",\"isPartOf\":{\"@id\":\"https:\\\/\\\/soynuevaprensadigital.com\\\/news1053fm\\\/capitan-america-tendra-su-cuarta-pelicula\\\/\"},\"author\":{\"name\":\"Alvis Cristina Herrera\",\"@id\":\"https:\\\/\\\/soynuevaprensadigital.com\\\/news1053fm\\\/#\\\/schema\\\/person\\\/aa2d09ab130e943e3c7b360a32177538\"},\"headline\":\"Capit\u00e1n Am\u00e9rica tendr\u00e1 su cuarta pel\u00edcula\",\"datePublished\":\"2021-04-24T20:01:40+00:00\",\"mainEntityOfPage\":{\"@id\":\"https:\\\/\\\/soynuevaprensadigital.com\\\/news1053fm\\\/capitan-america-tendra-su-cuarta-pelicula\\\/\"},\"wordCount\":465,\"articleSection\":[\"Featured\",\"Noticias\"],\"inLanguage\":\"es\"},{\"@type\":\"WebPage\",\"@id\":\"https:\\\/\\\/soynuevaprensadigital.com\\\/news1053fm\\\/capitan-america-tendra-su-cuarta-pelicula\\\/\",\"url\":\"https:\\\/\\\/soynuevaprensadigital.com\\\/news1053fm\\\/capitan-america-tendra-su-cuarta-pelicula\\\/\",\"name\":\"Capit\u00e1n Am\u00e9rica tendr\u00e1 su cuarta pel\u00edcula - News 105.3 FM\",\"isPartOf\":{\"@id\":\"https:\\\/\\\/soynuevaprensadigital.com\\\/news1053fm\\\/#website\"},\"datePublished\":\"2021-04-24T20:01:40+00:00\",\"author\":{\"@id\":\"https:\\\/\\\/soynuevaprensadigital.com\\\/news1053fm\\\/#\\\/schema\\\/person\\\/aa2d09ab130e943e3c7b360a32177538\"},\"breadcrumb\":{\"@id\":\"https:\\\/\\\/soynuevaprensadigital.com\\\/news1053fm\\\/capitan-america-tendra-su-cuarta-pelicula\\\/#breadcrumb\"},\"inLanguage\":\"es\",\"potentialAction\":[{\"@type\":\"ReadAction\",\"target\":[\"https:\\\/\\\/soynuevaprensadigital.com\\\/news1053fm\\\/capitan-america-tendra-su-cuarta-pelicula\\\/\"]}]},{\"@type\":\"BreadcrumbList\",\"@id\":\"https:\\\/\\\/soynuevaprensadigital.com\\\/news1053fm\\\/capitan-america-tendra-su-cuarta-pelicula\\\/#breadcrumb\",\"itemListElement\":[{\"@type\":\"ListItem\",\"position\":1,\"name\":\"Portada\",\"item\":\"https:\\\/\\\/soynuevaprensadigital.com\\\/news1053fm\\\/\"},{\"@type\":\"ListItem\",\"position\":2,\"name\":\"Capit\u00e1n Am\u00e9rica tendr\u00e1 su cuarta pel\u00edcula\"}]},{\"@type\":\"WebSite\",\"@id\":\"https:\\\/\\\/soynuevaprensadigital.com\\\/news1053fm\\\/#website\",\"url\":\"https:\\\/\\\/soynuevaprensadigital.com\\\/news1053fm\\\/\",\"name\":\"News 105.3 FM\",\"description\":\"Nuestro compromiso contigo nos permite ofrecerte la radio de mejor calidad, la frecuencia m\u00e1s limpia yel entretenimiento para todos los gustos.\",\"potentialAction\":[{\"@type\":\"SearchAction\",\"target\":{\"@type\":\"EntryPoint\",\"urlTemplate\":\"https:\\\/\\\/soynuevaprensadigital.com\\\/news1053fm\\\/?s={search_term_string}\"},\"query-input\":{\"@type\":\"PropertyValueSpecification\",\"valueRequired\":true,\"valueName\":\"search_term_string\"}}],\"inLanguage\":\"es\"},{\"@type\":\"Person\",\"@id\":\"https:\\\/\\\/soynuevaprensadigital.com\\\/news1053fm\\\/#\\\/schema\\\/person\\\/aa2d09ab130e943e3c7b360a32177538\",\"name\":\"Alvis Cristina Herrera\",\"image\":{\"@type\":\"ImageObject\",\"inLanguage\":\"es\",\"@id\":\"https:\\\/\\\/secure.gravatar.com\\\/avatar\\\/6a4b461595fbd8c4d0947e89062b7b1df5ea5bc6348126d9594f8d0cece5be89?s=96&d=mm&r=g\",\"url\":\"https:\\\/\\\/secure.gravatar.com\\\/avatar\\\/6a4b461595fbd8c4d0947e89062b7b1df5ea5bc6348126d9594f8d0cece5be89?s=96&d=mm&r=g\",\"contentUrl\":\"https:\\\/\\\/secure.gravatar.com\\\/avatar\\\/6a4b461595fbd8c4d0947e89062b7b1df5ea5bc6348126d9594f8d0cece5be89?s=96&d=mm&r=g\",\"caption\":\"Alvis Cristina Herrera\"},\"sameAs\":[\"https:\\\/\\\/www.facebook.com\\\/AlvisCristinaHe\",\"https:\\\/\\\/www.instagram.com\\\/alviscristinahe\\\/\",\"https:\\\/\\\/www.linkedin.com\\\/in\\\/alviscristinahe\\\/\",\"https:\\\/\\\/x.com\\\/https:\\\/\\\/www.twitter.com\\\/alviscristinahe\\\/\"],\"url\":\"https:\\\/\\\/soynuevaprensadigital.com\\\/news1053fm\\\/author\\\/alvisherrera\\\/\"}]}<\/script>\n<!-- \/ Yoast SEO plugin. -->","yoast_head_json":{"title":"Capit\u00e1n Am\u00e9rica tendr\u00e1 su cuarta pel\u00edcula - News 105.3 FM","robots":{"index":"index","follow":"follow","max-snippet":"max-snippet:-1","max-image-preview":"max-image-preview:large","max-video-preview":"max-video-preview:-1"},"canonical":"https:\/\/soynuevaprensadigital.com\/news1053fm\/capitan-america-tendra-su-cuarta-pelicula\/","og_locale":"es_ES","og_type":"article","og_title":"Capit\u00e1n Am\u00e9rica tendr\u00e1 su cuarta pel\u00edcula - News 105.3 FM","og_description":"Los \u00c1ngeles.-Marvel est\u00e1 preparando una cuarta pel\u00edcula sobre Capit\u00e1n Am\u00e9rica , una cinta para la que contar\u00e1n con los guionistas Malcolm Spellman y Dalan Musson de la serie \u00abFalcon and the Winter Soldier\u00bb de Disney+. La revista The Hollywood Reporter detall\u00f3 este viernes los planes de Marvel para uno de sus personajes m\u00e1s populares y [&hellip;]","og_url":"https:\/\/soynuevaprensadigital.com\/news1053fm\/capitan-america-tendra-su-cuarta-pelicula\/","og_site_name":"News 105.3 FM","article_publisher":"https:\/\/www.facebook.com\/News1053fm-1655395028099413\/","article_author":"https:\/\/www.facebook.com\/AlvisCristinaHe","article_published_time":"2021-04-24T20:01:40+00:00","og_image":[{"width":1920,"height":1378,"url":"https:\/\/soynuevaprensadigital.com\/news1053fm\/wp-content\/uploads\/sites\/3\/2021\/04\/e77a42c2e724b332319ca408e333d41ee4884c51w.jpg","type":"image\/jpeg"}],"author":"Alvis Cristina Herrera","twitter_card":"summary_large_image","twitter_creator":"@https:\/\/www.twitter.com\/alviscristinahe\/","twitter_site":"@news105_3fm","twitter_misc":{"Escrito por":"Alvis Cristina Herrera","Tiempo de lectura":"2 minutos"},"schema":{"@context":"https:\/\/schema.org","@graph":[{"@type":"Article","@id":"https:\/\/soynuevaprensadigital.com\/news1053fm\/capitan-america-tendra-su-cuarta-pelicula\/#article","isPartOf":{"@id":"https:\/\/soynuevaprensadigital.com\/news1053fm\/capitan-america-tendra-su-cuarta-pelicula\/"},"author":{"name":"Alvis Cristina Herrera","@id":"https:\/\/soynuevaprensadigital.com\/news1053fm\/#\/schema\/person\/aa2d09ab130e943e3c7b360a32177538"},"headline":"Capit\u00e1n Am\u00e9rica tendr\u00e1 su cuarta pel\u00edcula","datePublished":"2021-04-24T20:01:40+00:00","mainEntityOfPage":{"@id":"https:\/\/soynuevaprensadigital.com\/news1053fm\/capitan-america-tendra-su-cuarta-pelicula\/"},"wordCount":465,"articleSection":["Featured","Noticias"],"inLanguage":"es"},{"@type":"WebPage","@id":"https:\/\/soynuevaprensadigital.com\/news1053fm\/capitan-america-tendra-su-cuarta-pelicula\/","url":"https:\/\/soynuevaprensadigital.com\/news1053fm\/capitan-america-tendra-su-cuarta-pelicula\/","name":"Capit\u00e1n Am\u00e9rica tendr\u00e1 su cuarta pel\u00edcula - News 105.3 FM","isPartOf":{"@id":"https:\/\/soynuevaprensadigital.com\/news1053fm\/#website"},"datePublished":"2021-04-24T20:01:40+00:00","author":{"@id":"https:\/\/soynuevaprensadigital.com\/news1053fm\/#\/schema\/person\/aa2d09ab130e943e3c7b360a32177538"},"breadcrumb":{"@id":"https:\/\/soynuevaprensadigital.com\/news1053fm\/capitan-america-tendra-su-cuarta-pelicula\/#breadcrumb"},"inLanguage":"es","potentialAction":[{"@type":"ReadAction","target":["https:\/\/soynuevaprensadigital.com\/news1053fm\/capitan-america-tendra-su-cuarta-pelicula\/"]}]},{"@type":"BreadcrumbList","@id":"https:\/\/soynuevaprensadigital.com\/news1053fm\/capitan-america-tendra-su-cuarta-pelicula\/#breadcrumb","itemListElement":[{"@type":"ListItem","position":1,"name":"Portada","item":"https:\/\/soynuevaprensadigital.com\/news1053fm\/"},{"@type":"ListItem","position":2,"name":"Capit\u00e1n Am\u00e9rica tendr\u00e1 su cuarta pel\u00edcula"}]},{"@type":"WebSite","@id":"https:\/\/soynuevaprensadigital.com\/news1053fm\/#website","url":"https:\/\/soynuevaprensadigital.com\/news1053fm\/","name":"News 105.3 FM","description":"Nuestro compromiso contigo nos permite ofrecerte la radio de mejor calidad, la frecuencia m\u00e1s limpia yel entretenimiento para todos los gustos.","potentialAction":[{"@type":"SearchAction","target":{"@type":"EntryPoint","urlTemplate":"https:\/\/soynuevaprensadigital.com\/news1053fm\/?s={search_term_string}"},"query-input":{"@type":"PropertyValueSpecification","valueRequired":true,"valueName":"search_term_string"}}],"inLanguage":"es"},{"@type":"Person","@id":"https:\/\/soynuevaprensadigital.com\/news1053fm\/#\/schema\/person\/aa2d09ab130e943e3c7b360a32177538","name":"Alvis Cristina Herrera","image":{"@type":"ImageObject","inLanguage":"es","@id":"https:\/\/secure.gravatar.com\/avatar\/6a4b461595fbd8c4d0947e89062b7b1df5ea5bc6348126d9594f8d0cece5be89?s=96&d=mm&r=g","url":"https:\/\/secure.gravatar.com\/avatar\/6a4b461595fbd8c4d0947e89062b7b1df5ea5bc6348126d9594f8d0cece5be89?s=96&d=mm&r=g","contentUrl":"https:\/\/secure.gravatar.com\/avatar\/6a4b461595fbd8c4d0947e89062b7b1df5ea5bc6348126d9594f8d0cece5be89?s=96&d=mm&r=g","caption":"Alvis Cristina Herrera"},"sameAs":["https:\/\/www.facebook.com\/AlvisCristinaHe","https:\/\/www.instagram.com\/alviscristinahe\/","https:\/\/www.linkedin.com\/in\/alviscristinahe\/","https:\/\/x.com\/https:\/\/www.twitter.com\/alviscristinahe\/"],"url":"https:\/\/soynuevaprensadigital.com\/news1053fm\/author\/alvisherrera\/"}]}},"_links":{"self":[{"href":"https:\/\/soynuevaprensadigital.com\/news1053fm\/wp-json\/wp\/v2\/posts\/1976","targetHints":{"allow":["GET"]}}],"collection":[{"href":"https:\/\/soynuevaprensadigital.com\/news1053fm\/wp-json\/wp\/v2\/posts"}],"about":[{"href":"https:\/\/soynuevaprensadigital.com\/news1053fm\/wp-json\/wp\/v2\/types\/post"}],"author":[{"embeddable":true,"href":"https:\/\/soynuevaprensadigital.com\/news1053fm\/wp-json\/wp\/v2\/users\/158"}],"replies":[{"embeddable":true,"href":"https:\/\/soynuevaprensadigital.com\/news1053fm\/wp-json\/wp\/v2\/comments?post=1976"}],"version-history":[{"count":0,"href":"https:\/\/soynuevaprensadigital.com\/news1053fm\/wp-json\/wp\/v2\/posts\/1976\/revisions"}],"wp:attachment":[{"href":"https:\/\/soynuevaprensadigital.com\/news1053fm\/wp-json\/wp\/v2\/media?parent=1976"}],"wp:term":[{"taxonomy":"category","embeddable":true,"href":"https:\/\/soynuevaprensadigital.com\/news1053fm\/wp-json\/wp\/v2\/categories?post=1976"},{"taxonomy":"post_tag","embeddable":true,"href":"https:\/\/soynuevaprensadigital.com\/news1053fm\/wp-json\/wp\/v2\/tags?post=1976"}],"curies":[{"name":"wp","href":"https:\/\/api.w.org\/{rel}","templated":true}]}}