{"id":1978,"date":"2021-04-24T16:05:12","date_gmt":"2021-04-24T20:05:12","guid":{"rendered":"https:\/\/soynuevaprensadigital.com\/news1053fm\/?p=1978"},"modified":"2021-04-24T16:05:12","modified_gmt":"2021-04-24T20:05:12","slug":"fallecio-el-historico-realizador-chileno-hugo-stuven-a-los-80-anos","status":"publish","type":"post","link":"https:\/\/soynuevaprensadigital.com\/news1053fm\/fallecio-el-historico-realizador-chileno-hugo-stuven-a-los-80-anos\/","title":{"rendered":"Falleci\u00f3 el hist\u00f3rico realizador chileno, Hugo Stuven a los 80 a\u00f1os"},"content":{"rendered":"<p style=\"text-align: justify\"><strong>Madrid.-<\/strong>El productor y realizador chileno Hugo Stuven, que estuvo ligado a Televisi\u00f3n Espa\u00f1ola durante casi tres d\u00e9cadas, muri\u00f3 este s\u00e1bado a los 80 a\u00f1os, seg\u00fan inform\u00f3 la radiotelevisi\u00f3n p\u00fablica estatal (RTVE) en un comunicado.<\/p>\n<p>La directora del \u00c1rea de Entretenimiento de TVE, To\u00f1i Prieto, destaca de Stuven su capacidad para innovar y ser \u00abun referente\u00bb en la profesi\u00f3n.<\/p>\n<p>\u00abHugo era un gran profesional y un innovador en su profesi\u00f3n. Ha sido y ser\u00e1 un referente para los profesionales de todas las televisiones. Una gran persona y compa\u00f1ero\u00bb, subraya.<\/p>\n<p>Samuel Mart\u00edn Mateos, director de la segunda cadena de TVE, lo define como \u00abun maestro de realizadores, activo hasta el final\u00bb, un \u00abverdadero ejemplo para todos los que hacemos televisi\u00f3n\u00bb.<\/p>\n<p>Stuven, que recibi\u00f3 el Premio de la Academia de las Ciencias y las Artes de Televisi\u00f3n en 2007, comenz\u00f3 su carrera en RTVE en 1966 como regidor; posteriormente, ya como ayudante de realizaci\u00f3n, colabor\u00f3 con profesionales espa\u00f1oles como Pilar Mir\u00f3, Pedro Amalio L\u00f3pez y Fernando Navarrete.<\/p>\n<p>Desde mediados de la d\u00e9cada de los a\u00f1os setenta inici\u00f3 su trayectoria como realizador, al frente de programas como \u00abM\u00e1s all\u00e1\u00bb, sobre casos de misterio.<\/p>\n<p>Pero fue en los programas musicales donde demostr\u00f3 todas sus habilidades, en espacios que llevan su marca personal, como \u00abVoces a 45\u00bb (1975-1976), \u00abAplauso\u00bb (1978-1982); o conciertos como \u00abRock and R\u00edos\u00bb, del cantante Miguel R\u00edos; \u00abEspecial Serrat\u00bb o \u00abConcierto de Miguel Bos\u00e9\u00bb, recuerda RTVE.<\/p>\n<p>En la d\u00e9cada de los ochenta dirigi\u00f3 \u00abComo Pedro por su casa\u00bb (1985), con el humorista Pedro Ruiz, y los especiales de Nochevieja de 1987, 1988 y 1989.<\/p>\n<p>En 1987 fue nombrado por Pilar Mir\u00f3 (entonces directora general de RTVE), jefe de la secci\u00f3n de Dise\u00f1o y Promociones de TVE; entre 1989 y 1991 dirigi\u00f3 los espacios \u00abPero&#8230; \u00bfesto qu\u00e9 es?\u00bb, y \u00abCaliente\u00bb.<\/p>\n<p>Autor del libro autobiogr\u00e1fico \u00abQui\u00e9n te ha visto y qui\u00e9n T.VE Historias de mi tele\u00bb (2007), Stuven sigui\u00f3 trabajando en televisi\u00f3n en cadenas privadas y, en su \u00faltima etapa profesional se puso al frente de varios documentales.<\/p>\n<p>El \u00faltimo fue \u00abLa voz de la Ca\u00f1ada\u00bb, una producci\u00f3n sin \u00e1nimo de lucro para la Fundaci\u00f3n VOCES en coproducci\u00f3n con TVE y la Sociedad General de Autores y Editores, con la colaboraci\u00f3n del Instituto de TVE y alumnos voluntarios.<\/p>\n","protected":false},"excerpt":{"rendered":"<p>Madrid.-El productor y realizador chileno Hugo Stuven, que estuvo ligado a Televisi\u00f3n Espa\u00f1ola durante casi tres d\u00e9cadas, muri\u00f3 este s\u00e1bado a los 80 a\u00f1os, seg\u00fan inform\u00f3 la radiotelevisi\u00f3n p\u00fablica estatal (RTVE) en un comunicado. La directora del \u00c1rea de Entretenimiento de TVE, To\u00f1i Prieto, destaca de Stuven su capacidad para innovar y ser \u00abun referente\u00bb [&hellip;]<\/p>\n","protected":false},"author":158,"featured_media":0,"comment_status":"closed","ping_status":"closed","sticky":false,"template":"","format":"standard","meta":{"footnotes":""},"categories":[2,14],"tags":[],"class_list":["post-1978","post","type-post","status-publish","format-standard","hentry","category-featured","category-noticias"],"yoast_head":"<!-- This site is optimized with the Yoast SEO plugin v27.3 - https:\/\/yoast.com\/product\/yoast-seo-wordpress\/ -->\n<title>Falleci\u00f3 el hist\u00f3rico realizador chileno, Hugo Stuven a los 80 a\u00f1os - News 105.3 FM<\/title>\n<meta name=\"robots\" content=\"index, follow, max-snippet:-1, max-image-preview:large, max-video-preview:-1\" \/>\n<link rel=\"canonical\" href=\"https:\/\/soynuevaprensadigital.com\/news1053fm\/fallecio-el-historico-realizador-chileno-hugo-stuven-a-los-80-anos\/\" \/>\n<meta property=\"og:locale\" content=\"es_ES\" \/>\n<meta property=\"og:type\" content=\"article\" \/>\n<meta property=\"og:title\" content=\"Falleci\u00f3 el hist\u00f3rico realizador chileno, Hugo Stuven a los 80 a\u00f1os - News 105.3 FM\" \/>\n<meta property=\"og:description\" content=\"Madrid.-El productor y realizador chileno Hugo Stuven, que estuvo ligado a Televisi\u00f3n Espa\u00f1ola durante casi tres d\u00e9cadas, muri\u00f3 este s\u00e1bado a los 80 a\u00f1os, seg\u00fan inform\u00f3 la radiotelevisi\u00f3n p\u00fablica estatal (RTVE) en un comunicado. La directora del \u00c1rea de Entretenimiento de TVE, To\u00f1i Prieto, destaca de Stuven su capacidad para innovar y ser \u00abun referente\u00bb [&hellip;]\" \/>\n<meta property=\"og:url\" content=\"https:\/\/soynuevaprensadigital.com\/news1053fm\/fallecio-el-historico-realizador-chileno-hugo-stuven-a-los-80-anos\/\" \/>\n<meta property=\"og:site_name\" content=\"News 105.3 FM\" \/>\n<meta property=\"article:publisher\" content=\"https:\/\/www.facebook.com\/News1053fm-1655395028099413\/\" \/>\n<meta property=\"article:author\" content=\"https:\/\/www.facebook.com\/AlvisCristinaHe\" \/>\n<meta property=\"article:published_time\" content=\"2021-04-24T20:05:12+00:00\" \/>\n<meta property=\"og:image\" content=\"https:\/\/soynuevaprensadigital.com\/news1053fm\/wp-content\/uploads\/sites\/3\/2021\/04\/f794b36c0be28e06b76ff936971c38fc0ee71956w.jpg\" \/>\n\t<meta property=\"og:image:width\" content=\"1448\" \/>\n\t<meta property=\"og:image:height\" content=\"1919\" \/>\n\t<meta property=\"og:image:type\" content=\"image\/jpeg\" \/>\n<meta name=\"author\" content=\"Alvis Cristina Herrera\" \/>\n<meta name=\"twitter:card\" content=\"summary_large_image\" \/>\n<meta name=\"twitter:creator\" content=\"@https:\/\/www.twitter.com\/alviscristinahe\/\" \/>\n<meta name=\"twitter:site\" content=\"@news105_3fm\" \/>\n<meta name=\"twitter:label1\" content=\"Escrito por\" \/>\n\t<meta name=\"twitter:data1\" content=\"Alvis Cristina Herrera\" \/>\n\t<meta name=\"twitter:label2\" content=\"Tiempo de lectura\" \/>\n\t<meta name=\"twitter:data2\" content=\"2 minutos\" \/>\n<script type=\"application\/ld+json\" class=\"yoast-schema-graph\">{\"@context\":\"https:\\\/\\\/schema.org\",\"@graph\":[{\"@type\":\"Article\",\"@id\":\"https:\\\/\\\/soynuevaprensadigital.com\\\/news1053fm\\\/fallecio-el-historico-realizador-chileno-hugo-stuven-a-los-80-anos\\\/#article\",\"isPartOf\":{\"@id\":\"https:\\\/\\\/soynuevaprensadigital.com\\\/news1053fm\\\/fallecio-el-historico-realizador-chileno-hugo-stuven-a-los-80-anos\\\/\"},\"author\":{\"name\":\"Alvis Cristina Herrera\",\"@id\":\"https:\\\/\\\/soynuevaprensadigital.com\\\/news1053fm\\\/#\\\/schema\\\/person\\\/aa2d09ab130e943e3c7b360a32177538\"},\"headline\":\"Falleci\u00f3 el hist\u00f3rico realizador chileno, Hugo Stuven a los 80 a\u00f1os\",\"datePublished\":\"2021-04-24T20:05:12+00:00\",\"mainEntityOfPage\":{\"@id\":\"https:\\\/\\\/soynuevaprensadigital.com\\\/news1053fm\\\/fallecio-el-historico-realizador-chileno-hugo-stuven-a-los-80-anos\\\/\"},\"wordCount\":410,\"articleSection\":[\"Featured\",\"Noticias\"],\"inLanguage\":\"es\"},{\"@type\":\"WebPage\",\"@id\":\"https:\\\/\\\/soynuevaprensadigital.com\\\/news1053fm\\\/fallecio-el-historico-realizador-chileno-hugo-stuven-a-los-80-anos\\\/\",\"url\":\"https:\\\/\\\/soynuevaprensadigital.com\\\/news1053fm\\\/fallecio-el-historico-realizador-chileno-hugo-stuven-a-los-80-anos\\\/\",\"name\":\"Falleci\u00f3 el hist\u00f3rico realizador chileno, Hugo Stuven a los 80 a\u00f1os - News 105.3 FM\",\"isPartOf\":{\"@id\":\"https:\\\/\\\/soynuevaprensadigital.com\\\/news1053fm\\\/#website\"},\"datePublished\":\"2021-04-24T20:05:12+00:00\",\"author\":{\"@id\":\"https:\\\/\\\/soynuevaprensadigital.com\\\/news1053fm\\\/#\\\/schema\\\/person\\\/aa2d09ab130e943e3c7b360a32177538\"},\"breadcrumb\":{\"@id\":\"https:\\\/\\\/soynuevaprensadigital.com\\\/news1053fm\\\/fallecio-el-historico-realizador-chileno-hugo-stuven-a-los-80-anos\\\/#breadcrumb\"},\"inLanguage\":\"es\",\"potentialAction\":[{\"@type\":\"ReadAction\",\"target\":[\"https:\\\/\\\/soynuevaprensadigital.com\\\/news1053fm\\\/fallecio-el-historico-realizador-chileno-hugo-stuven-a-los-80-anos\\\/\"]}]},{\"@type\":\"BreadcrumbList\",\"@id\":\"https:\\\/\\\/soynuevaprensadigital.com\\\/news1053fm\\\/fallecio-el-historico-realizador-chileno-hugo-stuven-a-los-80-anos\\\/#breadcrumb\",\"itemListElement\":[{\"@type\":\"ListItem\",\"position\":1,\"name\":\"Portada\",\"item\":\"https:\\\/\\\/soynuevaprensadigital.com\\\/news1053fm\\\/\"},{\"@type\":\"ListItem\",\"position\":2,\"name\":\"Falleci\u00f3 el hist\u00f3rico realizador chileno, Hugo Stuven a los 80 a\u00f1os\"}]},{\"@type\":\"WebSite\",\"@id\":\"https:\\\/\\\/soynuevaprensadigital.com\\\/news1053fm\\\/#website\",\"url\":\"https:\\\/\\\/soynuevaprensadigital.com\\\/news1053fm\\\/\",\"name\":\"News 105.3 FM\",\"description\":\"Nuestro compromiso contigo nos permite ofrecerte la radio de mejor calidad, la frecuencia m\u00e1s limpia yel entretenimiento para todos los gustos.\",\"potentialAction\":[{\"@type\":\"SearchAction\",\"target\":{\"@type\":\"EntryPoint\",\"urlTemplate\":\"https:\\\/\\\/soynuevaprensadigital.com\\\/news1053fm\\\/?s={search_term_string}\"},\"query-input\":{\"@type\":\"PropertyValueSpecification\",\"valueRequired\":true,\"valueName\":\"search_term_string\"}}],\"inLanguage\":\"es\"},{\"@type\":\"Person\",\"@id\":\"https:\\\/\\\/soynuevaprensadigital.com\\\/news1053fm\\\/#\\\/schema\\\/person\\\/aa2d09ab130e943e3c7b360a32177538\",\"name\":\"Alvis Cristina Herrera\",\"image\":{\"@type\":\"ImageObject\",\"inLanguage\":\"es\",\"@id\":\"https:\\\/\\\/secure.gravatar.com\\\/avatar\\\/6a4b461595fbd8c4d0947e89062b7b1df5ea5bc6348126d9594f8d0cece5be89?s=96&d=mm&r=g\",\"url\":\"https:\\\/\\\/secure.gravatar.com\\\/avatar\\\/6a4b461595fbd8c4d0947e89062b7b1df5ea5bc6348126d9594f8d0cece5be89?s=96&d=mm&r=g\",\"contentUrl\":\"https:\\\/\\\/secure.gravatar.com\\\/avatar\\\/6a4b461595fbd8c4d0947e89062b7b1df5ea5bc6348126d9594f8d0cece5be89?s=96&d=mm&r=g\",\"caption\":\"Alvis Cristina Herrera\"},\"sameAs\":[\"https:\\\/\\\/www.facebook.com\\\/AlvisCristinaHe\",\"https:\\\/\\\/www.instagram.com\\\/alviscristinahe\\\/\",\"https:\\\/\\\/www.linkedin.com\\\/in\\\/alviscristinahe\\\/\",\"https:\\\/\\\/x.com\\\/https:\\\/\\\/www.twitter.com\\\/alviscristinahe\\\/\"],\"url\":\"https:\\\/\\\/soynuevaprensadigital.com\\\/news1053fm\\\/author\\\/alvisherrera\\\/\"}]}<\/script>\n<!-- \/ Yoast SEO plugin. -->","yoast_head_json":{"title":"Falleci\u00f3 el hist\u00f3rico realizador chileno, Hugo Stuven a los 80 a\u00f1os - News 105.3 FM","robots":{"index":"index","follow":"follow","max-snippet":"max-snippet:-1","max-image-preview":"max-image-preview:large","max-video-preview":"max-video-preview:-1"},"canonical":"https:\/\/soynuevaprensadigital.com\/news1053fm\/fallecio-el-historico-realizador-chileno-hugo-stuven-a-los-80-anos\/","og_locale":"es_ES","og_type":"article","og_title":"Falleci\u00f3 el hist\u00f3rico realizador chileno, Hugo Stuven a los 80 a\u00f1os - News 105.3 FM","og_description":"Madrid.-El productor y realizador chileno Hugo Stuven, que estuvo ligado a Televisi\u00f3n Espa\u00f1ola durante casi tres d\u00e9cadas, muri\u00f3 este s\u00e1bado a los 80 a\u00f1os, seg\u00fan inform\u00f3 la radiotelevisi\u00f3n p\u00fablica estatal (RTVE) en un comunicado. La directora del \u00c1rea de Entretenimiento de TVE, To\u00f1i Prieto, destaca de Stuven su capacidad para innovar y ser \u00abun referente\u00bb [&hellip;]","og_url":"https:\/\/soynuevaprensadigital.com\/news1053fm\/fallecio-el-historico-realizador-chileno-hugo-stuven-a-los-80-anos\/","og_site_name":"News 105.3 FM","article_publisher":"https:\/\/www.facebook.com\/News1053fm-1655395028099413\/","article_author":"https:\/\/www.facebook.com\/AlvisCristinaHe","article_published_time":"2021-04-24T20:05:12+00:00","og_image":[{"width":1448,"height":1919,"url":"https:\/\/soynuevaprensadigital.com\/news1053fm\/wp-content\/uploads\/sites\/3\/2021\/04\/f794b36c0be28e06b76ff936971c38fc0ee71956w.jpg","type":"image\/jpeg"}],"author":"Alvis Cristina Herrera","twitter_card":"summary_large_image","twitter_creator":"@https:\/\/www.twitter.com\/alviscristinahe\/","twitter_site":"@news105_3fm","twitter_misc":{"Escrito por":"Alvis Cristina Herrera","Tiempo de lectura":"2 minutos"},"schema":{"@context":"https:\/\/schema.org","@graph":[{"@type":"Article","@id":"https:\/\/soynuevaprensadigital.com\/news1053fm\/fallecio-el-historico-realizador-chileno-hugo-stuven-a-los-80-anos\/#article","isPartOf":{"@id":"https:\/\/soynuevaprensadigital.com\/news1053fm\/fallecio-el-historico-realizador-chileno-hugo-stuven-a-los-80-anos\/"},"author":{"name":"Alvis Cristina Herrera","@id":"https:\/\/soynuevaprensadigital.com\/news1053fm\/#\/schema\/person\/aa2d09ab130e943e3c7b360a32177538"},"headline":"Falleci\u00f3 el hist\u00f3rico realizador chileno, Hugo Stuven a los 80 a\u00f1os","datePublished":"2021-04-24T20:05:12+00:00","mainEntityOfPage":{"@id":"https:\/\/soynuevaprensadigital.com\/news1053fm\/fallecio-el-historico-realizador-chileno-hugo-stuven-a-los-80-anos\/"},"wordCount":410,"articleSection":["Featured","Noticias"],"inLanguage":"es"},{"@type":"WebPage","@id":"https:\/\/soynuevaprensadigital.com\/news1053fm\/fallecio-el-historico-realizador-chileno-hugo-stuven-a-los-80-anos\/","url":"https:\/\/soynuevaprensadigital.com\/news1053fm\/fallecio-el-historico-realizador-chileno-hugo-stuven-a-los-80-anos\/","name":"Falleci\u00f3 el hist\u00f3rico realizador chileno, Hugo Stuven a los 80 a\u00f1os - News 105.3 FM","isPartOf":{"@id":"https:\/\/soynuevaprensadigital.com\/news1053fm\/#website"},"datePublished":"2021-04-24T20:05:12+00:00","author":{"@id":"https:\/\/soynuevaprensadigital.com\/news1053fm\/#\/schema\/person\/aa2d09ab130e943e3c7b360a32177538"},"breadcrumb":{"@id":"https:\/\/soynuevaprensadigital.com\/news1053fm\/fallecio-el-historico-realizador-chileno-hugo-stuven-a-los-80-anos\/#breadcrumb"},"inLanguage":"es","potentialAction":[{"@type":"ReadAction","target":["https:\/\/soynuevaprensadigital.com\/news1053fm\/fallecio-el-historico-realizador-chileno-hugo-stuven-a-los-80-anos\/"]}]},{"@type":"BreadcrumbList","@id":"https:\/\/soynuevaprensadigital.com\/news1053fm\/fallecio-el-historico-realizador-chileno-hugo-stuven-a-los-80-anos\/#breadcrumb","itemListElement":[{"@type":"ListItem","position":1,"name":"Portada","item":"https:\/\/soynuevaprensadigital.com\/news1053fm\/"},{"@type":"ListItem","position":2,"name":"Falleci\u00f3 el hist\u00f3rico realizador chileno, Hugo Stuven a los 80 a\u00f1os"}]},{"@type":"WebSite","@id":"https:\/\/soynuevaprensadigital.com\/news1053fm\/#website","url":"https:\/\/soynuevaprensadigital.com\/news1053fm\/","name":"News 105.3 FM","description":"Nuestro compromiso contigo nos permite ofrecerte la radio de mejor calidad, la frecuencia m\u00e1s limpia yel entretenimiento para todos los gustos.","potentialAction":[{"@type":"SearchAction","target":{"@type":"EntryPoint","urlTemplate":"https:\/\/soynuevaprensadigital.com\/news1053fm\/?s={search_term_string}"},"query-input":{"@type":"PropertyValueSpecification","valueRequired":true,"valueName":"search_term_string"}}],"inLanguage":"es"},{"@type":"Person","@id":"https:\/\/soynuevaprensadigital.com\/news1053fm\/#\/schema\/person\/aa2d09ab130e943e3c7b360a32177538","name":"Alvis Cristina Herrera","image":{"@type":"ImageObject","inLanguage":"es","@id":"https:\/\/secure.gravatar.com\/avatar\/6a4b461595fbd8c4d0947e89062b7b1df5ea5bc6348126d9594f8d0cece5be89?s=96&d=mm&r=g","url":"https:\/\/secure.gravatar.com\/avatar\/6a4b461595fbd8c4d0947e89062b7b1df5ea5bc6348126d9594f8d0cece5be89?s=96&d=mm&r=g","contentUrl":"https:\/\/secure.gravatar.com\/avatar\/6a4b461595fbd8c4d0947e89062b7b1df5ea5bc6348126d9594f8d0cece5be89?s=96&d=mm&r=g","caption":"Alvis Cristina Herrera"},"sameAs":["https:\/\/www.facebook.com\/AlvisCristinaHe","https:\/\/www.instagram.com\/alviscristinahe\/","https:\/\/www.linkedin.com\/in\/alviscristinahe\/","https:\/\/x.com\/https:\/\/www.twitter.com\/alviscristinahe\/"],"url":"https:\/\/soynuevaprensadigital.com\/news1053fm\/author\/alvisherrera\/"}]}},"_links":{"self":[{"href":"https:\/\/soynuevaprensadigital.com\/news1053fm\/wp-json\/wp\/v2\/posts\/1978","targetHints":{"allow":["GET"]}}],"collection":[{"href":"https:\/\/soynuevaprensadigital.com\/news1053fm\/wp-json\/wp\/v2\/posts"}],"about":[{"href":"https:\/\/soynuevaprensadigital.com\/news1053fm\/wp-json\/wp\/v2\/types\/post"}],"author":[{"embeddable":true,"href":"https:\/\/soynuevaprensadigital.com\/news1053fm\/wp-json\/wp\/v2\/users\/158"}],"replies":[{"embeddable":true,"href":"https:\/\/soynuevaprensadigital.com\/news1053fm\/wp-json\/wp\/v2\/comments?post=1978"}],"version-history":[{"count":0,"href":"https:\/\/soynuevaprensadigital.com\/news1053fm\/wp-json\/wp\/v2\/posts\/1978\/revisions"}],"wp:attachment":[{"href":"https:\/\/soynuevaprensadigital.com\/news1053fm\/wp-json\/wp\/v2\/media?parent=1978"}],"wp:term":[{"taxonomy":"category","embeddable":true,"href":"https:\/\/soynuevaprensadigital.com\/news1053fm\/wp-json\/wp\/v2\/categories?post=1978"},{"taxonomy":"post_tag","embeddable":true,"href":"https:\/\/soynuevaprensadigital.com\/news1053fm\/wp-json\/wp\/v2\/tags?post=1978"}],"curies":[{"name":"wp","href":"https:\/\/api.w.org\/{rel}","templated":true}]}}