{"id":1986,"date":"2021-04-26T14:34:53","date_gmt":"2021-04-26T18:34:53","guid":{"rendered":"https:\/\/soynuevaprensadigital.com\/news1053fm\/?p=1986"},"modified":"2021-04-26T15:26:28","modified_gmt":"2021-04-26T19:26:28","slug":"efemerides-deportivas-25-de-abril-el-jinete-ramon-dominguez-se-convirtio-en-el-primer-venezolano-en-ser-elegido-al-salon-de-la-fama-del-hipismo-estadounidense","status":"publish","type":"post","link":"https:\/\/soynuevaprensadigital.com\/news1053fm\/efemerides-deportivas-25-de-abril-el-jinete-ramon-dominguez-se-convirtio-en-el-primer-venezolano-en-ser-elegido-al-salon-de-la-fama-del-hipismo-estadounidense\/","title":{"rendered":"Efem\u00e9rides Deportivas 25 de abril: El jinete Ram\u00f3n Dom\u00ednguez, se convirti\u00f3 en el primer venezolano en ser elegido al Sal\u00f3n de la Fama del hipismo estadounidense"},"content":{"rendered":"<p><strong>Ciudad Guayana.-<\/strong>El jinete venezolano Ram\u00f3n Dom\u00ednguez, quien acumul\u00f3 4.985 carreras hasta que debi\u00f3 retirarse en 2013 tras sufrir un grave accidente, fue elegido el un d\u00eda como hoy, para ingresar al Sal\u00f3n de la Fama del hipismo de Estados Unidos.<\/p>\n<p>Dom\u00ednguez, que ten\u00eda 39 a\u00f1os, fue exaltado junto al preparador Steve Asmussen y los purasangres Rachel Alexandra y Zenyatta.<\/p>\n<p>Nacido en Caracas, Ram\u00f3n Dom\u00ednguez acumul\u00f3 ganancias de 191.620.277 d\u00f3lares durante 1996-2013 antes de sufrir una fractura en el cr\u00e1neo en una ca\u00edda en enero de 2013. Su monta, Convocation, tropez\u00f3 y cay\u00f3 en el hip\u00f3dromo de Aqueduct, y Dom\u00ednguez acab\u00f3 tirado en la pista.<\/p>\n<p>La lesi\u00f3n puso fin a una brillante carrera.<\/p>\n<p>El Sal\u00f3n de la Fama decidi\u00f3 prescindir del requisito de los 20 a\u00f1os para que Dom\u00ednguez fuese considerado. Dom\u00ednguez gan\u00f3 tres veces seguidas el premio Eclipse 2010-12. Fue el l\u00edder de ganancias en Estados Unidas en cada uno de esos a\u00f1os, fijando un r\u00e9cord de 25.639.432 en 2012. Tambi\u00e9n gan\u00f3 20 t\u00edtulos en el circuito de Nueva York, incluyendo un r\u00e9cord de 68 triunfos en Saratoga en 2012.<\/p>\n<p>Rachel Alexander derrot\u00f3 a Mine That Bird, ganador del Kentucky Derby de 2009, en el Preakness.<\/p>\n<p>Zenyatta, el mejor caballo de 2010, gan\u00f3 19 de 20 carreras y acumul\u00f3 ganancias de 7,3 millones de d\u00f3lares.<\/p>\n<p>Asmussen fue el preparador de Rachel Alexander al recibir el premio al mejor purasangre de 2009. Figura segundo en la lista hist\u00f3rica con 7.280 victorias y cuarto en ganancias con 241 millones de d\u00f3lares desde que inici\u00f3 su trayectoria en 1986.<\/p>\n<p>La ceremonia de exaltaci\u00f3n se celebr\u00f3 el 12 de agosto de ese mismo a\u00f1o en Saratoga Springs.<\/p>\n","protected":false},"excerpt":{"rendered":"<p>Ciudad Guayana.-El jinete venezolano Ram\u00f3n Dom\u00ednguez, quien acumul\u00f3 4.985 carreras hasta que debi\u00f3 retirarse en 2013 tras sufrir un grave accidente, fue elegido el un d\u00eda como hoy, para ingresar al Sal\u00f3n de la Fama del hipismo de Estados Unidos. Dom\u00ednguez, que ten\u00eda 39 a\u00f1os, fue exaltado junto al preparador Steve Asmussen y los purasangres [&hellip;]<\/p>\n","protected":false},"author":158,"featured_media":0,"comment_status":"closed","ping_status":"closed","sticky":false,"template":"","format":"standard","meta":{"footnotes":""},"categories":[2,19],"tags":[],"class_list":["post-1986","post","type-post","status-publish","format-standard","hentry","category-featured","category-mundo-deportivo"],"yoast_head":"<!-- This site is optimized with the Yoast SEO plugin v27.3 - https:\/\/yoast.com\/product\/yoast-seo-wordpress\/ -->\n<title>Efem\u00e9rides Deportivas 25 de abril: El jinete Ram\u00f3n Dom\u00ednguez, se convirti\u00f3 en el primer venezolano en ser elegido al Sal\u00f3n de la Fama del hipismo estadounidense - News 105.3 FM<\/title>\n<meta name=\"description\" content=\"Nacido en Caracas, Ram\u00f3n Dom\u00ednguez acumul\u00f3 ganancias de 191 d\u00f3lares durante 1996-2013 antes de sufrir una fractura en el cr\u00e1neo en una ca\u00edda\" \/>\n<meta name=\"robots\" content=\"index, follow, max-snippet:-1, max-image-preview:large, max-video-preview:-1\" \/>\n<link rel=\"canonical\" href=\"https:\/\/soynuevaprensadigital.com\/news1053fm\/efemerides-deportivas-25-de-abril-el-jinete-ramon-dominguez-se-convirtio-en-el-primer-venezolano-en-ser-elegido-al-salon-de-la-fama-del-hipismo-estadounidense\/\" \/>\n<meta property=\"og:locale\" content=\"es_ES\" \/>\n<meta property=\"og:type\" content=\"article\" \/>\n<meta property=\"og:title\" content=\"Efem\u00e9rides Deportivas 25 de abril: El jinete Ram\u00f3n Dom\u00ednguez, se convirti\u00f3 en el primer venezolano en ser elegido al Sal\u00f3n de la Fama del hipismo estadounidense - News 105.3 FM\" \/>\n<meta property=\"og:description\" content=\"Nacido en Caracas, Ram\u00f3n Dom\u00ednguez acumul\u00f3 ganancias de 191 d\u00f3lares durante 1996-2013 antes de sufrir una fractura en el cr\u00e1neo en una ca\u00edda\" \/>\n<meta property=\"og:url\" content=\"https:\/\/soynuevaprensadigital.com\/news1053fm\/efemerides-deportivas-25-de-abril-el-jinete-ramon-dominguez-se-convirtio-en-el-primer-venezolano-en-ser-elegido-al-salon-de-la-fama-del-hipismo-estadounidense\/\" \/>\n<meta property=\"og:site_name\" content=\"News 105.3 FM\" \/>\n<meta property=\"article:publisher\" content=\"https:\/\/www.facebook.com\/News1053fm-1655395028099413\/\" \/>\n<meta property=\"article:author\" content=\"https:\/\/www.facebook.com\/AlvisCristinaHe\" \/>\n<meta property=\"article:published_time\" content=\"2021-04-26T18:34:53+00:00\" \/>\n<meta property=\"article:modified_time\" content=\"2021-04-26T19:26:28+00:00\" \/>\n<meta property=\"og:image\" content=\"https:\/\/soynuevaprensadigital.com\/news1053fm\/wp-content\/uploads\/sites\/3\/2021\/04\/unnamed.jpg\" \/>\n\t<meta property=\"og:image:width\" content=\"512\" \/>\n\t<meta property=\"og:image:height\" content=\"320\" \/>\n\t<meta property=\"og:image:type\" content=\"image\/jpeg\" \/>\n<meta name=\"author\" content=\"Alvis Cristina Herrera\" \/>\n<meta name=\"twitter:card\" content=\"summary_large_image\" \/>\n<meta name=\"twitter:creator\" content=\"@https:\/\/www.twitter.com\/alviscristinahe\/\" \/>\n<meta name=\"twitter:site\" content=\"@news105_3fm\" \/>\n<meta name=\"twitter:label1\" content=\"Escrito por\" \/>\n\t<meta name=\"twitter:data1\" content=\"Alvis Cristina Herrera\" \/>\n\t<meta name=\"twitter:label2\" content=\"Tiempo de lectura\" \/>\n\t<meta name=\"twitter:data2\" content=\"2 minutos\" \/>\n<script type=\"application\/ld+json\" class=\"yoast-schema-graph\">{\"@context\":\"https:\\\/\\\/schema.org\",\"@graph\":[{\"@type\":\"Article\",\"@id\":\"https:\\\/\\\/soynuevaprensadigital.com\\\/news1053fm\\\/efemerides-deportivas-25-de-abril-el-jinete-ramon-dominguez-se-convirtio-en-el-primer-venezolano-en-ser-elegido-al-salon-de-la-fama-del-hipismo-estadounidense\\\/#article\",\"isPartOf\":{\"@id\":\"https:\\\/\\\/soynuevaprensadigital.com\\\/news1053fm\\\/efemerides-deportivas-25-de-abril-el-jinete-ramon-dominguez-se-convirtio-en-el-primer-venezolano-en-ser-elegido-al-salon-de-la-fama-del-hipismo-estadounidense\\\/\"},\"author\":{\"name\":\"Alvis Cristina Herrera\",\"@id\":\"https:\\\/\\\/soynuevaprensadigital.com\\\/news1053fm\\\/#\\\/schema\\\/person\\\/aa2d09ab130e943e3c7b360a32177538\"},\"headline\":\"Efem\u00e9rides Deportivas 25 de abril: El jinete Ram\u00f3n Dom\u00ednguez, se convirti\u00f3 en el primer venezolano en ser elegido al Sal\u00f3n de la Fama del hipismo estadounidense\",\"datePublished\":\"2021-04-26T18:34:53+00:00\",\"dateModified\":\"2021-04-26T19:26:28+00:00\",\"mainEntityOfPage\":{\"@id\":\"https:\\\/\\\/soynuevaprensadigital.com\\\/news1053fm\\\/efemerides-deportivas-25-de-abril-el-jinete-ramon-dominguez-se-convirtio-en-el-primer-venezolano-en-ser-elegido-al-salon-de-la-fama-del-hipismo-estadounidense\\\/\"},\"wordCount\":312,\"articleSection\":[\"Featured\",\"Mundo Deportivo\"],\"inLanguage\":\"es\"},{\"@type\":\"WebPage\",\"@id\":\"https:\\\/\\\/soynuevaprensadigital.com\\\/news1053fm\\\/efemerides-deportivas-25-de-abril-el-jinete-ramon-dominguez-se-convirtio-en-el-primer-venezolano-en-ser-elegido-al-salon-de-la-fama-del-hipismo-estadounidense\\\/\",\"url\":\"https:\\\/\\\/soynuevaprensadigital.com\\\/news1053fm\\\/efemerides-deportivas-25-de-abril-el-jinete-ramon-dominguez-se-convirtio-en-el-primer-venezolano-en-ser-elegido-al-salon-de-la-fama-del-hipismo-estadounidense\\\/\",\"name\":\"Efem\u00e9rides Deportivas 25 de abril: El jinete Ram\u00f3n Dom\u00ednguez, se convirti\u00f3 en el primer venezolano en ser elegido al Sal\u00f3n de la Fama del hipismo estadounidense - News 105.3 FM\",\"isPartOf\":{\"@id\":\"https:\\\/\\\/soynuevaprensadigital.com\\\/news1053fm\\\/#website\"},\"datePublished\":\"2021-04-26T18:34:53+00:00\",\"dateModified\":\"2021-04-26T19:26:28+00:00\",\"author\":{\"@id\":\"https:\\\/\\\/soynuevaprensadigital.com\\\/news1053fm\\\/#\\\/schema\\\/person\\\/aa2d09ab130e943e3c7b360a32177538\"},\"description\":\"Nacido en Caracas, Ram\u00f3n Dom\u00ednguez acumul\u00f3 ganancias de 191 d\u00f3lares durante 1996-2013 antes de sufrir una fractura en el cr\u00e1neo en una ca\u00edda\",\"breadcrumb\":{\"@id\":\"https:\\\/\\\/soynuevaprensadigital.com\\\/news1053fm\\\/efemerides-deportivas-25-de-abril-el-jinete-ramon-dominguez-se-convirtio-en-el-primer-venezolano-en-ser-elegido-al-salon-de-la-fama-del-hipismo-estadounidense\\\/#breadcrumb\"},\"inLanguage\":\"es\",\"potentialAction\":[{\"@type\":\"ReadAction\",\"target\":[\"https:\\\/\\\/soynuevaprensadigital.com\\\/news1053fm\\\/efemerides-deportivas-25-de-abril-el-jinete-ramon-dominguez-se-convirtio-en-el-primer-venezolano-en-ser-elegido-al-salon-de-la-fama-del-hipismo-estadounidense\\\/\"]}]},{\"@type\":\"BreadcrumbList\",\"@id\":\"https:\\\/\\\/soynuevaprensadigital.com\\\/news1053fm\\\/efemerides-deportivas-25-de-abril-el-jinete-ramon-dominguez-se-convirtio-en-el-primer-venezolano-en-ser-elegido-al-salon-de-la-fama-del-hipismo-estadounidense\\\/#breadcrumb\",\"itemListElement\":[{\"@type\":\"ListItem\",\"position\":1,\"name\":\"Portada\",\"item\":\"https:\\\/\\\/soynuevaprensadigital.com\\\/news1053fm\\\/\"},{\"@type\":\"ListItem\",\"position\":2,\"name\":\"Efem\u00e9rides Deportivas 25 de abril: El jinete Ram\u00f3n Dom\u00ednguez, se convirti\u00f3 en el primer venezolano en ser elegido al Sal\u00f3n de la Fama del hipismo estadounidense\"}]},{\"@type\":\"WebSite\",\"@id\":\"https:\\\/\\\/soynuevaprensadigital.com\\\/news1053fm\\\/#website\",\"url\":\"https:\\\/\\\/soynuevaprensadigital.com\\\/news1053fm\\\/\",\"name\":\"News 105.3 FM\",\"description\":\"Nuestro compromiso contigo nos permite ofrecerte la radio de mejor calidad, la frecuencia m\u00e1s limpia yel entretenimiento para todos los gustos.\",\"potentialAction\":[{\"@type\":\"SearchAction\",\"target\":{\"@type\":\"EntryPoint\",\"urlTemplate\":\"https:\\\/\\\/soynuevaprensadigital.com\\\/news1053fm\\\/?s={search_term_string}\"},\"query-input\":{\"@type\":\"PropertyValueSpecification\",\"valueRequired\":true,\"valueName\":\"search_term_string\"}}],\"inLanguage\":\"es\"},{\"@type\":\"Person\",\"@id\":\"https:\\\/\\\/soynuevaprensadigital.com\\\/news1053fm\\\/#\\\/schema\\\/person\\\/aa2d09ab130e943e3c7b360a32177538\",\"name\":\"Alvis Cristina Herrera\",\"image\":{\"@type\":\"ImageObject\",\"inLanguage\":\"es\",\"@id\":\"https:\\\/\\\/secure.gravatar.com\\\/avatar\\\/6a4b461595fbd8c4d0947e89062b7b1df5ea5bc6348126d9594f8d0cece5be89?s=96&d=mm&r=g\",\"url\":\"https:\\\/\\\/secure.gravatar.com\\\/avatar\\\/6a4b461595fbd8c4d0947e89062b7b1df5ea5bc6348126d9594f8d0cece5be89?s=96&d=mm&r=g\",\"contentUrl\":\"https:\\\/\\\/secure.gravatar.com\\\/avatar\\\/6a4b461595fbd8c4d0947e89062b7b1df5ea5bc6348126d9594f8d0cece5be89?s=96&d=mm&r=g\",\"caption\":\"Alvis Cristina Herrera\"},\"sameAs\":[\"https:\\\/\\\/www.facebook.com\\\/AlvisCristinaHe\",\"https:\\\/\\\/www.instagram.com\\\/alviscristinahe\\\/\",\"https:\\\/\\\/www.linkedin.com\\\/in\\\/alviscristinahe\\\/\",\"https:\\\/\\\/x.com\\\/https:\\\/\\\/www.twitter.com\\\/alviscristinahe\\\/\"],\"url\":\"https:\\\/\\\/soynuevaprensadigital.com\\\/news1053fm\\\/author\\\/alvisherrera\\\/\"}]}<\/script>\n<!-- \/ Yoast SEO plugin. -->","yoast_head_json":{"title":"Efem\u00e9rides Deportivas 25 de abril: El jinete Ram\u00f3n Dom\u00ednguez, se convirti\u00f3 en el primer venezolano en ser elegido al Sal\u00f3n de la Fama del hipismo estadounidense - News 105.3 FM","description":"Nacido en Caracas, Ram\u00f3n Dom\u00ednguez acumul\u00f3 ganancias de 191 d\u00f3lares durante 1996-2013 antes de sufrir una fractura en el cr\u00e1neo en una ca\u00edda","robots":{"index":"index","follow":"follow","max-snippet":"max-snippet:-1","max-image-preview":"max-image-preview:large","max-video-preview":"max-video-preview:-1"},"canonical":"https:\/\/soynuevaprensadigital.com\/news1053fm\/efemerides-deportivas-25-de-abril-el-jinete-ramon-dominguez-se-convirtio-en-el-primer-venezolano-en-ser-elegido-al-salon-de-la-fama-del-hipismo-estadounidense\/","og_locale":"es_ES","og_type":"article","og_title":"Efem\u00e9rides Deportivas 25 de abril: El jinete Ram\u00f3n Dom\u00ednguez, se convirti\u00f3 en el primer venezolano en ser elegido al Sal\u00f3n de la Fama del hipismo estadounidense - News 105.3 FM","og_description":"Nacido en Caracas, Ram\u00f3n Dom\u00ednguez acumul\u00f3 ganancias de 191 d\u00f3lares durante 1996-2013 antes de sufrir una fractura en el cr\u00e1neo en una ca\u00edda","og_url":"https:\/\/soynuevaprensadigital.com\/news1053fm\/efemerides-deportivas-25-de-abril-el-jinete-ramon-dominguez-se-convirtio-en-el-primer-venezolano-en-ser-elegido-al-salon-de-la-fama-del-hipismo-estadounidense\/","og_site_name":"News 105.3 FM","article_publisher":"https:\/\/www.facebook.com\/News1053fm-1655395028099413\/","article_author":"https:\/\/www.facebook.com\/AlvisCristinaHe","article_published_time":"2021-04-26T18:34:53+00:00","article_modified_time":"2021-04-26T19:26:28+00:00","og_image":[{"width":512,"height":320,"url":"https:\/\/soynuevaprensadigital.com\/news1053fm\/wp-content\/uploads\/sites\/3\/2021\/04\/unnamed.jpg","type":"image\/jpeg"}],"author":"Alvis Cristina Herrera","twitter_card":"summary_large_image","twitter_creator":"@https:\/\/www.twitter.com\/alviscristinahe\/","twitter_site":"@news105_3fm","twitter_misc":{"Escrito por":"Alvis Cristina Herrera","Tiempo de lectura":"2 minutos"},"schema":{"@context":"https:\/\/schema.org","@graph":[{"@type":"Article","@id":"https:\/\/soynuevaprensadigital.com\/news1053fm\/efemerides-deportivas-25-de-abril-el-jinete-ramon-dominguez-se-convirtio-en-el-primer-venezolano-en-ser-elegido-al-salon-de-la-fama-del-hipismo-estadounidense\/#article","isPartOf":{"@id":"https:\/\/soynuevaprensadigital.com\/news1053fm\/efemerides-deportivas-25-de-abril-el-jinete-ramon-dominguez-se-convirtio-en-el-primer-venezolano-en-ser-elegido-al-salon-de-la-fama-del-hipismo-estadounidense\/"},"author":{"name":"Alvis Cristina Herrera","@id":"https:\/\/soynuevaprensadigital.com\/news1053fm\/#\/schema\/person\/aa2d09ab130e943e3c7b360a32177538"},"headline":"Efem\u00e9rides Deportivas 25 de abril: El jinete Ram\u00f3n Dom\u00ednguez, se convirti\u00f3 en el primer venezolano en ser elegido al Sal\u00f3n de la Fama del hipismo estadounidense","datePublished":"2021-04-26T18:34:53+00:00","dateModified":"2021-04-26T19:26:28+00:00","mainEntityOfPage":{"@id":"https:\/\/soynuevaprensadigital.com\/news1053fm\/efemerides-deportivas-25-de-abril-el-jinete-ramon-dominguez-se-convirtio-en-el-primer-venezolano-en-ser-elegido-al-salon-de-la-fama-del-hipismo-estadounidense\/"},"wordCount":312,"articleSection":["Featured","Mundo Deportivo"],"inLanguage":"es"},{"@type":"WebPage","@id":"https:\/\/soynuevaprensadigital.com\/news1053fm\/efemerides-deportivas-25-de-abril-el-jinete-ramon-dominguez-se-convirtio-en-el-primer-venezolano-en-ser-elegido-al-salon-de-la-fama-del-hipismo-estadounidense\/","url":"https:\/\/soynuevaprensadigital.com\/news1053fm\/efemerides-deportivas-25-de-abril-el-jinete-ramon-dominguez-se-convirtio-en-el-primer-venezolano-en-ser-elegido-al-salon-de-la-fama-del-hipismo-estadounidense\/","name":"Efem\u00e9rides Deportivas 25 de abril: El jinete Ram\u00f3n Dom\u00ednguez, se convirti\u00f3 en el primer venezolano en ser elegido al Sal\u00f3n de la Fama del hipismo estadounidense - News 105.3 FM","isPartOf":{"@id":"https:\/\/soynuevaprensadigital.com\/news1053fm\/#website"},"datePublished":"2021-04-26T18:34:53+00:00","dateModified":"2021-04-26T19:26:28+00:00","author":{"@id":"https:\/\/soynuevaprensadigital.com\/news1053fm\/#\/schema\/person\/aa2d09ab130e943e3c7b360a32177538"},"description":"Nacido en Caracas, Ram\u00f3n Dom\u00ednguez acumul\u00f3 ganancias de 191 d\u00f3lares durante 1996-2013 antes de sufrir una fractura en el cr\u00e1neo en una ca\u00edda","breadcrumb":{"@id":"https:\/\/soynuevaprensadigital.com\/news1053fm\/efemerides-deportivas-25-de-abril-el-jinete-ramon-dominguez-se-convirtio-en-el-primer-venezolano-en-ser-elegido-al-salon-de-la-fama-del-hipismo-estadounidense\/#breadcrumb"},"inLanguage":"es","potentialAction":[{"@type":"ReadAction","target":["https:\/\/soynuevaprensadigital.com\/news1053fm\/efemerides-deportivas-25-de-abril-el-jinete-ramon-dominguez-se-convirtio-en-el-primer-venezolano-en-ser-elegido-al-salon-de-la-fama-del-hipismo-estadounidense\/"]}]},{"@type":"BreadcrumbList","@id":"https:\/\/soynuevaprensadigital.com\/news1053fm\/efemerides-deportivas-25-de-abril-el-jinete-ramon-dominguez-se-convirtio-en-el-primer-venezolano-en-ser-elegido-al-salon-de-la-fama-del-hipismo-estadounidense\/#breadcrumb","itemListElement":[{"@type":"ListItem","position":1,"name":"Portada","item":"https:\/\/soynuevaprensadigital.com\/news1053fm\/"},{"@type":"ListItem","position":2,"name":"Efem\u00e9rides Deportivas 25 de abril: El jinete Ram\u00f3n Dom\u00ednguez, se convirti\u00f3 en el primer venezolano en ser elegido al Sal\u00f3n de la Fama del hipismo estadounidense"}]},{"@type":"WebSite","@id":"https:\/\/soynuevaprensadigital.com\/news1053fm\/#website","url":"https:\/\/soynuevaprensadigital.com\/news1053fm\/","name":"News 105.3 FM","description":"Nuestro compromiso contigo nos permite ofrecerte la radio de mejor calidad, la frecuencia m\u00e1s limpia yel entretenimiento para todos los gustos.","potentialAction":[{"@type":"SearchAction","target":{"@type":"EntryPoint","urlTemplate":"https:\/\/soynuevaprensadigital.com\/news1053fm\/?s={search_term_string}"},"query-input":{"@type":"PropertyValueSpecification","valueRequired":true,"valueName":"search_term_string"}}],"inLanguage":"es"},{"@type":"Person","@id":"https:\/\/soynuevaprensadigital.com\/news1053fm\/#\/schema\/person\/aa2d09ab130e943e3c7b360a32177538","name":"Alvis Cristina Herrera","image":{"@type":"ImageObject","inLanguage":"es","@id":"https:\/\/secure.gravatar.com\/avatar\/6a4b461595fbd8c4d0947e89062b7b1df5ea5bc6348126d9594f8d0cece5be89?s=96&d=mm&r=g","url":"https:\/\/secure.gravatar.com\/avatar\/6a4b461595fbd8c4d0947e89062b7b1df5ea5bc6348126d9594f8d0cece5be89?s=96&d=mm&r=g","contentUrl":"https:\/\/secure.gravatar.com\/avatar\/6a4b461595fbd8c4d0947e89062b7b1df5ea5bc6348126d9594f8d0cece5be89?s=96&d=mm&r=g","caption":"Alvis Cristina Herrera"},"sameAs":["https:\/\/www.facebook.com\/AlvisCristinaHe","https:\/\/www.instagram.com\/alviscristinahe\/","https:\/\/www.linkedin.com\/in\/alviscristinahe\/","https:\/\/x.com\/https:\/\/www.twitter.com\/alviscristinahe\/"],"url":"https:\/\/soynuevaprensadigital.com\/news1053fm\/author\/alvisherrera\/"}]}},"_links":{"self":[{"href":"https:\/\/soynuevaprensadigital.com\/news1053fm\/wp-json\/wp\/v2\/posts\/1986","targetHints":{"allow":["GET"]}}],"collection":[{"href":"https:\/\/soynuevaprensadigital.com\/news1053fm\/wp-json\/wp\/v2\/posts"}],"about":[{"href":"https:\/\/soynuevaprensadigital.com\/news1053fm\/wp-json\/wp\/v2\/types\/post"}],"author":[{"embeddable":true,"href":"https:\/\/soynuevaprensadigital.com\/news1053fm\/wp-json\/wp\/v2\/users\/158"}],"replies":[{"embeddable":true,"href":"https:\/\/soynuevaprensadigital.com\/news1053fm\/wp-json\/wp\/v2\/comments?post=1986"}],"version-history":[{"count":0,"href":"https:\/\/soynuevaprensadigital.com\/news1053fm\/wp-json\/wp\/v2\/posts\/1986\/revisions"}],"wp:attachment":[{"href":"https:\/\/soynuevaprensadigital.com\/news1053fm\/wp-json\/wp\/v2\/media?parent=1986"}],"wp:term":[{"taxonomy":"category","embeddable":true,"href":"https:\/\/soynuevaprensadigital.com\/news1053fm\/wp-json\/wp\/v2\/categories?post=1986"},{"taxonomy":"post_tag","embeddable":true,"href":"https:\/\/soynuevaprensadigital.com\/news1053fm\/wp-json\/wp\/v2\/tags?post=1986"}],"curies":[{"name":"wp","href":"https:\/\/api.w.org\/{rel}","templated":true}]}}