{"id":1998,"date":"2021-04-26T20:48:18","date_gmt":"2021-04-27T00:48:18","guid":{"rendered":"https:\/\/soynuevaprensadigital.com\/news1053fm\/?p=1998"},"modified":"2021-04-26T20:48:18","modified_gmt":"2021-04-27T00:48:18","slug":"efemerides-deportivas-26-de-abril-fundacion-del-club-atletico-de-madrid","status":"publish","type":"post","link":"https:\/\/soynuevaprensadigital.com\/news1053fm\/efemerides-deportivas-26-de-abril-fundacion-del-club-atletico-de-madrid\/","title":{"rendered":"Efem\u00e9rides Deportivas 26 de abril: Fundaci\u00f3n del Club Atl\u00e9tico de Madrid"},"content":{"rendered":"<p style=\"text-align: justify\"><strong>Ciudad Guayana.-<\/strong>El Club Atl\u00e9tico de Madrid es un club de f\u00fatbol espa\u00f1ol, de la ciudad de Madrid. Fue fundado el 26 de abril de 1903 y en la actualidad juega en la Primera Divisi\u00f3n de Espa\u00f1a.<\/p>\n<p style=\"text-align: justify\">El club actualmente su estadio oficial es el Wanda Metropolitano que posee una capacidad de 69.851 espectadores. El Atl\u00e9tico de Madrid es el tercer club con m\u00e1s t\u00edtulos nacionales de Liga (con 10 t\u00edtulos), por detr\u00e1s del Real Madrid y el FC Barcelona.<\/p>\n<p style=\"text-align: justify\">El 26 de abril de 1903, un grupo de estudiantes vizca\u00ednos de la Escuela Especial de Ingenieros de Minas, formado por Ram\u00f3n de Arancibia y Lebarri, Ignacio Gort\u00e1zar y Manso, Ricardo Gort\u00e1zar y Manso, y Manuel de Goyarrola y Alderna, entre otros, decidi\u00f3 fundar un equipo sucursal del Athletic Club de Bilbao, el cual se denomin\u00f3 Athletic Club de Madrid.<\/p>\n<p style=\"text-align: justify\">Ambos equipos no pod\u00edan enfrentarse en partidos oficiales ni participar en la misma competici\u00f3n oficial al ser considerados el mismo club. De esta forma, fue habitual que en las primeras Copas del Rey ganadas por el Athletic Club y contabilizadas a d\u00eda de hoy solo por el club bilba\u00edno, se alinearan jugadores de la sucursal de Madrid, como el madrile\u00f1o Manuel Garnica Serrano, goleador en la final de 1911 (incluso hubo finales ganadas por el club vasco con m\u00e1s jugadores de la alineaci\u00f3n del Athletic de Madrid que de la del de Bilbao\u200b3\u200b).<\/p>\n<p style=\"text-align: justify\">El primer presidente del Athletic Club de Madrid fue Enrique Allende, quien dej\u00f3 el cargo el mismo a\u00f1o, siendo sustituido por Eduardo de Acha.<\/p>\n<p style=\"text-align: justify\">Eduardo de Acha, gran precursor y art\u00edfice de la fundaci\u00f3n de este centenario club, ten\u00eda por aquel entonces que desplazarse a Bilbao por asuntos familiares, y en el viaje aprovech\u00f3 para solicitar al Athletic los requisitos de la creaci\u00f3n de un nuevo club, sucursal del bilba\u00edno. La idea fue acogida con entusiasmo en la localidad vasca, as\u00ed que inmediatamente se le proporcionaron los estatutos, el escudo e incluso se le invit\u00f3 a posar en la foto oficial junto a los campeones de Espa\u00f1a.<\/p>\n<p style=\"text-align: justify\">La noche del 25 de abril se reunieron todos los participantes de la idea en la Sociedad Vasco-Navarra de Madrid, que se encontraba en la calle La Cruz, n\u00famero 25. Hasta la madrugada del 26 dur\u00f3 la reuni\u00f3n, a la que asistieron, entre muchos otros:<\/p>\n<ul>\n<li style=\"text-align: justify\">Manuel Allendesalazar, que fue Presidente del Consejo de Ministros y alcalde de Madrid.<\/li>\n<li style=\"text-align: justify\">Raimundo Moreno Aranzadi, que despu\u00e9s fue jugador y cuyo hermano pas\u00f3 a la historia con el sobrenombre de &#8216;Pichichi&#8217;.<\/li>\n<li style=\"text-align: justify\">Enrique Goiri, nombrado tesorero del club y \u00e1rbitro del primer partido<\/li>\n<li style=\"text-align: justify\">Enrique Allende, primer presidente de la historia<\/li>\n<li style=\"text-align: justify\">Eduardo de Acha, principal precursor, art\u00edfice de la creaci\u00f3n y secretario.<\/li>\n<li style=\"text-align: justify\">Ignacio de Gort\u00e1zar, el conde de Superunda, que acab\u00f3 casado con la hermana de Manuel Allendesalazar.<\/li>\n<li style=\"text-align: justify\">Manuel Rodr\u00edguez Arzuaga, mecenas del club que lo sac\u00f3 por primera vez de Madrid para jugar un partido en Alicante.<\/li>\n<li style=\"text-align: justify\">Alberto Zarraoa, que fue presidente del Athletic de Bilbao 5 a\u00f1os despu\u00e9s.<\/li>\n<li style=\"text-align: justify\">Eustaquio Celada, que hab\u00eda sido delantero del Madrid la temporada anterior.<\/li>\n<li style=\"text-align: justify\">Abd\u00f3n de Alaiza, que lleg\u00f3 a ser secretario del club tiempo despu\u00e9s.<\/li>\n<li style=\"text-align: justify\">Dar\u00edo de Arana y Urig\u00fcen, que hab\u00eda sido portero del Madrid hasta el a\u00f1o anterior, y que fue el primer capit\u00e1n de la historia del equipo.<\/li>\n<li style=\"text-align: justify\">Juli\u00e1n Palacios, precursor del Real Madrid y entonces presidente del Madrid CF.<\/li>\n<li style=\"text-align: justify\">Juan De la Pe\u00f1a, vicesecretario.<\/li>\n<li style=\"text-align: justify\">Juan de Zavala, vicepresidente.<\/li>\n<\/ul>\n<p style=\"text-align: justify\">El club reci\u00e9n creado se llam\u00f3 Athletic de Madrid, en honor a su hom\u00f3logo bilba\u00edno. Eduardo de Acha, principal precursor del proyecto, insisti\u00f3 en la necesidad de nombrar a una Junta Directiva. A pesar de la insistencia del resto de fundadores por elegirlo presidente, \u00e9l se decant\u00f3 por Enrique Allende, que gracias a su holgada situaci\u00f3n econ\u00f3mica podr\u00eda actuar como mecenas del club.<\/p>\n<p style=\"text-align: justify\">Su sede social qued\u00f3 establecida en la propia Sociedad Vasco-Navarra, y esa misma madrugada se redactaron los estatutos del club.<\/p>\n","protected":false},"excerpt":{"rendered":"<p>Ciudad Guayana.-El Club Atl\u00e9tico de Madrid es un club de f\u00fatbol espa\u00f1ol, de la ciudad de Madrid. Fue fundado el 26 de abril de 1903 y en la actualidad juega en la Primera Divisi\u00f3n de Espa\u00f1a. El club actualmente su estadio oficial es el Wanda Metropolitano que posee una capacidad de 69.851 espectadores. El Atl\u00e9tico [&hellip;]<\/p>\n","protected":false},"author":158,"featured_media":0,"comment_status":"closed","ping_status":"closed","sticky":false,"template":"","format":"standard","meta":{"footnotes":""},"categories":[2,19],"tags":[],"class_list":["post-1998","post","type-post","status-publish","format-standard","hentry","category-featured","category-mundo-deportivo"],"yoast_head":"<!-- This site is optimized with the Yoast SEO plugin v27.3 - https:\/\/yoast.com\/product\/yoast-seo-wordpress\/ -->\n<title>Efem\u00e9rides Deportivas 26 de abril: Fundaci\u00f3n del Club Atl\u00e9tico de Madrid - News 105.3 FM<\/title>\n<meta name=\"robots\" content=\"index, follow, max-snippet:-1, max-image-preview:large, max-video-preview:-1\" \/>\n<link rel=\"canonical\" href=\"https:\/\/soynuevaprensadigital.com\/news1053fm\/efemerides-deportivas-26-de-abril-fundacion-del-club-atletico-de-madrid\/\" \/>\n<meta property=\"og:locale\" content=\"es_ES\" \/>\n<meta property=\"og:type\" content=\"article\" \/>\n<meta property=\"og:title\" content=\"Efem\u00e9rides Deportivas 26 de abril: Fundaci\u00f3n del Club Atl\u00e9tico de Madrid - News 105.3 FM\" \/>\n<meta property=\"og:description\" content=\"Ciudad Guayana.-El Club Atl\u00e9tico de Madrid es un club de f\u00fatbol espa\u00f1ol, de la ciudad de Madrid. Fue fundado el 26 de abril de 1903 y en la actualidad juega en la Primera Divisi\u00f3n de Espa\u00f1a. El club actualmente su estadio oficial es el Wanda Metropolitano que posee una capacidad de 69.851 espectadores. El Atl\u00e9tico [&hellip;]\" \/>\n<meta property=\"og:url\" content=\"https:\/\/soynuevaprensadigital.com\/news1053fm\/efemerides-deportivas-26-de-abril-fundacion-del-club-atletico-de-madrid\/\" \/>\n<meta property=\"og:site_name\" content=\"News 105.3 FM\" \/>\n<meta property=\"article:publisher\" content=\"https:\/\/www.facebook.com\/News1053fm-1655395028099413\/\" \/>\n<meta property=\"article:author\" content=\"https:\/\/www.facebook.com\/AlvisCristinaHe\" \/>\n<meta property=\"article:published_time\" content=\"2021-04-27T00:48:18+00:00\" \/>\n<meta property=\"og:image\" content=\"https:\/\/soynuevaprensadigital.com\/news1053fm\/wp-content\/uploads\/sites\/3\/2021\/04\/descarga.jpg\" \/>\n\t<meta property=\"og:image:width\" content=\"300\" \/>\n\t<meta property=\"og:image:height\" content=\"168\" \/>\n\t<meta property=\"og:image:type\" content=\"image\/jpeg\" \/>\n<meta name=\"author\" content=\"Alvis Cristina Herrera\" \/>\n<meta name=\"twitter:card\" content=\"summary_large_image\" \/>\n<meta name=\"twitter:creator\" content=\"@https:\/\/www.twitter.com\/alviscristinahe\/\" \/>\n<meta name=\"twitter:site\" content=\"@news105_3fm\" \/>\n<meta name=\"twitter:label1\" content=\"Escrito por\" \/>\n\t<meta name=\"twitter:data1\" content=\"Alvis Cristina Herrera\" \/>\n\t<meta name=\"twitter:label2\" content=\"Tiempo de lectura\" \/>\n\t<meta name=\"twitter:data2\" content=\"3 minutos\" \/>\n<script type=\"application\/ld+json\" class=\"yoast-schema-graph\">{\"@context\":\"https:\\\/\\\/schema.org\",\"@graph\":[{\"@type\":\"Article\",\"@id\":\"https:\\\/\\\/soynuevaprensadigital.com\\\/news1053fm\\\/efemerides-deportivas-26-de-abril-fundacion-del-club-atletico-de-madrid\\\/#article\",\"isPartOf\":{\"@id\":\"https:\\\/\\\/soynuevaprensadigital.com\\\/news1053fm\\\/efemerides-deportivas-26-de-abril-fundacion-del-club-atletico-de-madrid\\\/\"},\"author\":{\"name\":\"Alvis Cristina Herrera\",\"@id\":\"https:\\\/\\\/soynuevaprensadigital.com\\\/news1053fm\\\/#\\\/schema\\\/person\\\/aa2d09ab130e943e3c7b360a32177538\"},\"headline\":\"Efem\u00e9rides Deportivas 26 de abril: Fundaci\u00f3n del Club Atl\u00e9tico de Madrid\",\"datePublished\":\"2021-04-27T00:48:18+00:00\",\"mainEntityOfPage\":{\"@id\":\"https:\\\/\\\/soynuevaprensadigital.com\\\/news1053fm\\\/efemerides-deportivas-26-de-abril-fundacion-del-club-atletico-de-madrid\\\/\"},\"wordCount\":702,\"articleSection\":[\"Featured\",\"Mundo Deportivo\"],\"inLanguage\":\"es\"},{\"@type\":\"WebPage\",\"@id\":\"https:\\\/\\\/soynuevaprensadigital.com\\\/news1053fm\\\/efemerides-deportivas-26-de-abril-fundacion-del-club-atletico-de-madrid\\\/\",\"url\":\"https:\\\/\\\/soynuevaprensadigital.com\\\/news1053fm\\\/efemerides-deportivas-26-de-abril-fundacion-del-club-atletico-de-madrid\\\/\",\"name\":\"Efem\u00e9rides Deportivas 26 de abril: Fundaci\u00f3n del Club Atl\u00e9tico de Madrid - News 105.3 FM\",\"isPartOf\":{\"@id\":\"https:\\\/\\\/soynuevaprensadigital.com\\\/news1053fm\\\/#website\"},\"datePublished\":\"2021-04-27T00:48:18+00:00\",\"author\":{\"@id\":\"https:\\\/\\\/soynuevaprensadigital.com\\\/news1053fm\\\/#\\\/schema\\\/person\\\/aa2d09ab130e943e3c7b360a32177538\"},\"breadcrumb\":{\"@id\":\"https:\\\/\\\/soynuevaprensadigital.com\\\/news1053fm\\\/efemerides-deportivas-26-de-abril-fundacion-del-club-atletico-de-madrid\\\/#breadcrumb\"},\"inLanguage\":\"es\",\"potentialAction\":[{\"@type\":\"ReadAction\",\"target\":[\"https:\\\/\\\/soynuevaprensadigital.com\\\/news1053fm\\\/efemerides-deportivas-26-de-abril-fundacion-del-club-atletico-de-madrid\\\/\"]}]},{\"@type\":\"BreadcrumbList\",\"@id\":\"https:\\\/\\\/soynuevaprensadigital.com\\\/news1053fm\\\/efemerides-deportivas-26-de-abril-fundacion-del-club-atletico-de-madrid\\\/#breadcrumb\",\"itemListElement\":[{\"@type\":\"ListItem\",\"position\":1,\"name\":\"Portada\",\"item\":\"https:\\\/\\\/soynuevaprensadigital.com\\\/news1053fm\\\/\"},{\"@type\":\"ListItem\",\"position\":2,\"name\":\"Efem\u00e9rides Deportivas 26 de abril: Fundaci\u00f3n del Club Atl\u00e9tico de Madrid\"}]},{\"@type\":\"WebSite\",\"@id\":\"https:\\\/\\\/soynuevaprensadigital.com\\\/news1053fm\\\/#website\",\"url\":\"https:\\\/\\\/soynuevaprensadigital.com\\\/news1053fm\\\/\",\"name\":\"News 105.3 FM\",\"description\":\"Nuestro compromiso contigo nos permite ofrecerte la radio de mejor calidad, la frecuencia m\u00e1s limpia yel entretenimiento para todos los gustos.\",\"potentialAction\":[{\"@type\":\"SearchAction\",\"target\":{\"@type\":\"EntryPoint\",\"urlTemplate\":\"https:\\\/\\\/soynuevaprensadigital.com\\\/news1053fm\\\/?s={search_term_string}\"},\"query-input\":{\"@type\":\"PropertyValueSpecification\",\"valueRequired\":true,\"valueName\":\"search_term_string\"}}],\"inLanguage\":\"es\"},{\"@type\":\"Person\",\"@id\":\"https:\\\/\\\/soynuevaprensadigital.com\\\/news1053fm\\\/#\\\/schema\\\/person\\\/aa2d09ab130e943e3c7b360a32177538\",\"name\":\"Alvis Cristina Herrera\",\"image\":{\"@type\":\"ImageObject\",\"inLanguage\":\"es\",\"@id\":\"https:\\\/\\\/secure.gravatar.com\\\/avatar\\\/6a4b461595fbd8c4d0947e89062b7b1df5ea5bc6348126d9594f8d0cece5be89?s=96&d=mm&r=g\",\"url\":\"https:\\\/\\\/secure.gravatar.com\\\/avatar\\\/6a4b461595fbd8c4d0947e89062b7b1df5ea5bc6348126d9594f8d0cece5be89?s=96&d=mm&r=g\",\"contentUrl\":\"https:\\\/\\\/secure.gravatar.com\\\/avatar\\\/6a4b461595fbd8c4d0947e89062b7b1df5ea5bc6348126d9594f8d0cece5be89?s=96&d=mm&r=g\",\"caption\":\"Alvis Cristina Herrera\"},\"sameAs\":[\"https:\\\/\\\/www.facebook.com\\\/AlvisCristinaHe\",\"https:\\\/\\\/www.instagram.com\\\/alviscristinahe\\\/\",\"https:\\\/\\\/www.linkedin.com\\\/in\\\/alviscristinahe\\\/\",\"https:\\\/\\\/x.com\\\/https:\\\/\\\/www.twitter.com\\\/alviscristinahe\\\/\"],\"url\":\"https:\\\/\\\/soynuevaprensadigital.com\\\/news1053fm\\\/author\\\/alvisherrera\\\/\"}]}<\/script>\n<!-- \/ Yoast SEO plugin. -->","yoast_head_json":{"title":"Efem\u00e9rides Deportivas 26 de abril: Fundaci\u00f3n del Club Atl\u00e9tico de Madrid - News 105.3 FM","robots":{"index":"index","follow":"follow","max-snippet":"max-snippet:-1","max-image-preview":"max-image-preview:large","max-video-preview":"max-video-preview:-1"},"canonical":"https:\/\/soynuevaprensadigital.com\/news1053fm\/efemerides-deportivas-26-de-abril-fundacion-del-club-atletico-de-madrid\/","og_locale":"es_ES","og_type":"article","og_title":"Efem\u00e9rides Deportivas 26 de abril: Fundaci\u00f3n del Club Atl\u00e9tico de Madrid - News 105.3 FM","og_description":"Ciudad Guayana.-El Club Atl\u00e9tico de Madrid es un club de f\u00fatbol espa\u00f1ol, de la ciudad de Madrid. Fue fundado el 26 de abril de 1903 y en la actualidad juega en la Primera Divisi\u00f3n de Espa\u00f1a. El club actualmente su estadio oficial es el Wanda Metropolitano que posee una capacidad de 69.851 espectadores. El Atl\u00e9tico [&hellip;]","og_url":"https:\/\/soynuevaprensadigital.com\/news1053fm\/efemerides-deportivas-26-de-abril-fundacion-del-club-atletico-de-madrid\/","og_site_name":"News 105.3 FM","article_publisher":"https:\/\/www.facebook.com\/News1053fm-1655395028099413\/","article_author":"https:\/\/www.facebook.com\/AlvisCristinaHe","article_published_time":"2021-04-27T00:48:18+00:00","og_image":[{"width":300,"height":168,"url":"https:\/\/soynuevaprensadigital.com\/news1053fm\/wp-content\/uploads\/sites\/3\/2021\/04\/descarga.jpg","type":"image\/jpeg"}],"author":"Alvis Cristina Herrera","twitter_card":"summary_large_image","twitter_creator":"@https:\/\/www.twitter.com\/alviscristinahe\/","twitter_site":"@news105_3fm","twitter_misc":{"Escrito por":"Alvis Cristina Herrera","Tiempo de lectura":"3 minutos"},"schema":{"@context":"https:\/\/schema.org","@graph":[{"@type":"Article","@id":"https:\/\/soynuevaprensadigital.com\/news1053fm\/efemerides-deportivas-26-de-abril-fundacion-del-club-atletico-de-madrid\/#article","isPartOf":{"@id":"https:\/\/soynuevaprensadigital.com\/news1053fm\/efemerides-deportivas-26-de-abril-fundacion-del-club-atletico-de-madrid\/"},"author":{"name":"Alvis Cristina Herrera","@id":"https:\/\/soynuevaprensadigital.com\/news1053fm\/#\/schema\/person\/aa2d09ab130e943e3c7b360a32177538"},"headline":"Efem\u00e9rides Deportivas 26 de abril: Fundaci\u00f3n del Club Atl\u00e9tico de Madrid","datePublished":"2021-04-27T00:48:18+00:00","mainEntityOfPage":{"@id":"https:\/\/soynuevaprensadigital.com\/news1053fm\/efemerides-deportivas-26-de-abril-fundacion-del-club-atletico-de-madrid\/"},"wordCount":702,"articleSection":["Featured","Mundo Deportivo"],"inLanguage":"es"},{"@type":"WebPage","@id":"https:\/\/soynuevaprensadigital.com\/news1053fm\/efemerides-deportivas-26-de-abril-fundacion-del-club-atletico-de-madrid\/","url":"https:\/\/soynuevaprensadigital.com\/news1053fm\/efemerides-deportivas-26-de-abril-fundacion-del-club-atletico-de-madrid\/","name":"Efem\u00e9rides Deportivas 26 de abril: Fundaci\u00f3n del Club Atl\u00e9tico de Madrid - News 105.3 FM","isPartOf":{"@id":"https:\/\/soynuevaprensadigital.com\/news1053fm\/#website"},"datePublished":"2021-04-27T00:48:18+00:00","author":{"@id":"https:\/\/soynuevaprensadigital.com\/news1053fm\/#\/schema\/person\/aa2d09ab130e943e3c7b360a32177538"},"breadcrumb":{"@id":"https:\/\/soynuevaprensadigital.com\/news1053fm\/efemerides-deportivas-26-de-abril-fundacion-del-club-atletico-de-madrid\/#breadcrumb"},"inLanguage":"es","potentialAction":[{"@type":"ReadAction","target":["https:\/\/soynuevaprensadigital.com\/news1053fm\/efemerides-deportivas-26-de-abril-fundacion-del-club-atletico-de-madrid\/"]}]},{"@type":"BreadcrumbList","@id":"https:\/\/soynuevaprensadigital.com\/news1053fm\/efemerides-deportivas-26-de-abril-fundacion-del-club-atletico-de-madrid\/#breadcrumb","itemListElement":[{"@type":"ListItem","position":1,"name":"Portada","item":"https:\/\/soynuevaprensadigital.com\/news1053fm\/"},{"@type":"ListItem","position":2,"name":"Efem\u00e9rides Deportivas 26 de abril: Fundaci\u00f3n del Club Atl\u00e9tico de Madrid"}]},{"@type":"WebSite","@id":"https:\/\/soynuevaprensadigital.com\/news1053fm\/#website","url":"https:\/\/soynuevaprensadigital.com\/news1053fm\/","name":"News 105.3 FM","description":"Nuestro compromiso contigo nos permite ofrecerte la radio de mejor calidad, la frecuencia m\u00e1s limpia yel entretenimiento para todos los gustos.","potentialAction":[{"@type":"SearchAction","target":{"@type":"EntryPoint","urlTemplate":"https:\/\/soynuevaprensadigital.com\/news1053fm\/?s={search_term_string}"},"query-input":{"@type":"PropertyValueSpecification","valueRequired":true,"valueName":"search_term_string"}}],"inLanguage":"es"},{"@type":"Person","@id":"https:\/\/soynuevaprensadigital.com\/news1053fm\/#\/schema\/person\/aa2d09ab130e943e3c7b360a32177538","name":"Alvis Cristina Herrera","image":{"@type":"ImageObject","inLanguage":"es","@id":"https:\/\/secure.gravatar.com\/avatar\/6a4b461595fbd8c4d0947e89062b7b1df5ea5bc6348126d9594f8d0cece5be89?s=96&d=mm&r=g","url":"https:\/\/secure.gravatar.com\/avatar\/6a4b461595fbd8c4d0947e89062b7b1df5ea5bc6348126d9594f8d0cece5be89?s=96&d=mm&r=g","contentUrl":"https:\/\/secure.gravatar.com\/avatar\/6a4b461595fbd8c4d0947e89062b7b1df5ea5bc6348126d9594f8d0cece5be89?s=96&d=mm&r=g","caption":"Alvis Cristina Herrera"},"sameAs":["https:\/\/www.facebook.com\/AlvisCristinaHe","https:\/\/www.instagram.com\/alviscristinahe\/","https:\/\/www.linkedin.com\/in\/alviscristinahe\/","https:\/\/x.com\/https:\/\/www.twitter.com\/alviscristinahe\/"],"url":"https:\/\/soynuevaprensadigital.com\/news1053fm\/author\/alvisherrera\/"}]}},"_links":{"self":[{"href":"https:\/\/soynuevaprensadigital.com\/news1053fm\/wp-json\/wp\/v2\/posts\/1998","targetHints":{"allow":["GET"]}}],"collection":[{"href":"https:\/\/soynuevaprensadigital.com\/news1053fm\/wp-json\/wp\/v2\/posts"}],"about":[{"href":"https:\/\/soynuevaprensadigital.com\/news1053fm\/wp-json\/wp\/v2\/types\/post"}],"author":[{"embeddable":true,"href":"https:\/\/soynuevaprensadigital.com\/news1053fm\/wp-json\/wp\/v2\/users\/158"}],"replies":[{"embeddable":true,"href":"https:\/\/soynuevaprensadigital.com\/news1053fm\/wp-json\/wp\/v2\/comments?post=1998"}],"version-history":[{"count":0,"href":"https:\/\/soynuevaprensadigital.com\/news1053fm\/wp-json\/wp\/v2\/posts\/1998\/revisions"}],"wp:attachment":[{"href":"https:\/\/soynuevaprensadigital.com\/news1053fm\/wp-json\/wp\/v2\/media?parent=1998"}],"wp:term":[{"taxonomy":"category","embeddable":true,"href":"https:\/\/soynuevaprensadigital.com\/news1053fm\/wp-json\/wp\/v2\/categories?post=1998"},{"taxonomy":"post_tag","embeddable":true,"href":"https:\/\/soynuevaprensadigital.com\/news1053fm\/wp-json\/wp\/v2\/tags?post=1998"}],"curies":[{"name":"wp","href":"https:\/\/api.w.org\/{rel}","templated":true}]}}