{"id":2004,"date":"2021-04-27T15:09:41","date_gmt":"2021-04-27T19:09:41","guid":{"rendered":"https:\/\/soynuevaprensadigital.com\/news1053fm\/?p=2004"},"modified":"2021-04-27T15:09:41","modified_gmt":"2021-04-27T19:09:41","slug":"efemerides-deportivas-27-de-abril-andres-iniesta-se-anuncio-su-salida-del-fc-barcelona","status":"publish","type":"post","link":"https:\/\/soynuevaprensadigital.com\/news1053fm\/efemerides-deportivas-27-de-abril-andres-iniesta-se-anuncio-su-salida-del-fc-barcelona\/","title":{"rendered":"Efem\u00e9rides Deportivas 27 de abril: Andr\u00e9s Iniesta se anunci\u00f3 su salida del FC Barcelona"},"content":{"rendered":"<p style=\"text-align: justify\"><strong>Ciudad Guayana.-<\/strong>El excapit\u00e1n del Barcelona, Andr\u00e9s Iniesta, confirm\u00f3 tal d\u00eda como hoy, que no iba a continuar en el club azulgrana, tras permanecer por m\u00e1s de 22 a\u00f1os en la instituci\u00f3n que lo vio nacer deportivamente.<\/p>\n<p style=\"text-align: justify\">\u201cSiendo honesto conmigo mismo y con el club que me lo ha dado todo, entiendo que mi etapa acaba este a\u00f1o por el simple hecho de que siempre he entendido que este club, que me ha acogido con 12 a\u00f1os, se merece todo lo mejor de m\u00ed. Entiendo que en el futuro m\u00e1s cercano no podr\u00eda darle lo mejor de m\u00ed tanto a nivel f\u00edsico como mental\u201d, reconoc\u00eda el futbolista a sus 33 a\u00f1os.<\/p>\n<p style=\"text-align: justify\">\u201cEs un d\u00eda muy dif\u00edcil para m\u00ed, porque llevo toda mi vida aqu\u00ed y decir adi\u00f3s es muy complicado. Entiendo por naturaleza y ley de vida que lo que viene de aqu\u00ed en adelante cada vez ser\u00e1 m\u00e1s complicado, por lo que no me perdonar\u00eda vivir ninguna situaci\u00f3n inc\u00f3moda. No me la merezco y el club tampoco, esta es mi decisi\u00f3n y quer\u00eda hacerla p\u00fablica\u201d, inform\u00f3 el mediocampista en la rueda de prensa.<\/p>\n<p style=\"text-align: justify\">El hist\u00f3rico n\u00famero ocho del Barcelona no confirm\u00f3 en ese momento su nuevo club, sin embargo, aclar\u00f3: \u201cLo \u00fanico que siempre he dicho es que no competir\u00eda nunca contra mi club, por lo tanto, todos los escenarios que no sean Europa pueden ser posibles\u201d. \u201cCuando culmine la temporada, ya sabremos cu\u00e1l es el lugar que elegir\u00e9\u201d, sentenci\u00f3.<\/p>\n","protected":false},"excerpt":{"rendered":"<p>Ciudad Guayana.-El excapit\u00e1n del Barcelona, Andr\u00e9s Iniesta, confirm\u00f3 tal d\u00eda como hoy, que no iba a continuar en el club azulgrana, tras permanecer por m\u00e1s de 22 a\u00f1os en la instituci\u00f3n que lo vio nacer deportivamente. \u201cSiendo honesto conmigo mismo y con el club que me lo ha dado todo, entiendo que mi etapa acaba [&hellip;]<\/p>\n","protected":false},"author":158,"featured_media":0,"comment_status":"closed","ping_status":"closed","sticky":false,"template":"","format":"standard","meta":{"footnotes":""},"categories":[2,19],"tags":[],"class_list":["post-2004","post","type-post","status-publish","format-standard","hentry","category-featured","category-mundo-deportivo"],"yoast_head":"<!-- This site is optimized with the Yoast SEO plugin v27.3 - https:\/\/yoast.com\/product\/yoast-seo-wordpress\/ -->\n<title>Efem\u00e9rides Deportivas 27 de abril: Andr\u00e9s Iniesta se anunci\u00f3 su salida del FC Barcelona - News 105.3 FM<\/title>\n<meta name=\"robots\" content=\"index, follow, max-snippet:-1, max-image-preview:large, max-video-preview:-1\" \/>\n<link rel=\"canonical\" href=\"https:\/\/soynuevaprensadigital.com\/news1053fm\/efemerides-deportivas-27-de-abril-andres-iniesta-se-anuncio-su-salida-del-fc-barcelona\/\" \/>\n<meta property=\"og:locale\" content=\"es_ES\" \/>\n<meta property=\"og:type\" content=\"article\" \/>\n<meta property=\"og:title\" content=\"Efem\u00e9rides Deportivas 27 de abril: Andr\u00e9s Iniesta se anunci\u00f3 su salida del FC Barcelona - News 105.3 FM\" \/>\n<meta property=\"og:description\" content=\"Ciudad Guayana.-El excapit\u00e1n del Barcelona, Andr\u00e9s Iniesta, confirm\u00f3 tal d\u00eda como hoy, que no iba a continuar en el club azulgrana, tras permanecer por m\u00e1s de 22 a\u00f1os en la instituci\u00f3n que lo vio nacer deportivamente. \u201cSiendo honesto conmigo mismo y con el club que me lo ha dado todo, entiendo que mi etapa acaba [&hellip;]\" \/>\n<meta property=\"og:url\" content=\"https:\/\/soynuevaprensadigital.com\/news1053fm\/efemerides-deportivas-27-de-abril-andres-iniesta-se-anuncio-su-salida-del-fc-barcelona\/\" \/>\n<meta property=\"og:site_name\" content=\"News 105.3 FM\" \/>\n<meta property=\"article:publisher\" content=\"https:\/\/www.facebook.com\/News1053fm-1655395028099413\/\" \/>\n<meta property=\"article:author\" content=\"https:\/\/www.facebook.com\/AlvisCristinaHe\" \/>\n<meta property=\"article:published_time\" content=\"2021-04-27T19:09:41+00:00\" \/>\n<meta property=\"og:image\" content=\"https:\/\/soynuevaprensadigital.com\/news1053fm\/wp-content\/uploads\/sites\/3\/2021\/04\/1526714191_683357_1526714283_noticia_normal.jpg\" \/>\n\t<meta property=\"og:image:width\" content=\"1200\" \/>\n\t<meta property=\"og:image:height\" content=\"675\" \/>\n\t<meta property=\"og:image:type\" content=\"image\/jpeg\" \/>\n<meta name=\"author\" content=\"Alvis Cristina Herrera\" \/>\n<meta name=\"twitter:card\" content=\"summary_large_image\" \/>\n<meta name=\"twitter:creator\" content=\"@https:\/\/www.twitter.com\/alviscristinahe\/\" \/>\n<meta name=\"twitter:site\" content=\"@news105_3fm\" \/>\n<meta name=\"twitter:label1\" content=\"Escrito por\" \/>\n\t<meta name=\"twitter:data1\" content=\"Alvis Cristina Herrera\" \/>\n\t<meta name=\"twitter:label2\" content=\"Tiempo de lectura\" \/>\n\t<meta name=\"twitter:data2\" content=\"2 minutos\" \/>\n<script type=\"application\/ld+json\" class=\"yoast-schema-graph\">{\"@context\":\"https:\\\/\\\/schema.org\",\"@graph\":[{\"@type\":\"Article\",\"@id\":\"https:\\\/\\\/soynuevaprensadigital.com\\\/news1053fm\\\/efemerides-deportivas-27-de-abril-andres-iniesta-se-anuncio-su-salida-del-fc-barcelona\\\/#article\",\"isPartOf\":{\"@id\":\"https:\\\/\\\/soynuevaprensadigital.com\\\/news1053fm\\\/efemerides-deportivas-27-de-abril-andres-iniesta-se-anuncio-su-salida-del-fc-barcelona\\\/\"},\"author\":{\"name\":\"Alvis Cristina Herrera\",\"@id\":\"https:\\\/\\\/soynuevaprensadigital.com\\\/news1053fm\\\/#\\\/schema\\\/person\\\/aa2d09ab130e943e3c7b360a32177538\"},\"headline\":\"Efem\u00e9rides Deportivas 27 de abril: Andr\u00e9s Iniesta se anunci\u00f3 su salida del FC Barcelona\",\"datePublished\":\"2021-04-27T19:09:41+00:00\",\"mainEntityOfPage\":{\"@id\":\"https:\\\/\\\/soynuevaprensadigital.com\\\/news1053fm\\\/efemerides-deportivas-27-de-abril-andres-iniesta-se-anuncio-su-salida-del-fc-barcelona\\\/\"},\"wordCount\":280,\"articleSection\":[\"Featured\",\"Mundo Deportivo\"],\"inLanguage\":\"es\"},{\"@type\":\"WebPage\",\"@id\":\"https:\\\/\\\/soynuevaprensadigital.com\\\/news1053fm\\\/efemerides-deportivas-27-de-abril-andres-iniesta-se-anuncio-su-salida-del-fc-barcelona\\\/\",\"url\":\"https:\\\/\\\/soynuevaprensadigital.com\\\/news1053fm\\\/efemerides-deportivas-27-de-abril-andres-iniesta-se-anuncio-su-salida-del-fc-barcelona\\\/\",\"name\":\"Efem\u00e9rides Deportivas 27 de abril: Andr\u00e9s Iniesta se anunci\u00f3 su salida del FC Barcelona - News 105.3 FM\",\"isPartOf\":{\"@id\":\"https:\\\/\\\/soynuevaprensadigital.com\\\/news1053fm\\\/#website\"},\"datePublished\":\"2021-04-27T19:09:41+00:00\",\"author\":{\"@id\":\"https:\\\/\\\/soynuevaprensadigital.com\\\/news1053fm\\\/#\\\/schema\\\/person\\\/aa2d09ab130e943e3c7b360a32177538\"},\"breadcrumb\":{\"@id\":\"https:\\\/\\\/soynuevaprensadigital.com\\\/news1053fm\\\/efemerides-deportivas-27-de-abril-andres-iniesta-se-anuncio-su-salida-del-fc-barcelona\\\/#breadcrumb\"},\"inLanguage\":\"es\",\"potentialAction\":[{\"@type\":\"ReadAction\",\"target\":[\"https:\\\/\\\/soynuevaprensadigital.com\\\/news1053fm\\\/efemerides-deportivas-27-de-abril-andres-iniesta-se-anuncio-su-salida-del-fc-barcelona\\\/\"]}]},{\"@type\":\"BreadcrumbList\",\"@id\":\"https:\\\/\\\/soynuevaprensadigital.com\\\/news1053fm\\\/efemerides-deportivas-27-de-abril-andres-iniesta-se-anuncio-su-salida-del-fc-barcelona\\\/#breadcrumb\",\"itemListElement\":[{\"@type\":\"ListItem\",\"position\":1,\"name\":\"Portada\",\"item\":\"https:\\\/\\\/soynuevaprensadigital.com\\\/news1053fm\\\/\"},{\"@type\":\"ListItem\",\"position\":2,\"name\":\"Efem\u00e9rides Deportivas 27 de abril: Andr\u00e9s Iniesta se anunci\u00f3 su salida del FC Barcelona\"}]},{\"@type\":\"WebSite\",\"@id\":\"https:\\\/\\\/soynuevaprensadigital.com\\\/news1053fm\\\/#website\",\"url\":\"https:\\\/\\\/soynuevaprensadigital.com\\\/news1053fm\\\/\",\"name\":\"News 105.3 FM\",\"description\":\"Nuestro compromiso contigo nos permite ofrecerte la radio de mejor calidad, la frecuencia m\u00e1s limpia yel entretenimiento para todos los gustos.\",\"potentialAction\":[{\"@type\":\"SearchAction\",\"target\":{\"@type\":\"EntryPoint\",\"urlTemplate\":\"https:\\\/\\\/soynuevaprensadigital.com\\\/news1053fm\\\/?s={search_term_string}\"},\"query-input\":{\"@type\":\"PropertyValueSpecification\",\"valueRequired\":true,\"valueName\":\"search_term_string\"}}],\"inLanguage\":\"es\"},{\"@type\":\"Person\",\"@id\":\"https:\\\/\\\/soynuevaprensadigital.com\\\/news1053fm\\\/#\\\/schema\\\/person\\\/aa2d09ab130e943e3c7b360a32177538\",\"name\":\"Alvis Cristina Herrera\",\"image\":{\"@type\":\"ImageObject\",\"inLanguage\":\"es\",\"@id\":\"https:\\\/\\\/secure.gravatar.com\\\/avatar\\\/6a4b461595fbd8c4d0947e89062b7b1df5ea5bc6348126d9594f8d0cece5be89?s=96&d=mm&r=g\",\"url\":\"https:\\\/\\\/secure.gravatar.com\\\/avatar\\\/6a4b461595fbd8c4d0947e89062b7b1df5ea5bc6348126d9594f8d0cece5be89?s=96&d=mm&r=g\",\"contentUrl\":\"https:\\\/\\\/secure.gravatar.com\\\/avatar\\\/6a4b461595fbd8c4d0947e89062b7b1df5ea5bc6348126d9594f8d0cece5be89?s=96&d=mm&r=g\",\"caption\":\"Alvis Cristina Herrera\"},\"sameAs\":[\"https:\\\/\\\/www.facebook.com\\\/AlvisCristinaHe\",\"https:\\\/\\\/www.instagram.com\\\/alviscristinahe\\\/\",\"https:\\\/\\\/www.linkedin.com\\\/in\\\/alviscristinahe\\\/\",\"https:\\\/\\\/x.com\\\/https:\\\/\\\/www.twitter.com\\\/alviscristinahe\\\/\"],\"url\":\"https:\\\/\\\/soynuevaprensadigital.com\\\/news1053fm\\\/author\\\/alvisherrera\\\/\"}]}<\/script>\n<!-- \/ Yoast SEO plugin. -->","yoast_head_json":{"title":"Efem\u00e9rides Deportivas 27 de abril: Andr\u00e9s Iniesta se anunci\u00f3 su salida del FC Barcelona - News 105.3 FM","robots":{"index":"index","follow":"follow","max-snippet":"max-snippet:-1","max-image-preview":"max-image-preview:large","max-video-preview":"max-video-preview:-1"},"canonical":"https:\/\/soynuevaprensadigital.com\/news1053fm\/efemerides-deportivas-27-de-abril-andres-iniesta-se-anuncio-su-salida-del-fc-barcelona\/","og_locale":"es_ES","og_type":"article","og_title":"Efem\u00e9rides Deportivas 27 de abril: Andr\u00e9s Iniesta se anunci\u00f3 su salida del FC Barcelona - News 105.3 FM","og_description":"Ciudad Guayana.-El excapit\u00e1n del Barcelona, Andr\u00e9s Iniesta, confirm\u00f3 tal d\u00eda como hoy, que no iba a continuar en el club azulgrana, tras permanecer por m\u00e1s de 22 a\u00f1os en la instituci\u00f3n que lo vio nacer deportivamente. \u201cSiendo honesto conmigo mismo y con el club que me lo ha dado todo, entiendo que mi etapa acaba [&hellip;]","og_url":"https:\/\/soynuevaprensadigital.com\/news1053fm\/efemerides-deportivas-27-de-abril-andres-iniesta-se-anuncio-su-salida-del-fc-barcelona\/","og_site_name":"News 105.3 FM","article_publisher":"https:\/\/www.facebook.com\/News1053fm-1655395028099413\/","article_author":"https:\/\/www.facebook.com\/AlvisCristinaHe","article_published_time":"2021-04-27T19:09:41+00:00","og_image":[{"width":1200,"height":675,"url":"https:\/\/soynuevaprensadigital.com\/news1053fm\/wp-content\/uploads\/sites\/3\/2021\/04\/1526714191_683357_1526714283_noticia_normal.jpg","type":"image\/jpeg"}],"author":"Alvis Cristina Herrera","twitter_card":"summary_large_image","twitter_creator":"@https:\/\/www.twitter.com\/alviscristinahe\/","twitter_site":"@news105_3fm","twitter_misc":{"Escrito por":"Alvis Cristina Herrera","Tiempo de lectura":"2 minutos"},"schema":{"@context":"https:\/\/schema.org","@graph":[{"@type":"Article","@id":"https:\/\/soynuevaprensadigital.com\/news1053fm\/efemerides-deportivas-27-de-abril-andres-iniesta-se-anuncio-su-salida-del-fc-barcelona\/#article","isPartOf":{"@id":"https:\/\/soynuevaprensadigital.com\/news1053fm\/efemerides-deportivas-27-de-abril-andres-iniesta-se-anuncio-su-salida-del-fc-barcelona\/"},"author":{"name":"Alvis Cristina Herrera","@id":"https:\/\/soynuevaprensadigital.com\/news1053fm\/#\/schema\/person\/aa2d09ab130e943e3c7b360a32177538"},"headline":"Efem\u00e9rides Deportivas 27 de abril: Andr\u00e9s Iniesta se anunci\u00f3 su salida del FC Barcelona","datePublished":"2021-04-27T19:09:41+00:00","mainEntityOfPage":{"@id":"https:\/\/soynuevaprensadigital.com\/news1053fm\/efemerides-deportivas-27-de-abril-andres-iniesta-se-anuncio-su-salida-del-fc-barcelona\/"},"wordCount":280,"articleSection":["Featured","Mundo Deportivo"],"inLanguage":"es"},{"@type":"WebPage","@id":"https:\/\/soynuevaprensadigital.com\/news1053fm\/efemerides-deportivas-27-de-abril-andres-iniesta-se-anuncio-su-salida-del-fc-barcelona\/","url":"https:\/\/soynuevaprensadigital.com\/news1053fm\/efemerides-deportivas-27-de-abril-andres-iniesta-se-anuncio-su-salida-del-fc-barcelona\/","name":"Efem\u00e9rides Deportivas 27 de abril: Andr\u00e9s Iniesta se anunci\u00f3 su salida del FC Barcelona - News 105.3 FM","isPartOf":{"@id":"https:\/\/soynuevaprensadigital.com\/news1053fm\/#website"},"datePublished":"2021-04-27T19:09:41+00:00","author":{"@id":"https:\/\/soynuevaprensadigital.com\/news1053fm\/#\/schema\/person\/aa2d09ab130e943e3c7b360a32177538"},"breadcrumb":{"@id":"https:\/\/soynuevaprensadigital.com\/news1053fm\/efemerides-deportivas-27-de-abril-andres-iniesta-se-anuncio-su-salida-del-fc-barcelona\/#breadcrumb"},"inLanguage":"es","potentialAction":[{"@type":"ReadAction","target":["https:\/\/soynuevaprensadigital.com\/news1053fm\/efemerides-deportivas-27-de-abril-andres-iniesta-se-anuncio-su-salida-del-fc-barcelona\/"]}]},{"@type":"BreadcrumbList","@id":"https:\/\/soynuevaprensadigital.com\/news1053fm\/efemerides-deportivas-27-de-abril-andres-iniesta-se-anuncio-su-salida-del-fc-barcelona\/#breadcrumb","itemListElement":[{"@type":"ListItem","position":1,"name":"Portada","item":"https:\/\/soynuevaprensadigital.com\/news1053fm\/"},{"@type":"ListItem","position":2,"name":"Efem\u00e9rides Deportivas 27 de abril: Andr\u00e9s Iniesta se anunci\u00f3 su salida del FC Barcelona"}]},{"@type":"WebSite","@id":"https:\/\/soynuevaprensadigital.com\/news1053fm\/#website","url":"https:\/\/soynuevaprensadigital.com\/news1053fm\/","name":"News 105.3 FM","description":"Nuestro compromiso contigo nos permite ofrecerte la radio de mejor calidad, la frecuencia m\u00e1s limpia yel entretenimiento para todos los gustos.","potentialAction":[{"@type":"SearchAction","target":{"@type":"EntryPoint","urlTemplate":"https:\/\/soynuevaprensadigital.com\/news1053fm\/?s={search_term_string}"},"query-input":{"@type":"PropertyValueSpecification","valueRequired":true,"valueName":"search_term_string"}}],"inLanguage":"es"},{"@type":"Person","@id":"https:\/\/soynuevaprensadigital.com\/news1053fm\/#\/schema\/person\/aa2d09ab130e943e3c7b360a32177538","name":"Alvis Cristina Herrera","image":{"@type":"ImageObject","inLanguage":"es","@id":"https:\/\/secure.gravatar.com\/avatar\/6a4b461595fbd8c4d0947e89062b7b1df5ea5bc6348126d9594f8d0cece5be89?s=96&d=mm&r=g","url":"https:\/\/secure.gravatar.com\/avatar\/6a4b461595fbd8c4d0947e89062b7b1df5ea5bc6348126d9594f8d0cece5be89?s=96&d=mm&r=g","contentUrl":"https:\/\/secure.gravatar.com\/avatar\/6a4b461595fbd8c4d0947e89062b7b1df5ea5bc6348126d9594f8d0cece5be89?s=96&d=mm&r=g","caption":"Alvis Cristina Herrera"},"sameAs":["https:\/\/www.facebook.com\/AlvisCristinaHe","https:\/\/www.instagram.com\/alviscristinahe\/","https:\/\/www.linkedin.com\/in\/alviscristinahe\/","https:\/\/x.com\/https:\/\/www.twitter.com\/alviscristinahe\/"],"url":"https:\/\/soynuevaprensadigital.com\/news1053fm\/author\/alvisherrera\/"}]}},"_links":{"self":[{"href":"https:\/\/soynuevaprensadigital.com\/news1053fm\/wp-json\/wp\/v2\/posts\/2004","targetHints":{"allow":["GET"]}}],"collection":[{"href":"https:\/\/soynuevaprensadigital.com\/news1053fm\/wp-json\/wp\/v2\/posts"}],"about":[{"href":"https:\/\/soynuevaprensadigital.com\/news1053fm\/wp-json\/wp\/v2\/types\/post"}],"author":[{"embeddable":true,"href":"https:\/\/soynuevaprensadigital.com\/news1053fm\/wp-json\/wp\/v2\/users\/158"}],"replies":[{"embeddable":true,"href":"https:\/\/soynuevaprensadigital.com\/news1053fm\/wp-json\/wp\/v2\/comments?post=2004"}],"version-history":[{"count":0,"href":"https:\/\/soynuevaprensadigital.com\/news1053fm\/wp-json\/wp\/v2\/posts\/2004\/revisions"}],"wp:attachment":[{"href":"https:\/\/soynuevaprensadigital.com\/news1053fm\/wp-json\/wp\/v2\/media?parent=2004"}],"wp:term":[{"taxonomy":"category","embeddable":true,"href":"https:\/\/soynuevaprensadigital.com\/news1053fm\/wp-json\/wp\/v2\/categories?post=2004"},{"taxonomy":"post_tag","embeddable":true,"href":"https:\/\/soynuevaprensadigital.com\/news1053fm\/wp-json\/wp\/v2\/tags?post=2004"}],"curies":[{"name":"wp","href":"https:\/\/api.w.org\/{rel}","templated":true}]}}