{"id":2011,"date":"2021-04-28T15:55:30","date_gmt":"2021-04-28T19:55:30","guid":{"rendered":"https:\/\/soynuevaprensadigital.com\/news1053fm\/?p=2011"},"modified":"2021-04-30T15:57:29","modified_gmt":"2021-04-30T19:57:29","slug":"billie-eilish-anuncia-su-segundo-disco-happier-than-ever","status":"publish","type":"post","link":"https:\/\/soynuevaprensadigital.com\/news1053fm\/billie-eilish-anuncia-su-segundo-disco-happier-than-ever\/","title":{"rendered":"Billie Eilish anuncia su segundo disco: \u00abHappier Than Ever\u00bb"},"content":{"rendered":"<p style=\"text-align: justify\"><strong>Los \u00c1ngeles.-<\/strong>Billie Eilish anunci\u00f3 este martes que su segundo disco se publicar\u00e1 el 30 de julio con el t\u00edtulo \u00abHappier Than Ever\u00bb, que tomar\u00e1 el relevo a \u00abWhen We All Fall Asleep Where Do We Go?\u00bb, con el que gan\u00f3 el Grammy al \u00e1lbum del a\u00f1o.<\/p>\n<p>\u00abEsta es la cosa favorita que jam\u00e1s he creado y estoy muy emocionada, nerviosa y deseando que lo escuchen. No puedo ni expresarlo. Nunca sent\u00ed tanto amor por un proyecto\u00bb, asegur\u00f3 la artista en sus redes sociales, en las que tambi\u00e9n confirm\u00f3 que lanzar\u00e1 una canci\u00f3n nueva el jueves.<\/p>\n<p>El disco incluir\u00e1 los dos sencillos que public\u00f3 el a\u00f1o pasado, \u00abTherefore I Am\u00bb y \u00abMy Future\u00bb, pero dej\u00f3 por fuera su colaboraci\u00f3n con Rosal\u00eda en \u00abLo vas a olvidar\u00bb.<\/p>\n<p>\u00abNo creo que hubiera hecho el mismo \u00e1lbum, ni siquiera el \u00e1lbum, si no fuera por el coronavirus. Eso no significa que trate sobre el coronavirus, en absoluto. Es solo que, cuando las cosas son diferentes en tu vida, t\u00fa eres diferente\u00bb, explic\u00f3 Eilish en una entrevista con Stephen Colbert en febrero.<\/p>\n<p>El anterior disco de la cantante se grab\u00f3 \u00edntegramente en su casa de Los \u00c1ngeles (EE.UU.) con su hermano Finneas en la producci\u00f3n.<\/p>\n<p>En los premios Grammy de 2020, Eilish hizo historia al ganar con 18 a\u00f1os reci\u00e9n cumplidos las cuatro categor\u00edas m\u00e1s importantes de estos premios: mejor nuevo artista, disco del a\u00f1o, canci\u00f3n del a\u00f1o y grabaci\u00f3n del a\u00f1o.<\/p>\n<p>Tambi\u00e9n fue una de las estrellas invitadas en la gala de los \u00d3scar y compuso el tema de la futura pel\u00edcula de James Bond, \u00abNo Time to Die\u00bb, que obtuvo el Grammy a la mejor canci\u00f3n escrita para producciones audiovisuales en la gala de 2021.<\/p>\n<p>En esa \u00faltima ceremonia tambi\u00e9n se llev\u00f3 el galard\u00f3n a la grabaci\u00f3n del a\u00f1o con \u00abEverything I Wanted\u00bb, un triunfo consecutivo despu\u00e9s de que \u00abBad Guy\u00bb lograra el mismo reconocimiento en 2020.<\/p>\n","protected":false},"excerpt":{"rendered":"<p>Los \u00c1ngeles.-Billie Eilish anunci\u00f3 este martes que su segundo disco se publicar\u00e1 el 30 de julio con el t\u00edtulo \u00abHappier Than Ever\u00bb, que tomar\u00e1 el relevo a \u00abWhen We All Fall Asleep Where Do We Go?\u00bb, con el que gan\u00f3 el Grammy al \u00e1lbum del a\u00f1o. \u00abEsta es la cosa favorita que jam\u00e1s he creado [&hellip;]<\/p>\n","protected":false},"author":158,"featured_media":0,"comment_status":"closed","ping_status":"closed","sticky":false,"template":"","format":"standard","meta":{"footnotes":""},"categories":[2,14],"tags":[],"class_list":["post-2011","post","type-post","status-publish","format-standard","hentry","category-featured","category-noticias"],"yoast_head":"<!-- This site is optimized with the Yoast SEO plugin v27.3 - https:\/\/yoast.com\/product\/yoast-seo-wordpress\/ -->\n<title>Billie Eilish anuncia su segundo disco: &quot;Happier Than Ever&quot; - News 105.3 FM<\/title>\n<meta name=\"robots\" content=\"index, follow, max-snippet:-1, max-image-preview:large, max-video-preview:-1\" \/>\n<link rel=\"canonical\" href=\"https:\/\/soynuevaprensadigital.com\/news1053fm\/billie-eilish-anuncia-su-segundo-disco-happier-than-ever\/\" \/>\n<meta property=\"og:locale\" content=\"es_ES\" \/>\n<meta property=\"og:type\" content=\"article\" \/>\n<meta property=\"og:title\" content=\"Billie Eilish anuncia su segundo disco: &quot;Happier Than Ever&quot; - News 105.3 FM\" \/>\n<meta property=\"og:description\" content=\"Los \u00c1ngeles.-Billie Eilish anunci\u00f3 este martes que su segundo disco se publicar\u00e1 el 30 de julio con el t\u00edtulo \u00abHappier Than Ever\u00bb, que tomar\u00e1 el relevo a \u00abWhen We All Fall Asleep Where Do We Go?\u00bb, con el que gan\u00f3 el Grammy al \u00e1lbum del a\u00f1o. \u00abEsta es la cosa favorita que jam\u00e1s he creado [&hellip;]\" \/>\n<meta property=\"og:url\" content=\"https:\/\/soynuevaprensadigital.com\/news1053fm\/billie-eilish-anuncia-su-segundo-disco-happier-than-ever\/\" \/>\n<meta property=\"og:site_name\" content=\"News 105.3 FM\" \/>\n<meta property=\"article:publisher\" content=\"https:\/\/www.facebook.com\/News1053fm-1655395028099413\/\" \/>\n<meta property=\"article:author\" content=\"https:\/\/www.facebook.com\/AlvisCristinaHe\" \/>\n<meta property=\"article:published_time\" content=\"2021-04-28T19:55:30+00:00\" \/>\n<meta property=\"article:modified_time\" content=\"2021-04-30T19:57:29+00:00\" \/>\n<meta property=\"og:image\" content=\"https:\/\/soynuevaprensadigital.com\/news1053fm\/wp-content\/uploads\/sites\/3\/2021\/04\/ff071b0a51a57aa6dc50306f8ea72802514959f5w.jpg\" \/>\n\t<meta property=\"og:image:width\" content=\"1920\" \/>\n\t<meta property=\"og:image:height\" content=\"1313\" \/>\n\t<meta property=\"og:image:type\" content=\"image\/jpeg\" \/>\n<meta name=\"author\" content=\"Alvis Cristina Herrera\" \/>\n<meta name=\"twitter:card\" content=\"summary_large_image\" \/>\n<meta name=\"twitter:creator\" content=\"@https:\/\/www.twitter.com\/alviscristinahe\/\" \/>\n<meta name=\"twitter:site\" content=\"@news105_3fm\" \/>\n<meta name=\"twitter:label1\" content=\"Escrito por\" \/>\n\t<meta name=\"twitter:data1\" content=\"Alvis Cristina Herrera\" \/>\n\t<meta name=\"twitter:label2\" content=\"Tiempo de lectura\" \/>\n\t<meta name=\"twitter:data2\" content=\"2 minutos\" \/>\n<script type=\"application\/ld+json\" class=\"yoast-schema-graph\">{\"@context\":\"https:\\\/\\\/schema.org\",\"@graph\":[{\"@type\":\"Article\",\"@id\":\"https:\\\/\\\/soynuevaprensadigital.com\\\/news1053fm\\\/billie-eilish-anuncia-su-segundo-disco-happier-than-ever\\\/#article\",\"isPartOf\":{\"@id\":\"https:\\\/\\\/soynuevaprensadigital.com\\\/news1053fm\\\/billie-eilish-anuncia-su-segundo-disco-happier-than-ever\\\/\"},\"author\":{\"name\":\"Alvis Cristina Herrera\",\"@id\":\"https:\\\/\\\/soynuevaprensadigital.com\\\/news1053fm\\\/#\\\/schema\\\/person\\\/aa2d09ab130e943e3c7b360a32177538\"},\"headline\":\"Billie Eilish anuncia su segundo disco: \u00abHappier Than Ever\u00bb\",\"datePublished\":\"2021-04-28T19:55:30+00:00\",\"dateModified\":\"2021-04-30T19:57:29+00:00\",\"mainEntityOfPage\":{\"@id\":\"https:\\\/\\\/soynuevaprensadigital.com\\\/news1053fm\\\/billie-eilish-anuncia-su-segundo-disco-happier-than-ever\\\/\"},\"wordCount\":346,\"articleSection\":[\"Featured\",\"Noticias\"],\"inLanguage\":\"es\"},{\"@type\":\"WebPage\",\"@id\":\"https:\\\/\\\/soynuevaprensadigital.com\\\/news1053fm\\\/billie-eilish-anuncia-su-segundo-disco-happier-than-ever\\\/\",\"url\":\"https:\\\/\\\/soynuevaprensadigital.com\\\/news1053fm\\\/billie-eilish-anuncia-su-segundo-disco-happier-than-ever\\\/\",\"name\":\"Billie Eilish anuncia su segundo disco: \\\"Happier Than Ever\\\" - News 105.3 FM\",\"isPartOf\":{\"@id\":\"https:\\\/\\\/soynuevaprensadigital.com\\\/news1053fm\\\/#website\"},\"datePublished\":\"2021-04-28T19:55:30+00:00\",\"dateModified\":\"2021-04-30T19:57:29+00:00\",\"author\":{\"@id\":\"https:\\\/\\\/soynuevaprensadigital.com\\\/news1053fm\\\/#\\\/schema\\\/person\\\/aa2d09ab130e943e3c7b360a32177538\"},\"breadcrumb\":{\"@id\":\"https:\\\/\\\/soynuevaprensadigital.com\\\/news1053fm\\\/billie-eilish-anuncia-su-segundo-disco-happier-than-ever\\\/#breadcrumb\"},\"inLanguage\":\"es\",\"potentialAction\":[{\"@type\":\"ReadAction\",\"target\":[\"https:\\\/\\\/soynuevaprensadigital.com\\\/news1053fm\\\/billie-eilish-anuncia-su-segundo-disco-happier-than-ever\\\/\"]}]},{\"@type\":\"BreadcrumbList\",\"@id\":\"https:\\\/\\\/soynuevaprensadigital.com\\\/news1053fm\\\/billie-eilish-anuncia-su-segundo-disco-happier-than-ever\\\/#breadcrumb\",\"itemListElement\":[{\"@type\":\"ListItem\",\"position\":1,\"name\":\"Portada\",\"item\":\"https:\\\/\\\/soynuevaprensadigital.com\\\/news1053fm\\\/\"},{\"@type\":\"ListItem\",\"position\":2,\"name\":\"Billie Eilish anuncia su segundo disco: \u00abHappier Than Ever\u00bb\"}]},{\"@type\":\"WebSite\",\"@id\":\"https:\\\/\\\/soynuevaprensadigital.com\\\/news1053fm\\\/#website\",\"url\":\"https:\\\/\\\/soynuevaprensadigital.com\\\/news1053fm\\\/\",\"name\":\"News 105.3 FM\",\"description\":\"Nuestro compromiso contigo nos permite ofrecerte la radio de mejor calidad, la frecuencia m\u00e1s limpia yel entretenimiento para todos los gustos.\",\"potentialAction\":[{\"@type\":\"SearchAction\",\"target\":{\"@type\":\"EntryPoint\",\"urlTemplate\":\"https:\\\/\\\/soynuevaprensadigital.com\\\/news1053fm\\\/?s={search_term_string}\"},\"query-input\":{\"@type\":\"PropertyValueSpecification\",\"valueRequired\":true,\"valueName\":\"search_term_string\"}}],\"inLanguage\":\"es\"},{\"@type\":\"Person\",\"@id\":\"https:\\\/\\\/soynuevaprensadigital.com\\\/news1053fm\\\/#\\\/schema\\\/person\\\/aa2d09ab130e943e3c7b360a32177538\",\"name\":\"Alvis Cristina Herrera\",\"image\":{\"@type\":\"ImageObject\",\"inLanguage\":\"es\",\"@id\":\"https:\\\/\\\/secure.gravatar.com\\\/avatar\\\/6a4b461595fbd8c4d0947e89062b7b1df5ea5bc6348126d9594f8d0cece5be89?s=96&d=mm&r=g\",\"url\":\"https:\\\/\\\/secure.gravatar.com\\\/avatar\\\/6a4b461595fbd8c4d0947e89062b7b1df5ea5bc6348126d9594f8d0cece5be89?s=96&d=mm&r=g\",\"contentUrl\":\"https:\\\/\\\/secure.gravatar.com\\\/avatar\\\/6a4b461595fbd8c4d0947e89062b7b1df5ea5bc6348126d9594f8d0cece5be89?s=96&d=mm&r=g\",\"caption\":\"Alvis Cristina Herrera\"},\"sameAs\":[\"https:\\\/\\\/www.facebook.com\\\/AlvisCristinaHe\",\"https:\\\/\\\/www.instagram.com\\\/alviscristinahe\\\/\",\"https:\\\/\\\/www.linkedin.com\\\/in\\\/alviscristinahe\\\/\",\"https:\\\/\\\/x.com\\\/https:\\\/\\\/www.twitter.com\\\/alviscristinahe\\\/\"],\"url\":\"https:\\\/\\\/soynuevaprensadigital.com\\\/news1053fm\\\/author\\\/alvisherrera\\\/\"}]}<\/script>\n<!-- \/ Yoast SEO plugin. -->","yoast_head_json":{"title":"Billie Eilish anuncia su segundo disco: \"Happier Than Ever\" - News 105.3 FM","robots":{"index":"index","follow":"follow","max-snippet":"max-snippet:-1","max-image-preview":"max-image-preview:large","max-video-preview":"max-video-preview:-1"},"canonical":"https:\/\/soynuevaprensadigital.com\/news1053fm\/billie-eilish-anuncia-su-segundo-disco-happier-than-ever\/","og_locale":"es_ES","og_type":"article","og_title":"Billie Eilish anuncia su segundo disco: \"Happier Than Ever\" - News 105.3 FM","og_description":"Los \u00c1ngeles.-Billie Eilish anunci\u00f3 este martes que su segundo disco se publicar\u00e1 el 30 de julio con el t\u00edtulo \u00abHappier Than Ever\u00bb, que tomar\u00e1 el relevo a \u00abWhen We All Fall Asleep Where Do We Go?\u00bb, con el que gan\u00f3 el Grammy al \u00e1lbum del a\u00f1o. \u00abEsta es la cosa favorita que jam\u00e1s he creado [&hellip;]","og_url":"https:\/\/soynuevaprensadigital.com\/news1053fm\/billie-eilish-anuncia-su-segundo-disco-happier-than-ever\/","og_site_name":"News 105.3 FM","article_publisher":"https:\/\/www.facebook.com\/News1053fm-1655395028099413\/","article_author":"https:\/\/www.facebook.com\/AlvisCristinaHe","article_published_time":"2021-04-28T19:55:30+00:00","article_modified_time":"2021-04-30T19:57:29+00:00","og_image":[{"width":1920,"height":1313,"url":"https:\/\/soynuevaprensadigital.com\/news1053fm\/wp-content\/uploads\/sites\/3\/2021\/04\/ff071b0a51a57aa6dc50306f8ea72802514959f5w.jpg","type":"image\/jpeg"}],"author":"Alvis Cristina Herrera","twitter_card":"summary_large_image","twitter_creator":"@https:\/\/www.twitter.com\/alviscristinahe\/","twitter_site":"@news105_3fm","twitter_misc":{"Escrito por":"Alvis Cristina Herrera","Tiempo de lectura":"2 minutos"},"schema":{"@context":"https:\/\/schema.org","@graph":[{"@type":"Article","@id":"https:\/\/soynuevaprensadigital.com\/news1053fm\/billie-eilish-anuncia-su-segundo-disco-happier-than-ever\/#article","isPartOf":{"@id":"https:\/\/soynuevaprensadigital.com\/news1053fm\/billie-eilish-anuncia-su-segundo-disco-happier-than-ever\/"},"author":{"name":"Alvis Cristina Herrera","@id":"https:\/\/soynuevaprensadigital.com\/news1053fm\/#\/schema\/person\/aa2d09ab130e943e3c7b360a32177538"},"headline":"Billie Eilish anuncia su segundo disco: \u00abHappier Than Ever\u00bb","datePublished":"2021-04-28T19:55:30+00:00","dateModified":"2021-04-30T19:57:29+00:00","mainEntityOfPage":{"@id":"https:\/\/soynuevaprensadigital.com\/news1053fm\/billie-eilish-anuncia-su-segundo-disco-happier-than-ever\/"},"wordCount":346,"articleSection":["Featured","Noticias"],"inLanguage":"es"},{"@type":"WebPage","@id":"https:\/\/soynuevaprensadigital.com\/news1053fm\/billie-eilish-anuncia-su-segundo-disco-happier-than-ever\/","url":"https:\/\/soynuevaprensadigital.com\/news1053fm\/billie-eilish-anuncia-su-segundo-disco-happier-than-ever\/","name":"Billie Eilish anuncia su segundo disco: \"Happier Than Ever\" - News 105.3 FM","isPartOf":{"@id":"https:\/\/soynuevaprensadigital.com\/news1053fm\/#website"},"datePublished":"2021-04-28T19:55:30+00:00","dateModified":"2021-04-30T19:57:29+00:00","author":{"@id":"https:\/\/soynuevaprensadigital.com\/news1053fm\/#\/schema\/person\/aa2d09ab130e943e3c7b360a32177538"},"breadcrumb":{"@id":"https:\/\/soynuevaprensadigital.com\/news1053fm\/billie-eilish-anuncia-su-segundo-disco-happier-than-ever\/#breadcrumb"},"inLanguage":"es","potentialAction":[{"@type":"ReadAction","target":["https:\/\/soynuevaprensadigital.com\/news1053fm\/billie-eilish-anuncia-su-segundo-disco-happier-than-ever\/"]}]},{"@type":"BreadcrumbList","@id":"https:\/\/soynuevaprensadigital.com\/news1053fm\/billie-eilish-anuncia-su-segundo-disco-happier-than-ever\/#breadcrumb","itemListElement":[{"@type":"ListItem","position":1,"name":"Portada","item":"https:\/\/soynuevaprensadigital.com\/news1053fm\/"},{"@type":"ListItem","position":2,"name":"Billie Eilish anuncia su segundo disco: \u00abHappier Than Ever\u00bb"}]},{"@type":"WebSite","@id":"https:\/\/soynuevaprensadigital.com\/news1053fm\/#website","url":"https:\/\/soynuevaprensadigital.com\/news1053fm\/","name":"News 105.3 FM","description":"Nuestro compromiso contigo nos permite ofrecerte la radio de mejor calidad, la frecuencia m\u00e1s limpia yel entretenimiento para todos los gustos.","potentialAction":[{"@type":"SearchAction","target":{"@type":"EntryPoint","urlTemplate":"https:\/\/soynuevaprensadigital.com\/news1053fm\/?s={search_term_string}"},"query-input":{"@type":"PropertyValueSpecification","valueRequired":true,"valueName":"search_term_string"}}],"inLanguage":"es"},{"@type":"Person","@id":"https:\/\/soynuevaprensadigital.com\/news1053fm\/#\/schema\/person\/aa2d09ab130e943e3c7b360a32177538","name":"Alvis Cristina Herrera","image":{"@type":"ImageObject","inLanguage":"es","@id":"https:\/\/secure.gravatar.com\/avatar\/6a4b461595fbd8c4d0947e89062b7b1df5ea5bc6348126d9594f8d0cece5be89?s=96&d=mm&r=g","url":"https:\/\/secure.gravatar.com\/avatar\/6a4b461595fbd8c4d0947e89062b7b1df5ea5bc6348126d9594f8d0cece5be89?s=96&d=mm&r=g","contentUrl":"https:\/\/secure.gravatar.com\/avatar\/6a4b461595fbd8c4d0947e89062b7b1df5ea5bc6348126d9594f8d0cece5be89?s=96&d=mm&r=g","caption":"Alvis Cristina Herrera"},"sameAs":["https:\/\/www.facebook.com\/AlvisCristinaHe","https:\/\/www.instagram.com\/alviscristinahe\/","https:\/\/www.linkedin.com\/in\/alviscristinahe\/","https:\/\/x.com\/https:\/\/www.twitter.com\/alviscristinahe\/"],"url":"https:\/\/soynuevaprensadigital.com\/news1053fm\/author\/alvisherrera\/"}]}},"_links":{"self":[{"href":"https:\/\/soynuevaprensadigital.com\/news1053fm\/wp-json\/wp\/v2\/posts\/2011","targetHints":{"allow":["GET"]}}],"collection":[{"href":"https:\/\/soynuevaprensadigital.com\/news1053fm\/wp-json\/wp\/v2\/posts"}],"about":[{"href":"https:\/\/soynuevaprensadigital.com\/news1053fm\/wp-json\/wp\/v2\/types\/post"}],"author":[{"embeddable":true,"href":"https:\/\/soynuevaprensadigital.com\/news1053fm\/wp-json\/wp\/v2\/users\/158"}],"replies":[{"embeddable":true,"href":"https:\/\/soynuevaprensadigital.com\/news1053fm\/wp-json\/wp\/v2\/comments?post=2011"}],"version-history":[{"count":0,"href":"https:\/\/soynuevaprensadigital.com\/news1053fm\/wp-json\/wp\/v2\/posts\/2011\/revisions"}],"wp:attachment":[{"href":"https:\/\/soynuevaprensadigital.com\/news1053fm\/wp-json\/wp\/v2\/media?parent=2011"}],"wp:term":[{"taxonomy":"category","embeddable":true,"href":"https:\/\/soynuevaprensadigital.com\/news1053fm\/wp-json\/wp\/v2\/categories?post=2011"},{"taxonomy":"post_tag","embeddable":true,"href":"https:\/\/soynuevaprensadigital.com\/news1053fm\/wp-json\/wp\/v2\/tags?post=2011"}],"curies":[{"name":"wp","href":"https:\/\/api.w.org\/{rel}","templated":true}]}}