{"id":2015,"date":"2021-04-29T16:01:05","date_gmt":"2021-04-29T20:01:05","guid":{"rendered":"https:\/\/soynuevaprensadigital.com\/news1053fm\/?p=2015"},"modified":"2021-04-30T16:03:00","modified_gmt":"2021-04-30T20:03:00","slug":"pedro-capo-reune-a-nicki-nicole-y-de-la-ghetto-en-tu-fanatico-remix","status":"publish","type":"post","link":"https:\/\/soynuevaprensadigital.com\/news1053fm\/pedro-capo-reune-a-nicki-nicole-y-de-la-ghetto-en-tu-fanatico-remix\/","title":{"rendered":"Pedro Cap\u00f3 re\u00fane a Nicki Nicole y De La Ghetto en \u00abTu Fan\u00e1tico Remix\u00bb"},"content":{"rendered":"<p style=\"text-align: justify\"><strong>San Juan.-<\/strong>El cantante Pedro Cap\u00f3 re\u00fane a la rapera argentina Nicki Nicole y al reguetonero De La Ghetto en \u00abTu Fan\u00e1tico Remix\u00bb, nueva versi\u00f3n de la canci\u00f3n del mismo nombre que sale este jueves a la venta y que, como se\u00f1ala el puertorrique\u00f1o a Efe, suma nuevos ritmos que dan un car\u00e1cter especial al sencillo.<\/p>\n<p>\u00abSe trata de un tema muy refrescante al que contribuyen Nicki Nicole y De La Ghetto con su personalidad, que estoy seguro le va a encantar al p\u00fablico\u00bb, subray\u00f3 el cantante.<\/p>\n<p>El tema se puede adquirir en todas las plataformas digitales y est\u00e1 acompa\u00f1ado de un video disponible en el canal de YouTube de Cap\u00f3.<\/p>\n<p>\u00abEn el caso de Nicki Nicole no la conoc\u00eda personalmente, pero estaba convencido de que era la persona id\u00f3nea para esta canci\u00f3n\u00bb, destac\u00f3 Cap\u00f3 sobre la artista argentina.<\/p>\n<p>Respecto a De La Ghetto, dijo que ya se conoc\u00edan y que era una apuesta asegura para el \u00e9xito en esta versi\u00f3n de \u00abTu Fan\u00e1tico\u00bb.<\/p>\n<p><strong>ENCANTADO CON COLABORAR CON ARTISTAS<\/strong><\/p>\n<p>\u00abMe encanta colaborar con artistas y adem\u00e1s es una demanda de la gente\u00bb, destac\u00f3 Cap\u00f3 sobre una tendencia cada vez m\u00e1s habitual en el mercado musical en todo el mundo.<\/p>\n<p>Cap\u00f3 destac\u00f3 que es una canci\u00f3n atrevida que habla sobre obsesi\u00f3n y sexualidad.<\/p>\n<p>\u00abCreo que todos lo hemos experimentado. &#8216;Tu Fan\u00e1tico&#8217; es el sonido futuro de mi propuesta. Nos volvemos viscerales, sacamos nuestro instinto animal y nos obsesionamos con las personas y la vida. Esa es mi forma de expresarlo\u00bb, dijo el artista.<\/p>\n<p><strong>SOBREPASA SUS\u00a0<\/strong><b>EXPECTATIVAS<\/b><\/p>\n<p>\u00abCreo que &#8216;Tu Fan\u00e1tico Remix&#8217; sobrepasa las expectativas\u00bb, destac\u00f3 Cap\u00f3.<\/p>\n<p>Respecto a cu\u00e1ndo cree que finalmente podr\u00e1 subirse a un escenario, dijo que es optimista y que espera que a final del presente a\u00f1o las cosas ya hayan cambiado.<\/p>\n<p>Destac\u00f3 que ha aprovechado estos meses de alejamiento de los escenarios y de sus seguidores para volcarse en la faceta creativa en el estudio.<\/p>\n<p>\u00abEstoy trabajando en el pr\u00f3ximo disco\u00bb, subray\u00f3 sobre sus prioridades una vez que este verano, de nuevo, no va a ser posible presentarse en directo ante sus seguidores en concierto a causa de la pandemia de la covid-19.<\/p>\n<p>\u00abEstoy muy agradecido a la gente y pido que sean pacientes ante la llegada de los conciertos\u00bb, destac\u00f3 el artista puertorrique\u00f1o residente en Miami.<\/p>\n<p><strong>VIDEO DIRIGIDO POR DANIEL EGUREN<\/strong><\/p>\n<p>Dirigido por Daniel Eguren, el video que acompa\u00f1a el tema re\u00fane a los tres artistas para retratar la pasi\u00f3n de la canci\u00f3n.<\/p>\n<p>La versi\u00f3n original de \u00abTu Fan\u00e1tico\u00bb aparece en el \u00e1lbum de Cap\u00f3 \u00abMunay\u00bb, lanzado en septiembre de 2020 y certificado como 4 veces disco Platino en Estados Unidos y Puerto Rico.<\/p>\n<p>Ha generado m\u00e1s de 5.300 millones de reproducciones y tambi\u00e9n est\u00e1 certificado como disco de Diamante en Argentina, 4 veces Platino en Colombia, doble Platino en Per\u00fa, Platino en Brasil, M\u00e9xico y Espa\u00f1a, adem\u00e1s de Oro en Hungr\u00eda.<\/p>\n<p>El \u00e1lbum fue nominado en 2021 en los Premio Lo Nuestro por \u00c1lbum del A\u00f1o &#8211; Pop y en los Latin American Awards 2021 por \u00c1lbum Favorito &#8211; Pop.<\/p>\n<p>La reciente aparici\u00f3n de Cap\u00f3 con la banda brasile\u00f1a de reggae Natiruts, titulada \u00abTodo Bien\u00bb, tiene m\u00e1s de 5 millones de vistas en YouTube.<\/p>\n<p>Adem\u00e1s, su \u00faltima colaboraci\u00f3n \u00abCastigo\u00bb, con el tr\u00edo puertorrique\u00f1o Los Rivera Destino, obtuvo m\u00e1s de 2 millones de vistas en su semana de debut.<\/p>\n<p>A principios de mayo, Cap\u00f3 comenzar\u00e1 una gira promocional por Puerto Rico.<\/p>\n","protected":false},"excerpt":{"rendered":"<p>San Juan.-El cantante Pedro Cap\u00f3 re\u00fane a la rapera argentina Nicki Nicole y al reguetonero De La Ghetto en \u00abTu Fan\u00e1tico Remix\u00bb, nueva versi\u00f3n de la canci\u00f3n del mismo nombre que sale este jueves a la venta y que, como se\u00f1ala el puertorrique\u00f1o a Efe, suma nuevos ritmos que dan un car\u00e1cter especial al sencillo. [&hellip;]<\/p>\n","protected":false},"author":158,"featured_media":0,"comment_status":"closed","ping_status":"closed","sticky":false,"template":"","format":"standard","meta":{"footnotes":""},"categories":[2,14],"tags":[],"class_list":["post-2015","post","type-post","status-publish","format-standard","hentry","category-featured","category-noticias"],"yoast_head":"<!-- This site is optimized with the Yoast SEO plugin v27.3 - https:\/\/yoast.com\/product\/yoast-seo-wordpress\/ -->\n<title>Pedro Cap\u00f3 re\u00fane a Nicki Nicole y De La Ghetto en &quot;Tu Fan\u00e1tico Remix&quot; - News 105.3 FM<\/title>\n<meta name=\"robots\" content=\"index, follow, max-snippet:-1, max-image-preview:large, max-video-preview:-1\" \/>\n<link rel=\"canonical\" href=\"https:\/\/soynuevaprensadigital.com\/news1053fm\/pedro-capo-reune-a-nicki-nicole-y-de-la-ghetto-en-tu-fanatico-remix\/\" \/>\n<meta property=\"og:locale\" content=\"es_ES\" \/>\n<meta property=\"og:type\" content=\"article\" \/>\n<meta property=\"og:title\" content=\"Pedro Cap\u00f3 re\u00fane a Nicki Nicole y De La Ghetto en &quot;Tu Fan\u00e1tico Remix&quot; - News 105.3 FM\" \/>\n<meta property=\"og:description\" content=\"San Juan.-El cantante Pedro Cap\u00f3 re\u00fane a la rapera argentina Nicki Nicole y al reguetonero De La Ghetto en \u00abTu Fan\u00e1tico Remix\u00bb, nueva versi\u00f3n de la canci\u00f3n del mismo nombre que sale este jueves a la venta y que, como se\u00f1ala el puertorrique\u00f1o a Efe, suma nuevos ritmos que dan un car\u00e1cter especial al sencillo. [&hellip;]\" \/>\n<meta property=\"og:url\" content=\"https:\/\/soynuevaprensadigital.com\/news1053fm\/pedro-capo-reune-a-nicki-nicole-y-de-la-ghetto-en-tu-fanatico-remix\/\" \/>\n<meta property=\"og:site_name\" content=\"News 105.3 FM\" \/>\n<meta property=\"article:publisher\" content=\"https:\/\/www.facebook.com\/News1053fm-1655395028099413\/\" \/>\n<meta property=\"article:author\" content=\"https:\/\/www.facebook.com\/AlvisCristinaHe\" \/>\n<meta property=\"article:published_time\" content=\"2021-04-29T20:01:05+00:00\" \/>\n<meta property=\"article:modified_time\" content=\"2021-04-30T20:03:00+00:00\" \/>\n<meta property=\"og:image\" content=\"https:\/\/soynuevaprensadigital.com\/news1053fm\/wp-content\/uploads\/sites\/3\/2021\/04\/bc6f67c7281b942b6db725178ee364b50098ce82w.jpg\" \/>\n\t<meta property=\"og:image:width\" content=\"1920\" \/>\n\t<meta property=\"og:image:height\" content=\"1280\" \/>\n\t<meta property=\"og:image:type\" content=\"image\/jpeg\" \/>\n<meta name=\"author\" content=\"Alvis Cristina Herrera\" \/>\n<meta name=\"twitter:card\" content=\"summary_large_image\" \/>\n<meta name=\"twitter:creator\" content=\"@https:\/\/www.twitter.com\/alviscristinahe\/\" \/>\n<meta name=\"twitter:site\" content=\"@news105_3fm\" \/>\n<meta name=\"twitter:label1\" content=\"Escrito por\" \/>\n\t<meta name=\"twitter:data1\" content=\"Alvis Cristina Herrera\" \/>\n\t<meta name=\"twitter:label2\" content=\"Tiempo de lectura\" \/>\n\t<meta name=\"twitter:data2\" content=\"3 minutos\" \/>\n<script type=\"application\/ld+json\" class=\"yoast-schema-graph\">{\"@context\":\"https:\\\/\\\/schema.org\",\"@graph\":[{\"@type\":\"Article\",\"@id\":\"https:\\\/\\\/soynuevaprensadigital.com\\\/news1053fm\\\/pedro-capo-reune-a-nicki-nicole-y-de-la-ghetto-en-tu-fanatico-remix\\\/#article\",\"isPartOf\":{\"@id\":\"https:\\\/\\\/soynuevaprensadigital.com\\\/news1053fm\\\/pedro-capo-reune-a-nicki-nicole-y-de-la-ghetto-en-tu-fanatico-remix\\\/\"},\"author\":{\"name\":\"Alvis Cristina Herrera\",\"@id\":\"https:\\\/\\\/soynuevaprensadigital.com\\\/news1053fm\\\/#\\\/schema\\\/person\\\/aa2d09ab130e943e3c7b360a32177538\"},\"headline\":\"Pedro Cap\u00f3 re\u00fane a Nicki Nicole y De La Ghetto en \u00abTu Fan\u00e1tico Remix\u00bb\",\"datePublished\":\"2021-04-29T20:01:05+00:00\",\"dateModified\":\"2021-04-30T20:03:00+00:00\",\"mainEntityOfPage\":{\"@id\":\"https:\\\/\\\/soynuevaprensadigital.com\\\/news1053fm\\\/pedro-capo-reune-a-nicki-nicole-y-de-la-ghetto-en-tu-fanatico-remix\\\/\"},\"wordCount\":619,\"articleSection\":[\"Featured\",\"Noticias\"],\"inLanguage\":\"es\"},{\"@type\":\"WebPage\",\"@id\":\"https:\\\/\\\/soynuevaprensadigital.com\\\/news1053fm\\\/pedro-capo-reune-a-nicki-nicole-y-de-la-ghetto-en-tu-fanatico-remix\\\/\",\"url\":\"https:\\\/\\\/soynuevaprensadigital.com\\\/news1053fm\\\/pedro-capo-reune-a-nicki-nicole-y-de-la-ghetto-en-tu-fanatico-remix\\\/\",\"name\":\"Pedro Cap\u00f3 re\u00fane a Nicki Nicole y De La Ghetto en \\\"Tu Fan\u00e1tico Remix\\\" - News 105.3 FM\",\"isPartOf\":{\"@id\":\"https:\\\/\\\/soynuevaprensadigital.com\\\/news1053fm\\\/#website\"},\"datePublished\":\"2021-04-29T20:01:05+00:00\",\"dateModified\":\"2021-04-30T20:03:00+00:00\",\"author\":{\"@id\":\"https:\\\/\\\/soynuevaprensadigital.com\\\/news1053fm\\\/#\\\/schema\\\/person\\\/aa2d09ab130e943e3c7b360a32177538\"},\"breadcrumb\":{\"@id\":\"https:\\\/\\\/soynuevaprensadigital.com\\\/news1053fm\\\/pedro-capo-reune-a-nicki-nicole-y-de-la-ghetto-en-tu-fanatico-remix\\\/#breadcrumb\"},\"inLanguage\":\"es\",\"potentialAction\":[{\"@type\":\"ReadAction\",\"target\":[\"https:\\\/\\\/soynuevaprensadigital.com\\\/news1053fm\\\/pedro-capo-reune-a-nicki-nicole-y-de-la-ghetto-en-tu-fanatico-remix\\\/\"]}]},{\"@type\":\"BreadcrumbList\",\"@id\":\"https:\\\/\\\/soynuevaprensadigital.com\\\/news1053fm\\\/pedro-capo-reune-a-nicki-nicole-y-de-la-ghetto-en-tu-fanatico-remix\\\/#breadcrumb\",\"itemListElement\":[{\"@type\":\"ListItem\",\"position\":1,\"name\":\"Portada\",\"item\":\"https:\\\/\\\/soynuevaprensadigital.com\\\/news1053fm\\\/\"},{\"@type\":\"ListItem\",\"position\":2,\"name\":\"Pedro Cap\u00f3 re\u00fane a Nicki Nicole y De La Ghetto en \u00abTu Fan\u00e1tico Remix\u00bb\"}]},{\"@type\":\"WebSite\",\"@id\":\"https:\\\/\\\/soynuevaprensadigital.com\\\/news1053fm\\\/#website\",\"url\":\"https:\\\/\\\/soynuevaprensadigital.com\\\/news1053fm\\\/\",\"name\":\"News 105.3 FM\",\"description\":\"Nuestro compromiso contigo nos permite ofrecerte la radio de mejor calidad, la frecuencia m\u00e1s limpia yel entretenimiento para todos los gustos.\",\"potentialAction\":[{\"@type\":\"SearchAction\",\"target\":{\"@type\":\"EntryPoint\",\"urlTemplate\":\"https:\\\/\\\/soynuevaprensadigital.com\\\/news1053fm\\\/?s={search_term_string}\"},\"query-input\":{\"@type\":\"PropertyValueSpecification\",\"valueRequired\":true,\"valueName\":\"search_term_string\"}}],\"inLanguage\":\"es\"},{\"@type\":\"Person\",\"@id\":\"https:\\\/\\\/soynuevaprensadigital.com\\\/news1053fm\\\/#\\\/schema\\\/person\\\/aa2d09ab130e943e3c7b360a32177538\",\"name\":\"Alvis Cristina Herrera\",\"image\":{\"@type\":\"ImageObject\",\"inLanguage\":\"es\",\"@id\":\"https:\\\/\\\/secure.gravatar.com\\\/avatar\\\/6a4b461595fbd8c4d0947e89062b7b1df5ea5bc6348126d9594f8d0cece5be89?s=96&d=mm&r=g\",\"url\":\"https:\\\/\\\/secure.gravatar.com\\\/avatar\\\/6a4b461595fbd8c4d0947e89062b7b1df5ea5bc6348126d9594f8d0cece5be89?s=96&d=mm&r=g\",\"contentUrl\":\"https:\\\/\\\/secure.gravatar.com\\\/avatar\\\/6a4b461595fbd8c4d0947e89062b7b1df5ea5bc6348126d9594f8d0cece5be89?s=96&d=mm&r=g\",\"caption\":\"Alvis Cristina Herrera\"},\"sameAs\":[\"https:\\\/\\\/www.facebook.com\\\/AlvisCristinaHe\",\"https:\\\/\\\/www.instagram.com\\\/alviscristinahe\\\/\",\"https:\\\/\\\/www.linkedin.com\\\/in\\\/alviscristinahe\\\/\",\"https:\\\/\\\/x.com\\\/https:\\\/\\\/www.twitter.com\\\/alviscristinahe\\\/\"],\"url\":\"https:\\\/\\\/soynuevaprensadigital.com\\\/news1053fm\\\/author\\\/alvisherrera\\\/\"}]}<\/script>\n<!-- \/ Yoast SEO plugin. -->","yoast_head_json":{"title":"Pedro Cap\u00f3 re\u00fane a Nicki Nicole y De La Ghetto en \"Tu Fan\u00e1tico Remix\" - News 105.3 FM","robots":{"index":"index","follow":"follow","max-snippet":"max-snippet:-1","max-image-preview":"max-image-preview:large","max-video-preview":"max-video-preview:-1"},"canonical":"https:\/\/soynuevaprensadigital.com\/news1053fm\/pedro-capo-reune-a-nicki-nicole-y-de-la-ghetto-en-tu-fanatico-remix\/","og_locale":"es_ES","og_type":"article","og_title":"Pedro Cap\u00f3 re\u00fane a Nicki Nicole y De La Ghetto en \"Tu Fan\u00e1tico Remix\" - News 105.3 FM","og_description":"San Juan.-El cantante Pedro Cap\u00f3 re\u00fane a la rapera argentina Nicki Nicole y al reguetonero De La Ghetto en \u00abTu Fan\u00e1tico Remix\u00bb, nueva versi\u00f3n de la canci\u00f3n del mismo nombre que sale este jueves a la venta y que, como se\u00f1ala el puertorrique\u00f1o a Efe, suma nuevos ritmos que dan un car\u00e1cter especial al sencillo. [&hellip;]","og_url":"https:\/\/soynuevaprensadigital.com\/news1053fm\/pedro-capo-reune-a-nicki-nicole-y-de-la-ghetto-en-tu-fanatico-remix\/","og_site_name":"News 105.3 FM","article_publisher":"https:\/\/www.facebook.com\/News1053fm-1655395028099413\/","article_author":"https:\/\/www.facebook.com\/AlvisCristinaHe","article_published_time":"2021-04-29T20:01:05+00:00","article_modified_time":"2021-04-30T20:03:00+00:00","og_image":[{"width":1920,"height":1280,"url":"https:\/\/soynuevaprensadigital.com\/news1053fm\/wp-content\/uploads\/sites\/3\/2021\/04\/bc6f67c7281b942b6db725178ee364b50098ce82w.jpg","type":"image\/jpeg"}],"author":"Alvis Cristina Herrera","twitter_card":"summary_large_image","twitter_creator":"@https:\/\/www.twitter.com\/alviscristinahe\/","twitter_site":"@news105_3fm","twitter_misc":{"Escrito por":"Alvis Cristina Herrera","Tiempo de lectura":"3 minutos"},"schema":{"@context":"https:\/\/schema.org","@graph":[{"@type":"Article","@id":"https:\/\/soynuevaprensadigital.com\/news1053fm\/pedro-capo-reune-a-nicki-nicole-y-de-la-ghetto-en-tu-fanatico-remix\/#article","isPartOf":{"@id":"https:\/\/soynuevaprensadigital.com\/news1053fm\/pedro-capo-reune-a-nicki-nicole-y-de-la-ghetto-en-tu-fanatico-remix\/"},"author":{"name":"Alvis Cristina Herrera","@id":"https:\/\/soynuevaprensadigital.com\/news1053fm\/#\/schema\/person\/aa2d09ab130e943e3c7b360a32177538"},"headline":"Pedro Cap\u00f3 re\u00fane a Nicki Nicole y De La Ghetto en \u00abTu Fan\u00e1tico Remix\u00bb","datePublished":"2021-04-29T20:01:05+00:00","dateModified":"2021-04-30T20:03:00+00:00","mainEntityOfPage":{"@id":"https:\/\/soynuevaprensadigital.com\/news1053fm\/pedro-capo-reune-a-nicki-nicole-y-de-la-ghetto-en-tu-fanatico-remix\/"},"wordCount":619,"articleSection":["Featured","Noticias"],"inLanguage":"es"},{"@type":"WebPage","@id":"https:\/\/soynuevaprensadigital.com\/news1053fm\/pedro-capo-reune-a-nicki-nicole-y-de-la-ghetto-en-tu-fanatico-remix\/","url":"https:\/\/soynuevaprensadigital.com\/news1053fm\/pedro-capo-reune-a-nicki-nicole-y-de-la-ghetto-en-tu-fanatico-remix\/","name":"Pedro Cap\u00f3 re\u00fane a Nicki Nicole y De La Ghetto en \"Tu Fan\u00e1tico Remix\" - News 105.3 FM","isPartOf":{"@id":"https:\/\/soynuevaprensadigital.com\/news1053fm\/#website"},"datePublished":"2021-04-29T20:01:05+00:00","dateModified":"2021-04-30T20:03:00+00:00","author":{"@id":"https:\/\/soynuevaprensadigital.com\/news1053fm\/#\/schema\/person\/aa2d09ab130e943e3c7b360a32177538"},"breadcrumb":{"@id":"https:\/\/soynuevaprensadigital.com\/news1053fm\/pedro-capo-reune-a-nicki-nicole-y-de-la-ghetto-en-tu-fanatico-remix\/#breadcrumb"},"inLanguage":"es","potentialAction":[{"@type":"ReadAction","target":["https:\/\/soynuevaprensadigital.com\/news1053fm\/pedro-capo-reune-a-nicki-nicole-y-de-la-ghetto-en-tu-fanatico-remix\/"]}]},{"@type":"BreadcrumbList","@id":"https:\/\/soynuevaprensadigital.com\/news1053fm\/pedro-capo-reune-a-nicki-nicole-y-de-la-ghetto-en-tu-fanatico-remix\/#breadcrumb","itemListElement":[{"@type":"ListItem","position":1,"name":"Portada","item":"https:\/\/soynuevaprensadigital.com\/news1053fm\/"},{"@type":"ListItem","position":2,"name":"Pedro Cap\u00f3 re\u00fane a Nicki Nicole y De La Ghetto en \u00abTu Fan\u00e1tico Remix\u00bb"}]},{"@type":"WebSite","@id":"https:\/\/soynuevaprensadigital.com\/news1053fm\/#website","url":"https:\/\/soynuevaprensadigital.com\/news1053fm\/","name":"News 105.3 FM","description":"Nuestro compromiso contigo nos permite ofrecerte la radio de mejor calidad, la frecuencia m\u00e1s limpia yel entretenimiento para todos los gustos.","potentialAction":[{"@type":"SearchAction","target":{"@type":"EntryPoint","urlTemplate":"https:\/\/soynuevaprensadigital.com\/news1053fm\/?s={search_term_string}"},"query-input":{"@type":"PropertyValueSpecification","valueRequired":true,"valueName":"search_term_string"}}],"inLanguage":"es"},{"@type":"Person","@id":"https:\/\/soynuevaprensadigital.com\/news1053fm\/#\/schema\/person\/aa2d09ab130e943e3c7b360a32177538","name":"Alvis Cristina Herrera","image":{"@type":"ImageObject","inLanguage":"es","@id":"https:\/\/secure.gravatar.com\/avatar\/6a4b461595fbd8c4d0947e89062b7b1df5ea5bc6348126d9594f8d0cece5be89?s=96&d=mm&r=g","url":"https:\/\/secure.gravatar.com\/avatar\/6a4b461595fbd8c4d0947e89062b7b1df5ea5bc6348126d9594f8d0cece5be89?s=96&d=mm&r=g","contentUrl":"https:\/\/secure.gravatar.com\/avatar\/6a4b461595fbd8c4d0947e89062b7b1df5ea5bc6348126d9594f8d0cece5be89?s=96&d=mm&r=g","caption":"Alvis Cristina Herrera"},"sameAs":["https:\/\/www.facebook.com\/AlvisCristinaHe","https:\/\/www.instagram.com\/alviscristinahe\/","https:\/\/www.linkedin.com\/in\/alviscristinahe\/","https:\/\/x.com\/https:\/\/www.twitter.com\/alviscristinahe\/"],"url":"https:\/\/soynuevaprensadigital.com\/news1053fm\/author\/alvisherrera\/"}]}},"_links":{"self":[{"href":"https:\/\/soynuevaprensadigital.com\/news1053fm\/wp-json\/wp\/v2\/posts\/2015","targetHints":{"allow":["GET"]}}],"collection":[{"href":"https:\/\/soynuevaprensadigital.com\/news1053fm\/wp-json\/wp\/v2\/posts"}],"about":[{"href":"https:\/\/soynuevaprensadigital.com\/news1053fm\/wp-json\/wp\/v2\/types\/post"}],"author":[{"embeddable":true,"href":"https:\/\/soynuevaprensadigital.com\/news1053fm\/wp-json\/wp\/v2\/users\/158"}],"replies":[{"embeddable":true,"href":"https:\/\/soynuevaprensadigital.com\/news1053fm\/wp-json\/wp\/v2\/comments?post=2015"}],"version-history":[{"count":0,"href":"https:\/\/soynuevaprensadigital.com\/news1053fm\/wp-json\/wp\/v2\/posts\/2015\/revisions"}],"wp:attachment":[{"href":"https:\/\/soynuevaprensadigital.com\/news1053fm\/wp-json\/wp\/v2\/media?parent=2015"}],"wp:term":[{"taxonomy":"category","embeddable":true,"href":"https:\/\/soynuevaprensadigital.com\/news1053fm\/wp-json\/wp\/v2\/categories?post=2015"},{"taxonomy":"post_tag","embeddable":true,"href":"https:\/\/soynuevaprensadigital.com\/news1053fm\/wp-json\/wp\/v2\/tags?post=2015"}],"curies":[{"name":"wp","href":"https:\/\/api.w.org\/{rel}","templated":true}]}}