{"id":2017,"date":"2021-04-30T16:15:31","date_gmt":"2021-04-30T20:15:31","guid":{"rendered":"https:\/\/soynuevaprensadigital.com\/news1053fm\/?p=2017"},"modified":"2021-04-30T16:15:31","modified_gmt":"2021-04-30T20:15:31","slug":"efemerides-deportivas-30-de-abril-el-piloto-de-formula-1-roland-ratzenberger-murio-en-un-accidente-durante-el-gran-premio-de-san-marino","status":"publish","type":"post","link":"https:\/\/soynuevaprensadigital.com\/news1053fm\/efemerides-deportivas-30-de-abril-el-piloto-de-formula-1-roland-ratzenberger-murio-en-un-accidente-durante-el-gran-premio-de-san-marino\/","title":{"rendered":"Efem\u00e9rides Deportivas 30 de abril: El piloto de F\u00f3rmula 1 Roland Ratzenberger muri\u00f3 en un accidente durante el Gran Premio de San Marino"},"content":{"rendered":"<p style=\"text-align: justify\"><strong>Ciudad Guayana.-<\/strong>Se cumple el 27\u00ba aniversario de un fin de semana fat\u00eddico, para el motorsport en general, y para la F\u00f3rmula 1 en particular. El decimocuarto Gran Premio de San Marino, en el circuito de Imola, quedar\u00eda marcado a fuego en la historia de la F\u00f3rmula 1, y en la memoria de todos los amantes del automovilismo. Ese recuerdo, no ser\u00eda precisamente por una gran carrera, sino, por la muerte de dos pilotos en un mismo fin de semana.<\/p>\n<p style=\"text-align: justify\">Uno, el m\u00e1s emblem\u00e1tico piloto de la categor\u00eda, Ayrton Senna, el otro, cuya muerte ha quedado muchas veces eclipsada por la muerte del primero, Roland Ratzenberger. Tal d\u00eda como hoy, la muerte har\u00eda acto de presencia por primera vez en ese fin de semana de F\u00f3rmula 1. Quiz\u00e1 el grav\u00edsimo accidente de Rubens Barrichello en los libres del viernes 29 de abril fue un aviso de lo que iba a ocurrir. Como un terrible abrebocas que preced\u00eda un tr\u00e1gico men\u00fa.<\/p>\n<p style=\"text-align: justify\">Pero todo continu\u00f3 con relativa normalidad tras el susto de Barrichello. Para la ma\u00f1ana del 30 de abril se celebr\u00f3 la sesi\u00f3n de clasificaci\u00f3n oficial de cara a establecer la parrilla de salida para la carrera del domingo.<\/p>\n<p style=\"text-align: justify\">Apenas hab\u00edan pasado unos pocos minutos desde el comienzo de la sesi\u00f3n cuando el Simtek S94-Ford de Roland Ratzenberger perdi\u00f3 el aler\u00f3n delantero en la curva Villeneuve, debido, presuntamente, a un toque anterior con su compa\u00f1ero de equipo David Brabham, o a un paso demasiado brusco por uno de los pianos. La p\u00e9rdida de apoyo aerodin\u00e1mico y el hecho de que, adem\u00e1s, una parte del aler\u00f3n quedara bajo el coche, hicieron que saliera recto y sin control contra el muro a casi 300 km\/h.<\/p>\n<p style=\"text-align: justify\">El impacto resultar\u00eda fatal, y el Simtek, tras el mismo, sali\u00f3 desliz\u00e1ndose hasta ir a parar a la horquilla de Tosa. Todos recordamos esa dura imagen de la cabeza de Ratzenberger movi\u00e9ndose sin control cuando el coche estaba casi deteni\u00e9ndose. S\u00f3lo con esa imagen ya quedaba claro que la vida de Ratzenberger corr\u00eda serio peligro.<\/p>\n<p style=\"text-align: justify\">Las asistencias y el doctor Sid Watkins le atendieron en la misma pista, pero el accidente, para la seguridad de los F\u00f3rmula 1 de la \u00e9poca, resultaba mortal de necesidad. Aunque el habit\u00e1culo lleg\u00f3 a resistir medianamente bien el impacto, no fue as\u00ed en el caso de su ocupante Roland Ratzenberger, sufriendo una fractura en la base del cr\u00e1neo que resultar\u00eda letal.<\/p>\n<p style=\"text-align: justify\">Evacuado al Hospital Maggiore de Bolonia, se confirma su muerte a las 14:15h. de aquel s\u00e1bado 30 de abril de 1994. Probablemente, con la seguridad de los actuales F\u00f3rmula 1, as\u00ed como el hans, el austriaco hubiera sobrevivido sin problema, pero eran otros tiempos y, precisamente su muerte, y la de Ayrton Senna, multiplicar\u00e1n las medidas de seguridad a partir de entonces para la categor\u00eda.<\/p>\n<p style=\"text-align: justify\">Roland Ratzenberger, a pesar de ser casi novato en la F\u00f3rmula 1, con apenas participaci\u00f3n en tres fines de semana de Gran Premio, ten\u00eda un buen bagaje en otras categor\u00edas. Hab\u00eda competido en la F3 brit\u00e1nica, la F\u00f3rmula 3000 japonesa y cinco participaciones en las 24 Horas de Le Mans. Pero su sue\u00f1o de F\u00f3rmula 1, se termin\u00f3 apenas reci\u00e9n empezado. Desde aqu\u00ed, nuestro recuerdo, porque al igual que Ayrton Senna, siempre estar\u00e1 en nuestra memoria.<\/p>\n","protected":false},"excerpt":{"rendered":"<p>Ciudad Guayana.-Se cumple el 27\u00ba aniversario de un fin de semana fat\u00eddico, para el motorsport en general, y para la F\u00f3rmula 1 en particular. El decimocuarto Gran Premio de San Marino, en el circuito de Imola, quedar\u00eda marcado a fuego en la historia de la F\u00f3rmula 1, y en la memoria de todos los amantes [&hellip;]<\/p>\n","protected":false},"author":158,"featured_media":0,"comment_status":"closed","ping_status":"closed","sticky":false,"template":"","format":"standard","meta":{"footnotes":""},"categories":[2,19],"tags":[],"class_list":["post-2017","post","type-post","status-publish","format-standard","hentry","category-featured","category-mundo-deportivo"],"yoast_head":"<!-- This site is optimized with the Yoast SEO plugin v27.3 - https:\/\/yoast.com\/product\/yoast-seo-wordpress\/ -->\n<title>Efem\u00e9rides Deportivas 30 de abril: El piloto de F\u00f3rmula 1 Roland Ratzenberger muri\u00f3 en un accidente durante el Gran Premio de San Marino - News 105.3 FM<\/title>\n<meta name=\"robots\" content=\"index, follow, max-snippet:-1, max-image-preview:large, max-video-preview:-1\" \/>\n<link rel=\"canonical\" href=\"https:\/\/soynuevaprensadigital.com\/news1053fm\/efemerides-deportivas-30-de-abril-el-piloto-de-formula-1-roland-ratzenberger-murio-en-un-accidente-durante-el-gran-premio-de-san-marino\/\" \/>\n<meta property=\"og:locale\" content=\"es_ES\" \/>\n<meta property=\"og:type\" content=\"article\" \/>\n<meta property=\"og:title\" content=\"Efem\u00e9rides Deportivas 30 de abril: El piloto de F\u00f3rmula 1 Roland Ratzenberger muri\u00f3 en un accidente durante el Gran Premio de San Marino - News 105.3 FM\" \/>\n<meta property=\"og:description\" content=\"Ciudad Guayana.-Se cumple el 27\u00ba aniversario de un fin de semana fat\u00eddico, para el motorsport en general, y para la F\u00f3rmula 1 en particular. El decimocuarto Gran Premio de San Marino, en el circuito de Imola, quedar\u00eda marcado a fuego en la historia de la F\u00f3rmula 1, y en la memoria de todos los amantes [&hellip;]\" \/>\n<meta property=\"og:url\" content=\"https:\/\/soynuevaprensadigital.com\/news1053fm\/efemerides-deportivas-30-de-abril-el-piloto-de-formula-1-roland-ratzenberger-murio-en-un-accidente-durante-el-gran-premio-de-san-marino\/\" \/>\n<meta property=\"og:site_name\" content=\"News 105.3 FM\" \/>\n<meta property=\"article:publisher\" content=\"https:\/\/www.facebook.com\/News1053fm-1655395028099413\/\" \/>\n<meta property=\"article:author\" content=\"https:\/\/www.facebook.com\/AlvisCristinaHe\" \/>\n<meta property=\"article:published_time\" content=\"2021-04-30T20:15:31+00:00\" \/>\n<meta property=\"og:image\" content=\"https:\/\/soynuevaprensadigital.com\/news1053fm\/wp-content\/uploads\/sites\/3\/2021\/04\/Roland-Ratzenberger1-2.jpg\" \/>\n\t<meta property=\"og:image:width\" content=\"2400\" \/>\n\t<meta property=\"og:image:height\" content=\"1567\" \/>\n\t<meta property=\"og:image:type\" content=\"image\/jpeg\" \/>\n<meta name=\"author\" content=\"Alvis Cristina Herrera\" \/>\n<meta name=\"twitter:card\" content=\"summary_large_image\" \/>\n<meta name=\"twitter:creator\" content=\"@https:\/\/www.twitter.com\/alviscristinahe\/\" \/>\n<meta name=\"twitter:site\" content=\"@news105_3fm\" \/>\n<meta name=\"twitter:label1\" content=\"Escrito por\" \/>\n\t<meta name=\"twitter:data1\" content=\"Alvis Cristina Herrera\" \/>\n\t<meta name=\"twitter:label2\" content=\"Tiempo de lectura\" \/>\n\t<meta name=\"twitter:data2\" content=\"3 minutos\" \/>\n<script type=\"application\/ld+json\" class=\"yoast-schema-graph\">{\"@context\":\"https:\\\/\\\/schema.org\",\"@graph\":[{\"@type\":\"Article\",\"@id\":\"https:\\\/\\\/soynuevaprensadigital.com\\\/news1053fm\\\/efemerides-deportivas-30-de-abril-el-piloto-de-formula-1-roland-ratzenberger-murio-en-un-accidente-durante-el-gran-premio-de-san-marino\\\/#article\",\"isPartOf\":{\"@id\":\"https:\\\/\\\/soynuevaprensadigital.com\\\/news1053fm\\\/efemerides-deportivas-30-de-abril-el-piloto-de-formula-1-roland-ratzenberger-murio-en-un-accidente-durante-el-gran-premio-de-san-marino\\\/\"},\"author\":{\"name\":\"Alvis Cristina Herrera\",\"@id\":\"https:\\\/\\\/soynuevaprensadigital.com\\\/news1053fm\\\/#\\\/schema\\\/person\\\/aa2d09ab130e943e3c7b360a32177538\"},\"headline\":\"Efem\u00e9rides Deportivas 30 de abril: El piloto de F\u00f3rmula 1 Roland Ratzenberger muri\u00f3 en un accidente durante el Gran Premio de San Marino\",\"datePublished\":\"2021-04-30T20:15:31+00:00\",\"mainEntityOfPage\":{\"@id\":\"https:\\\/\\\/soynuevaprensadigital.com\\\/news1053fm\\\/efemerides-deportivas-30-de-abril-el-piloto-de-formula-1-roland-ratzenberger-murio-en-un-accidente-durante-el-gran-premio-de-san-marino\\\/\"},\"wordCount\":599,\"articleSection\":[\"Featured\",\"Mundo Deportivo\"],\"inLanguage\":\"es\"},{\"@type\":\"WebPage\",\"@id\":\"https:\\\/\\\/soynuevaprensadigital.com\\\/news1053fm\\\/efemerides-deportivas-30-de-abril-el-piloto-de-formula-1-roland-ratzenberger-murio-en-un-accidente-durante-el-gran-premio-de-san-marino\\\/\",\"url\":\"https:\\\/\\\/soynuevaprensadigital.com\\\/news1053fm\\\/efemerides-deportivas-30-de-abril-el-piloto-de-formula-1-roland-ratzenberger-murio-en-un-accidente-durante-el-gran-premio-de-san-marino\\\/\",\"name\":\"Efem\u00e9rides Deportivas 30 de abril: El piloto de F\u00f3rmula 1 Roland Ratzenberger muri\u00f3 en un accidente durante el Gran Premio de San Marino - News 105.3 FM\",\"isPartOf\":{\"@id\":\"https:\\\/\\\/soynuevaprensadigital.com\\\/news1053fm\\\/#website\"},\"datePublished\":\"2021-04-30T20:15:31+00:00\",\"author\":{\"@id\":\"https:\\\/\\\/soynuevaprensadigital.com\\\/news1053fm\\\/#\\\/schema\\\/person\\\/aa2d09ab130e943e3c7b360a32177538\"},\"breadcrumb\":{\"@id\":\"https:\\\/\\\/soynuevaprensadigital.com\\\/news1053fm\\\/efemerides-deportivas-30-de-abril-el-piloto-de-formula-1-roland-ratzenberger-murio-en-un-accidente-durante-el-gran-premio-de-san-marino\\\/#breadcrumb\"},\"inLanguage\":\"es\",\"potentialAction\":[{\"@type\":\"ReadAction\",\"target\":[\"https:\\\/\\\/soynuevaprensadigital.com\\\/news1053fm\\\/efemerides-deportivas-30-de-abril-el-piloto-de-formula-1-roland-ratzenberger-murio-en-un-accidente-durante-el-gran-premio-de-san-marino\\\/\"]}]},{\"@type\":\"BreadcrumbList\",\"@id\":\"https:\\\/\\\/soynuevaprensadigital.com\\\/news1053fm\\\/efemerides-deportivas-30-de-abril-el-piloto-de-formula-1-roland-ratzenberger-murio-en-un-accidente-durante-el-gran-premio-de-san-marino\\\/#breadcrumb\",\"itemListElement\":[{\"@type\":\"ListItem\",\"position\":1,\"name\":\"Portada\",\"item\":\"https:\\\/\\\/soynuevaprensadigital.com\\\/news1053fm\\\/\"},{\"@type\":\"ListItem\",\"position\":2,\"name\":\"Efem\u00e9rides Deportivas 30 de abril: El piloto de F\u00f3rmula 1 Roland Ratzenberger muri\u00f3 en un accidente durante el Gran Premio de San Marino\"}]},{\"@type\":\"WebSite\",\"@id\":\"https:\\\/\\\/soynuevaprensadigital.com\\\/news1053fm\\\/#website\",\"url\":\"https:\\\/\\\/soynuevaprensadigital.com\\\/news1053fm\\\/\",\"name\":\"News 105.3 FM\",\"description\":\"Nuestro compromiso contigo nos permite ofrecerte la radio de mejor calidad, la frecuencia m\u00e1s limpia yel entretenimiento para todos los gustos.\",\"potentialAction\":[{\"@type\":\"SearchAction\",\"target\":{\"@type\":\"EntryPoint\",\"urlTemplate\":\"https:\\\/\\\/soynuevaprensadigital.com\\\/news1053fm\\\/?s={search_term_string}\"},\"query-input\":{\"@type\":\"PropertyValueSpecification\",\"valueRequired\":true,\"valueName\":\"search_term_string\"}}],\"inLanguage\":\"es\"},{\"@type\":\"Person\",\"@id\":\"https:\\\/\\\/soynuevaprensadigital.com\\\/news1053fm\\\/#\\\/schema\\\/person\\\/aa2d09ab130e943e3c7b360a32177538\",\"name\":\"Alvis Cristina Herrera\",\"image\":{\"@type\":\"ImageObject\",\"inLanguage\":\"es\",\"@id\":\"https:\\\/\\\/secure.gravatar.com\\\/avatar\\\/6a4b461595fbd8c4d0947e89062b7b1df5ea5bc6348126d9594f8d0cece5be89?s=96&d=mm&r=g\",\"url\":\"https:\\\/\\\/secure.gravatar.com\\\/avatar\\\/6a4b461595fbd8c4d0947e89062b7b1df5ea5bc6348126d9594f8d0cece5be89?s=96&d=mm&r=g\",\"contentUrl\":\"https:\\\/\\\/secure.gravatar.com\\\/avatar\\\/6a4b461595fbd8c4d0947e89062b7b1df5ea5bc6348126d9594f8d0cece5be89?s=96&d=mm&r=g\",\"caption\":\"Alvis Cristina Herrera\"},\"sameAs\":[\"https:\\\/\\\/www.facebook.com\\\/AlvisCristinaHe\",\"https:\\\/\\\/www.instagram.com\\\/alviscristinahe\\\/\",\"https:\\\/\\\/www.linkedin.com\\\/in\\\/alviscristinahe\\\/\",\"https:\\\/\\\/x.com\\\/https:\\\/\\\/www.twitter.com\\\/alviscristinahe\\\/\"],\"url\":\"https:\\\/\\\/soynuevaprensadigital.com\\\/news1053fm\\\/author\\\/alvisherrera\\\/\"}]}<\/script>\n<!-- \/ Yoast SEO plugin. -->","yoast_head_json":{"title":"Efem\u00e9rides Deportivas 30 de abril: El piloto de F\u00f3rmula 1 Roland Ratzenberger muri\u00f3 en un accidente durante el Gran Premio de San Marino - News 105.3 FM","robots":{"index":"index","follow":"follow","max-snippet":"max-snippet:-1","max-image-preview":"max-image-preview:large","max-video-preview":"max-video-preview:-1"},"canonical":"https:\/\/soynuevaprensadigital.com\/news1053fm\/efemerides-deportivas-30-de-abril-el-piloto-de-formula-1-roland-ratzenberger-murio-en-un-accidente-durante-el-gran-premio-de-san-marino\/","og_locale":"es_ES","og_type":"article","og_title":"Efem\u00e9rides Deportivas 30 de abril: El piloto de F\u00f3rmula 1 Roland Ratzenberger muri\u00f3 en un accidente durante el Gran Premio de San Marino - News 105.3 FM","og_description":"Ciudad Guayana.-Se cumple el 27\u00ba aniversario de un fin de semana fat\u00eddico, para el motorsport en general, y para la F\u00f3rmula 1 en particular. El decimocuarto Gran Premio de San Marino, en el circuito de Imola, quedar\u00eda marcado a fuego en la historia de la F\u00f3rmula 1, y en la memoria de todos los amantes [&hellip;]","og_url":"https:\/\/soynuevaprensadigital.com\/news1053fm\/efemerides-deportivas-30-de-abril-el-piloto-de-formula-1-roland-ratzenberger-murio-en-un-accidente-durante-el-gran-premio-de-san-marino\/","og_site_name":"News 105.3 FM","article_publisher":"https:\/\/www.facebook.com\/News1053fm-1655395028099413\/","article_author":"https:\/\/www.facebook.com\/AlvisCristinaHe","article_published_time":"2021-04-30T20:15:31+00:00","og_image":[{"width":2400,"height":1567,"url":"https:\/\/soynuevaprensadigital.com\/news1053fm\/wp-content\/uploads\/sites\/3\/2021\/04\/Roland-Ratzenberger1-2.jpg","type":"image\/jpeg"}],"author":"Alvis Cristina Herrera","twitter_card":"summary_large_image","twitter_creator":"@https:\/\/www.twitter.com\/alviscristinahe\/","twitter_site":"@news105_3fm","twitter_misc":{"Escrito por":"Alvis Cristina Herrera","Tiempo de lectura":"3 minutos"},"schema":{"@context":"https:\/\/schema.org","@graph":[{"@type":"Article","@id":"https:\/\/soynuevaprensadigital.com\/news1053fm\/efemerides-deportivas-30-de-abril-el-piloto-de-formula-1-roland-ratzenberger-murio-en-un-accidente-durante-el-gran-premio-de-san-marino\/#article","isPartOf":{"@id":"https:\/\/soynuevaprensadigital.com\/news1053fm\/efemerides-deportivas-30-de-abril-el-piloto-de-formula-1-roland-ratzenberger-murio-en-un-accidente-durante-el-gran-premio-de-san-marino\/"},"author":{"name":"Alvis Cristina Herrera","@id":"https:\/\/soynuevaprensadigital.com\/news1053fm\/#\/schema\/person\/aa2d09ab130e943e3c7b360a32177538"},"headline":"Efem\u00e9rides Deportivas 30 de abril: El piloto de F\u00f3rmula 1 Roland Ratzenberger muri\u00f3 en un accidente durante el Gran Premio de San Marino","datePublished":"2021-04-30T20:15:31+00:00","mainEntityOfPage":{"@id":"https:\/\/soynuevaprensadigital.com\/news1053fm\/efemerides-deportivas-30-de-abril-el-piloto-de-formula-1-roland-ratzenberger-murio-en-un-accidente-durante-el-gran-premio-de-san-marino\/"},"wordCount":599,"articleSection":["Featured","Mundo Deportivo"],"inLanguage":"es"},{"@type":"WebPage","@id":"https:\/\/soynuevaprensadigital.com\/news1053fm\/efemerides-deportivas-30-de-abril-el-piloto-de-formula-1-roland-ratzenberger-murio-en-un-accidente-durante-el-gran-premio-de-san-marino\/","url":"https:\/\/soynuevaprensadigital.com\/news1053fm\/efemerides-deportivas-30-de-abril-el-piloto-de-formula-1-roland-ratzenberger-murio-en-un-accidente-durante-el-gran-premio-de-san-marino\/","name":"Efem\u00e9rides Deportivas 30 de abril: El piloto de F\u00f3rmula 1 Roland Ratzenberger muri\u00f3 en un accidente durante el Gran Premio de San Marino - News 105.3 FM","isPartOf":{"@id":"https:\/\/soynuevaprensadigital.com\/news1053fm\/#website"},"datePublished":"2021-04-30T20:15:31+00:00","author":{"@id":"https:\/\/soynuevaprensadigital.com\/news1053fm\/#\/schema\/person\/aa2d09ab130e943e3c7b360a32177538"},"breadcrumb":{"@id":"https:\/\/soynuevaprensadigital.com\/news1053fm\/efemerides-deportivas-30-de-abril-el-piloto-de-formula-1-roland-ratzenberger-murio-en-un-accidente-durante-el-gran-premio-de-san-marino\/#breadcrumb"},"inLanguage":"es","potentialAction":[{"@type":"ReadAction","target":["https:\/\/soynuevaprensadigital.com\/news1053fm\/efemerides-deportivas-30-de-abril-el-piloto-de-formula-1-roland-ratzenberger-murio-en-un-accidente-durante-el-gran-premio-de-san-marino\/"]}]},{"@type":"BreadcrumbList","@id":"https:\/\/soynuevaprensadigital.com\/news1053fm\/efemerides-deportivas-30-de-abril-el-piloto-de-formula-1-roland-ratzenberger-murio-en-un-accidente-durante-el-gran-premio-de-san-marino\/#breadcrumb","itemListElement":[{"@type":"ListItem","position":1,"name":"Portada","item":"https:\/\/soynuevaprensadigital.com\/news1053fm\/"},{"@type":"ListItem","position":2,"name":"Efem\u00e9rides Deportivas 30 de abril: El piloto de F\u00f3rmula 1 Roland Ratzenberger muri\u00f3 en un accidente durante el Gran Premio de San Marino"}]},{"@type":"WebSite","@id":"https:\/\/soynuevaprensadigital.com\/news1053fm\/#website","url":"https:\/\/soynuevaprensadigital.com\/news1053fm\/","name":"News 105.3 FM","description":"Nuestro compromiso contigo nos permite ofrecerte la radio de mejor calidad, la frecuencia m\u00e1s limpia yel entretenimiento para todos los gustos.","potentialAction":[{"@type":"SearchAction","target":{"@type":"EntryPoint","urlTemplate":"https:\/\/soynuevaprensadigital.com\/news1053fm\/?s={search_term_string}"},"query-input":{"@type":"PropertyValueSpecification","valueRequired":true,"valueName":"search_term_string"}}],"inLanguage":"es"},{"@type":"Person","@id":"https:\/\/soynuevaprensadigital.com\/news1053fm\/#\/schema\/person\/aa2d09ab130e943e3c7b360a32177538","name":"Alvis Cristina Herrera","image":{"@type":"ImageObject","inLanguage":"es","@id":"https:\/\/secure.gravatar.com\/avatar\/6a4b461595fbd8c4d0947e89062b7b1df5ea5bc6348126d9594f8d0cece5be89?s=96&d=mm&r=g","url":"https:\/\/secure.gravatar.com\/avatar\/6a4b461595fbd8c4d0947e89062b7b1df5ea5bc6348126d9594f8d0cece5be89?s=96&d=mm&r=g","contentUrl":"https:\/\/secure.gravatar.com\/avatar\/6a4b461595fbd8c4d0947e89062b7b1df5ea5bc6348126d9594f8d0cece5be89?s=96&d=mm&r=g","caption":"Alvis Cristina Herrera"},"sameAs":["https:\/\/www.facebook.com\/AlvisCristinaHe","https:\/\/www.instagram.com\/alviscristinahe\/","https:\/\/www.linkedin.com\/in\/alviscristinahe\/","https:\/\/x.com\/https:\/\/www.twitter.com\/alviscristinahe\/"],"url":"https:\/\/soynuevaprensadigital.com\/news1053fm\/author\/alvisherrera\/"}]}},"_links":{"self":[{"href":"https:\/\/soynuevaprensadigital.com\/news1053fm\/wp-json\/wp\/v2\/posts\/2017","targetHints":{"allow":["GET"]}}],"collection":[{"href":"https:\/\/soynuevaprensadigital.com\/news1053fm\/wp-json\/wp\/v2\/posts"}],"about":[{"href":"https:\/\/soynuevaprensadigital.com\/news1053fm\/wp-json\/wp\/v2\/types\/post"}],"author":[{"embeddable":true,"href":"https:\/\/soynuevaprensadigital.com\/news1053fm\/wp-json\/wp\/v2\/users\/158"}],"replies":[{"embeddable":true,"href":"https:\/\/soynuevaprensadigital.com\/news1053fm\/wp-json\/wp\/v2\/comments?post=2017"}],"version-history":[{"count":0,"href":"https:\/\/soynuevaprensadigital.com\/news1053fm\/wp-json\/wp\/v2\/posts\/2017\/revisions"}],"wp:attachment":[{"href":"https:\/\/soynuevaprensadigital.com\/news1053fm\/wp-json\/wp\/v2\/media?parent=2017"}],"wp:term":[{"taxonomy":"category","embeddable":true,"href":"https:\/\/soynuevaprensadigital.com\/news1053fm\/wp-json\/wp\/v2\/categories?post=2017"},{"taxonomy":"post_tag","embeddable":true,"href":"https:\/\/soynuevaprensadigital.com\/news1053fm\/wp-json\/wp\/v2\/tags?post=2017"}],"curies":[{"name":"wp","href":"https:\/\/api.w.org\/{rel}","templated":true}]}}