{"id":2020,"date":"2021-04-30T16:21:19","date_gmt":"2021-04-30T20:21:19","guid":{"rendered":"https:\/\/soynuevaprensadigital.com\/news1053fm\/?p=2020"},"modified":"2021-04-30T16:21:19","modified_gmt":"2021-04-30T20:21:19","slug":"lunay-estreno-le-gusta-que-la-vean","status":"publish","type":"post","link":"https:\/\/soynuevaprensadigital.com\/news1053fm\/lunay-estreno-le-gusta-que-la-vean\/","title":{"rendered":"Lunay estren\u00f3 \u00abLe gusta que la vean\u00bb"},"content":{"rendered":"<p style=\"text-align: justify\"><strong>San Juan.-<\/strong>El artista urbano puertorrique\u00f1o Lunay, una de las estrellas de la nueva generaci\u00f3n de la m\u00fasica latina, lanz\u00f3 este viernes su nueva canci\u00f3n y video musical, \u00abLe gusta que la vean\u00bb, el primer sencillo de su pr\u00f3ximo disco, \u00abEl Ni\u00f1o\u00bb.<\/p>\n<p>\u00abLe gusta que la vean\u00bb fue producida por Los Honeyboos, y lanzada en el sello discogr\u00e1fico de Chris Jedi y Gaby Music, La Familia, seg\u00fan detallaron este viernes en un comunicado de prensa los representantes de Lunay.<\/p>\n<p>En el video musical, por su parte, Lunay vuelve a sorprender y se caracteriza como las cl\u00e1sicas figuras de acci\u00f3n y personajes de series de televisi\u00f3n.<\/p>\n<p>\u00abEl Ni\u00f1o\u00bb ser\u00e1 la segunda producci\u00f3n discogr\u00e1fica de Lunay despu\u00e9s de \u00ab\u00c9pico\u00bb, \u00e1lbum debut que alcanz\u00f3 el primer puesto en las listas de ventas y dos de sus canciones en la primera posici\u00f3n del Latin Airplay de Billboard.<\/p>\n<p>Igualmente, el disco \u00abEl Ni\u00f1o\u00bb obtuvo m\u00e1s de 1.000 millones de reproducciones en Youtube, situando a Lunay entre algunos de los mejores artistas nuevos de la industria musical.<\/p>\n<p>Esto le vali\u00f3 al int\u00e9rprete puertorrique\u00f1o con varios reconocimientos, entre ellos, Nuevo Artista del A\u00f1o en la quinta edici\u00f3n de los Latin American Music Awards en 2019.<\/p>\n<p>Previo a \u00abLe gusta que la vean\u00bb, Lunay se uni\u00f3 a la cantante argentina Nicki Nicole en el tema \u00abNo Toque Mi Naik\u00bb, el cual posteriormente interpretaron juntos en el programa de televisi\u00f3n \u00abTonight Show\u00bb de Jimmy Fallon.<\/p>\n<p>\u00abNo Toque Mi Naik\u00bb incluye adem\u00e1s un video musical filmado en Puerto Rico por el director Juanky \u00c1lvarez, un cortometraje que capta escenas de Nicki y Lunay en motos de motocross en compa\u00f1\u00eda de amigos.<\/p>\n<p>\u00abEl rodaje del tema fue una experiencia incre\u00edble\u00bb, se\u00f1al\u00f3 Nicki Nicole.<\/p>\n<p>\u00abLlegu\u00e9 a conocer Puerto Rico, su gente, su cultura. Nos dimos un tour con Lunay y me ense\u00f1\u00f3 lugares hist\u00f3ricos desde el Viejo San Juan hasta La Perla\u00bb, record\u00f3 la cantante argentina.<\/p>\n<p>\u00abNo Toque Mi Naik\u00bb le sigue los pasos a su colaboraci\u00f3n en el reciente \u00abremix\u00bb (remezcla) del dominicano Rochy RD \u00abElla No Es Tuya\u00bb junto al puertorrique\u00f1o Myke Towers.<\/p>\n","protected":false},"excerpt":{"rendered":"<p>San Juan.-El artista urbano puertorrique\u00f1o Lunay, una de las estrellas de la nueva generaci\u00f3n de la m\u00fasica latina, lanz\u00f3 este viernes su nueva canci\u00f3n y video musical, \u00abLe gusta que la vean\u00bb, el primer sencillo de su pr\u00f3ximo disco, \u00abEl Ni\u00f1o\u00bb. \u00abLe gusta que la vean\u00bb fue producida por Los Honeyboos, y lanzada en el [&hellip;]<\/p>\n","protected":false},"author":158,"featured_media":0,"comment_status":"closed","ping_status":"closed","sticky":false,"template":"","format":"standard","meta":{"footnotes":""},"categories":[2,14],"tags":[],"class_list":["post-2020","post","type-post","status-publish","format-standard","hentry","category-featured","category-noticias"],"yoast_head":"<!-- This site is optimized with the Yoast SEO plugin v27.3 - https:\/\/yoast.com\/product\/yoast-seo-wordpress\/ -->\n<title>Lunay estren\u00f3 &quot;Le gusta que la vean&quot; - News 105.3 FM<\/title>\n<meta name=\"robots\" content=\"index, follow, max-snippet:-1, max-image-preview:large, max-video-preview:-1\" \/>\n<link rel=\"canonical\" href=\"https:\/\/soynuevaprensadigital.com\/news1053fm\/lunay-estreno-le-gusta-que-la-vean\/\" \/>\n<meta property=\"og:locale\" content=\"es_ES\" \/>\n<meta property=\"og:type\" content=\"article\" \/>\n<meta property=\"og:title\" content=\"Lunay estren\u00f3 &quot;Le gusta que la vean&quot; - News 105.3 FM\" \/>\n<meta property=\"og:description\" content=\"San Juan.-El artista urbano puertorrique\u00f1o Lunay, una de las estrellas de la nueva generaci\u00f3n de la m\u00fasica latina, lanz\u00f3 este viernes su nueva canci\u00f3n y video musical, \u00abLe gusta que la vean\u00bb, el primer sencillo de su pr\u00f3ximo disco, \u00abEl Ni\u00f1o\u00bb. \u00abLe gusta que la vean\u00bb fue producida por Los Honeyboos, y lanzada en el [&hellip;]\" \/>\n<meta property=\"og:url\" content=\"https:\/\/soynuevaprensadigital.com\/news1053fm\/lunay-estreno-le-gusta-que-la-vean\/\" \/>\n<meta property=\"og:site_name\" content=\"News 105.3 FM\" \/>\n<meta property=\"article:publisher\" content=\"https:\/\/www.facebook.com\/News1053fm-1655395028099413\/\" \/>\n<meta property=\"article:author\" content=\"https:\/\/www.facebook.com\/AlvisCristinaHe\" \/>\n<meta property=\"article:published_time\" content=\"2021-04-30T20:21:19+00:00\" \/>\n<meta property=\"og:image\" content=\"https:\/\/soynuevaprensadigital.com\/news1053fm\/wp-content\/uploads\/sites\/3\/2021\/04\/34517ddde5e98f604a885b828fffc52180a6efbbw.jpg\" \/>\n\t<meta property=\"og:image:width\" content=\"1561\" \/>\n\t<meta property=\"og:image:height\" content=\"1920\" \/>\n\t<meta property=\"og:image:type\" content=\"image\/jpeg\" \/>\n<meta name=\"author\" content=\"Alvis Cristina Herrera\" \/>\n<meta name=\"twitter:card\" content=\"summary_large_image\" \/>\n<meta name=\"twitter:creator\" content=\"@https:\/\/www.twitter.com\/alviscristinahe\/\" \/>\n<meta name=\"twitter:site\" content=\"@news105_3fm\" \/>\n<meta name=\"twitter:label1\" content=\"Escrito por\" \/>\n\t<meta name=\"twitter:data1\" content=\"Alvis Cristina Herrera\" \/>\n\t<meta name=\"twitter:label2\" content=\"Tiempo de lectura\" \/>\n\t<meta name=\"twitter:data2\" content=\"2 minutos\" \/>\n<script type=\"application\/ld+json\" class=\"yoast-schema-graph\">{\"@context\":\"https:\\\/\\\/schema.org\",\"@graph\":[{\"@type\":\"Article\",\"@id\":\"https:\\\/\\\/soynuevaprensadigital.com\\\/news1053fm\\\/lunay-estreno-le-gusta-que-la-vean\\\/#article\",\"isPartOf\":{\"@id\":\"https:\\\/\\\/soynuevaprensadigital.com\\\/news1053fm\\\/lunay-estreno-le-gusta-que-la-vean\\\/\"},\"author\":{\"name\":\"Alvis Cristina Herrera\",\"@id\":\"https:\\\/\\\/soynuevaprensadigital.com\\\/news1053fm\\\/#\\\/schema\\\/person\\\/aa2d09ab130e943e3c7b360a32177538\"},\"headline\":\"Lunay estren\u00f3 \u00abLe gusta que la vean\u00bb\",\"datePublished\":\"2021-04-30T20:21:19+00:00\",\"mainEntityOfPage\":{\"@id\":\"https:\\\/\\\/soynuevaprensadigital.com\\\/news1053fm\\\/lunay-estreno-le-gusta-que-la-vean\\\/\"},\"wordCount\":378,\"articleSection\":[\"Featured\",\"Noticias\"],\"inLanguage\":\"es\"},{\"@type\":\"WebPage\",\"@id\":\"https:\\\/\\\/soynuevaprensadigital.com\\\/news1053fm\\\/lunay-estreno-le-gusta-que-la-vean\\\/\",\"url\":\"https:\\\/\\\/soynuevaprensadigital.com\\\/news1053fm\\\/lunay-estreno-le-gusta-que-la-vean\\\/\",\"name\":\"Lunay estren\u00f3 \\\"Le gusta que la vean\\\" - News 105.3 FM\",\"isPartOf\":{\"@id\":\"https:\\\/\\\/soynuevaprensadigital.com\\\/news1053fm\\\/#website\"},\"datePublished\":\"2021-04-30T20:21:19+00:00\",\"author\":{\"@id\":\"https:\\\/\\\/soynuevaprensadigital.com\\\/news1053fm\\\/#\\\/schema\\\/person\\\/aa2d09ab130e943e3c7b360a32177538\"},\"breadcrumb\":{\"@id\":\"https:\\\/\\\/soynuevaprensadigital.com\\\/news1053fm\\\/lunay-estreno-le-gusta-que-la-vean\\\/#breadcrumb\"},\"inLanguage\":\"es\",\"potentialAction\":[{\"@type\":\"ReadAction\",\"target\":[\"https:\\\/\\\/soynuevaprensadigital.com\\\/news1053fm\\\/lunay-estreno-le-gusta-que-la-vean\\\/\"]}]},{\"@type\":\"BreadcrumbList\",\"@id\":\"https:\\\/\\\/soynuevaprensadigital.com\\\/news1053fm\\\/lunay-estreno-le-gusta-que-la-vean\\\/#breadcrumb\",\"itemListElement\":[{\"@type\":\"ListItem\",\"position\":1,\"name\":\"Portada\",\"item\":\"https:\\\/\\\/soynuevaprensadigital.com\\\/news1053fm\\\/\"},{\"@type\":\"ListItem\",\"position\":2,\"name\":\"Lunay estren\u00f3 \u00abLe gusta que la vean\u00bb\"}]},{\"@type\":\"WebSite\",\"@id\":\"https:\\\/\\\/soynuevaprensadigital.com\\\/news1053fm\\\/#website\",\"url\":\"https:\\\/\\\/soynuevaprensadigital.com\\\/news1053fm\\\/\",\"name\":\"News 105.3 FM\",\"description\":\"Nuestro compromiso contigo nos permite ofrecerte la radio de mejor calidad, la frecuencia m\u00e1s limpia yel entretenimiento para todos los gustos.\",\"potentialAction\":[{\"@type\":\"SearchAction\",\"target\":{\"@type\":\"EntryPoint\",\"urlTemplate\":\"https:\\\/\\\/soynuevaprensadigital.com\\\/news1053fm\\\/?s={search_term_string}\"},\"query-input\":{\"@type\":\"PropertyValueSpecification\",\"valueRequired\":true,\"valueName\":\"search_term_string\"}}],\"inLanguage\":\"es\"},{\"@type\":\"Person\",\"@id\":\"https:\\\/\\\/soynuevaprensadigital.com\\\/news1053fm\\\/#\\\/schema\\\/person\\\/aa2d09ab130e943e3c7b360a32177538\",\"name\":\"Alvis Cristina Herrera\",\"image\":{\"@type\":\"ImageObject\",\"inLanguage\":\"es\",\"@id\":\"https:\\\/\\\/secure.gravatar.com\\\/avatar\\\/6a4b461595fbd8c4d0947e89062b7b1df5ea5bc6348126d9594f8d0cece5be89?s=96&d=mm&r=g\",\"url\":\"https:\\\/\\\/secure.gravatar.com\\\/avatar\\\/6a4b461595fbd8c4d0947e89062b7b1df5ea5bc6348126d9594f8d0cece5be89?s=96&d=mm&r=g\",\"contentUrl\":\"https:\\\/\\\/secure.gravatar.com\\\/avatar\\\/6a4b461595fbd8c4d0947e89062b7b1df5ea5bc6348126d9594f8d0cece5be89?s=96&d=mm&r=g\",\"caption\":\"Alvis Cristina Herrera\"},\"sameAs\":[\"https:\\\/\\\/www.facebook.com\\\/AlvisCristinaHe\",\"https:\\\/\\\/www.instagram.com\\\/alviscristinahe\\\/\",\"https:\\\/\\\/www.linkedin.com\\\/in\\\/alviscristinahe\\\/\",\"https:\\\/\\\/x.com\\\/https:\\\/\\\/www.twitter.com\\\/alviscristinahe\\\/\"],\"url\":\"https:\\\/\\\/soynuevaprensadigital.com\\\/news1053fm\\\/author\\\/alvisherrera\\\/\"}]}<\/script>\n<!-- \/ Yoast SEO plugin. -->","yoast_head_json":{"title":"Lunay estren\u00f3 \"Le gusta que la vean\" - News 105.3 FM","robots":{"index":"index","follow":"follow","max-snippet":"max-snippet:-1","max-image-preview":"max-image-preview:large","max-video-preview":"max-video-preview:-1"},"canonical":"https:\/\/soynuevaprensadigital.com\/news1053fm\/lunay-estreno-le-gusta-que-la-vean\/","og_locale":"es_ES","og_type":"article","og_title":"Lunay estren\u00f3 \"Le gusta que la vean\" - News 105.3 FM","og_description":"San Juan.-El artista urbano puertorrique\u00f1o Lunay, una de las estrellas de la nueva generaci\u00f3n de la m\u00fasica latina, lanz\u00f3 este viernes su nueva canci\u00f3n y video musical, \u00abLe gusta que la vean\u00bb, el primer sencillo de su pr\u00f3ximo disco, \u00abEl Ni\u00f1o\u00bb. \u00abLe gusta que la vean\u00bb fue producida por Los Honeyboos, y lanzada en el [&hellip;]","og_url":"https:\/\/soynuevaprensadigital.com\/news1053fm\/lunay-estreno-le-gusta-que-la-vean\/","og_site_name":"News 105.3 FM","article_publisher":"https:\/\/www.facebook.com\/News1053fm-1655395028099413\/","article_author":"https:\/\/www.facebook.com\/AlvisCristinaHe","article_published_time":"2021-04-30T20:21:19+00:00","og_image":[{"width":1561,"height":1920,"url":"https:\/\/soynuevaprensadigital.com\/news1053fm\/wp-content\/uploads\/sites\/3\/2021\/04\/34517ddde5e98f604a885b828fffc52180a6efbbw.jpg","type":"image\/jpeg"}],"author":"Alvis Cristina Herrera","twitter_card":"summary_large_image","twitter_creator":"@https:\/\/www.twitter.com\/alviscristinahe\/","twitter_site":"@news105_3fm","twitter_misc":{"Escrito por":"Alvis Cristina Herrera","Tiempo de lectura":"2 minutos"},"schema":{"@context":"https:\/\/schema.org","@graph":[{"@type":"Article","@id":"https:\/\/soynuevaprensadigital.com\/news1053fm\/lunay-estreno-le-gusta-que-la-vean\/#article","isPartOf":{"@id":"https:\/\/soynuevaprensadigital.com\/news1053fm\/lunay-estreno-le-gusta-que-la-vean\/"},"author":{"name":"Alvis Cristina Herrera","@id":"https:\/\/soynuevaprensadigital.com\/news1053fm\/#\/schema\/person\/aa2d09ab130e943e3c7b360a32177538"},"headline":"Lunay estren\u00f3 \u00abLe gusta que la vean\u00bb","datePublished":"2021-04-30T20:21:19+00:00","mainEntityOfPage":{"@id":"https:\/\/soynuevaprensadigital.com\/news1053fm\/lunay-estreno-le-gusta-que-la-vean\/"},"wordCount":378,"articleSection":["Featured","Noticias"],"inLanguage":"es"},{"@type":"WebPage","@id":"https:\/\/soynuevaprensadigital.com\/news1053fm\/lunay-estreno-le-gusta-que-la-vean\/","url":"https:\/\/soynuevaprensadigital.com\/news1053fm\/lunay-estreno-le-gusta-que-la-vean\/","name":"Lunay estren\u00f3 \"Le gusta que la vean\" - News 105.3 FM","isPartOf":{"@id":"https:\/\/soynuevaprensadigital.com\/news1053fm\/#website"},"datePublished":"2021-04-30T20:21:19+00:00","author":{"@id":"https:\/\/soynuevaprensadigital.com\/news1053fm\/#\/schema\/person\/aa2d09ab130e943e3c7b360a32177538"},"breadcrumb":{"@id":"https:\/\/soynuevaprensadigital.com\/news1053fm\/lunay-estreno-le-gusta-que-la-vean\/#breadcrumb"},"inLanguage":"es","potentialAction":[{"@type":"ReadAction","target":["https:\/\/soynuevaprensadigital.com\/news1053fm\/lunay-estreno-le-gusta-que-la-vean\/"]}]},{"@type":"BreadcrumbList","@id":"https:\/\/soynuevaprensadigital.com\/news1053fm\/lunay-estreno-le-gusta-que-la-vean\/#breadcrumb","itemListElement":[{"@type":"ListItem","position":1,"name":"Portada","item":"https:\/\/soynuevaprensadigital.com\/news1053fm\/"},{"@type":"ListItem","position":2,"name":"Lunay estren\u00f3 \u00abLe gusta que la vean\u00bb"}]},{"@type":"WebSite","@id":"https:\/\/soynuevaprensadigital.com\/news1053fm\/#website","url":"https:\/\/soynuevaprensadigital.com\/news1053fm\/","name":"News 105.3 FM","description":"Nuestro compromiso contigo nos permite ofrecerte la radio de mejor calidad, la frecuencia m\u00e1s limpia yel entretenimiento para todos los gustos.","potentialAction":[{"@type":"SearchAction","target":{"@type":"EntryPoint","urlTemplate":"https:\/\/soynuevaprensadigital.com\/news1053fm\/?s={search_term_string}"},"query-input":{"@type":"PropertyValueSpecification","valueRequired":true,"valueName":"search_term_string"}}],"inLanguage":"es"},{"@type":"Person","@id":"https:\/\/soynuevaprensadigital.com\/news1053fm\/#\/schema\/person\/aa2d09ab130e943e3c7b360a32177538","name":"Alvis Cristina Herrera","image":{"@type":"ImageObject","inLanguage":"es","@id":"https:\/\/secure.gravatar.com\/avatar\/6a4b461595fbd8c4d0947e89062b7b1df5ea5bc6348126d9594f8d0cece5be89?s=96&d=mm&r=g","url":"https:\/\/secure.gravatar.com\/avatar\/6a4b461595fbd8c4d0947e89062b7b1df5ea5bc6348126d9594f8d0cece5be89?s=96&d=mm&r=g","contentUrl":"https:\/\/secure.gravatar.com\/avatar\/6a4b461595fbd8c4d0947e89062b7b1df5ea5bc6348126d9594f8d0cece5be89?s=96&d=mm&r=g","caption":"Alvis Cristina Herrera"},"sameAs":["https:\/\/www.facebook.com\/AlvisCristinaHe","https:\/\/www.instagram.com\/alviscristinahe\/","https:\/\/www.linkedin.com\/in\/alviscristinahe\/","https:\/\/x.com\/https:\/\/www.twitter.com\/alviscristinahe\/"],"url":"https:\/\/soynuevaprensadigital.com\/news1053fm\/author\/alvisherrera\/"}]}},"_links":{"self":[{"href":"https:\/\/soynuevaprensadigital.com\/news1053fm\/wp-json\/wp\/v2\/posts\/2020","targetHints":{"allow":["GET"]}}],"collection":[{"href":"https:\/\/soynuevaprensadigital.com\/news1053fm\/wp-json\/wp\/v2\/posts"}],"about":[{"href":"https:\/\/soynuevaprensadigital.com\/news1053fm\/wp-json\/wp\/v2\/types\/post"}],"author":[{"embeddable":true,"href":"https:\/\/soynuevaprensadigital.com\/news1053fm\/wp-json\/wp\/v2\/users\/158"}],"replies":[{"embeddable":true,"href":"https:\/\/soynuevaprensadigital.com\/news1053fm\/wp-json\/wp\/v2\/comments?post=2020"}],"version-history":[{"count":0,"href":"https:\/\/soynuevaprensadigital.com\/news1053fm\/wp-json\/wp\/v2\/posts\/2020\/revisions"}],"wp:attachment":[{"href":"https:\/\/soynuevaprensadigital.com\/news1053fm\/wp-json\/wp\/v2\/media?parent=2020"}],"wp:term":[{"taxonomy":"category","embeddable":true,"href":"https:\/\/soynuevaprensadigital.com\/news1053fm\/wp-json\/wp\/v2\/categories?post=2020"},{"taxonomy":"post_tag","embeddable":true,"href":"https:\/\/soynuevaprensadigital.com\/news1053fm\/wp-json\/wp\/v2\/tags?post=2020"}],"curies":[{"name":"wp","href":"https:\/\/api.w.org\/{rel}","templated":true}]}}