{"id":2024,"date":"2021-05-01T18:45:45","date_gmt":"2021-05-01T22:45:45","guid":{"rendered":"https:\/\/soynuevaprensadigital.com\/news1053fm\/?p=2024"},"modified":"2021-05-03T19:59:26","modified_gmt":"2021-05-03T23:59:26","slug":"apple-tv-actualiza-el-idealismo-de-the-mosquito-coast-en-su-nueva-serie","status":"publish","type":"post","link":"https:\/\/soynuevaprensadigital.com\/news1053fm\/apple-tv-actualiza-el-idealismo-de-the-mosquito-coast-en-su-nueva-serie\/","title":{"rendered":"Apple TV+ actualiza el idealismo de \u00abThe Mosquito Coast\u00bb en su nueva serie"},"content":{"rendered":"<p style=\"text-align: justify\"><strong>Los \u00c1ngeles.-<\/strong>Cuando a Justin Theroux (\u00abMulholland Drive\u00bb) le lleg\u00f3 la oportunidad de protagonizar la nueva serie de Apple TV+, pudo hacer algo en la mano de muy pocos actores: llam\u00f3 a su t\u00edo Paul para hablar del personaje que ide\u00f3 hace 40 a\u00f1os.<\/p>\n<p>En b\u00fasqueda de su propia serie de culto, la tecnol\u00f3gica ha apostado por actualizar \u00abThe Mosquito Coast\u00bb, el libro con el que Paul Theroux conquist\u00f3 a una generaci\u00f3n de idealistas.<\/p>\n<p>Su adaptaci\u00f3n al cine en 1986 reuni\u00f3 a Harrison Ford y Helen Mirren en una cinta que, a pesar de su complicado estreno, a\u00fan arrastra a fieles defensores.<\/p>\n<p>Despu\u00e9s de unos a\u00f1os en los que las series de televisi\u00f3n daban su salto a la gran pantalla, Apple TV+ se ha sumado a la nueva corriente, la de las pel\u00edculas que se adaptan a la peque\u00f1a pantalla.<\/p>\n<p>La nueva \u00abThe Mosquito Coast\u00bb toma la novela de 1981 como punto de partida para narrar una ficci\u00f3n menos rom\u00e1ntica y algo m\u00e1s oscura que el largometraje original.<\/p>\n<p>\u00abEn la serie vamos a tener m\u00e1s horas para contar la historia, no tiene tantos puntos de actualidad como la pel\u00edcula o el libro pero mi personaje opina mucho. Es cr\u00edtico con el capitalismo, las personas sin techo y la cultura estadounidense de no cesar de consumir\u00bb, explica a Efe Theroux, el actor y sobrino, desde su casa en Nueva York.<\/p>\n<p>Theroux toma el relevo a Harrison Ford para encarnar a Allie Fox, ese inventor idealista que escapa con su familia a uno de los rincones m\u00e1s rec\u00f3nditos de Am\u00e9rica Latina.<\/p>\n<p><strong>UNA SERIE MENOS IDEALISTA Y M\u00c1S OSCURA<\/strong><\/p>\n<p>Pero el nuevo gui\u00f3n elaborado por Neil Cross y Tom Bissel actualiza aspectos de la trama. Por ejemplo, los \u00absmartphones\u00bb est\u00e1n prohibidos en su huida y hay un elemento de persecuci\u00f3n que a\u00f1ade un punto de psicosis al viaje, ya que el Gobierno estadounidense persigue a la familia por un pasado criminal. Incluso el FBI est\u00e1 a punto de darles caza.<\/p>\n<p>Es aqu\u00ed donde la serie, que se estrena este fin de semana en todo el mundo, se diferencia m\u00e1s de la novela para asemejarse m\u00e1s a fen\u00f3menos oscuros como \u00abBreaking Bad\u00bb y \u00abOzark\u00bb.<\/p>\n<p>Mientras se encaminan a la paradis\u00edaca Costa de los Mosquitos, la familia de la ficci\u00f3n se encuentra con c\u00e1rteles de la droga y otras organizaciones criminales que alteran los -ya de por s\u00ed endebles- planes de huida.<\/p>\n<p>El protagonista es, m\u00e1s que nunca, un antih\u00e9roe cuyas intenciones aparentemente buenas pecan tanto de ego\u00edstas como de idealistas. Algo habitual tanto en los firmes defensores del \u00absue\u00f1o americano\u00bb como en los que, al igual que Fox, quieren alejarse lo m\u00e1s posible de ese estilo de vida.<\/p>\n<p>\u00abSoy muy cauto cuando escojo un proyecto de televisi\u00f3n porque uno no sabe si interpretar\u00e1 ese personaje por 8 a\u00f1os o m\u00e1s. Tienen que ser personajes complejos y con una evoluci\u00f3n\u00bb, argumenta el actor tras su trabajo en la serie \u00abThe Leftovers\u00bb.<\/p>\n<p>Hay puntos en com\u00fan con la pel\u00edcula, como la granja de esp\u00e1rragos que gestiona la familia, aunque el papel femenino de la ficci\u00f3n de Apple, interpretado por Melissa George, tiene mucho m\u00e1s que decir sobre los negocios que el que encarn\u00f3 Helen Mirren bajo el nombre de \u00abmadre\u00bb.<\/p>\n<p>La actriz ni siquiera ley\u00f3 la novela para no condicionar al personaje: \u00abElla no es una voz en silencio como en el libro, adquiere mucha personalidad\u00bb, asegur\u00f3 George en una entrevista.<\/p>\n<p>Con sus siete primeros cap\u00edtulos, \u00abThe Mosquito Coast\u00bb espera atraer a un p\u00fablico sediento de dramas complejos y con implicaciones pol\u00edticas. Como Walter White en \u00abBreaking Bad\u00bb y Saul Goodman en \u00abBetter Call Saul\u00bb, el personaje de Allie Fox tiene tanto de bueno como de malo.<\/p>\n<p>Harrison Ford siempre apoy\u00f3 la pel\u00edcula, a pesar de su fracaso comercial. Entonces los gustos eran otros y en 2021 quiz\u00e1s la audiencia est\u00e1 m\u00e1s abierta al pesimismo, sobre todo en la peque\u00f1a pantalla.<\/p>\n","protected":false},"excerpt":{"rendered":"<p>Los \u00c1ngeles.-Cuando a Justin Theroux (\u00abMulholland Drive\u00bb) le lleg\u00f3 la oportunidad de protagonizar la nueva serie de Apple TV+, pudo hacer algo en la mano de muy pocos actores: llam\u00f3 a su t\u00edo Paul para hablar del personaje que ide\u00f3 hace 40 a\u00f1os. En b\u00fasqueda de su propia serie de culto, la tecnol\u00f3gica ha apostado [&hellip;]<\/p>\n","protected":false},"author":158,"featured_media":0,"comment_status":"closed","ping_status":"closed","sticky":false,"template":"","format":"standard","meta":{"footnotes":""},"categories":[2,14],"tags":[],"class_list":["post-2024","post","type-post","status-publish","format-standard","hentry","category-featured","category-noticias"],"yoast_head":"<!-- This site is optimized with the Yoast SEO plugin v27.3 - https:\/\/yoast.com\/product\/yoast-seo-wordpress\/ -->\n<title>Apple TV+ actualiza el idealismo de &quot;The Mosquito Coast&quot; en su nueva serie - News 105.3 FM<\/title>\n<meta name=\"robots\" content=\"index, follow, max-snippet:-1, max-image-preview:large, max-video-preview:-1\" \/>\n<link rel=\"canonical\" href=\"https:\/\/soynuevaprensadigital.com\/news1053fm\/apple-tv-actualiza-el-idealismo-de-the-mosquito-coast-en-su-nueva-serie\/\" \/>\n<meta property=\"og:locale\" content=\"es_ES\" \/>\n<meta property=\"og:type\" content=\"article\" \/>\n<meta property=\"og:title\" content=\"Apple TV+ actualiza el idealismo de &quot;The Mosquito Coast&quot; en su nueva serie - News 105.3 FM\" \/>\n<meta property=\"og:description\" content=\"Los \u00c1ngeles.-Cuando a Justin Theroux (\u00abMulholland Drive\u00bb) le lleg\u00f3 la oportunidad de protagonizar la nueva serie de Apple TV+, pudo hacer algo en la mano de muy pocos actores: llam\u00f3 a su t\u00edo Paul para hablar del personaje que ide\u00f3 hace 40 a\u00f1os. En b\u00fasqueda de su propia serie de culto, la tecnol\u00f3gica ha apostado [&hellip;]\" \/>\n<meta property=\"og:url\" content=\"https:\/\/soynuevaprensadigital.com\/news1053fm\/apple-tv-actualiza-el-idealismo-de-the-mosquito-coast-en-su-nueva-serie\/\" \/>\n<meta property=\"og:site_name\" content=\"News 105.3 FM\" \/>\n<meta property=\"article:publisher\" content=\"https:\/\/www.facebook.com\/News1053fm-1655395028099413\/\" \/>\n<meta property=\"article:author\" content=\"https:\/\/www.facebook.com\/AlvisCristinaHe\" \/>\n<meta property=\"article:published_time\" content=\"2021-05-01T22:45:45+00:00\" \/>\n<meta property=\"article:modified_time\" content=\"2021-05-03T23:59:26+00:00\" \/>\n<meta property=\"og:image\" content=\"https:\/\/soynuevaprensadigital.com\/news1053fm\/wp-content\/uploads\/sites\/3\/2021\/04\/7c196578325aebc101f91dede2897340811e44f2w.jpg\" \/>\n\t<meta property=\"og:image:width\" content=\"1920\" \/>\n\t<meta property=\"og:image:height\" content=\"959\" \/>\n\t<meta property=\"og:image:type\" content=\"image\/jpeg\" \/>\n<meta name=\"author\" content=\"Alvis Cristina Herrera\" \/>\n<meta name=\"twitter:card\" content=\"summary_large_image\" \/>\n<meta name=\"twitter:creator\" content=\"@https:\/\/www.twitter.com\/alviscristinahe\/\" \/>\n<meta name=\"twitter:site\" content=\"@news105_3fm\" \/>\n<meta name=\"twitter:label1\" content=\"Escrito por\" \/>\n\t<meta name=\"twitter:data1\" content=\"Alvis Cristina Herrera\" \/>\n\t<meta name=\"twitter:label2\" content=\"Tiempo de lectura\" \/>\n\t<meta name=\"twitter:data2\" content=\"3 minutos\" \/>\n<script type=\"application\/ld+json\" class=\"yoast-schema-graph\">{\"@context\":\"https:\\\/\\\/schema.org\",\"@graph\":[{\"@type\":\"Article\",\"@id\":\"https:\\\/\\\/soynuevaprensadigital.com\\\/news1053fm\\\/apple-tv-actualiza-el-idealismo-de-the-mosquito-coast-en-su-nueva-serie\\\/#article\",\"isPartOf\":{\"@id\":\"https:\\\/\\\/soynuevaprensadigital.com\\\/news1053fm\\\/apple-tv-actualiza-el-idealismo-de-the-mosquito-coast-en-su-nueva-serie\\\/\"},\"author\":{\"name\":\"Alvis Cristina Herrera\",\"@id\":\"https:\\\/\\\/soynuevaprensadigital.com\\\/news1053fm\\\/#\\\/schema\\\/person\\\/aa2d09ab130e943e3c7b360a32177538\"},\"headline\":\"Apple TV+ actualiza el idealismo de \u00abThe Mosquito Coast\u00bb en su nueva serie\",\"datePublished\":\"2021-05-01T22:45:45+00:00\",\"dateModified\":\"2021-05-03T23:59:26+00:00\",\"mainEntityOfPage\":{\"@id\":\"https:\\\/\\\/soynuevaprensadigital.com\\\/news1053fm\\\/apple-tv-actualiza-el-idealismo-de-the-mosquito-coast-en-su-nueva-serie\\\/\"},\"wordCount\":706,\"articleSection\":[\"Featured\",\"Noticias\"],\"inLanguage\":\"es\"},{\"@type\":\"WebPage\",\"@id\":\"https:\\\/\\\/soynuevaprensadigital.com\\\/news1053fm\\\/apple-tv-actualiza-el-idealismo-de-the-mosquito-coast-en-su-nueva-serie\\\/\",\"url\":\"https:\\\/\\\/soynuevaprensadigital.com\\\/news1053fm\\\/apple-tv-actualiza-el-idealismo-de-the-mosquito-coast-en-su-nueva-serie\\\/\",\"name\":\"Apple TV+ actualiza el idealismo de \\\"The Mosquito Coast\\\" en su nueva serie - News 105.3 FM\",\"isPartOf\":{\"@id\":\"https:\\\/\\\/soynuevaprensadigital.com\\\/news1053fm\\\/#website\"},\"datePublished\":\"2021-05-01T22:45:45+00:00\",\"dateModified\":\"2021-05-03T23:59:26+00:00\",\"author\":{\"@id\":\"https:\\\/\\\/soynuevaprensadigital.com\\\/news1053fm\\\/#\\\/schema\\\/person\\\/aa2d09ab130e943e3c7b360a32177538\"},\"breadcrumb\":{\"@id\":\"https:\\\/\\\/soynuevaprensadigital.com\\\/news1053fm\\\/apple-tv-actualiza-el-idealismo-de-the-mosquito-coast-en-su-nueva-serie\\\/#breadcrumb\"},\"inLanguage\":\"es\",\"potentialAction\":[{\"@type\":\"ReadAction\",\"target\":[\"https:\\\/\\\/soynuevaprensadigital.com\\\/news1053fm\\\/apple-tv-actualiza-el-idealismo-de-the-mosquito-coast-en-su-nueva-serie\\\/\"]}]},{\"@type\":\"BreadcrumbList\",\"@id\":\"https:\\\/\\\/soynuevaprensadigital.com\\\/news1053fm\\\/apple-tv-actualiza-el-idealismo-de-the-mosquito-coast-en-su-nueva-serie\\\/#breadcrumb\",\"itemListElement\":[{\"@type\":\"ListItem\",\"position\":1,\"name\":\"Portada\",\"item\":\"https:\\\/\\\/soynuevaprensadigital.com\\\/news1053fm\\\/\"},{\"@type\":\"ListItem\",\"position\":2,\"name\":\"Apple TV+ actualiza el idealismo de \u00abThe Mosquito Coast\u00bb en su nueva serie\"}]},{\"@type\":\"WebSite\",\"@id\":\"https:\\\/\\\/soynuevaprensadigital.com\\\/news1053fm\\\/#website\",\"url\":\"https:\\\/\\\/soynuevaprensadigital.com\\\/news1053fm\\\/\",\"name\":\"News 105.3 FM\",\"description\":\"Nuestro compromiso contigo nos permite ofrecerte la radio de mejor calidad, la frecuencia m\u00e1s limpia yel entretenimiento para todos los gustos.\",\"potentialAction\":[{\"@type\":\"SearchAction\",\"target\":{\"@type\":\"EntryPoint\",\"urlTemplate\":\"https:\\\/\\\/soynuevaprensadigital.com\\\/news1053fm\\\/?s={search_term_string}\"},\"query-input\":{\"@type\":\"PropertyValueSpecification\",\"valueRequired\":true,\"valueName\":\"search_term_string\"}}],\"inLanguage\":\"es\"},{\"@type\":\"Person\",\"@id\":\"https:\\\/\\\/soynuevaprensadigital.com\\\/news1053fm\\\/#\\\/schema\\\/person\\\/aa2d09ab130e943e3c7b360a32177538\",\"name\":\"Alvis Cristina Herrera\",\"image\":{\"@type\":\"ImageObject\",\"inLanguage\":\"es\",\"@id\":\"https:\\\/\\\/secure.gravatar.com\\\/avatar\\\/6a4b461595fbd8c4d0947e89062b7b1df5ea5bc6348126d9594f8d0cece5be89?s=96&d=mm&r=g\",\"url\":\"https:\\\/\\\/secure.gravatar.com\\\/avatar\\\/6a4b461595fbd8c4d0947e89062b7b1df5ea5bc6348126d9594f8d0cece5be89?s=96&d=mm&r=g\",\"contentUrl\":\"https:\\\/\\\/secure.gravatar.com\\\/avatar\\\/6a4b461595fbd8c4d0947e89062b7b1df5ea5bc6348126d9594f8d0cece5be89?s=96&d=mm&r=g\",\"caption\":\"Alvis Cristina Herrera\"},\"sameAs\":[\"https:\\\/\\\/www.facebook.com\\\/AlvisCristinaHe\",\"https:\\\/\\\/www.instagram.com\\\/alviscristinahe\\\/\",\"https:\\\/\\\/www.linkedin.com\\\/in\\\/alviscristinahe\\\/\",\"https:\\\/\\\/x.com\\\/https:\\\/\\\/www.twitter.com\\\/alviscristinahe\\\/\"],\"url\":\"https:\\\/\\\/soynuevaprensadigital.com\\\/news1053fm\\\/author\\\/alvisherrera\\\/\"}]}<\/script>\n<!-- \/ Yoast SEO plugin. -->","yoast_head_json":{"title":"Apple TV+ actualiza el idealismo de \"The Mosquito Coast\" en su nueva serie - News 105.3 FM","robots":{"index":"index","follow":"follow","max-snippet":"max-snippet:-1","max-image-preview":"max-image-preview:large","max-video-preview":"max-video-preview:-1"},"canonical":"https:\/\/soynuevaprensadigital.com\/news1053fm\/apple-tv-actualiza-el-idealismo-de-the-mosquito-coast-en-su-nueva-serie\/","og_locale":"es_ES","og_type":"article","og_title":"Apple TV+ actualiza el idealismo de \"The Mosquito Coast\" en su nueva serie - News 105.3 FM","og_description":"Los \u00c1ngeles.-Cuando a Justin Theroux (\u00abMulholland Drive\u00bb) le lleg\u00f3 la oportunidad de protagonizar la nueva serie de Apple TV+, pudo hacer algo en la mano de muy pocos actores: llam\u00f3 a su t\u00edo Paul para hablar del personaje que ide\u00f3 hace 40 a\u00f1os. En b\u00fasqueda de su propia serie de culto, la tecnol\u00f3gica ha apostado [&hellip;]","og_url":"https:\/\/soynuevaprensadigital.com\/news1053fm\/apple-tv-actualiza-el-idealismo-de-the-mosquito-coast-en-su-nueva-serie\/","og_site_name":"News 105.3 FM","article_publisher":"https:\/\/www.facebook.com\/News1053fm-1655395028099413\/","article_author":"https:\/\/www.facebook.com\/AlvisCristinaHe","article_published_time":"2021-05-01T22:45:45+00:00","article_modified_time":"2021-05-03T23:59:26+00:00","og_image":[{"width":1920,"height":959,"url":"https:\/\/soynuevaprensadigital.com\/news1053fm\/wp-content\/uploads\/sites\/3\/2021\/04\/7c196578325aebc101f91dede2897340811e44f2w.jpg","type":"image\/jpeg"}],"author":"Alvis Cristina Herrera","twitter_card":"summary_large_image","twitter_creator":"@https:\/\/www.twitter.com\/alviscristinahe\/","twitter_site":"@news105_3fm","twitter_misc":{"Escrito por":"Alvis Cristina Herrera","Tiempo de lectura":"3 minutos"},"schema":{"@context":"https:\/\/schema.org","@graph":[{"@type":"Article","@id":"https:\/\/soynuevaprensadigital.com\/news1053fm\/apple-tv-actualiza-el-idealismo-de-the-mosquito-coast-en-su-nueva-serie\/#article","isPartOf":{"@id":"https:\/\/soynuevaprensadigital.com\/news1053fm\/apple-tv-actualiza-el-idealismo-de-the-mosquito-coast-en-su-nueva-serie\/"},"author":{"name":"Alvis Cristina Herrera","@id":"https:\/\/soynuevaprensadigital.com\/news1053fm\/#\/schema\/person\/aa2d09ab130e943e3c7b360a32177538"},"headline":"Apple TV+ actualiza el idealismo de \u00abThe Mosquito Coast\u00bb en su nueva serie","datePublished":"2021-05-01T22:45:45+00:00","dateModified":"2021-05-03T23:59:26+00:00","mainEntityOfPage":{"@id":"https:\/\/soynuevaprensadigital.com\/news1053fm\/apple-tv-actualiza-el-idealismo-de-the-mosquito-coast-en-su-nueva-serie\/"},"wordCount":706,"articleSection":["Featured","Noticias"],"inLanguage":"es"},{"@type":"WebPage","@id":"https:\/\/soynuevaprensadigital.com\/news1053fm\/apple-tv-actualiza-el-idealismo-de-the-mosquito-coast-en-su-nueva-serie\/","url":"https:\/\/soynuevaprensadigital.com\/news1053fm\/apple-tv-actualiza-el-idealismo-de-the-mosquito-coast-en-su-nueva-serie\/","name":"Apple TV+ actualiza el idealismo de \"The Mosquito Coast\" en su nueva serie - News 105.3 FM","isPartOf":{"@id":"https:\/\/soynuevaprensadigital.com\/news1053fm\/#website"},"datePublished":"2021-05-01T22:45:45+00:00","dateModified":"2021-05-03T23:59:26+00:00","author":{"@id":"https:\/\/soynuevaprensadigital.com\/news1053fm\/#\/schema\/person\/aa2d09ab130e943e3c7b360a32177538"},"breadcrumb":{"@id":"https:\/\/soynuevaprensadigital.com\/news1053fm\/apple-tv-actualiza-el-idealismo-de-the-mosquito-coast-en-su-nueva-serie\/#breadcrumb"},"inLanguage":"es","potentialAction":[{"@type":"ReadAction","target":["https:\/\/soynuevaprensadigital.com\/news1053fm\/apple-tv-actualiza-el-idealismo-de-the-mosquito-coast-en-su-nueva-serie\/"]}]},{"@type":"BreadcrumbList","@id":"https:\/\/soynuevaprensadigital.com\/news1053fm\/apple-tv-actualiza-el-idealismo-de-the-mosquito-coast-en-su-nueva-serie\/#breadcrumb","itemListElement":[{"@type":"ListItem","position":1,"name":"Portada","item":"https:\/\/soynuevaprensadigital.com\/news1053fm\/"},{"@type":"ListItem","position":2,"name":"Apple TV+ actualiza el idealismo de \u00abThe Mosquito Coast\u00bb en su nueva serie"}]},{"@type":"WebSite","@id":"https:\/\/soynuevaprensadigital.com\/news1053fm\/#website","url":"https:\/\/soynuevaprensadigital.com\/news1053fm\/","name":"News 105.3 FM","description":"Nuestro compromiso contigo nos permite ofrecerte la radio de mejor calidad, la frecuencia m\u00e1s limpia yel entretenimiento para todos los gustos.","potentialAction":[{"@type":"SearchAction","target":{"@type":"EntryPoint","urlTemplate":"https:\/\/soynuevaprensadigital.com\/news1053fm\/?s={search_term_string}"},"query-input":{"@type":"PropertyValueSpecification","valueRequired":true,"valueName":"search_term_string"}}],"inLanguage":"es"},{"@type":"Person","@id":"https:\/\/soynuevaprensadigital.com\/news1053fm\/#\/schema\/person\/aa2d09ab130e943e3c7b360a32177538","name":"Alvis Cristina Herrera","image":{"@type":"ImageObject","inLanguage":"es","@id":"https:\/\/secure.gravatar.com\/avatar\/6a4b461595fbd8c4d0947e89062b7b1df5ea5bc6348126d9594f8d0cece5be89?s=96&d=mm&r=g","url":"https:\/\/secure.gravatar.com\/avatar\/6a4b461595fbd8c4d0947e89062b7b1df5ea5bc6348126d9594f8d0cece5be89?s=96&d=mm&r=g","contentUrl":"https:\/\/secure.gravatar.com\/avatar\/6a4b461595fbd8c4d0947e89062b7b1df5ea5bc6348126d9594f8d0cece5be89?s=96&d=mm&r=g","caption":"Alvis Cristina Herrera"},"sameAs":["https:\/\/www.facebook.com\/AlvisCristinaHe","https:\/\/www.instagram.com\/alviscristinahe\/","https:\/\/www.linkedin.com\/in\/alviscristinahe\/","https:\/\/x.com\/https:\/\/www.twitter.com\/alviscristinahe\/"],"url":"https:\/\/soynuevaprensadigital.com\/news1053fm\/author\/alvisherrera\/"}]}},"_links":{"self":[{"href":"https:\/\/soynuevaprensadigital.com\/news1053fm\/wp-json\/wp\/v2\/posts\/2024","targetHints":{"allow":["GET"]}}],"collection":[{"href":"https:\/\/soynuevaprensadigital.com\/news1053fm\/wp-json\/wp\/v2\/posts"}],"about":[{"href":"https:\/\/soynuevaprensadigital.com\/news1053fm\/wp-json\/wp\/v2\/types\/post"}],"author":[{"embeddable":true,"href":"https:\/\/soynuevaprensadigital.com\/news1053fm\/wp-json\/wp\/v2\/users\/158"}],"replies":[{"embeddable":true,"href":"https:\/\/soynuevaprensadigital.com\/news1053fm\/wp-json\/wp\/v2\/comments?post=2024"}],"version-history":[{"count":0,"href":"https:\/\/soynuevaprensadigital.com\/news1053fm\/wp-json\/wp\/v2\/posts\/2024\/revisions"}],"wp:attachment":[{"href":"https:\/\/soynuevaprensadigital.com\/news1053fm\/wp-json\/wp\/v2\/media?parent=2024"}],"wp:term":[{"taxonomy":"category","embeddable":true,"href":"https:\/\/soynuevaprensadigital.com\/news1053fm\/wp-json\/wp\/v2\/categories?post=2024"},{"taxonomy":"post_tag","embeddable":true,"href":"https:\/\/soynuevaprensadigital.com\/news1053fm\/wp-json\/wp\/v2\/tags?post=2024"}],"curies":[{"name":"wp","href":"https:\/\/api.w.org\/{rel}","templated":true}]}}