{"id":2043,"date":"2021-05-05T17:20:40","date_gmt":"2021-05-05T21:20:40","guid":{"rendered":"https:\/\/soynuevaprensadigital.com\/news1053fm\/?p=2043"},"modified":"2021-05-05T17:20:40","modified_gmt":"2021-05-05T21:20:40","slug":"efemerides-deportivas-5-de-mayo-jose-antonio-la-perla-reyes-celebro-su-ultimo-gol","status":"publish","type":"post","link":"https:\/\/soynuevaprensadigital.com\/news1053fm\/efemerides-deportivas-5-de-mayo-jose-antonio-la-perla-reyes-celebro-su-ultimo-gol\/","title":{"rendered":"Efem\u00e9rides Deportivas 5 de mayo: Jos\u00e9 Antonio \u201cLa Perla\u201d Reyes celebro su \u00faltimo gol"},"content":{"rendered":"<p style=\"text-align: justify\"><strong>Ciudad Guayana.-<\/strong>El 1 junio de 2019 el mundo del f\u00fatbol se conmociono. El d\u00eda arranco con el peculiar cosquilleo que produc\u00eda, a pesar que los representantes espa\u00f1oles hab\u00eda quedado fuera, la final de la Liga de Campeones, que iban a jugar aquella noche en Madrid el Liverpool y Tottenham.<\/p>\n<p style=\"text-align: justify\">En el C\u00f3rdoba CF, la sensaci\u00f3n de agotamiento se pod\u00eda sentir, pues el d\u00eda anterior, el equipo blanquiverde hab\u00eda disputado su \u00faltimo partido en Segunda Divisi\u00f3n despu\u00e9s de doce a\u00f1os en el mapa del f\u00fatbol profesional. Ya hab\u00eda descendido algunas semanas antes. Perdi\u00f3 por 2-3 ante Osasuna, vio c\u00f3mo su excapit\u00e1n Xisco le marcaba un gol y los pocos aficionados que acudieron a El Arc\u00e1ngel se marcharon a casa cavilando sobre un porvenir doloroso.<\/p>\n<p style=\"text-align: justify\">Al mediod\u00eda del 1 de junio, hace dos a\u00f1os, salt\u00f3 una noticia que convulsion\u00f3 al deporte espa\u00f1ol: Jos\u00e9 Antonio Reyes fallec\u00eda en un accidente de tr\u00e1fico.<\/p>\n<p style=\"text-align: justify\">El cordobesismo sinti\u00f3 el golpe por el repentino adi\u00f3s de uno de los suyos. En apenas unos meses se gan\u00f3 el respeto, la admiraci\u00f3n y un sitio en la historia del club. Lleg\u00f3, brill\u00f3 y se fue.<\/p>\n<p style=\"text-align: justify\">Reyes no hab\u00eda entrado en la convocatoria del Extremadura, al que hab\u00eda llegado unos meses antes, para el partido que ten\u00edan al d\u00eda siguiente en el Carranza, de la pen\u00faltima jornada. La azulgrana fue su \u00faltima camiseta en Espa\u00f1a, pero su \u00faltimo gol lo celebr\u00f3 luciendo la blanquiverde en El Arc\u00e1ngel. La hinchada cordobesa asisti\u00f3 a la \u00faltima celebraci\u00f3n de un mito.<\/p>\n<p style=\"text-align: justify\">El C\u00f3rdoba CF estaba inmerso en la mayor remontada de todos los tiempos en la 18-19. Quedaban cinco partidos y el equipo no hab\u00eda sido capaz de salir de los puestos de descenso desde que arranc\u00f3 la competici\u00f3n en agosto.<\/p>\n<p style=\"text-align: justify\">El milagro se avistaba y Jos\u00e9 Antonio Reyes era una de las principales razones. De hecho, el que fuera jugador del Sevilla FC, Arsenal, Real Madrid y Atl\u00e9tico de Madrid ayud\u00f3 a la recuperaci\u00f3n blanquiverde ejerc\u00eda como un l\u00edder espiritual m\u00e1s all\u00e1 de su contribuci\u00f3n en el c\u00e9sped.<\/p>\n<p style=\"text-align: justify\">El utrerano solo hab\u00eda jugado un partido completo en doce disputados, pero sus minutos en el campo eran trascendentes. De su talento como pasador se benefici\u00f3 especialmente Sergi Guardiola, embalado en la tabla de goleadores. Todo parec\u00eda posible despu\u00e9s de ganar seis partidos en una serie de ocho, pero el asunto se enturbi\u00f3 tras una derrota ante un rival directo, la Cultural Leonesa (2-1).<\/p>\n<p style=\"text-align: justify\">El C\u00f3rdoba necesitaba a toda costa vencer a la Sociedad Deportiva Huesca, un enemigo \u00edntimo desde aquel playoff del 2007. En el palco mostraban su perfil m\u00e1s potente Jes\u00fas Le\u00f3n y Luis Oliver. En el banquillo, Sandoval y en el verde, Reyes.<\/p>\n<p style=\"text-align: justify\">La burbuja explot\u00f3 pronto en El Arc\u00e1ngel, que vio c\u00f3mo los azulgranas se colocaban con 0-2 gracias a goles de Gallar y Melero. En la segunda parte, Sergi Guardiola acort\u00f3 distancias en el 60, pero apenas unos segundos despu\u00e9s golpe\u00f3 Cucho Hern\u00e1ndez para el 1-3. Con este resultado lleg\u00f3 una acci\u00f3n determinante: Aguado fue derribado en el \u00e1rea y P\u00e9rez Pallas se\u00f1al\u00f3 penalti. El ariete jumillano entreg\u00f3 la pelota a Reyes.<\/p>\n<p style=\"text-align: justify\">El sevillano, tranquilo, la coloc\u00f3 pegada al palo derecho de Remiro, que se lanz\u00f3 al otro lado. Reyes agarr\u00f3 la pelota y se fue apresurado hacia el centro del campo para seguir la batalla.<\/p>\n<p style=\"text-align: justify\">Fue su \u00fanico gol en el C\u00f3rdoba, el \u00faltimo de su carrera en el f\u00fatbol profesional en Espa\u00f1a. Los blanquiverdes terminaron perdiendo por 2-4 y se colocaron en una situaci\u00f3n cr\u00edtica.<\/p>\n<p style=\"text-align: justify\">Al C\u00f3rdoba le faltaban cuatro partidos para cerrar el campeonato. Los gan\u00f3 todos. Se impuso primero al Rayo en Vallecas (1-2), despu\u00e9s dobleg\u00f3 al Almer\u00eda (2-1), sali\u00f3 ag\u00f3nicamente de la zona de descenso en Reus (1-2) y termin\u00f3 su magna obra aplastando al Sporting de Gij\u00f3n (3-0) en El Arc\u00e1ngel. Doce de doce. Reyes fue titular en todos los partidos.<\/p>\n<p style=\"text-align: justify\">Apenas unas horas despu\u00e9s de las fiestas por la permanencia, Reyes anunci\u00f3 que se marchaba a China. Regres\u00f3 en enero del 2019 a Espa\u00f1a para enrolarse en el Extremadura, en Segunda.<\/p>\n","protected":false},"excerpt":{"rendered":"<p>Ciudad Guayana.-El 1 junio de 2019 el mundo del f\u00fatbol se conmociono. El d\u00eda arranco con el peculiar cosquilleo que produc\u00eda, a pesar que los representantes espa\u00f1oles hab\u00eda quedado fuera, la final de la Liga de Campeones, que iban a jugar aquella noche en Madrid el Liverpool y Tottenham. En el C\u00f3rdoba CF, la sensaci\u00f3n [&hellip;]<\/p>\n","protected":false},"author":158,"featured_media":0,"comment_status":"closed","ping_status":"closed","sticky":false,"template":"","format":"standard","meta":{"footnotes":""},"categories":[2,19],"tags":[],"class_list":["post-2043","post","type-post","status-publish","format-standard","hentry","category-featured","category-mundo-deportivo"],"yoast_head":"<!-- This site is optimized with the Yoast SEO plugin v27.3 - https:\/\/yoast.com\/product\/yoast-seo-wordpress\/ -->\n<title>Efem\u00e9rides Deportivas 5 de mayo: Jos\u00e9 Antonio \u201cLa Perla\u201d Reyes celebro su \u00faltimo gol - News 105.3 FM<\/title>\n<meta name=\"robots\" content=\"index, follow, max-snippet:-1, max-image-preview:large, max-video-preview:-1\" \/>\n<link rel=\"canonical\" href=\"https:\/\/soynuevaprensadigital.com\/news1053fm\/efemerides-deportivas-5-de-mayo-jose-antonio-la-perla-reyes-celebro-su-ultimo-gol\/\" \/>\n<meta property=\"og:locale\" content=\"es_ES\" \/>\n<meta property=\"og:type\" content=\"article\" \/>\n<meta property=\"og:title\" content=\"Efem\u00e9rides Deportivas 5 de mayo: Jos\u00e9 Antonio \u201cLa Perla\u201d Reyes celebro su \u00faltimo gol - News 105.3 FM\" \/>\n<meta property=\"og:description\" content=\"Ciudad Guayana.-El 1 junio de 2019 el mundo del f\u00fatbol se conmociono. El d\u00eda arranco con el peculiar cosquilleo que produc\u00eda, a pesar que los representantes espa\u00f1oles hab\u00eda quedado fuera, la final de la Liga de Campeones, que iban a jugar aquella noche en Madrid el Liverpool y Tottenham. En el C\u00f3rdoba CF, la sensaci\u00f3n [&hellip;]\" \/>\n<meta property=\"og:url\" content=\"https:\/\/soynuevaprensadigital.com\/news1053fm\/efemerides-deportivas-5-de-mayo-jose-antonio-la-perla-reyes-celebro-su-ultimo-gol\/\" \/>\n<meta property=\"og:site_name\" content=\"News 105.3 FM\" \/>\n<meta property=\"article:publisher\" content=\"https:\/\/www.facebook.com\/News1053fm-1655395028099413\/\" \/>\n<meta property=\"article:author\" content=\"https:\/\/www.facebook.com\/AlvisCristinaHe\" \/>\n<meta property=\"article:published_time\" content=\"2021-05-05T21:20:40+00:00\" \/>\n<meta property=\"og:image\" content=\"https:\/\/soynuevaprensadigital.com\/news1053fm\/wp-content\/uploads\/sites\/3\/2021\/05\/eldetalle-cordoba-huesca-kgbH-620x349@abc.jpg\" \/>\n\t<meta property=\"og:image:width\" content=\"619\" \/>\n\t<meta property=\"og:image:height\" content=\"349\" \/>\n\t<meta property=\"og:image:type\" content=\"image\/jpeg\" \/>\n<meta name=\"author\" content=\"Alvis Cristina Herrera\" \/>\n<meta name=\"twitter:card\" content=\"summary_large_image\" \/>\n<meta name=\"twitter:creator\" content=\"@https:\/\/www.twitter.com\/alviscristinahe\/\" \/>\n<meta name=\"twitter:site\" content=\"@news105_3fm\" \/>\n<meta name=\"twitter:label1\" content=\"Escrito por\" \/>\n\t<meta name=\"twitter:data1\" content=\"Alvis Cristina Herrera\" \/>\n\t<meta name=\"twitter:label2\" content=\"Tiempo de lectura\" \/>\n\t<meta name=\"twitter:data2\" content=\"3 minutos\" \/>\n<script type=\"application\/ld+json\" class=\"yoast-schema-graph\">{\"@context\":\"https:\\\/\\\/schema.org\",\"@graph\":[{\"@type\":\"Article\",\"@id\":\"https:\\\/\\\/soynuevaprensadigital.com\\\/news1053fm\\\/efemerides-deportivas-5-de-mayo-jose-antonio-la-perla-reyes-celebro-su-ultimo-gol\\\/#article\",\"isPartOf\":{\"@id\":\"https:\\\/\\\/soynuevaprensadigital.com\\\/news1053fm\\\/efemerides-deportivas-5-de-mayo-jose-antonio-la-perla-reyes-celebro-su-ultimo-gol\\\/\"},\"author\":{\"name\":\"Alvis Cristina Herrera\",\"@id\":\"https:\\\/\\\/soynuevaprensadigital.com\\\/news1053fm\\\/#\\\/schema\\\/person\\\/aa2d09ab130e943e3c7b360a32177538\"},\"headline\":\"Efem\u00e9rides Deportivas 5 de mayo: Jos\u00e9 Antonio \u201cLa Perla\u201d Reyes celebro su \u00faltimo gol\",\"datePublished\":\"2021-05-05T21:20:40+00:00\",\"mainEntityOfPage\":{\"@id\":\"https:\\\/\\\/soynuevaprensadigital.com\\\/news1053fm\\\/efemerides-deportivas-5-de-mayo-jose-antonio-la-perla-reyes-celebro-su-ultimo-gol\\\/\"},\"wordCount\":748,\"articleSection\":[\"Featured\",\"Mundo Deportivo\"],\"inLanguage\":\"es\"},{\"@type\":\"WebPage\",\"@id\":\"https:\\\/\\\/soynuevaprensadigital.com\\\/news1053fm\\\/efemerides-deportivas-5-de-mayo-jose-antonio-la-perla-reyes-celebro-su-ultimo-gol\\\/\",\"url\":\"https:\\\/\\\/soynuevaprensadigital.com\\\/news1053fm\\\/efemerides-deportivas-5-de-mayo-jose-antonio-la-perla-reyes-celebro-su-ultimo-gol\\\/\",\"name\":\"Efem\u00e9rides Deportivas 5 de mayo: Jos\u00e9 Antonio \u201cLa Perla\u201d Reyes celebro su \u00faltimo gol - News 105.3 FM\",\"isPartOf\":{\"@id\":\"https:\\\/\\\/soynuevaprensadigital.com\\\/news1053fm\\\/#website\"},\"datePublished\":\"2021-05-05T21:20:40+00:00\",\"author\":{\"@id\":\"https:\\\/\\\/soynuevaprensadigital.com\\\/news1053fm\\\/#\\\/schema\\\/person\\\/aa2d09ab130e943e3c7b360a32177538\"},\"breadcrumb\":{\"@id\":\"https:\\\/\\\/soynuevaprensadigital.com\\\/news1053fm\\\/efemerides-deportivas-5-de-mayo-jose-antonio-la-perla-reyes-celebro-su-ultimo-gol\\\/#breadcrumb\"},\"inLanguage\":\"es\",\"potentialAction\":[{\"@type\":\"ReadAction\",\"target\":[\"https:\\\/\\\/soynuevaprensadigital.com\\\/news1053fm\\\/efemerides-deportivas-5-de-mayo-jose-antonio-la-perla-reyes-celebro-su-ultimo-gol\\\/\"]}]},{\"@type\":\"BreadcrumbList\",\"@id\":\"https:\\\/\\\/soynuevaprensadigital.com\\\/news1053fm\\\/efemerides-deportivas-5-de-mayo-jose-antonio-la-perla-reyes-celebro-su-ultimo-gol\\\/#breadcrumb\",\"itemListElement\":[{\"@type\":\"ListItem\",\"position\":1,\"name\":\"Portada\",\"item\":\"https:\\\/\\\/soynuevaprensadigital.com\\\/news1053fm\\\/\"},{\"@type\":\"ListItem\",\"position\":2,\"name\":\"Efem\u00e9rides Deportivas 5 de mayo: Jos\u00e9 Antonio \u201cLa Perla\u201d Reyes celebro su \u00faltimo gol\"}]},{\"@type\":\"WebSite\",\"@id\":\"https:\\\/\\\/soynuevaprensadigital.com\\\/news1053fm\\\/#website\",\"url\":\"https:\\\/\\\/soynuevaprensadigital.com\\\/news1053fm\\\/\",\"name\":\"News 105.3 FM\",\"description\":\"Nuestro compromiso contigo nos permite ofrecerte la radio de mejor calidad, la frecuencia m\u00e1s limpia yel entretenimiento para todos los gustos.\",\"potentialAction\":[{\"@type\":\"SearchAction\",\"target\":{\"@type\":\"EntryPoint\",\"urlTemplate\":\"https:\\\/\\\/soynuevaprensadigital.com\\\/news1053fm\\\/?s={search_term_string}\"},\"query-input\":{\"@type\":\"PropertyValueSpecification\",\"valueRequired\":true,\"valueName\":\"search_term_string\"}}],\"inLanguage\":\"es\"},{\"@type\":\"Person\",\"@id\":\"https:\\\/\\\/soynuevaprensadigital.com\\\/news1053fm\\\/#\\\/schema\\\/person\\\/aa2d09ab130e943e3c7b360a32177538\",\"name\":\"Alvis Cristina Herrera\",\"image\":{\"@type\":\"ImageObject\",\"inLanguage\":\"es\",\"@id\":\"https:\\\/\\\/secure.gravatar.com\\\/avatar\\\/6a4b461595fbd8c4d0947e89062b7b1df5ea5bc6348126d9594f8d0cece5be89?s=96&d=mm&r=g\",\"url\":\"https:\\\/\\\/secure.gravatar.com\\\/avatar\\\/6a4b461595fbd8c4d0947e89062b7b1df5ea5bc6348126d9594f8d0cece5be89?s=96&d=mm&r=g\",\"contentUrl\":\"https:\\\/\\\/secure.gravatar.com\\\/avatar\\\/6a4b461595fbd8c4d0947e89062b7b1df5ea5bc6348126d9594f8d0cece5be89?s=96&d=mm&r=g\",\"caption\":\"Alvis Cristina Herrera\"},\"sameAs\":[\"https:\\\/\\\/www.facebook.com\\\/AlvisCristinaHe\",\"https:\\\/\\\/www.instagram.com\\\/alviscristinahe\\\/\",\"https:\\\/\\\/www.linkedin.com\\\/in\\\/alviscristinahe\\\/\",\"https:\\\/\\\/x.com\\\/https:\\\/\\\/www.twitter.com\\\/alviscristinahe\\\/\"],\"url\":\"https:\\\/\\\/soynuevaprensadigital.com\\\/news1053fm\\\/author\\\/alvisherrera\\\/\"}]}<\/script>\n<!-- \/ Yoast SEO plugin. -->","yoast_head_json":{"title":"Efem\u00e9rides Deportivas 5 de mayo: Jos\u00e9 Antonio \u201cLa Perla\u201d Reyes celebro su \u00faltimo gol - News 105.3 FM","robots":{"index":"index","follow":"follow","max-snippet":"max-snippet:-1","max-image-preview":"max-image-preview:large","max-video-preview":"max-video-preview:-1"},"canonical":"https:\/\/soynuevaprensadigital.com\/news1053fm\/efemerides-deportivas-5-de-mayo-jose-antonio-la-perla-reyes-celebro-su-ultimo-gol\/","og_locale":"es_ES","og_type":"article","og_title":"Efem\u00e9rides Deportivas 5 de mayo: Jos\u00e9 Antonio \u201cLa Perla\u201d Reyes celebro su \u00faltimo gol - News 105.3 FM","og_description":"Ciudad Guayana.-El 1 junio de 2019 el mundo del f\u00fatbol se conmociono. El d\u00eda arranco con el peculiar cosquilleo que produc\u00eda, a pesar que los representantes espa\u00f1oles hab\u00eda quedado fuera, la final de la Liga de Campeones, que iban a jugar aquella noche en Madrid el Liverpool y Tottenham. En el C\u00f3rdoba CF, la sensaci\u00f3n [&hellip;]","og_url":"https:\/\/soynuevaprensadigital.com\/news1053fm\/efemerides-deportivas-5-de-mayo-jose-antonio-la-perla-reyes-celebro-su-ultimo-gol\/","og_site_name":"News 105.3 FM","article_publisher":"https:\/\/www.facebook.com\/News1053fm-1655395028099413\/","article_author":"https:\/\/www.facebook.com\/AlvisCristinaHe","article_published_time":"2021-05-05T21:20:40+00:00","og_image":[{"width":619,"height":349,"url":"https:\/\/soynuevaprensadigital.com\/news1053fm\/wp-content\/uploads\/sites\/3\/2021\/05\/eldetalle-cordoba-huesca-kgbH-620x349@abc.jpg","type":"image\/jpeg"}],"author":"Alvis Cristina Herrera","twitter_card":"summary_large_image","twitter_creator":"@https:\/\/www.twitter.com\/alviscristinahe\/","twitter_site":"@news105_3fm","twitter_misc":{"Escrito por":"Alvis Cristina Herrera","Tiempo de lectura":"3 minutos"},"schema":{"@context":"https:\/\/schema.org","@graph":[{"@type":"Article","@id":"https:\/\/soynuevaprensadigital.com\/news1053fm\/efemerides-deportivas-5-de-mayo-jose-antonio-la-perla-reyes-celebro-su-ultimo-gol\/#article","isPartOf":{"@id":"https:\/\/soynuevaprensadigital.com\/news1053fm\/efemerides-deportivas-5-de-mayo-jose-antonio-la-perla-reyes-celebro-su-ultimo-gol\/"},"author":{"name":"Alvis Cristina Herrera","@id":"https:\/\/soynuevaprensadigital.com\/news1053fm\/#\/schema\/person\/aa2d09ab130e943e3c7b360a32177538"},"headline":"Efem\u00e9rides Deportivas 5 de mayo: Jos\u00e9 Antonio \u201cLa Perla\u201d Reyes celebro su \u00faltimo gol","datePublished":"2021-05-05T21:20:40+00:00","mainEntityOfPage":{"@id":"https:\/\/soynuevaprensadigital.com\/news1053fm\/efemerides-deportivas-5-de-mayo-jose-antonio-la-perla-reyes-celebro-su-ultimo-gol\/"},"wordCount":748,"articleSection":["Featured","Mundo Deportivo"],"inLanguage":"es"},{"@type":"WebPage","@id":"https:\/\/soynuevaprensadigital.com\/news1053fm\/efemerides-deportivas-5-de-mayo-jose-antonio-la-perla-reyes-celebro-su-ultimo-gol\/","url":"https:\/\/soynuevaprensadigital.com\/news1053fm\/efemerides-deportivas-5-de-mayo-jose-antonio-la-perla-reyes-celebro-su-ultimo-gol\/","name":"Efem\u00e9rides Deportivas 5 de mayo: Jos\u00e9 Antonio \u201cLa Perla\u201d Reyes celebro su \u00faltimo gol - News 105.3 FM","isPartOf":{"@id":"https:\/\/soynuevaprensadigital.com\/news1053fm\/#website"},"datePublished":"2021-05-05T21:20:40+00:00","author":{"@id":"https:\/\/soynuevaprensadigital.com\/news1053fm\/#\/schema\/person\/aa2d09ab130e943e3c7b360a32177538"},"breadcrumb":{"@id":"https:\/\/soynuevaprensadigital.com\/news1053fm\/efemerides-deportivas-5-de-mayo-jose-antonio-la-perla-reyes-celebro-su-ultimo-gol\/#breadcrumb"},"inLanguage":"es","potentialAction":[{"@type":"ReadAction","target":["https:\/\/soynuevaprensadigital.com\/news1053fm\/efemerides-deportivas-5-de-mayo-jose-antonio-la-perla-reyes-celebro-su-ultimo-gol\/"]}]},{"@type":"BreadcrumbList","@id":"https:\/\/soynuevaprensadigital.com\/news1053fm\/efemerides-deportivas-5-de-mayo-jose-antonio-la-perla-reyes-celebro-su-ultimo-gol\/#breadcrumb","itemListElement":[{"@type":"ListItem","position":1,"name":"Portada","item":"https:\/\/soynuevaprensadigital.com\/news1053fm\/"},{"@type":"ListItem","position":2,"name":"Efem\u00e9rides Deportivas 5 de mayo: Jos\u00e9 Antonio \u201cLa Perla\u201d Reyes celebro su \u00faltimo gol"}]},{"@type":"WebSite","@id":"https:\/\/soynuevaprensadigital.com\/news1053fm\/#website","url":"https:\/\/soynuevaprensadigital.com\/news1053fm\/","name":"News 105.3 FM","description":"Nuestro compromiso contigo nos permite ofrecerte la radio de mejor calidad, la frecuencia m\u00e1s limpia yel entretenimiento para todos los gustos.","potentialAction":[{"@type":"SearchAction","target":{"@type":"EntryPoint","urlTemplate":"https:\/\/soynuevaprensadigital.com\/news1053fm\/?s={search_term_string}"},"query-input":{"@type":"PropertyValueSpecification","valueRequired":true,"valueName":"search_term_string"}}],"inLanguage":"es"},{"@type":"Person","@id":"https:\/\/soynuevaprensadigital.com\/news1053fm\/#\/schema\/person\/aa2d09ab130e943e3c7b360a32177538","name":"Alvis Cristina Herrera","image":{"@type":"ImageObject","inLanguage":"es","@id":"https:\/\/secure.gravatar.com\/avatar\/6a4b461595fbd8c4d0947e89062b7b1df5ea5bc6348126d9594f8d0cece5be89?s=96&d=mm&r=g","url":"https:\/\/secure.gravatar.com\/avatar\/6a4b461595fbd8c4d0947e89062b7b1df5ea5bc6348126d9594f8d0cece5be89?s=96&d=mm&r=g","contentUrl":"https:\/\/secure.gravatar.com\/avatar\/6a4b461595fbd8c4d0947e89062b7b1df5ea5bc6348126d9594f8d0cece5be89?s=96&d=mm&r=g","caption":"Alvis Cristina Herrera"},"sameAs":["https:\/\/www.facebook.com\/AlvisCristinaHe","https:\/\/www.instagram.com\/alviscristinahe\/","https:\/\/www.linkedin.com\/in\/alviscristinahe\/","https:\/\/x.com\/https:\/\/www.twitter.com\/alviscristinahe\/"],"url":"https:\/\/soynuevaprensadigital.com\/news1053fm\/author\/alvisherrera\/"}]}},"_links":{"self":[{"href":"https:\/\/soynuevaprensadigital.com\/news1053fm\/wp-json\/wp\/v2\/posts\/2043","targetHints":{"allow":["GET"]}}],"collection":[{"href":"https:\/\/soynuevaprensadigital.com\/news1053fm\/wp-json\/wp\/v2\/posts"}],"about":[{"href":"https:\/\/soynuevaprensadigital.com\/news1053fm\/wp-json\/wp\/v2\/types\/post"}],"author":[{"embeddable":true,"href":"https:\/\/soynuevaprensadigital.com\/news1053fm\/wp-json\/wp\/v2\/users\/158"}],"replies":[{"embeddable":true,"href":"https:\/\/soynuevaprensadigital.com\/news1053fm\/wp-json\/wp\/v2\/comments?post=2043"}],"version-history":[{"count":0,"href":"https:\/\/soynuevaprensadigital.com\/news1053fm\/wp-json\/wp\/v2\/posts\/2043\/revisions"}],"wp:attachment":[{"href":"https:\/\/soynuevaprensadigital.com\/news1053fm\/wp-json\/wp\/v2\/media?parent=2043"}],"wp:term":[{"taxonomy":"category","embeddable":true,"href":"https:\/\/soynuevaprensadigital.com\/news1053fm\/wp-json\/wp\/v2\/categories?post=2043"},{"taxonomy":"post_tag","embeddable":true,"href":"https:\/\/soynuevaprensadigital.com\/news1053fm\/wp-json\/wp\/v2\/tags?post=2043"}],"curies":[{"name":"wp","href":"https:\/\/api.w.org\/{rel}","templated":true}]}}