{"id":2066,"date":"2021-05-09T14:00:35","date_gmt":"2021-05-09T18:00:35","guid":{"rendered":"https:\/\/soynuevaprensadigital.com\/news1053fm\/?p=2066"},"modified":"2021-05-09T14:00:35","modified_gmt":"2021-05-09T18:00:35","slug":"el-exjugador-de-la-nba-carlos-arroyo-estreno-junto-a-luis-fonsi-el-tema-la-puerta","status":"publish","type":"post","link":"https:\/\/soynuevaprensadigital.com\/news1053fm\/el-exjugador-de-la-nba-carlos-arroyo-estreno-junto-a-luis-fonsi-el-tema-la-puerta\/","title":{"rendered":"El exjugador de la NBA Carlos Arroyo estren\u00f3 junto a Luis Fonsi el tema \u00abLa Puerta\u00bb"},"content":{"rendered":"<p><strong>San Juan.-<\/strong>El antiguo jugador puertorrique\u00f1o de la NBA Carlos Arroyo lanza en colaboraci\u00f3n con su compatriota Luis Fonsi el tema \u00abLa Puerta\u00bb, una canci\u00f3n rom\u00e1ntica que ofrece una amplia variedad de sonidos que abarcan desde la melod\u00eda suave del pop hasta la improvisaci\u00f3n vocal del g\u00e9nero urbano.<\/p>\n<p>\u00abLa Puerta\u00bb ya est\u00e1 disponible en todas las plataformas digitales, seg\u00fan un comunicado divulgado.<\/p>\n<p>El comunicado subraya que con \u00abLa Puerta\u00bb Arroyo logra transformar un sencillo elemento en el s\u00edmbolo del tiempo, las decisiones y las barreras o caminos que se construyen dentro de una relaci\u00f3n, cuando la libertad brilla por s\u00ed sola, marcando el destino de todos.<\/p>\n<p>Arroyo tiene un estilo que se compenetra perfectamente con la voz de Luis Fonsi, logrando una mezcla interesante de los sonidos pop y la m\u00fasica urbana, que cada d\u00eda se transforma para crear nuevas experiencias en sus seguidores, destaca el comunicado.<\/p>\n<p>Otra gran alianza que trae \u00abLa Puerta\u00bb es la de Carlos Arroyo y el director de cine Gus, quienes han consolidado un trabajo conjunto en el que destacan narrativas visuales.<\/p>\n<p>En esta ocasi\u00f3n, Gus, Arroyo y Fonsi logran plasmar la intimidad de las relaciones y el justo momento en el que se deben tomar las decisiones importantes.<\/p>\n<p>Carlos Arroyo, con esta iniciativa, sigue con su carrera art\u00edstica, lo que seg\u00fan el comunicado no pasa desapercibido en la industria del entretenimiento que le ve como uno de los talentos m\u00e1s prometedores de la escena caribe\u00f1a.<\/p>\n<p>El exjugador de baloncesto de la NBA recientemente fue nombrado gerente general del Equipo Nacional de Puerto Rico.<\/p>\n<p>Fonsi es uno de los artistas puertorrique\u00f1os m\u00e1s reconocidos, quien salt\u00f3 a la fama mundial en 2018 con el \u00e9xito de \u00abDespacito\u00bb.<\/p>\n","protected":false},"excerpt":{"rendered":"<p>San Juan.-El antiguo jugador puertorrique\u00f1o de la NBA Carlos Arroyo lanza en colaboraci\u00f3n con su compatriota Luis Fonsi el tema \u00abLa Puerta\u00bb, una canci\u00f3n rom\u00e1ntica que ofrece una amplia variedad de sonidos que abarcan desde la melod\u00eda suave del pop hasta la improvisaci\u00f3n vocal del g\u00e9nero urbano. \u00abLa Puerta\u00bb ya est\u00e1 disponible en todas las [&hellip;]<\/p>\n","protected":false},"author":158,"featured_media":0,"comment_status":"closed","ping_status":"closed","sticky":false,"template":"","format":"standard","meta":{"footnotes":""},"categories":[2,14],"tags":[],"class_list":["post-2066","post","type-post","status-publish","format-standard","hentry","category-featured","category-noticias"],"yoast_head":"<!-- This site is optimized with the Yoast SEO plugin v27.3 - https:\/\/yoast.com\/product\/yoast-seo-wordpress\/ -->\n<title>El exjugador de la NBA Carlos Arroyo estren\u00f3 junto a Luis Fonsi el tema &quot;La Puerta&quot; - News 105.3 FM<\/title>\n<meta name=\"robots\" content=\"index, follow, max-snippet:-1, max-image-preview:large, max-video-preview:-1\" \/>\n<link rel=\"canonical\" href=\"https:\/\/soynuevaprensadigital.com\/news1053fm\/el-exjugador-de-la-nba-carlos-arroyo-estreno-junto-a-luis-fonsi-el-tema-la-puerta\/\" \/>\n<meta property=\"og:locale\" content=\"es_ES\" \/>\n<meta property=\"og:type\" content=\"article\" \/>\n<meta property=\"og:title\" content=\"El exjugador de la NBA Carlos Arroyo estren\u00f3 junto a Luis Fonsi el tema &quot;La Puerta&quot; - News 105.3 FM\" \/>\n<meta property=\"og:description\" content=\"San Juan.-El antiguo jugador puertorrique\u00f1o de la NBA Carlos Arroyo lanza en colaboraci\u00f3n con su compatriota Luis Fonsi el tema \u00abLa Puerta\u00bb, una canci\u00f3n rom\u00e1ntica que ofrece una amplia variedad de sonidos que abarcan desde la melod\u00eda suave del pop hasta la improvisaci\u00f3n vocal del g\u00e9nero urbano. \u00abLa Puerta\u00bb ya est\u00e1 disponible en todas las [&hellip;]\" \/>\n<meta property=\"og:url\" content=\"https:\/\/soynuevaprensadigital.com\/news1053fm\/el-exjugador-de-la-nba-carlos-arroyo-estreno-junto-a-luis-fonsi-el-tema-la-puerta\/\" \/>\n<meta property=\"og:site_name\" content=\"News 105.3 FM\" \/>\n<meta property=\"article:publisher\" content=\"https:\/\/www.facebook.com\/News1053fm-1655395028099413\/\" \/>\n<meta property=\"article:author\" content=\"https:\/\/www.facebook.com\/AlvisCristinaHe\" \/>\n<meta property=\"article:published_time\" content=\"2021-05-09T18:00:35+00:00\" \/>\n<meta property=\"og:image\" content=\"https:\/\/soynuevaprensadigital.com\/news1053fm\/wp-content\/uploads\/sites\/3\/2021\/05\/fe809d33660c0fad86e805450fef33c3291276c5w.jpg\" \/>\n\t<meta property=\"og:image:width\" content=\"1920\" \/>\n\t<meta property=\"og:image:height\" content=\"1440\" \/>\n\t<meta property=\"og:image:type\" content=\"image\/jpeg\" \/>\n<meta name=\"author\" content=\"Alvis Cristina Herrera\" \/>\n<meta name=\"twitter:card\" content=\"summary_large_image\" \/>\n<meta name=\"twitter:creator\" content=\"@https:\/\/www.twitter.com\/alviscristinahe\/\" \/>\n<meta name=\"twitter:site\" content=\"@news105_3fm\" \/>\n<meta name=\"twitter:label1\" content=\"Escrito por\" \/>\n\t<meta name=\"twitter:data1\" content=\"Alvis Cristina Herrera\" \/>\n\t<meta name=\"twitter:label2\" content=\"Tiempo de lectura\" \/>\n\t<meta name=\"twitter:data2\" content=\"2 minutos\" \/>\n<script type=\"application\/ld+json\" class=\"yoast-schema-graph\">{\"@context\":\"https:\\\/\\\/schema.org\",\"@graph\":[{\"@type\":\"Article\",\"@id\":\"https:\\\/\\\/soynuevaprensadigital.com\\\/news1053fm\\\/el-exjugador-de-la-nba-carlos-arroyo-estreno-junto-a-luis-fonsi-el-tema-la-puerta\\\/#article\",\"isPartOf\":{\"@id\":\"https:\\\/\\\/soynuevaprensadigital.com\\\/news1053fm\\\/el-exjugador-de-la-nba-carlos-arroyo-estreno-junto-a-luis-fonsi-el-tema-la-puerta\\\/\"},\"author\":{\"name\":\"Alvis Cristina Herrera\",\"@id\":\"https:\\\/\\\/soynuevaprensadigital.com\\\/news1053fm\\\/#\\\/schema\\\/person\\\/aa2d09ab130e943e3c7b360a32177538\"},\"headline\":\"El exjugador de la NBA Carlos Arroyo estren\u00f3 junto a Luis Fonsi el tema \u00abLa Puerta\u00bb\",\"datePublished\":\"2021-05-09T18:00:35+00:00\",\"mainEntityOfPage\":{\"@id\":\"https:\\\/\\\/soynuevaprensadigital.com\\\/news1053fm\\\/el-exjugador-de-la-nba-carlos-arroyo-estreno-junto-a-luis-fonsi-el-tema-la-puerta\\\/\"},\"wordCount\":315,\"articleSection\":[\"Featured\",\"Noticias\"],\"inLanguage\":\"es\"},{\"@type\":\"WebPage\",\"@id\":\"https:\\\/\\\/soynuevaprensadigital.com\\\/news1053fm\\\/el-exjugador-de-la-nba-carlos-arroyo-estreno-junto-a-luis-fonsi-el-tema-la-puerta\\\/\",\"url\":\"https:\\\/\\\/soynuevaprensadigital.com\\\/news1053fm\\\/el-exjugador-de-la-nba-carlos-arroyo-estreno-junto-a-luis-fonsi-el-tema-la-puerta\\\/\",\"name\":\"El exjugador de la NBA Carlos Arroyo estren\u00f3 junto a Luis Fonsi el tema \\\"La Puerta\\\" - News 105.3 FM\",\"isPartOf\":{\"@id\":\"https:\\\/\\\/soynuevaprensadigital.com\\\/news1053fm\\\/#website\"},\"datePublished\":\"2021-05-09T18:00:35+00:00\",\"author\":{\"@id\":\"https:\\\/\\\/soynuevaprensadigital.com\\\/news1053fm\\\/#\\\/schema\\\/person\\\/aa2d09ab130e943e3c7b360a32177538\"},\"breadcrumb\":{\"@id\":\"https:\\\/\\\/soynuevaprensadigital.com\\\/news1053fm\\\/el-exjugador-de-la-nba-carlos-arroyo-estreno-junto-a-luis-fonsi-el-tema-la-puerta\\\/#breadcrumb\"},\"inLanguage\":\"es\",\"potentialAction\":[{\"@type\":\"ReadAction\",\"target\":[\"https:\\\/\\\/soynuevaprensadigital.com\\\/news1053fm\\\/el-exjugador-de-la-nba-carlos-arroyo-estreno-junto-a-luis-fonsi-el-tema-la-puerta\\\/\"]}]},{\"@type\":\"BreadcrumbList\",\"@id\":\"https:\\\/\\\/soynuevaprensadigital.com\\\/news1053fm\\\/el-exjugador-de-la-nba-carlos-arroyo-estreno-junto-a-luis-fonsi-el-tema-la-puerta\\\/#breadcrumb\",\"itemListElement\":[{\"@type\":\"ListItem\",\"position\":1,\"name\":\"Portada\",\"item\":\"https:\\\/\\\/soynuevaprensadigital.com\\\/news1053fm\\\/\"},{\"@type\":\"ListItem\",\"position\":2,\"name\":\"El exjugador de la NBA Carlos Arroyo estren\u00f3 junto a Luis Fonsi el tema \u00abLa Puerta\u00bb\"}]},{\"@type\":\"WebSite\",\"@id\":\"https:\\\/\\\/soynuevaprensadigital.com\\\/news1053fm\\\/#website\",\"url\":\"https:\\\/\\\/soynuevaprensadigital.com\\\/news1053fm\\\/\",\"name\":\"News 105.3 FM\",\"description\":\"Nuestro compromiso contigo nos permite ofrecerte la radio de mejor calidad, la frecuencia m\u00e1s limpia yel entretenimiento para todos los gustos.\",\"potentialAction\":[{\"@type\":\"SearchAction\",\"target\":{\"@type\":\"EntryPoint\",\"urlTemplate\":\"https:\\\/\\\/soynuevaprensadigital.com\\\/news1053fm\\\/?s={search_term_string}\"},\"query-input\":{\"@type\":\"PropertyValueSpecification\",\"valueRequired\":true,\"valueName\":\"search_term_string\"}}],\"inLanguage\":\"es\"},{\"@type\":\"Person\",\"@id\":\"https:\\\/\\\/soynuevaprensadigital.com\\\/news1053fm\\\/#\\\/schema\\\/person\\\/aa2d09ab130e943e3c7b360a32177538\",\"name\":\"Alvis Cristina Herrera\",\"image\":{\"@type\":\"ImageObject\",\"inLanguage\":\"es\",\"@id\":\"https:\\\/\\\/secure.gravatar.com\\\/avatar\\\/6a4b461595fbd8c4d0947e89062b7b1df5ea5bc6348126d9594f8d0cece5be89?s=96&d=mm&r=g\",\"url\":\"https:\\\/\\\/secure.gravatar.com\\\/avatar\\\/6a4b461595fbd8c4d0947e89062b7b1df5ea5bc6348126d9594f8d0cece5be89?s=96&d=mm&r=g\",\"contentUrl\":\"https:\\\/\\\/secure.gravatar.com\\\/avatar\\\/6a4b461595fbd8c4d0947e89062b7b1df5ea5bc6348126d9594f8d0cece5be89?s=96&d=mm&r=g\",\"caption\":\"Alvis Cristina Herrera\"},\"sameAs\":[\"https:\\\/\\\/www.facebook.com\\\/AlvisCristinaHe\",\"https:\\\/\\\/www.instagram.com\\\/alviscristinahe\\\/\",\"https:\\\/\\\/www.linkedin.com\\\/in\\\/alviscristinahe\\\/\",\"https:\\\/\\\/x.com\\\/https:\\\/\\\/www.twitter.com\\\/alviscristinahe\\\/\"],\"url\":\"https:\\\/\\\/soynuevaprensadigital.com\\\/news1053fm\\\/author\\\/alvisherrera\\\/\"}]}<\/script>\n<!-- \/ Yoast SEO plugin. -->","yoast_head_json":{"title":"El exjugador de la NBA Carlos Arroyo estren\u00f3 junto a Luis Fonsi el tema \"La Puerta\" - News 105.3 FM","robots":{"index":"index","follow":"follow","max-snippet":"max-snippet:-1","max-image-preview":"max-image-preview:large","max-video-preview":"max-video-preview:-1"},"canonical":"https:\/\/soynuevaprensadigital.com\/news1053fm\/el-exjugador-de-la-nba-carlos-arroyo-estreno-junto-a-luis-fonsi-el-tema-la-puerta\/","og_locale":"es_ES","og_type":"article","og_title":"El exjugador de la NBA Carlos Arroyo estren\u00f3 junto a Luis Fonsi el tema \"La Puerta\" - News 105.3 FM","og_description":"San Juan.-El antiguo jugador puertorrique\u00f1o de la NBA Carlos Arroyo lanza en colaboraci\u00f3n con su compatriota Luis Fonsi el tema \u00abLa Puerta\u00bb, una canci\u00f3n rom\u00e1ntica que ofrece una amplia variedad de sonidos que abarcan desde la melod\u00eda suave del pop hasta la improvisaci\u00f3n vocal del g\u00e9nero urbano. \u00abLa Puerta\u00bb ya est\u00e1 disponible en todas las [&hellip;]","og_url":"https:\/\/soynuevaprensadigital.com\/news1053fm\/el-exjugador-de-la-nba-carlos-arroyo-estreno-junto-a-luis-fonsi-el-tema-la-puerta\/","og_site_name":"News 105.3 FM","article_publisher":"https:\/\/www.facebook.com\/News1053fm-1655395028099413\/","article_author":"https:\/\/www.facebook.com\/AlvisCristinaHe","article_published_time":"2021-05-09T18:00:35+00:00","og_image":[{"width":1920,"height":1440,"url":"https:\/\/soynuevaprensadigital.com\/news1053fm\/wp-content\/uploads\/sites\/3\/2021\/05\/fe809d33660c0fad86e805450fef33c3291276c5w.jpg","type":"image\/jpeg"}],"author":"Alvis Cristina Herrera","twitter_card":"summary_large_image","twitter_creator":"@https:\/\/www.twitter.com\/alviscristinahe\/","twitter_site":"@news105_3fm","twitter_misc":{"Escrito por":"Alvis Cristina Herrera","Tiempo de lectura":"2 minutos"},"schema":{"@context":"https:\/\/schema.org","@graph":[{"@type":"Article","@id":"https:\/\/soynuevaprensadigital.com\/news1053fm\/el-exjugador-de-la-nba-carlos-arroyo-estreno-junto-a-luis-fonsi-el-tema-la-puerta\/#article","isPartOf":{"@id":"https:\/\/soynuevaprensadigital.com\/news1053fm\/el-exjugador-de-la-nba-carlos-arroyo-estreno-junto-a-luis-fonsi-el-tema-la-puerta\/"},"author":{"name":"Alvis Cristina Herrera","@id":"https:\/\/soynuevaprensadigital.com\/news1053fm\/#\/schema\/person\/aa2d09ab130e943e3c7b360a32177538"},"headline":"El exjugador de la NBA Carlos Arroyo estren\u00f3 junto a Luis Fonsi el tema \u00abLa Puerta\u00bb","datePublished":"2021-05-09T18:00:35+00:00","mainEntityOfPage":{"@id":"https:\/\/soynuevaprensadigital.com\/news1053fm\/el-exjugador-de-la-nba-carlos-arroyo-estreno-junto-a-luis-fonsi-el-tema-la-puerta\/"},"wordCount":315,"articleSection":["Featured","Noticias"],"inLanguage":"es"},{"@type":"WebPage","@id":"https:\/\/soynuevaprensadigital.com\/news1053fm\/el-exjugador-de-la-nba-carlos-arroyo-estreno-junto-a-luis-fonsi-el-tema-la-puerta\/","url":"https:\/\/soynuevaprensadigital.com\/news1053fm\/el-exjugador-de-la-nba-carlos-arroyo-estreno-junto-a-luis-fonsi-el-tema-la-puerta\/","name":"El exjugador de la NBA Carlos Arroyo estren\u00f3 junto a Luis Fonsi el tema \"La Puerta\" - News 105.3 FM","isPartOf":{"@id":"https:\/\/soynuevaprensadigital.com\/news1053fm\/#website"},"datePublished":"2021-05-09T18:00:35+00:00","author":{"@id":"https:\/\/soynuevaprensadigital.com\/news1053fm\/#\/schema\/person\/aa2d09ab130e943e3c7b360a32177538"},"breadcrumb":{"@id":"https:\/\/soynuevaprensadigital.com\/news1053fm\/el-exjugador-de-la-nba-carlos-arroyo-estreno-junto-a-luis-fonsi-el-tema-la-puerta\/#breadcrumb"},"inLanguage":"es","potentialAction":[{"@type":"ReadAction","target":["https:\/\/soynuevaprensadigital.com\/news1053fm\/el-exjugador-de-la-nba-carlos-arroyo-estreno-junto-a-luis-fonsi-el-tema-la-puerta\/"]}]},{"@type":"BreadcrumbList","@id":"https:\/\/soynuevaprensadigital.com\/news1053fm\/el-exjugador-de-la-nba-carlos-arroyo-estreno-junto-a-luis-fonsi-el-tema-la-puerta\/#breadcrumb","itemListElement":[{"@type":"ListItem","position":1,"name":"Portada","item":"https:\/\/soynuevaprensadigital.com\/news1053fm\/"},{"@type":"ListItem","position":2,"name":"El exjugador de la NBA Carlos Arroyo estren\u00f3 junto a Luis Fonsi el tema \u00abLa Puerta\u00bb"}]},{"@type":"WebSite","@id":"https:\/\/soynuevaprensadigital.com\/news1053fm\/#website","url":"https:\/\/soynuevaprensadigital.com\/news1053fm\/","name":"News 105.3 FM","description":"Nuestro compromiso contigo nos permite ofrecerte la radio de mejor calidad, la frecuencia m\u00e1s limpia yel entretenimiento para todos los gustos.","potentialAction":[{"@type":"SearchAction","target":{"@type":"EntryPoint","urlTemplate":"https:\/\/soynuevaprensadigital.com\/news1053fm\/?s={search_term_string}"},"query-input":{"@type":"PropertyValueSpecification","valueRequired":true,"valueName":"search_term_string"}}],"inLanguage":"es"},{"@type":"Person","@id":"https:\/\/soynuevaprensadigital.com\/news1053fm\/#\/schema\/person\/aa2d09ab130e943e3c7b360a32177538","name":"Alvis Cristina Herrera","image":{"@type":"ImageObject","inLanguage":"es","@id":"https:\/\/secure.gravatar.com\/avatar\/6a4b461595fbd8c4d0947e89062b7b1df5ea5bc6348126d9594f8d0cece5be89?s=96&d=mm&r=g","url":"https:\/\/secure.gravatar.com\/avatar\/6a4b461595fbd8c4d0947e89062b7b1df5ea5bc6348126d9594f8d0cece5be89?s=96&d=mm&r=g","contentUrl":"https:\/\/secure.gravatar.com\/avatar\/6a4b461595fbd8c4d0947e89062b7b1df5ea5bc6348126d9594f8d0cece5be89?s=96&d=mm&r=g","caption":"Alvis Cristina Herrera"},"sameAs":["https:\/\/www.facebook.com\/AlvisCristinaHe","https:\/\/www.instagram.com\/alviscristinahe\/","https:\/\/www.linkedin.com\/in\/alviscristinahe\/","https:\/\/x.com\/https:\/\/www.twitter.com\/alviscristinahe\/"],"url":"https:\/\/soynuevaprensadigital.com\/news1053fm\/author\/alvisherrera\/"}]}},"_links":{"self":[{"href":"https:\/\/soynuevaprensadigital.com\/news1053fm\/wp-json\/wp\/v2\/posts\/2066","targetHints":{"allow":["GET"]}}],"collection":[{"href":"https:\/\/soynuevaprensadigital.com\/news1053fm\/wp-json\/wp\/v2\/posts"}],"about":[{"href":"https:\/\/soynuevaprensadigital.com\/news1053fm\/wp-json\/wp\/v2\/types\/post"}],"author":[{"embeddable":true,"href":"https:\/\/soynuevaprensadigital.com\/news1053fm\/wp-json\/wp\/v2\/users\/158"}],"replies":[{"embeddable":true,"href":"https:\/\/soynuevaprensadigital.com\/news1053fm\/wp-json\/wp\/v2\/comments?post=2066"}],"version-history":[{"count":0,"href":"https:\/\/soynuevaprensadigital.com\/news1053fm\/wp-json\/wp\/v2\/posts\/2066\/revisions"}],"wp:attachment":[{"href":"https:\/\/soynuevaprensadigital.com\/news1053fm\/wp-json\/wp\/v2\/media?parent=2066"}],"wp:term":[{"taxonomy":"category","embeddable":true,"href":"https:\/\/soynuevaprensadigital.com\/news1053fm\/wp-json\/wp\/v2\/categories?post=2066"},{"taxonomy":"post_tag","embeddable":true,"href":"https:\/\/soynuevaprensadigital.com\/news1053fm\/wp-json\/wp\/v2\/tags?post=2066"}],"curies":[{"name":"wp","href":"https:\/\/api.w.org\/{rel}","templated":true}]}}