{"id":2082,"date":"2021-05-11T16:12:23","date_gmt":"2021-05-11T20:12:23","guid":{"rendered":"https:\/\/soynuevaprensadigital.com\/news1053fm\/?p=2082"},"modified":"2021-05-11T16:12:23","modified_gmt":"2021-05-11T20:12:23","slug":"efemerides-deportivas-11-de-mayo-36-anos-de-la-tragedia-de-valley-parade","status":"publish","type":"post","link":"https:\/\/soynuevaprensadigital.com\/news1053fm\/efemerides-deportivas-11-de-mayo-36-anos-de-la-tragedia-de-valley-parade\/","title":{"rendered":"Efem\u00e9rides Deportivas 11 de mayo: 36 a\u00f1os de la tragedia de Valley Parade"},"content":{"rendered":"<p style=\"text-align: justify\"><strong>Ciudad Guayana.-<\/strong>Aquel 11 de mayo, se disputaba el \u00faltimo partido de liga entre el Bradford City, el cual celebrara su ascenso a la Segunda Division y el Lincoln City, estaba por terminar el primer tiempo del encuentro eran las 3:44 de aquella tarde inglesa.<\/p>\n<p style=\"text-align: justify\">Se produjo un incendio en la tribuna principal, el \u00e1rbitro del encuentro, Don Shaw suspendi\u00f3 el partido durante tres minutos antes de irse al descanso, luego de esta medida, una multitud de espectadores saltaron al terreno de juego para ponerse a salvo, algunos decidieron escapar por los tornos de entrada quedaron atrapados en el incendio, debido a que las puertas del estadio estaban cerradas para evitar la entrada de espectadores sin pagar.<\/p>\n<p style=\"text-align: justify\">En el hecho murieron 56 personas y 265 resultaron heridas. Lo que comenz\u00f3 como una fiesta en el Tercera Division del futbol ingl\u00e9s termin\u00f3 en una tragedia.<\/p>\n<p style=\"text-align: justify\">Las investigaciones posteriores determinaron que la causa del incendio hab\u00eda sido un cigarro mal apagado, que junto al restos de basura acumuladas durante a\u00f1os bajo los asientos y la madera de las gradas produjeron un efecto devastador y tan solo 4 minutos el fuego arraso con la grada y posteriormente su desplome.<\/p>\n<p style=\"text-align: justify\">Como consecuencia del devastador incendio el Bradford City se vio obligado a jugar sus partidos de la temporada 85\/86 y la primera vuelta de la 86\/87 en otros estadios. Estos fueron el Odsal Stadium de Bradford (propiedad del Bradford Bulls), el Leeds Road (propiedad del Huddersfield Town) y en Elland Road (propiedad del Leeds United).<\/p>\n<p style=\"text-align: justify\">El 14 de diciembre de 1986 y ante 15.000 espectadores se inaugur\u00f3 el nuevo estadio.<\/p>\n","protected":false},"excerpt":{"rendered":"<p>Ciudad Guayana.-Aquel 11 de mayo, se disputaba el \u00faltimo partido de liga entre el Bradford City, el cual celebrara su ascenso a la Segunda Division y el Lincoln City, estaba por terminar el primer tiempo del encuentro eran las 3:44 de aquella tarde inglesa. Se produjo un incendio en la tribuna principal, el \u00e1rbitro del [&hellip;]<\/p>\n","protected":false},"author":158,"featured_media":0,"comment_status":"closed","ping_status":"closed","sticky":false,"template":"","format":"standard","meta":{"footnotes":""},"categories":[2,19],"tags":[],"class_list":["post-2082","post","type-post","status-publish","format-standard","hentry","category-featured","category-mundo-deportivo"],"yoast_head":"<!-- This site is optimized with the Yoast SEO plugin v27.3 - https:\/\/yoast.com\/product\/yoast-seo-wordpress\/ -->\n<title>Efem\u00e9rides Deportivas 11 de mayo: 36 a\u00f1os de la tragedia de Valley Parade - News 105.3 FM<\/title>\n<meta name=\"robots\" content=\"index, follow, max-snippet:-1, max-image-preview:large, max-video-preview:-1\" \/>\n<link rel=\"canonical\" href=\"https:\/\/soynuevaprensadigital.com\/news1053fm\/efemerides-deportivas-11-de-mayo-36-anos-de-la-tragedia-de-valley-parade\/\" \/>\n<meta property=\"og:locale\" content=\"es_ES\" \/>\n<meta property=\"og:type\" content=\"article\" \/>\n<meta property=\"og:title\" content=\"Efem\u00e9rides Deportivas 11 de mayo: 36 a\u00f1os de la tragedia de Valley Parade - News 105.3 FM\" \/>\n<meta property=\"og:description\" content=\"Ciudad Guayana.-Aquel 11 de mayo, se disputaba el \u00faltimo partido de liga entre el Bradford City, el cual celebrara su ascenso a la Segunda Division y el Lincoln City, estaba por terminar el primer tiempo del encuentro eran las 3:44 de aquella tarde inglesa. Se produjo un incendio en la tribuna principal, el \u00e1rbitro del [&hellip;]\" \/>\n<meta property=\"og:url\" content=\"https:\/\/soynuevaprensadigital.com\/news1053fm\/efemerides-deportivas-11-de-mayo-36-anos-de-la-tragedia-de-valley-parade\/\" \/>\n<meta property=\"og:site_name\" content=\"News 105.3 FM\" \/>\n<meta property=\"article:publisher\" content=\"https:\/\/www.facebook.com\/News1053fm-1655395028099413\/\" \/>\n<meta property=\"article:author\" content=\"https:\/\/www.facebook.com\/AlvisCristinaHe\" \/>\n<meta property=\"article:published_time\" content=\"2021-05-11T20:12:23+00:00\" \/>\n<meta property=\"og:image\" content=\"https:\/\/soynuevaprensadigital.com\/news1053fm\/wp-content\/uploads\/sites\/3\/2021\/05\/pg-20-bradford-fire-3-rex.jpg\" \/>\n\t<meta property=\"og:image:width\" content=\"1200\" \/>\n\t<meta property=\"og:image:height\" content=\"900\" \/>\n\t<meta property=\"og:image:type\" content=\"image\/jpeg\" \/>\n<meta name=\"author\" content=\"Alvis Cristina Herrera\" \/>\n<meta name=\"twitter:card\" content=\"summary_large_image\" \/>\n<meta name=\"twitter:creator\" content=\"@https:\/\/www.twitter.com\/alviscristinahe\/\" \/>\n<meta name=\"twitter:site\" content=\"@news105_3fm\" \/>\n<meta name=\"twitter:label1\" content=\"Escrito por\" \/>\n\t<meta name=\"twitter:data1\" content=\"Alvis Cristina Herrera\" \/>\n\t<meta name=\"twitter:label2\" content=\"Tiempo de lectura\" \/>\n\t<meta name=\"twitter:data2\" content=\"2 minutos\" \/>\n<script type=\"application\/ld+json\" class=\"yoast-schema-graph\">{\"@context\":\"https:\\\/\\\/schema.org\",\"@graph\":[{\"@type\":\"Article\",\"@id\":\"https:\\\/\\\/soynuevaprensadigital.com\\\/news1053fm\\\/efemerides-deportivas-11-de-mayo-36-anos-de-la-tragedia-de-valley-parade\\\/#article\",\"isPartOf\":{\"@id\":\"https:\\\/\\\/soynuevaprensadigital.com\\\/news1053fm\\\/efemerides-deportivas-11-de-mayo-36-anos-de-la-tragedia-de-valley-parade\\\/\"},\"author\":{\"name\":\"Alvis Cristina Herrera\",\"@id\":\"https:\\\/\\\/soynuevaprensadigital.com\\\/news1053fm\\\/#\\\/schema\\\/person\\\/aa2d09ab130e943e3c7b360a32177538\"},\"headline\":\"Efem\u00e9rides Deportivas 11 de mayo: 36 a\u00f1os de la tragedia de Valley Parade\",\"datePublished\":\"2021-05-11T20:12:23+00:00\",\"mainEntityOfPage\":{\"@id\":\"https:\\\/\\\/soynuevaprensadigital.com\\\/news1053fm\\\/efemerides-deportivas-11-de-mayo-36-anos-de-la-tragedia-de-valley-parade\\\/\"},\"wordCount\":272,\"articleSection\":[\"Featured\",\"Mundo Deportivo\"],\"inLanguage\":\"es\"},{\"@type\":\"WebPage\",\"@id\":\"https:\\\/\\\/soynuevaprensadigital.com\\\/news1053fm\\\/efemerides-deportivas-11-de-mayo-36-anos-de-la-tragedia-de-valley-parade\\\/\",\"url\":\"https:\\\/\\\/soynuevaprensadigital.com\\\/news1053fm\\\/efemerides-deportivas-11-de-mayo-36-anos-de-la-tragedia-de-valley-parade\\\/\",\"name\":\"Efem\u00e9rides Deportivas 11 de mayo: 36 a\u00f1os de la tragedia de Valley Parade - News 105.3 FM\",\"isPartOf\":{\"@id\":\"https:\\\/\\\/soynuevaprensadigital.com\\\/news1053fm\\\/#website\"},\"datePublished\":\"2021-05-11T20:12:23+00:00\",\"author\":{\"@id\":\"https:\\\/\\\/soynuevaprensadigital.com\\\/news1053fm\\\/#\\\/schema\\\/person\\\/aa2d09ab130e943e3c7b360a32177538\"},\"breadcrumb\":{\"@id\":\"https:\\\/\\\/soynuevaprensadigital.com\\\/news1053fm\\\/efemerides-deportivas-11-de-mayo-36-anos-de-la-tragedia-de-valley-parade\\\/#breadcrumb\"},\"inLanguage\":\"es\",\"potentialAction\":[{\"@type\":\"ReadAction\",\"target\":[\"https:\\\/\\\/soynuevaprensadigital.com\\\/news1053fm\\\/efemerides-deportivas-11-de-mayo-36-anos-de-la-tragedia-de-valley-parade\\\/\"]}]},{\"@type\":\"BreadcrumbList\",\"@id\":\"https:\\\/\\\/soynuevaprensadigital.com\\\/news1053fm\\\/efemerides-deportivas-11-de-mayo-36-anos-de-la-tragedia-de-valley-parade\\\/#breadcrumb\",\"itemListElement\":[{\"@type\":\"ListItem\",\"position\":1,\"name\":\"Portada\",\"item\":\"https:\\\/\\\/soynuevaprensadigital.com\\\/news1053fm\\\/\"},{\"@type\":\"ListItem\",\"position\":2,\"name\":\"Efem\u00e9rides Deportivas 11 de mayo: 36 a\u00f1os de la tragedia de Valley Parade\"}]},{\"@type\":\"WebSite\",\"@id\":\"https:\\\/\\\/soynuevaprensadigital.com\\\/news1053fm\\\/#website\",\"url\":\"https:\\\/\\\/soynuevaprensadigital.com\\\/news1053fm\\\/\",\"name\":\"News 105.3 FM\",\"description\":\"Nuestro compromiso contigo nos permite ofrecerte la radio de mejor calidad, la frecuencia m\u00e1s limpia yel entretenimiento para todos los gustos.\",\"potentialAction\":[{\"@type\":\"SearchAction\",\"target\":{\"@type\":\"EntryPoint\",\"urlTemplate\":\"https:\\\/\\\/soynuevaprensadigital.com\\\/news1053fm\\\/?s={search_term_string}\"},\"query-input\":{\"@type\":\"PropertyValueSpecification\",\"valueRequired\":true,\"valueName\":\"search_term_string\"}}],\"inLanguage\":\"es\"},{\"@type\":\"Person\",\"@id\":\"https:\\\/\\\/soynuevaprensadigital.com\\\/news1053fm\\\/#\\\/schema\\\/person\\\/aa2d09ab130e943e3c7b360a32177538\",\"name\":\"Alvis Cristina Herrera\",\"image\":{\"@type\":\"ImageObject\",\"inLanguage\":\"es\",\"@id\":\"https:\\\/\\\/secure.gravatar.com\\\/avatar\\\/6a4b461595fbd8c4d0947e89062b7b1df5ea5bc6348126d9594f8d0cece5be89?s=96&d=mm&r=g\",\"url\":\"https:\\\/\\\/secure.gravatar.com\\\/avatar\\\/6a4b461595fbd8c4d0947e89062b7b1df5ea5bc6348126d9594f8d0cece5be89?s=96&d=mm&r=g\",\"contentUrl\":\"https:\\\/\\\/secure.gravatar.com\\\/avatar\\\/6a4b461595fbd8c4d0947e89062b7b1df5ea5bc6348126d9594f8d0cece5be89?s=96&d=mm&r=g\",\"caption\":\"Alvis Cristina Herrera\"},\"sameAs\":[\"https:\\\/\\\/www.facebook.com\\\/AlvisCristinaHe\",\"https:\\\/\\\/www.instagram.com\\\/alviscristinahe\\\/\",\"https:\\\/\\\/www.linkedin.com\\\/in\\\/alviscristinahe\\\/\",\"https:\\\/\\\/x.com\\\/https:\\\/\\\/www.twitter.com\\\/alviscristinahe\\\/\"],\"url\":\"https:\\\/\\\/soynuevaprensadigital.com\\\/news1053fm\\\/author\\\/alvisherrera\\\/\"}]}<\/script>\n<!-- \/ Yoast SEO plugin. -->","yoast_head_json":{"title":"Efem\u00e9rides Deportivas 11 de mayo: 36 a\u00f1os de la tragedia de Valley Parade - News 105.3 FM","robots":{"index":"index","follow":"follow","max-snippet":"max-snippet:-1","max-image-preview":"max-image-preview:large","max-video-preview":"max-video-preview:-1"},"canonical":"https:\/\/soynuevaprensadigital.com\/news1053fm\/efemerides-deportivas-11-de-mayo-36-anos-de-la-tragedia-de-valley-parade\/","og_locale":"es_ES","og_type":"article","og_title":"Efem\u00e9rides Deportivas 11 de mayo: 36 a\u00f1os de la tragedia de Valley Parade - News 105.3 FM","og_description":"Ciudad Guayana.-Aquel 11 de mayo, se disputaba el \u00faltimo partido de liga entre el Bradford City, el cual celebrara su ascenso a la Segunda Division y el Lincoln City, estaba por terminar el primer tiempo del encuentro eran las 3:44 de aquella tarde inglesa. Se produjo un incendio en la tribuna principal, el \u00e1rbitro del [&hellip;]","og_url":"https:\/\/soynuevaprensadigital.com\/news1053fm\/efemerides-deportivas-11-de-mayo-36-anos-de-la-tragedia-de-valley-parade\/","og_site_name":"News 105.3 FM","article_publisher":"https:\/\/www.facebook.com\/News1053fm-1655395028099413\/","article_author":"https:\/\/www.facebook.com\/AlvisCristinaHe","article_published_time":"2021-05-11T20:12:23+00:00","og_image":[{"width":1200,"height":900,"url":"https:\/\/soynuevaprensadigital.com\/news1053fm\/wp-content\/uploads\/sites\/3\/2021\/05\/pg-20-bradford-fire-3-rex.jpg","type":"image\/jpeg"}],"author":"Alvis Cristina Herrera","twitter_card":"summary_large_image","twitter_creator":"@https:\/\/www.twitter.com\/alviscristinahe\/","twitter_site":"@news105_3fm","twitter_misc":{"Escrito por":"Alvis Cristina Herrera","Tiempo de lectura":"2 minutos"},"schema":{"@context":"https:\/\/schema.org","@graph":[{"@type":"Article","@id":"https:\/\/soynuevaprensadigital.com\/news1053fm\/efemerides-deportivas-11-de-mayo-36-anos-de-la-tragedia-de-valley-parade\/#article","isPartOf":{"@id":"https:\/\/soynuevaprensadigital.com\/news1053fm\/efemerides-deportivas-11-de-mayo-36-anos-de-la-tragedia-de-valley-parade\/"},"author":{"name":"Alvis Cristina Herrera","@id":"https:\/\/soynuevaprensadigital.com\/news1053fm\/#\/schema\/person\/aa2d09ab130e943e3c7b360a32177538"},"headline":"Efem\u00e9rides Deportivas 11 de mayo: 36 a\u00f1os de la tragedia de Valley Parade","datePublished":"2021-05-11T20:12:23+00:00","mainEntityOfPage":{"@id":"https:\/\/soynuevaprensadigital.com\/news1053fm\/efemerides-deportivas-11-de-mayo-36-anos-de-la-tragedia-de-valley-parade\/"},"wordCount":272,"articleSection":["Featured","Mundo Deportivo"],"inLanguage":"es"},{"@type":"WebPage","@id":"https:\/\/soynuevaprensadigital.com\/news1053fm\/efemerides-deportivas-11-de-mayo-36-anos-de-la-tragedia-de-valley-parade\/","url":"https:\/\/soynuevaprensadigital.com\/news1053fm\/efemerides-deportivas-11-de-mayo-36-anos-de-la-tragedia-de-valley-parade\/","name":"Efem\u00e9rides Deportivas 11 de mayo: 36 a\u00f1os de la tragedia de Valley Parade - News 105.3 FM","isPartOf":{"@id":"https:\/\/soynuevaprensadigital.com\/news1053fm\/#website"},"datePublished":"2021-05-11T20:12:23+00:00","author":{"@id":"https:\/\/soynuevaprensadigital.com\/news1053fm\/#\/schema\/person\/aa2d09ab130e943e3c7b360a32177538"},"breadcrumb":{"@id":"https:\/\/soynuevaprensadigital.com\/news1053fm\/efemerides-deportivas-11-de-mayo-36-anos-de-la-tragedia-de-valley-parade\/#breadcrumb"},"inLanguage":"es","potentialAction":[{"@type":"ReadAction","target":["https:\/\/soynuevaprensadigital.com\/news1053fm\/efemerides-deportivas-11-de-mayo-36-anos-de-la-tragedia-de-valley-parade\/"]}]},{"@type":"BreadcrumbList","@id":"https:\/\/soynuevaprensadigital.com\/news1053fm\/efemerides-deportivas-11-de-mayo-36-anos-de-la-tragedia-de-valley-parade\/#breadcrumb","itemListElement":[{"@type":"ListItem","position":1,"name":"Portada","item":"https:\/\/soynuevaprensadigital.com\/news1053fm\/"},{"@type":"ListItem","position":2,"name":"Efem\u00e9rides Deportivas 11 de mayo: 36 a\u00f1os de la tragedia de Valley Parade"}]},{"@type":"WebSite","@id":"https:\/\/soynuevaprensadigital.com\/news1053fm\/#website","url":"https:\/\/soynuevaprensadigital.com\/news1053fm\/","name":"News 105.3 FM","description":"Nuestro compromiso contigo nos permite ofrecerte la radio de mejor calidad, la frecuencia m\u00e1s limpia yel entretenimiento para todos los gustos.","potentialAction":[{"@type":"SearchAction","target":{"@type":"EntryPoint","urlTemplate":"https:\/\/soynuevaprensadigital.com\/news1053fm\/?s={search_term_string}"},"query-input":{"@type":"PropertyValueSpecification","valueRequired":true,"valueName":"search_term_string"}}],"inLanguage":"es"},{"@type":"Person","@id":"https:\/\/soynuevaprensadigital.com\/news1053fm\/#\/schema\/person\/aa2d09ab130e943e3c7b360a32177538","name":"Alvis Cristina Herrera","image":{"@type":"ImageObject","inLanguage":"es","@id":"https:\/\/secure.gravatar.com\/avatar\/6a4b461595fbd8c4d0947e89062b7b1df5ea5bc6348126d9594f8d0cece5be89?s=96&d=mm&r=g","url":"https:\/\/secure.gravatar.com\/avatar\/6a4b461595fbd8c4d0947e89062b7b1df5ea5bc6348126d9594f8d0cece5be89?s=96&d=mm&r=g","contentUrl":"https:\/\/secure.gravatar.com\/avatar\/6a4b461595fbd8c4d0947e89062b7b1df5ea5bc6348126d9594f8d0cece5be89?s=96&d=mm&r=g","caption":"Alvis Cristina Herrera"},"sameAs":["https:\/\/www.facebook.com\/AlvisCristinaHe","https:\/\/www.instagram.com\/alviscristinahe\/","https:\/\/www.linkedin.com\/in\/alviscristinahe\/","https:\/\/x.com\/https:\/\/www.twitter.com\/alviscristinahe\/"],"url":"https:\/\/soynuevaprensadigital.com\/news1053fm\/author\/alvisherrera\/"}]}},"_links":{"self":[{"href":"https:\/\/soynuevaprensadigital.com\/news1053fm\/wp-json\/wp\/v2\/posts\/2082","targetHints":{"allow":["GET"]}}],"collection":[{"href":"https:\/\/soynuevaprensadigital.com\/news1053fm\/wp-json\/wp\/v2\/posts"}],"about":[{"href":"https:\/\/soynuevaprensadigital.com\/news1053fm\/wp-json\/wp\/v2\/types\/post"}],"author":[{"embeddable":true,"href":"https:\/\/soynuevaprensadigital.com\/news1053fm\/wp-json\/wp\/v2\/users\/158"}],"replies":[{"embeddable":true,"href":"https:\/\/soynuevaprensadigital.com\/news1053fm\/wp-json\/wp\/v2\/comments?post=2082"}],"version-history":[{"count":0,"href":"https:\/\/soynuevaprensadigital.com\/news1053fm\/wp-json\/wp\/v2\/posts\/2082\/revisions"}],"wp:attachment":[{"href":"https:\/\/soynuevaprensadigital.com\/news1053fm\/wp-json\/wp\/v2\/media?parent=2082"}],"wp:term":[{"taxonomy":"category","embeddable":true,"href":"https:\/\/soynuevaprensadigital.com\/news1053fm\/wp-json\/wp\/v2\/categories?post=2082"},{"taxonomy":"post_tag","embeddable":true,"href":"https:\/\/soynuevaprensadigital.com\/news1053fm\/wp-json\/wp\/v2\/tags?post=2082"}],"curies":[{"name":"wp","href":"https:\/\/api.w.org\/{rel}","templated":true}]}}