{"id":2086,"date":"2021-05-11T18:27:29","date_gmt":"2021-05-11T22:27:29","guid":{"rendered":"https:\/\/soynuevaprensadigital.com\/news1053fm\/?p=2086"},"modified":"2021-05-11T18:27:29","modified_gmt":"2021-05-11T22:27:29","slug":"efemerides-deportivas-11-de-mayo-seis-anos-del-ultimo-partido-oficial-de-juan-roman-riquelme-en-la-bombonera","status":"publish","type":"post","link":"https:\/\/soynuevaprensadigital.com\/news1053fm\/efemerides-deportivas-11-de-mayo-seis-anos-del-ultimo-partido-oficial-de-juan-roman-riquelme-en-la-bombonera\/","title":{"rendered":"Efem\u00e9rides Deportivas 11 de mayo: Seis a\u00f1os del \u00faltimo partido oficial de Juan Rom\u00e1n Riquelme en La Bombonera"},"content":{"rendered":"<p style=\"text-align: justify\"><strong>Ciudad Guayana.-\u201c<\/strong>La Bombonera es el patio de mi casa\u00bb, la frase corresponde a Juan Rom\u00e1n Riquelme y la pronuncia en cada una de las entrevistas que brinda. Su amor por uno de los templos del f\u00fatbol mundial es indestructible y, a seis a\u00f1os de aquella \u00faltima funci\u00f3n con los botines puestos y luego de mucho tiempo alejado del club, ahora el Diez disfruta del estadio desde otro \u00e1ngulo, en su rol de vicepresidente segundo de Boca.<\/p>\n<p style=\"text-align: justify\">Mucho fr\u00edo hac\u00eda aquel 11 de mayo de 2014. Y llov\u00eda. El Mundial de Brasil estaba a la vuelta de la esquina y el campeonato se terminaba. El Xeneize llegaba con posibilidades matem\u00e1ticas a\u00fan de ser campe\u00f3n, pero necesitaba un milagro -que finalmente no ocurri\u00f3- para dar la vuelta ol\u00edmpica. El Alberto J. Armando, sin embargo, lat\u00eda como cada domingo. Y ese domingo era uno muy especial.<\/p>\n<p style=\"text-align: justify\">Carlos Bianchi estaba en el banco y dirig\u00eda un equipo que transmit\u00eda poco. Casi nada. Pero adentro de la cancha hab\u00eda uno que no s\u00f3lo pon\u00eda sobre sus hombros cada pizca de esperanza de un plantel que se sab\u00eda derrotado, sino que, adem\u00e1s, esa tarde-noche debi\u00f3 cargar con la presi\u00f3n de ser el gran protagonista. Algo a lo que, de cualquier manera, jam\u00e1s le fue esquivo.<\/p>\n<p style=\"text-align: justify\">Se le venc\u00eda el contrato en junio y ven\u00eda de una larga lucha en contra de Daniel Angelici y el resto de la dirigencia del Xeneize. \u00c9l quer\u00eda una cosa; el presidente, otra bastante distinta.<\/p>\n<p style=\"text-align: justify\">El acuerdo, que jam\u00e1s se produjo, ya entonces parec\u00eda imposible. Y el hincha, sabi\u00e9ndose el gran perdedor por culpa de ese cortocircuito, quiso tambi\u00e9n salir a jugar su partido.<\/p>\n<p style=\"text-align: justify\">Banderas. Pasacalles. Pancartas. Cartelitos. La Boca vivi\u00f3 ese domingo repleta de mensajes de amor para un jugador de f\u00fatbol como pocas veces -o nunca- antes. Las ovaciones fueron incontables.<\/p>\n<p style=\"text-align: justify\">Cada vez que tocaba la pelota, alg\u00fan sector -o todos- coreaba su nombre. El mensaje era un aliento para \u00e9l y una amenaza para los directivos que observaban desde el palco. Un taco. Un ca\u00f1o sin tocar la pelota. Una pisada. Una provocaci\u00f3n. Un remate al arco. Cualquier excusa era v\u00e1lida.<\/p>\n<p style=\"text-align: justify\">Juan Rom\u00e1n Riquelme fue jugador de Boca hasta el minuto 90 de aquel encuentro frente a Lan\u00fas de la fecha 19 del torneo Final 2014.<\/p>\n<p style=\"text-align: justify\">El Virrey decidi\u00f3 sacarlo para que recibiera, por \u00faltima vez, el cari\u00f1o de su gente. Lo \u00faltimo que hizo con la &#8217;10&#8217; en la espalda fue abrazarse con Juan S\u00e1nchez Mi\u00f1o en la l\u00ednea de cal y darle la mano a su pap\u00e1 futbol\u00edstico.<\/p>\n","protected":false},"excerpt":{"rendered":"<p>Ciudad Guayana.-\u201cLa Bombonera es el patio de mi casa\u00bb, la frase corresponde a Juan Rom\u00e1n Riquelme y la pronuncia en cada una de las entrevistas que brinda. Su amor por uno de los templos del f\u00fatbol mundial es indestructible y, a seis a\u00f1os de aquella \u00faltima funci\u00f3n con los botines puestos y luego de mucho [&hellip;]<\/p>\n","protected":false},"author":158,"featured_media":0,"comment_status":"closed","ping_status":"closed","sticky":false,"template":"","format":"standard","meta":{"footnotes":""},"categories":[2,19],"tags":[],"class_list":["post-2086","post","type-post","status-publish","format-standard","hentry","category-featured","category-mundo-deportivo"],"yoast_head":"<!-- This site is optimized with the Yoast SEO plugin v27.3 - https:\/\/yoast.com\/product\/yoast-seo-wordpress\/ -->\n<title>Efem\u00e9rides Deportivas 11 de mayo: Seis a\u00f1os del \u00faltimo partido oficial de Juan Rom\u00e1n Riquelme en La Bombonera - News 105.3 FM<\/title>\n<meta name=\"robots\" content=\"index, follow, max-snippet:-1, max-image-preview:large, max-video-preview:-1\" \/>\n<link rel=\"canonical\" href=\"https:\/\/soynuevaprensadigital.com\/news1053fm\/efemerides-deportivas-11-de-mayo-seis-anos-del-ultimo-partido-oficial-de-juan-roman-riquelme-en-la-bombonera\/\" \/>\n<meta property=\"og:locale\" content=\"es_ES\" \/>\n<meta property=\"og:type\" content=\"article\" \/>\n<meta property=\"og:title\" content=\"Efem\u00e9rides Deportivas 11 de mayo: Seis a\u00f1os del \u00faltimo partido oficial de Juan Rom\u00e1n Riquelme en La Bombonera - News 105.3 FM\" \/>\n<meta property=\"og:description\" content=\"Ciudad Guayana.-\u201cLa Bombonera es el patio de mi casa\u00bb, la frase corresponde a Juan Rom\u00e1n Riquelme y la pronuncia en cada una de las entrevistas que brinda. Su amor por uno de los templos del f\u00fatbol mundial es indestructible y, a seis a\u00f1os de aquella \u00faltima funci\u00f3n con los botines puestos y luego de mucho [&hellip;]\" \/>\n<meta property=\"og:url\" content=\"https:\/\/soynuevaprensadigital.com\/news1053fm\/efemerides-deportivas-11-de-mayo-seis-anos-del-ultimo-partido-oficial-de-juan-roman-riquelme-en-la-bombonera\/\" \/>\n<meta property=\"og:site_name\" content=\"News 105.3 FM\" \/>\n<meta property=\"article:publisher\" content=\"https:\/\/www.facebook.com\/News1053fm-1655395028099413\/\" \/>\n<meta property=\"article:author\" content=\"https:\/\/www.facebook.com\/AlvisCristinaHe\" \/>\n<meta property=\"article:published_time\" content=\"2021-05-11T22:27:29+00:00\" \/>\n<meta property=\"og:image\" content=\"https:\/\/soynuevaprensadigital.com\/news1053fm\/wp-content\/uploads\/sites\/3\/2021\/05\/ole-990x556-1.jpg\" \/>\n\t<meta property=\"og:image:width\" content=\"990\" \/>\n\t<meta property=\"og:image:height\" content=\"556\" \/>\n\t<meta property=\"og:image:type\" content=\"image\/jpeg\" \/>\n<meta name=\"author\" content=\"Alvis Cristina Herrera\" \/>\n<meta name=\"twitter:card\" content=\"summary_large_image\" \/>\n<meta name=\"twitter:creator\" content=\"@https:\/\/www.twitter.com\/alviscristinahe\/\" \/>\n<meta name=\"twitter:site\" content=\"@news105_3fm\" \/>\n<meta name=\"twitter:label1\" content=\"Escrito por\" \/>\n\t<meta name=\"twitter:data1\" content=\"Alvis Cristina Herrera\" \/>\n\t<meta name=\"twitter:label2\" content=\"Tiempo de lectura\" \/>\n\t<meta name=\"twitter:data2\" content=\"2 minutos\" \/>\n<script type=\"application\/ld+json\" class=\"yoast-schema-graph\">{\"@context\":\"https:\\\/\\\/schema.org\",\"@graph\":[{\"@type\":\"Article\",\"@id\":\"https:\\\/\\\/soynuevaprensadigital.com\\\/news1053fm\\\/efemerides-deportivas-11-de-mayo-seis-anos-del-ultimo-partido-oficial-de-juan-roman-riquelme-en-la-bombonera\\\/#article\",\"isPartOf\":{\"@id\":\"https:\\\/\\\/soynuevaprensadigital.com\\\/news1053fm\\\/efemerides-deportivas-11-de-mayo-seis-anos-del-ultimo-partido-oficial-de-juan-roman-riquelme-en-la-bombonera\\\/\"},\"author\":{\"name\":\"Alvis Cristina Herrera\",\"@id\":\"https:\\\/\\\/soynuevaprensadigital.com\\\/news1053fm\\\/#\\\/schema\\\/person\\\/aa2d09ab130e943e3c7b360a32177538\"},\"headline\":\"Efem\u00e9rides Deportivas 11 de mayo: Seis a\u00f1os del \u00faltimo partido oficial de Juan Rom\u00e1n Riquelme en La Bombonera\",\"datePublished\":\"2021-05-11T22:27:29+00:00\",\"mainEntityOfPage\":{\"@id\":\"https:\\\/\\\/soynuevaprensadigital.com\\\/news1053fm\\\/efemerides-deportivas-11-de-mayo-seis-anos-del-ultimo-partido-oficial-de-juan-roman-riquelme-en-la-bombonera\\\/\"},\"wordCount\":479,\"articleSection\":[\"Featured\",\"Mundo Deportivo\"],\"inLanguage\":\"es\"},{\"@type\":\"WebPage\",\"@id\":\"https:\\\/\\\/soynuevaprensadigital.com\\\/news1053fm\\\/efemerides-deportivas-11-de-mayo-seis-anos-del-ultimo-partido-oficial-de-juan-roman-riquelme-en-la-bombonera\\\/\",\"url\":\"https:\\\/\\\/soynuevaprensadigital.com\\\/news1053fm\\\/efemerides-deportivas-11-de-mayo-seis-anos-del-ultimo-partido-oficial-de-juan-roman-riquelme-en-la-bombonera\\\/\",\"name\":\"Efem\u00e9rides Deportivas 11 de mayo: Seis a\u00f1os del \u00faltimo partido oficial de Juan Rom\u00e1n Riquelme en La Bombonera - News 105.3 FM\",\"isPartOf\":{\"@id\":\"https:\\\/\\\/soynuevaprensadigital.com\\\/news1053fm\\\/#website\"},\"datePublished\":\"2021-05-11T22:27:29+00:00\",\"author\":{\"@id\":\"https:\\\/\\\/soynuevaprensadigital.com\\\/news1053fm\\\/#\\\/schema\\\/person\\\/aa2d09ab130e943e3c7b360a32177538\"},\"breadcrumb\":{\"@id\":\"https:\\\/\\\/soynuevaprensadigital.com\\\/news1053fm\\\/efemerides-deportivas-11-de-mayo-seis-anos-del-ultimo-partido-oficial-de-juan-roman-riquelme-en-la-bombonera\\\/#breadcrumb\"},\"inLanguage\":\"es\",\"potentialAction\":[{\"@type\":\"ReadAction\",\"target\":[\"https:\\\/\\\/soynuevaprensadigital.com\\\/news1053fm\\\/efemerides-deportivas-11-de-mayo-seis-anos-del-ultimo-partido-oficial-de-juan-roman-riquelme-en-la-bombonera\\\/\"]}]},{\"@type\":\"BreadcrumbList\",\"@id\":\"https:\\\/\\\/soynuevaprensadigital.com\\\/news1053fm\\\/efemerides-deportivas-11-de-mayo-seis-anos-del-ultimo-partido-oficial-de-juan-roman-riquelme-en-la-bombonera\\\/#breadcrumb\",\"itemListElement\":[{\"@type\":\"ListItem\",\"position\":1,\"name\":\"Portada\",\"item\":\"https:\\\/\\\/soynuevaprensadigital.com\\\/news1053fm\\\/\"},{\"@type\":\"ListItem\",\"position\":2,\"name\":\"Efem\u00e9rides Deportivas 11 de mayo: Seis a\u00f1os del \u00faltimo partido oficial de Juan Rom\u00e1n Riquelme en La Bombonera\"}]},{\"@type\":\"WebSite\",\"@id\":\"https:\\\/\\\/soynuevaprensadigital.com\\\/news1053fm\\\/#website\",\"url\":\"https:\\\/\\\/soynuevaprensadigital.com\\\/news1053fm\\\/\",\"name\":\"News 105.3 FM\",\"description\":\"Nuestro compromiso contigo nos permite ofrecerte la radio de mejor calidad, la frecuencia m\u00e1s limpia yel entretenimiento para todos los gustos.\",\"potentialAction\":[{\"@type\":\"SearchAction\",\"target\":{\"@type\":\"EntryPoint\",\"urlTemplate\":\"https:\\\/\\\/soynuevaprensadigital.com\\\/news1053fm\\\/?s={search_term_string}\"},\"query-input\":{\"@type\":\"PropertyValueSpecification\",\"valueRequired\":true,\"valueName\":\"search_term_string\"}}],\"inLanguage\":\"es\"},{\"@type\":\"Person\",\"@id\":\"https:\\\/\\\/soynuevaprensadigital.com\\\/news1053fm\\\/#\\\/schema\\\/person\\\/aa2d09ab130e943e3c7b360a32177538\",\"name\":\"Alvis Cristina Herrera\",\"image\":{\"@type\":\"ImageObject\",\"inLanguage\":\"es\",\"@id\":\"https:\\\/\\\/secure.gravatar.com\\\/avatar\\\/6a4b461595fbd8c4d0947e89062b7b1df5ea5bc6348126d9594f8d0cece5be89?s=96&d=mm&r=g\",\"url\":\"https:\\\/\\\/secure.gravatar.com\\\/avatar\\\/6a4b461595fbd8c4d0947e89062b7b1df5ea5bc6348126d9594f8d0cece5be89?s=96&d=mm&r=g\",\"contentUrl\":\"https:\\\/\\\/secure.gravatar.com\\\/avatar\\\/6a4b461595fbd8c4d0947e89062b7b1df5ea5bc6348126d9594f8d0cece5be89?s=96&d=mm&r=g\",\"caption\":\"Alvis Cristina Herrera\"},\"sameAs\":[\"https:\\\/\\\/www.facebook.com\\\/AlvisCristinaHe\",\"https:\\\/\\\/www.instagram.com\\\/alviscristinahe\\\/\",\"https:\\\/\\\/www.linkedin.com\\\/in\\\/alviscristinahe\\\/\",\"https:\\\/\\\/x.com\\\/https:\\\/\\\/www.twitter.com\\\/alviscristinahe\\\/\"],\"url\":\"https:\\\/\\\/soynuevaprensadigital.com\\\/news1053fm\\\/author\\\/alvisherrera\\\/\"}]}<\/script>\n<!-- \/ Yoast SEO plugin. -->","yoast_head_json":{"title":"Efem\u00e9rides Deportivas 11 de mayo: Seis a\u00f1os del \u00faltimo partido oficial de Juan Rom\u00e1n Riquelme en La Bombonera - News 105.3 FM","robots":{"index":"index","follow":"follow","max-snippet":"max-snippet:-1","max-image-preview":"max-image-preview:large","max-video-preview":"max-video-preview:-1"},"canonical":"https:\/\/soynuevaprensadigital.com\/news1053fm\/efemerides-deportivas-11-de-mayo-seis-anos-del-ultimo-partido-oficial-de-juan-roman-riquelme-en-la-bombonera\/","og_locale":"es_ES","og_type":"article","og_title":"Efem\u00e9rides Deportivas 11 de mayo: Seis a\u00f1os del \u00faltimo partido oficial de Juan Rom\u00e1n Riquelme en La Bombonera - News 105.3 FM","og_description":"Ciudad Guayana.-\u201cLa Bombonera es el patio de mi casa\u00bb, la frase corresponde a Juan Rom\u00e1n Riquelme y la pronuncia en cada una de las entrevistas que brinda. Su amor por uno de los templos del f\u00fatbol mundial es indestructible y, a seis a\u00f1os de aquella \u00faltima funci\u00f3n con los botines puestos y luego de mucho [&hellip;]","og_url":"https:\/\/soynuevaprensadigital.com\/news1053fm\/efemerides-deportivas-11-de-mayo-seis-anos-del-ultimo-partido-oficial-de-juan-roman-riquelme-en-la-bombonera\/","og_site_name":"News 105.3 FM","article_publisher":"https:\/\/www.facebook.com\/News1053fm-1655395028099413\/","article_author":"https:\/\/www.facebook.com\/AlvisCristinaHe","article_published_time":"2021-05-11T22:27:29+00:00","og_image":[{"width":990,"height":556,"url":"https:\/\/soynuevaprensadigital.com\/news1053fm\/wp-content\/uploads\/sites\/3\/2021\/05\/ole-990x556-1.jpg","type":"image\/jpeg"}],"author":"Alvis Cristina Herrera","twitter_card":"summary_large_image","twitter_creator":"@https:\/\/www.twitter.com\/alviscristinahe\/","twitter_site":"@news105_3fm","twitter_misc":{"Escrito por":"Alvis Cristina Herrera","Tiempo de lectura":"2 minutos"},"schema":{"@context":"https:\/\/schema.org","@graph":[{"@type":"Article","@id":"https:\/\/soynuevaprensadigital.com\/news1053fm\/efemerides-deportivas-11-de-mayo-seis-anos-del-ultimo-partido-oficial-de-juan-roman-riquelme-en-la-bombonera\/#article","isPartOf":{"@id":"https:\/\/soynuevaprensadigital.com\/news1053fm\/efemerides-deportivas-11-de-mayo-seis-anos-del-ultimo-partido-oficial-de-juan-roman-riquelme-en-la-bombonera\/"},"author":{"name":"Alvis Cristina Herrera","@id":"https:\/\/soynuevaprensadigital.com\/news1053fm\/#\/schema\/person\/aa2d09ab130e943e3c7b360a32177538"},"headline":"Efem\u00e9rides Deportivas 11 de mayo: Seis a\u00f1os del \u00faltimo partido oficial de Juan Rom\u00e1n Riquelme en La Bombonera","datePublished":"2021-05-11T22:27:29+00:00","mainEntityOfPage":{"@id":"https:\/\/soynuevaprensadigital.com\/news1053fm\/efemerides-deportivas-11-de-mayo-seis-anos-del-ultimo-partido-oficial-de-juan-roman-riquelme-en-la-bombonera\/"},"wordCount":479,"articleSection":["Featured","Mundo Deportivo"],"inLanguage":"es"},{"@type":"WebPage","@id":"https:\/\/soynuevaprensadigital.com\/news1053fm\/efemerides-deportivas-11-de-mayo-seis-anos-del-ultimo-partido-oficial-de-juan-roman-riquelme-en-la-bombonera\/","url":"https:\/\/soynuevaprensadigital.com\/news1053fm\/efemerides-deportivas-11-de-mayo-seis-anos-del-ultimo-partido-oficial-de-juan-roman-riquelme-en-la-bombonera\/","name":"Efem\u00e9rides Deportivas 11 de mayo: Seis a\u00f1os del \u00faltimo partido oficial de Juan Rom\u00e1n Riquelme en La Bombonera - News 105.3 FM","isPartOf":{"@id":"https:\/\/soynuevaprensadigital.com\/news1053fm\/#website"},"datePublished":"2021-05-11T22:27:29+00:00","author":{"@id":"https:\/\/soynuevaprensadigital.com\/news1053fm\/#\/schema\/person\/aa2d09ab130e943e3c7b360a32177538"},"breadcrumb":{"@id":"https:\/\/soynuevaprensadigital.com\/news1053fm\/efemerides-deportivas-11-de-mayo-seis-anos-del-ultimo-partido-oficial-de-juan-roman-riquelme-en-la-bombonera\/#breadcrumb"},"inLanguage":"es","potentialAction":[{"@type":"ReadAction","target":["https:\/\/soynuevaprensadigital.com\/news1053fm\/efemerides-deportivas-11-de-mayo-seis-anos-del-ultimo-partido-oficial-de-juan-roman-riquelme-en-la-bombonera\/"]}]},{"@type":"BreadcrumbList","@id":"https:\/\/soynuevaprensadigital.com\/news1053fm\/efemerides-deportivas-11-de-mayo-seis-anos-del-ultimo-partido-oficial-de-juan-roman-riquelme-en-la-bombonera\/#breadcrumb","itemListElement":[{"@type":"ListItem","position":1,"name":"Portada","item":"https:\/\/soynuevaprensadigital.com\/news1053fm\/"},{"@type":"ListItem","position":2,"name":"Efem\u00e9rides Deportivas 11 de mayo: Seis a\u00f1os del \u00faltimo partido oficial de Juan Rom\u00e1n Riquelme en La Bombonera"}]},{"@type":"WebSite","@id":"https:\/\/soynuevaprensadigital.com\/news1053fm\/#website","url":"https:\/\/soynuevaprensadigital.com\/news1053fm\/","name":"News 105.3 FM","description":"Nuestro compromiso contigo nos permite ofrecerte la radio de mejor calidad, la frecuencia m\u00e1s limpia yel entretenimiento para todos los gustos.","potentialAction":[{"@type":"SearchAction","target":{"@type":"EntryPoint","urlTemplate":"https:\/\/soynuevaprensadigital.com\/news1053fm\/?s={search_term_string}"},"query-input":{"@type":"PropertyValueSpecification","valueRequired":true,"valueName":"search_term_string"}}],"inLanguage":"es"},{"@type":"Person","@id":"https:\/\/soynuevaprensadigital.com\/news1053fm\/#\/schema\/person\/aa2d09ab130e943e3c7b360a32177538","name":"Alvis Cristina Herrera","image":{"@type":"ImageObject","inLanguage":"es","@id":"https:\/\/secure.gravatar.com\/avatar\/6a4b461595fbd8c4d0947e89062b7b1df5ea5bc6348126d9594f8d0cece5be89?s=96&d=mm&r=g","url":"https:\/\/secure.gravatar.com\/avatar\/6a4b461595fbd8c4d0947e89062b7b1df5ea5bc6348126d9594f8d0cece5be89?s=96&d=mm&r=g","contentUrl":"https:\/\/secure.gravatar.com\/avatar\/6a4b461595fbd8c4d0947e89062b7b1df5ea5bc6348126d9594f8d0cece5be89?s=96&d=mm&r=g","caption":"Alvis Cristina Herrera"},"sameAs":["https:\/\/www.facebook.com\/AlvisCristinaHe","https:\/\/www.instagram.com\/alviscristinahe\/","https:\/\/www.linkedin.com\/in\/alviscristinahe\/","https:\/\/x.com\/https:\/\/www.twitter.com\/alviscristinahe\/"],"url":"https:\/\/soynuevaprensadigital.com\/news1053fm\/author\/alvisherrera\/"}]}},"_links":{"self":[{"href":"https:\/\/soynuevaprensadigital.com\/news1053fm\/wp-json\/wp\/v2\/posts\/2086","targetHints":{"allow":["GET"]}}],"collection":[{"href":"https:\/\/soynuevaprensadigital.com\/news1053fm\/wp-json\/wp\/v2\/posts"}],"about":[{"href":"https:\/\/soynuevaprensadigital.com\/news1053fm\/wp-json\/wp\/v2\/types\/post"}],"author":[{"embeddable":true,"href":"https:\/\/soynuevaprensadigital.com\/news1053fm\/wp-json\/wp\/v2\/users\/158"}],"replies":[{"embeddable":true,"href":"https:\/\/soynuevaprensadigital.com\/news1053fm\/wp-json\/wp\/v2\/comments?post=2086"}],"version-history":[{"count":0,"href":"https:\/\/soynuevaprensadigital.com\/news1053fm\/wp-json\/wp\/v2\/posts\/2086\/revisions"}],"wp:attachment":[{"href":"https:\/\/soynuevaprensadigital.com\/news1053fm\/wp-json\/wp\/v2\/media?parent=2086"}],"wp:term":[{"taxonomy":"category","embeddable":true,"href":"https:\/\/soynuevaprensadigital.com\/news1053fm\/wp-json\/wp\/v2\/categories?post=2086"},{"taxonomy":"post_tag","embeddable":true,"href":"https:\/\/soynuevaprensadigital.com\/news1053fm\/wp-json\/wp\/v2\/tags?post=2086"}],"curies":[{"name":"wp","href":"https:\/\/api.w.org\/{rel}","templated":true}]}}