{"id":2095,"date":"2021-05-12T19:24:10","date_gmt":"2021-05-12T23:24:10","guid":{"rendered":"https:\/\/soynuevaprensadigital.com\/news1053fm\/?p=2095"},"modified":"2021-05-18T21:46:45","modified_gmt":"2021-05-19T01:46:45","slug":"efemerides-deportivas-12-de-mayo-atletico-de-madrid-gana-su-primera-europa-league","status":"publish","type":"post","link":"https:\/\/soynuevaprensadigital.com\/news1053fm\/efemerides-deportivas-12-de-mayo-atletico-de-madrid-gana-su-primera-europa-league\/","title":{"rendered":"Efem\u00e9rides Deportivas 12 de mayo: Atl\u00e9tico de Madrid gana su primera Europa League"},"content":{"rendered":"<p style=\"text-align: justify\"><strong>Ciudad Guayana.-<\/strong>Diego Forl\u00e1n gole\u00f3 96 veces en sus 198 partidos oficiales con el Atl\u00e9tico de Madrid, pero ninguno result\u00f3 tan transcendente ni est\u00e1 tan memorizado en la mente rojiblanca como el 2-1 al Fulham el 12 de mayo de 2010 en la final de la Europa League de Hamburgo, un t\u00edtulo cuyo enorme impacto de entonces contrasta con una dimensi\u00f3n y una influencia ahora mucho m\u00e1s reducida, eclipsado por la &#8216;era Diego Simeone&#8217;, que ha rebasado rotundamente tal triunfo.<\/p>\n<p style=\"text-align: justify\">En el und\u00e9cimo aniversario recordamos un momento indudablemente apote\u00f3sico para el Atl\u00e9tico y su afici\u00f3n: ya en la pr\u00f3rroga, el atacante uruguayo, el \u00fanico Bota de Oro de la historia del club (en 2008-09 con 32 goles en 33 duelos de Liga), marc\u00f3 en el minuto 116 el gol que tanto hab\u00eda anhelado el equipo, la instituci\u00f3n y la hinchada durante tantos y tantos a\u00f1os; 48 en concreto desde su anterior trofeo a nivel continental, la Recopa de 1962.<\/p>\n<p style=\"text-align: justify\">Atl\u00e9tico de Madrid con los argentinos Sergio Ag\u00fcero, Diego Pablo Simeone y el uruguayo Diego Forl\u00e1n levantaban su primera Europa League.<\/p>\n","protected":false},"excerpt":{"rendered":"<p>Ciudad Guayana.-Diego Forl\u00e1n gole\u00f3 96 veces en sus 198 partidos oficiales con el Atl\u00e9tico de Madrid, pero ninguno result\u00f3 tan transcendente ni est\u00e1 tan memorizado en la mente rojiblanca como el 2-1 al Fulham el 12 de mayo de 2010 en la final de la Europa League de Hamburgo, un t\u00edtulo cuyo enorme impacto de [&hellip;]<\/p>\n","protected":false},"author":158,"featured_media":0,"comment_status":"closed","ping_status":"closed","sticky":false,"template":"","format":"standard","meta":{"footnotes":""},"categories":[2,19],"tags":[],"class_list":["post-2095","post","type-post","status-publish","format-standard","hentry","category-featured","category-mundo-deportivo"],"yoast_head":"<!-- This site is optimized with the Yoast SEO plugin v27.3 - https:\/\/yoast.com\/product\/yoast-seo-wordpress\/ -->\n<title>Efem\u00e9rides Deportivas 12 de mayo: Atl\u00e9tico de Madrid gana su primera Europa League - News 105.3 FM<\/title>\n<meta name=\"robots\" content=\"index, follow, max-snippet:-1, max-image-preview:large, max-video-preview:-1\" \/>\n<link rel=\"canonical\" href=\"https:\/\/soynuevaprensadigital.com\/news1053fm\/efemerides-deportivas-12-de-mayo-atletico-de-madrid-gana-su-primera-europa-league\/\" \/>\n<meta property=\"og:locale\" content=\"es_ES\" \/>\n<meta property=\"og:type\" content=\"article\" \/>\n<meta property=\"og:title\" content=\"Efem\u00e9rides Deportivas 12 de mayo: Atl\u00e9tico de Madrid gana su primera Europa League - News 105.3 FM\" \/>\n<meta property=\"og:description\" content=\"Ciudad Guayana.-Diego Forl\u00e1n gole\u00f3 96 veces en sus 198 partidos oficiales con el Atl\u00e9tico de Madrid, pero ninguno result\u00f3 tan transcendente ni est\u00e1 tan memorizado en la mente rojiblanca como el 2-1 al Fulham el 12 de mayo de 2010 en la final de la Europa League de Hamburgo, un t\u00edtulo cuyo enorme impacto de [&hellip;]\" \/>\n<meta property=\"og:url\" content=\"https:\/\/soynuevaprensadigital.com\/news1053fm\/efemerides-deportivas-12-de-mayo-atletico-de-madrid-gana-su-primera-europa-league\/\" \/>\n<meta property=\"og:site_name\" content=\"News 105.3 FM\" \/>\n<meta property=\"article:publisher\" content=\"https:\/\/www.facebook.com\/News1053fm-1655395028099413\/\" \/>\n<meta property=\"article:author\" content=\"https:\/\/www.facebook.com\/AlvisCristinaHe\" \/>\n<meta property=\"article:published_time\" content=\"2021-05-12T23:24:10+00:00\" \/>\n<meta property=\"article:modified_time\" content=\"2021-05-19T01:46:45+00:00\" \/>\n<meta property=\"og:image\" content=\"https:\/\/soynuevaprensadigital.com\/news1053fm\/wp-content\/uploads\/sites\/3\/2021\/05\/15892367531852.jpg\" \/>\n\t<meta property=\"og:image:width\" content=\"990\" \/>\n\t<meta property=\"og:image:height\" content=\"557\" \/>\n\t<meta property=\"og:image:type\" content=\"image\/jpeg\" \/>\n<meta name=\"author\" content=\"Alvis Cristina Herrera\" \/>\n<meta name=\"twitter:card\" content=\"summary_large_image\" \/>\n<meta name=\"twitter:creator\" content=\"@https:\/\/www.twitter.com\/alviscristinahe\/\" \/>\n<meta name=\"twitter:site\" content=\"@news105_3fm\" \/>\n<meta name=\"twitter:label1\" content=\"Escrito por\" \/>\n\t<meta name=\"twitter:data1\" content=\"Alvis Cristina Herrera\" \/>\n\t<meta name=\"twitter:label2\" content=\"Tiempo de lectura\" \/>\n\t<meta name=\"twitter:data2\" content=\"1 minuto\" \/>\n<script type=\"application\/ld+json\" class=\"yoast-schema-graph\">{\"@context\":\"https:\\\/\\\/schema.org\",\"@graph\":[{\"@type\":\"Article\",\"@id\":\"https:\\\/\\\/soynuevaprensadigital.com\\\/news1053fm\\\/efemerides-deportivas-12-de-mayo-atletico-de-madrid-gana-su-primera-europa-league\\\/#article\",\"isPartOf\":{\"@id\":\"https:\\\/\\\/soynuevaprensadigital.com\\\/news1053fm\\\/efemerides-deportivas-12-de-mayo-atletico-de-madrid-gana-su-primera-europa-league\\\/\"},\"author\":{\"name\":\"Alvis Cristina Herrera\",\"@id\":\"https:\\\/\\\/soynuevaprensadigital.com\\\/news1053fm\\\/#\\\/schema\\\/person\\\/aa2d09ab130e943e3c7b360a32177538\"},\"headline\":\"Efem\u00e9rides Deportivas 12 de mayo: Atl\u00e9tico de Madrid gana su primera Europa League\",\"datePublished\":\"2021-05-12T23:24:10+00:00\",\"dateModified\":\"2021-05-19T01:46:45+00:00\",\"mainEntityOfPage\":{\"@id\":\"https:\\\/\\\/soynuevaprensadigital.com\\\/news1053fm\\\/efemerides-deportivas-12-de-mayo-atletico-de-madrid-gana-su-primera-europa-league\\\/\"},\"wordCount\":201,\"articleSection\":[\"Featured\",\"Mundo Deportivo\"],\"inLanguage\":\"es\"},{\"@type\":\"WebPage\",\"@id\":\"https:\\\/\\\/soynuevaprensadigital.com\\\/news1053fm\\\/efemerides-deportivas-12-de-mayo-atletico-de-madrid-gana-su-primera-europa-league\\\/\",\"url\":\"https:\\\/\\\/soynuevaprensadigital.com\\\/news1053fm\\\/efemerides-deportivas-12-de-mayo-atletico-de-madrid-gana-su-primera-europa-league\\\/\",\"name\":\"Efem\u00e9rides Deportivas 12 de mayo: Atl\u00e9tico de Madrid gana su primera Europa League - News 105.3 FM\",\"isPartOf\":{\"@id\":\"https:\\\/\\\/soynuevaprensadigital.com\\\/news1053fm\\\/#website\"},\"datePublished\":\"2021-05-12T23:24:10+00:00\",\"dateModified\":\"2021-05-19T01:46:45+00:00\",\"author\":{\"@id\":\"https:\\\/\\\/soynuevaprensadigital.com\\\/news1053fm\\\/#\\\/schema\\\/person\\\/aa2d09ab130e943e3c7b360a32177538\"},\"breadcrumb\":{\"@id\":\"https:\\\/\\\/soynuevaprensadigital.com\\\/news1053fm\\\/efemerides-deportivas-12-de-mayo-atletico-de-madrid-gana-su-primera-europa-league\\\/#breadcrumb\"},\"inLanguage\":\"es\",\"potentialAction\":[{\"@type\":\"ReadAction\",\"target\":[\"https:\\\/\\\/soynuevaprensadigital.com\\\/news1053fm\\\/efemerides-deportivas-12-de-mayo-atletico-de-madrid-gana-su-primera-europa-league\\\/\"]}]},{\"@type\":\"BreadcrumbList\",\"@id\":\"https:\\\/\\\/soynuevaprensadigital.com\\\/news1053fm\\\/efemerides-deportivas-12-de-mayo-atletico-de-madrid-gana-su-primera-europa-league\\\/#breadcrumb\",\"itemListElement\":[{\"@type\":\"ListItem\",\"position\":1,\"name\":\"Portada\",\"item\":\"https:\\\/\\\/soynuevaprensadigital.com\\\/news1053fm\\\/\"},{\"@type\":\"ListItem\",\"position\":2,\"name\":\"Efem\u00e9rides Deportivas 12 de mayo: Atl\u00e9tico de Madrid gana su primera Europa League\"}]},{\"@type\":\"WebSite\",\"@id\":\"https:\\\/\\\/soynuevaprensadigital.com\\\/news1053fm\\\/#website\",\"url\":\"https:\\\/\\\/soynuevaprensadigital.com\\\/news1053fm\\\/\",\"name\":\"News 105.3 FM\",\"description\":\"Nuestro compromiso contigo nos permite ofrecerte la radio de mejor calidad, la frecuencia m\u00e1s limpia yel entretenimiento para todos los gustos.\",\"potentialAction\":[{\"@type\":\"SearchAction\",\"target\":{\"@type\":\"EntryPoint\",\"urlTemplate\":\"https:\\\/\\\/soynuevaprensadigital.com\\\/news1053fm\\\/?s={search_term_string}\"},\"query-input\":{\"@type\":\"PropertyValueSpecification\",\"valueRequired\":true,\"valueName\":\"search_term_string\"}}],\"inLanguage\":\"es\"},{\"@type\":\"Person\",\"@id\":\"https:\\\/\\\/soynuevaprensadigital.com\\\/news1053fm\\\/#\\\/schema\\\/person\\\/aa2d09ab130e943e3c7b360a32177538\",\"name\":\"Alvis Cristina Herrera\",\"image\":{\"@type\":\"ImageObject\",\"inLanguage\":\"es\",\"@id\":\"https:\\\/\\\/secure.gravatar.com\\\/avatar\\\/6a4b461595fbd8c4d0947e89062b7b1df5ea5bc6348126d9594f8d0cece5be89?s=96&d=mm&r=g\",\"url\":\"https:\\\/\\\/secure.gravatar.com\\\/avatar\\\/6a4b461595fbd8c4d0947e89062b7b1df5ea5bc6348126d9594f8d0cece5be89?s=96&d=mm&r=g\",\"contentUrl\":\"https:\\\/\\\/secure.gravatar.com\\\/avatar\\\/6a4b461595fbd8c4d0947e89062b7b1df5ea5bc6348126d9594f8d0cece5be89?s=96&d=mm&r=g\",\"caption\":\"Alvis Cristina Herrera\"},\"sameAs\":[\"https:\\\/\\\/www.facebook.com\\\/AlvisCristinaHe\",\"https:\\\/\\\/www.instagram.com\\\/alviscristinahe\\\/\",\"https:\\\/\\\/www.linkedin.com\\\/in\\\/alviscristinahe\\\/\",\"https:\\\/\\\/x.com\\\/https:\\\/\\\/www.twitter.com\\\/alviscristinahe\\\/\"],\"url\":\"https:\\\/\\\/soynuevaprensadigital.com\\\/news1053fm\\\/author\\\/alvisherrera\\\/\"}]}<\/script>\n<!-- \/ Yoast SEO plugin. -->","yoast_head_json":{"title":"Efem\u00e9rides Deportivas 12 de mayo: Atl\u00e9tico de Madrid gana su primera Europa League - News 105.3 FM","robots":{"index":"index","follow":"follow","max-snippet":"max-snippet:-1","max-image-preview":"max-image-preview:large","max-video-preview":"max-video-preview:-1"},"canonical":"https:\/\/soynuevaprensadigital.com\/news1053fm\/efemerides-deportivas-12-de-mayo-atletico-de-madrid-gana-su-primera-europa-league\/","og_locale":"es_ES","og_type":"article","og_title":"Efem\u00e9rides Deportivas 12 de mayo: Atl\u00e9tico de Madrid gana su primera Europa League - News 105.3 FM","og_description":"Ciudad Guayana.-Diego Forl\u00e1n gole\u00f3 96 veces en sus 198 partidos oficiales con el Atl\u00e9tico de Madrid, pero ninguno result\u00f3 tan transcendente ni est\u00e1 tan memorizado en la mente rojiblanca como el 2-1 al Fulham el 12 de mayo de 2010 en la final de la Europa League de Hamburgo, un t\u00edtulo cuyo enorme impacto de [&hellip;]","og_url":"https:\/\/soynuevaprensadigital.com\/news1053fm\/efemerides-deportivas-12-de-mayo-atletico-de-madrid-gana-su-primera-europa-league\/","og_site_name":"News 105.3 FM","article_publisher":"https:\/\/www.facebook.com\/News1053fm-1655395028099413\/","article_author":"https:\/\/www.facebook.com\/AlvisCristinaHe","article_published_time":"2021-05-12T23:24:10+00:00","article_modified_time":"2021-05-19T01:46:45+00:00","og_image":[{"width":990,"height":557,"url":"https:\/\/soynuevaprensadigital.com\/news1053fm\/wp-content\/uploads\/sites\/3\/2021\/05\/15892367531852.jpg","type":"image\/jpeg"}],"author":"Alvis Cristina Herrera","twitter_card":"summary_large_image","twitter_creator":"@https:\/\/www.twitter.com\/alviscristinahe\/","twitter_site":"@news105_3fm","twitter_misc":{"Escrito por":"Alvis Cristina Herrera","Tiempo de lectura":"1 minuto"},"schema":{"@context":"https:\/\/schema.org","@graph":[{"@type":"Article","@id":"https:\/\/soynuevaprensadigital.com\/news1053fm\/efemerides-deportivas-12-de-mayo-atletico-de-madrid-gana-su-primera-europa-league\/#article","isPartOf":{"@id":"https:\/\/soynuevaprensadigital.com\/news1053fm\/efemerides-deportivas-12-de-mayo-atletico-de-madrid-gana-su-primera-europa-league\/"},"author":{"name":"Alvis Cristina Herrera","@id":"https:\/\/soynuevaprensadigital.com\/news1053fm\/#\/schema\/person\/aa2d09ab130e943e3c7b360a32177538"},"headline":"Efem\u00e9rides Deportivas 12 de mayo: Atl\u00e9tico de Madrid gana su primera Europa League","datePublished":"2021-05-12T23:24:10+00:00","dateModified":"2021-05-19T01:46:45+00:00","mainEntityOfPage":{"@id":"https:\/\/soynuevaprensadigital.com\/news1053fm\/efemerides-deportivas-12-de-mayo-atletico-de-madrid-gana-su-primera-europa-league\/"},"wordCount":201,"articleSection":["Featured","Mundo Deportivo"],"inLanguage":"es"},{"@type":"WebPage","@id":"https:\/\/soynuevaprensadigital.com\/news1053fm\/efemerides-deportivas-12-de-mayo-atletico-de-madrid-gana-su-primera-europa-league\/","url":"https:\/\/soynuevaprensadigital.com\/news1053fm\/efemerides-deportivas-12-de-mayo-atletico-de-madrid-gana-su-primera-europa-league\/","name":"Efem\u00e9rides Deportivas 12 de mayo: Atl\u00e9tico de Madrid gana su primera Europa League - News 105.3 FM","isPartOf":{"@id":"https:\/\/soynuevaprensadigital.com\/news1053fm\/#website"},"datePublished":"2021-05-12T23:24:10+00:00","dateModified":"2021-05-19T01:46:45+00:00","author":{"@id":"https:\/\/soynuevaprensadigital.com\/news1053fm\/#\/schema\/person\/aa2d09ab130e943e3c7b360a32177538"},"breadcrumb":{"@id":"https:\/\/soynuevaprensadigital.com\/news1053fm\/efemerides-deportivas-12-de-mayo-atletico-de-madrid-gana-su-primera-europa-league\/#breadcrumb"},"inLanguage":"es","potentialAction":[{"@type":"ReadAction","target":["https:\/\/soynuevaprensadigital.com\/news1053fm\/efemerides-deportivas-12-de-mayo-atletico-de-madrid-gana-su-primera-europa-league\/"]}]},{"@type":"BreadcrumbList","@id":"https:\/\/soynuevaprensadigital.com\/news1053fm\/efemerides-deportivas-12-de-mayo-atletico-de-madrid-gana-su-primera-europa-league\/#breadcrumb","itemListElement":[{"@type":"ListItem","position":1,"name":"Portada","item":"https:\/\/soynuevaprensadigital.com\/news1053fm\/"},{"@type":"ListItem","position":2,"name":"Efem\u00e9rides Deportivas 12 de mayo: Atl\u00e9tico de Madrid gana su primera Europa League"}]},{"@type":"WebSite","@id":"https:\/\/soynuevaprensadigital.com\/news1053fm\/#website","url":"https:\/\/soynuevaprensadigital.com\/news1053fm\/","name":"News 105.3 FM","description":"Nuestro compromiso contigo nos permite ofrecerte la radio de mejor calidad, la frecuencia m\u00e1s limpia yel entretenimiento para todos los gustos.","potentialAction":[{"@type":"SearchAction","target":{"@type":"EntryPoint","urlTemplate":"https:\/\/soynuevaprensadigital.com\/news1053fm\/?s={search_term_string}"},"query-input":{"@type":"PropertyValueSpecification","valueRequired":true,"valueName":"search_term_string"}}],"inLanguage":"es"},{"@type":"Person","@id":"https:\/\/soynuevaprensadigital.com\/news1053fm\/#\/schema\/person\/aa2d09ab130e943e3c7b360a32177538","name":"Alvis Cristina Herrera","image":{"@type":"ImageObject","inLanguage":"es","@id":"https:\/\/secure.gravatar.com\/avatar\/6a4b461595fbd8c4d0947e89062b7b1df5ea5bc6348126d9594f8d0cece5be89?s=96&d=mm&r=g","url":"https:\/\/secure.gravatar.com\/avatar\/6a4b461595fbd8c4d0947e89062b7b1df5ea5bc6348126d9594f8d0cece5be89?s=96&d=mm&r=g","contentUrl":"https:\/\/secure.gravatar.com\/avatar\/6a4b461595fbd8c4d0947e89062b7b1df5ea5bc6348126d9594f8d0cece5be89?s=96&d=mm&r=g","caption":"Alvis Cristina Herrera"},"sameAs":["https:\/\/www.facebook.com\/AlvisCristinaHe","https:\/\/www.instagram.com\/alviscristinahe\/","https:\/\/www.linkedin.com\/in\/alviscristinahe\/","https:\/\/x.com\/https:\/\/www.twitter.com\/alviscristinahe\/"],"url":"https:\/\/soynuevaprensadigital.com\/news1053fm\/author\/alvisherrera\/"}]}},"_links":{"self":[{"href":"https:\/\/soynuevaprensadigital.com\/news1053fm\/wp-json\/wp\/v2\/posts\/2095","targetHints":{"allow":["GET"]}}],"collection":[{"href":"https:\/\/soynuevaprensadigital.com\/news1053fm\/wp-json\/wp\/v2\/posts"}],"about":[{"href":"https:\/\/soynuevaprensadigital.com\/news1053fm\/wp-json\/wp\/v2\/types\/post"}],"author":[{"embeddable":true,"href":"https:\/\/soynuevaprensadigital.com\/news1053fm\/wp-json\/wp\/v2\/users\/158"}],"replies":[{"embeddable":true,"href":"https:\/\/soynuevaprensadigital.com\/news1053fm\/wp-json\/wp\/v2\/comments?post=2095"}],"version-history":[{"count":0,"href":"https:\/\/soynuevaprensadigital.com\/news1053fm\/wp-json\/wp\/v2\/posts\/2095\/revisions"}],"wp:attachment":[{"href":"https:\/\/soynuevaprensadigital.com\/news1053fm\/wp-json\/wp\/v2\/media?parent=2095"}],"wp:term":[{"taxonomy":"category","embeddable":true,"href":"https:\/\/soynuevaprensadigital.com\/news1053fm\/wp-json\/wp\/v2\/categories?post=2095"},{"taxonomy":"post_tag","embeddable":true,"href":"https:\/\/soynuevaprensadigital.com\/news1053fm\/wp-json\/wp\/v2\/tags?post=2095"}],"curies":[{"name":"wp","href":"https:\/\/api.w.org\/{rel}","templated":true}]}}