{"id":2102,"date":"2021-05-13T20:18:12","date_gmt":"2021-05-14T00:18:12","guid":{"rendered":"https:\/\/soynuevaprensadigital.com\/news1053fm\/?p=2102"},"modified":"2021-05-18T21:46:45","modified_gmt":"2021-05-19T01:46:45","slug":"efemerides-deportivas-13-de-mayo-pastor-maldonado-gana-el-gp-de-espana-en-la-formula-1","status":"publish","type":"post","link":"https:\/\/soynuevaprensadigital.com\/news1053fm\/efemerides-deportivas-13-de-mayo-pastor-maldonado-gana-el-gp-de-espana-en-la-formula-1\/","title":{"rendered":"Efem\u00e9rides Deportivas 13 de mayo: Pastor Maldonado gana el GP de Espa\u00f1a en la F\u00f3rmula 1"},"content":{"rendered":"<p style=\"text-align: justify\"><strong>Ciudad Guayana.-<\/strong>El expiloto venezolano de F\u00f3rmula 1, Pastor Maldonado, fue el \u00fanico corredor nacional que gano un Gran Premio de los grandes circuitos, hecho ocurrido el 13 de mayo de 2012.<\/p>\n<p style=\"text-align: justify\">Maldonado hizo historia ese d\u00eda tras conseguir la primera victoria de un piloto venezolano en la F\u00f3rmula 1, imponi\u00e9ndose en el Gran Premio de Espa\u00f1a, en el que Fernando Alonso, para entonces piloto de Ferrari y local favorito qued\u00f3 detr\u00e1s de \u00e9l.<\/p>\n<p style=\"text-align: justify\">Pastor Maldonado debut\u00f3 en 2011 en la F\u00f3rmula 1, adem\u00e1s esa victoria devolv\u00eda al podio a la hist\u00f3rica escuder\u00eda Williams, al conseguir el 114\u00ba triunfo de ese equipo, y el primero en m\u00e1s de ocho a\u00f1os.<\/p>\n<p style=\"text-align: justify\">Antes de pisar el Gran Circuito, Maldonado tuvo una destacada pasant\u00eda en el circuito GP2, donde corri\u00f3 desde 2007 hasta 2011, fecha en la que dio el salto a F1. En GP2 se coron\u00f3 campe\u00f3n en M\u00f3naco y fue novato del a\u00f1o desde su debut.<\/p>\n<p style=\"text-align: justify\">A pesar de varias carreras destacadas luego de la victoria en el Gran Premio de Espa\u00f1a, Maldonado no pudo consolidarse en el mejor automovilismo del mundo. Luego de la escuder\u00eda Williams, el venezolano corri\u00f3 dos a\u00f1os con Lotus y el 1 de febrero de 2016, tras varias negociaciones, el piloto se despidi\u00f3 de la F1.<\/p>\n","protected":false},"excerpt":{"rendered":"<p>Ciudad Guayana.-El expiloto venezolano de F\u00f3rmula 1, Pastor Maldonado, fue el \u00fanico corredor nacional que gano un Gran Premio de los grandes circuitos, hecho ocurrido el 13 de mayo de 2012. Maldonado hizo historia ese d\u00eda tras conseguir la primera victoria de un piloto venezolano en la F\u00f3rmula 1, imponi\u00e9ndose en el Gran Premio de [&hellip;]<\/p>\n","protected":false},"author":158,"featured_media":0,"comment_status":"closed","ping_status":"closed","sticky":false,"template":"","format":"standard","meta":{"footnotes":""},"categories":[2,19],"tags":[],"class_list":["post-2102","post","type-post","status-publish","format-standard","hentry","category-featured","category-mundo-deportivo"],"yoast_head":"<!-- This site is optimized with the Yoast SEO plugin v27.3 - https:\/\/yoast.com\/product\/yoast-seo-wordpress\/ -->\n<title>Efem\u00e9rides Deportivas 13 de mayo: Pastor Maldonado gana el GP de Espa\u00f1a en la F\u00f3rmula 1 - News 105.3 FM<\/title>\n<meta name=\"robots\" content=\"index, follow, max-snippet:-1, max-image-preview:large, max-video-preview:-1\" \/>\n<link rel=\"canonical\" href=\"https:\/\/soynuevaprensadigital.com\/news1053fm\/efemerides-deportivas-13-de-mayo-pastor-maldonado-gana-el-gp-de-espana-en-la-formula-1\/\" \/>\n<meta property=\"og:locale\" content=\"es_ES\" \/>\n<meta property=\"og:type\" content=\"article\" \/>\n<meta property=\"og:title\" content=\"Efem\u00e9rides Deportivas 13 de mayo: Pastor Maldonado gana el GP de Espa\u00f1a en la F\u00f3rmula 1 - News 105.3 FM\" \/>\n<meta property=\"og:description\" content=\"Ciudad Guayana.-El expiloto venezolano de F\u00f3rmula 1, Pastor Maldonado, fue el \u00fanico corredor nacional que gano un Gran Premio de los grandes circuitos, hecho ocurrido el 13 de mayo de 2012. Maldonado hizo historia ese d\u00eda tras conseguir la primera victoria de un piloto venezolano en la F\u00f3rmula 1, imponi\u00e9ndose en el Gran Premio de [&hellip;]\" \/>\n<meta property=\"og:url\" content=\"https:\/\/soynuevaprensadigital.com\/news1053fm\/efemerides-deportivas-13-de-mayo-pastor-maldonado-gana-el-gp-de-espana-en-la-formula-1\/\" \/>\n<meta property=\"og:site_name\" content=\"News 105.3 FM\" \/>\n<meta property=\"article:publisher\" content=\"https:\/\/www.facebook.com\/News1053fm-1655395028099413\/\" \/>\n<meta property=\"article:author\" content=\"https:\/\/www.facebook.com\/AlvisCristinaHe\" \/>\n<meta property=\"article:published_time\" content=\"2021-05-14T00:18:12+00:00\" \/>\n<meta property=\"article:modified_time\" content=\"2021-05-19T01:46:45+00:00\" \/>\n<meta property=\"og:image\" content=\"https:\/\/soynuevaprensadigital.com\/news1053fm\/wp-content\/uploads\/sites\/3\/2021\/05\/3127599.jpg\" \/>\n\t<meta property=\"og:image:width\" content=\"1600\" \/>\n\t<meta property=\"og:image:height\" content=\"1067\" \/>\n\t<meta property=\"og:image:type\" content=\"image\/jpeg\" \/>\n<meta name=\"author\" content=\"Alvis Cristina Herrera\" \/>\n<meta name=\"twitter:card\" content=\"summary_large_image\" \/>\n<meta name=\"twitter:creator\" content=\"@https:\/\/www.twitter.com\/alviscristinahe\/\" \/>\n<meta name=\"twitter:site\" content=\"@news105_3fm\" \/>\n<meta name=\"twitter:label1\" content=\"Escrito por\" \/>\n\t<meta name=\"twitter:data1\" content=\"Alvis Cristina Herrera\" \/>\n\t<meta name=\"twitter:label2\" content=\"Tiempo de lectura\" \/>\n\t<meta name=\"twitter:data2\" content=\"1 minuto\" \/>\n<script type=\"application\/ld+json\" class=\"yoast-schema-graph\">{\"@context\":\"https:\\\/\\\/schema.org\",\"@graph\":[{\"@type\":\"Article\",\"@id\":\"https:\\\/\\\/soynuevaprensadigital.com\\\/news1053fm\\\/efemerides-deportivas-13-de-mayo-pastor-maldonado-gana-el-gp-de-espana-en-la-formula-1\\\/#article\",\"isPartOf\":{\"@id\":\"https:\\\/\\\/soynuevaprensadigital.com\\\/news1053fm\\\/efemerides-deportivas-13-de-mayo-pastor-maldonado-gana-el-gp-de-espana-en-la-formula-1\\\/\"},\"author\":{\"name\":\"Alvis Cristina Herrera\",\"@id\":\"https:\\\/\\\/soynuevaprensadigital.com\\\/news1053fm\\\/#\\\/schema\\\/person\\\/aa2d09ab130e943e3c7b360a32177538\"},\"headline\":\"Efem\u00e9rides Deportivas 13 de mayo: Pastor Maldonado gana el GP de Espa\u00f1a en la F\u00f3rmula 1\",\"datePublished\":\"2021-05-14T00:18:12+00:00\",\"dateModified\":\"2021-05-19T01:46:45+00:00\",\"mainEntityOfPage\":{\"@id\":\"https:\\\/\\\/soynuevaprensadigital.com\\\/news1053fm\\\/efemerides-deportivas-13-de-mayo-pastor-maldonado-gana-el-gp-de-espana-en-la-formula-1\\\/\"},\"wordCount\":236,\"articleSection\":[\"Featured\",\"Mundo Deportivo\"],\"inLanguage\":\"es\"},{\"@type\":\"WebPage\",\"@id\":\"https:\\\/\\\/soynuevaprensadigital.com\\\/news1053fm\\\/efemerides-deportivas-13-de-mayo-pastor-maldonado-gana-el-gp-de-espana-en-la-formula-1\\\/\",\"url\":\"https:\\\/\\\/soynuevaprensadigital.com\\\/news1053fm\\\/efemerides-deportivas-13-de-mayo-pastor-maldonado-gana-el-gp-de-espana-en-la-formula-1\\\/\",\"name\":\"Efem\u00e9rides Deportivas 13 de mayo: Pastor Maldonado gana el GP de Espa\u00f1a en la F\u00f3rmula 1 - News 105.3 FM\",\"isPartOf\":{\"@id\":\"https:\\\/\\\/soynuevaprensadigital.com\\\/news1053fm\\\/#website\"},\"datePublished\":\"2021-05-14T00:18:12+00:00\",\"dateModified\":\"2021-05-19T01:46:45+00:00\",\"author\":{\"@id\":\"https:\\\/\\\/soynuevaprensadigital.com\\\/news1053fm\\\/#\\\/schema\\\/person\\\/aa2d09ab130e943e3c7b360a32177538\"},\"breadcrumb\":{\"@id\":\"https:\\\/\\\/soynuevaprensadigital.com\\\/news1053fm\\\/efemerides-deportivas-13-de-mayo-pastor-maldonado-gana-el-gp-de-espana-en-la-formula-1\\\/#breadcrumb\"},\"inLanguage\":\"es\",\"potentialAction\":[{\"@type\":\"ReadAction\",\"target\":[\"https:\\\/\\\/soynuevaprensadigital.com\\\/news1053fm\\\/efemerides-deportivas-13-de-mayo-pastor-maldonado-gana-el-gp-de-espana-en-la-formula-1\\\/\"]}]},{\"@type\":\"BreadcrumbList\",\"@id\":\"https:\\\/\\\/soynuevaprensadigital.com\\\/news1053fm\\\/efemerides-deportivas-13-de-mayo-pastor-maldonado-gana-el-gp-de-espana-en-la-formula-1\\\/#breadcrumb\",\"itemListElement\":[{\"@type\":\"ListItem\",\"position\":1,\"name\":\"Portada\",\"item\":\"https:\\\/\\\/soynuevaprensadigital.com\\\/news1053fm\\\/\"},{\"@type\":\"ListItem\",\"position\":2,\"name\":\"Efem\u00e9rides Deportivas 13 de mayo: Pastor Maldonado gana el GP de Espa\u00f1a en la F\u00f3rmula 1\"}]},{\"@type\":\"WebSite\",\"@id\":\"https:\\\/\\\/soynuevaprensadigital.com\\\/news1053fm\\\/#website\",\"url\":\"https:\\\/\\\/soynuevaprensadigital.com\\\/news1053fm\\\/\",\"name\":\"News 105.3 FM\",\"description\":\"Nuestro compromiso contigo nos permite ofrecerte la radio de mejor calidad, la frecuencia m\u00e1s limpia yel entretenimiento para todos los gustos.\",\"potentialAction\":[{\"@type\":\"SearchAction\",\"target\":{\"@type\":\"EntryPoint\",\"urlTemplate\":\"https:\\\/\\\/soynuevaprensadigital.com\\\/news1053fm\\\/?s={search_term_string}\"},\"query-input\":{\"@type\":\"PropertyValueSpecification\",\"valueRequired\":true,\"valueName\":\"search_term_string\"}}],\"inLanguage\":\"es\"},{\"@type\":\"Person\",\"@id\":\"https:\\\/\\\/soynuevaprensadigital.com\\\/news1053fm\\\/#\\\/schema\\\/person\\\/aa2d09ab130e943e3c7b360a32177538\",\"name\":\"Alvis Cristina Herrera\",\"image\":{\"@type\":\"ImageObject\",\"inLanguage\":\"es\",\"@id\":\"https:\\\/\\\/secure.gravatar.com\\\/avatar\\\/6a4b461595fbd8c4d0947e89062b7b1df5ea5bc6348126d9594f8d0cece5be89?s=96&d=mm&r=g\",\"url\":\"https:\\\/\\\/secure.gravatar.com\\\/avatar\\\/6a4b461595fbd8c4d0947e89062b7b1df5ea5bc6348126d9594f8d0cece5be89?s=96&d=mm&r=g\",\"contentUrl\":\"https:\\\/\\\/secure.gravatar.com\\\/avatar\\\/6a4b461595fbd8c4d0947e89062b7b1df5ea5bc6348126d9594f8d0cece5be89?s=96&d=mm&r=g\",\"caption\":\"Alvis Cristina Herrera\"},\"sameAs\":[\"https:\\\/\\\/www.facebook.com\\\/AlvisCristinaHe\",\"https:\\\/\\\/www.instagram.com\\\/alviscristinahe\\\/\",\"https:\\\/\\\/www.linkedin.com\\\/in\\\/alviscristinahe\\\/\",\"https:\\\/\\\/x.com\\\/https:\\\/\\\/www.twitter.com\\\/alviscristinahe\\\/\"],\"url\":\"https:\\\/\\\/soynuevaprensadigital.com\\\/news1053fm\\\/author\\\/alvisherrera\\\/\"}]}<\/script>\n<!-- \/ Yoast SEO plugin. -->","yoast_head_json":{"title":"Efem\u00e9rides Deportivas 13 de mayo: Pastor Maldonado gana el GP de Espa\u00f1a en la F\u00f3rmula 1 - News 105.3 FM","robots":{"index":"index","follow":"follow","max-snippet":"max-snippet:-1","max-image-preview":"max-image-preview:large","max-video-preview":"max-video-preview:-1"},"canonical":"https:\/\/soynuevaprensadigital.com\/news1053fm\/efemerides-deportivas-13-de-mayo-pastor-maldonado-gana-el-gp-de-espana-en-la-formula-1\/","og_locale":"es_ES","og_type":"article","og_title":"Efem\u00e9rides Deportivas 13 de mayo: Pastor Maldonado gana el GP de Espa\u00f1a en la F\u00f3rmula 1 - News 105.3 FM","og_description":"Ciudad Guayana.-El expiloto venezolano de F\u00f3rmula 1, Pastor Maldonado, fue el \u00fanico corredor nacional que gano un Gran Premio de los grandes circuitos, hecho ocurrido el 13 de mayo de 2012. Maldonado hizo historia ese d\u00eda tras conseguir la primera victoria de un piloto venezolano en la F\u00f3rmula 1, imponi\u00e9ndose en el Gran Premio de [&hellip;]","og_url":"https:\/\/soynuevaprensadigital.com\/news1053fm\/efemerides-deportivas-13-de-mayo-pastor-maldonado-gana-el-gp-de-espana-en-la-formula-1\/","og_site_name":"News 105.3 FM","article_publisher":"https:\/\/www.facebook.com\/News1053fm-1655395028099413\/","article_author":"https:\/\/www.facebook.com\/AlvisCristinaHe","article_published_time":"2021-05-14T00:18:12+00:00","article_modified_time":"2021-05-19T01:46:45+00:00","og_image":[{"width":1600,"height":1067,"url":"https:\/\/soynuevaprensadigital.com\/news1053fm\/wp-content\/uploads\/sites\/3\/2021\/05\/3127599.jpg","type":"image\/jpeg"}],"author":"Alvis Cristina Herrera","twitter_card":"summary_large_image","twitter_creator":"@https:\/\/www.twitter.com\/alviscristinahe\/","twitter_site":"@news105_3fm","twitter_misc":{"Escrito por":"Alvis Cristina Herrera","Tiempo de lectura":"1 minuto"},"schema":{"@context":"https:\/\/schema.org","@graph":[{"@type":"Article","@id":"https:\/\/soynuevaprensadigital.com\/news1053fm\/efemerides-deportivas-13-de-mayo-pastor-maldonado-gana-el-gp-de-espana-en-la-formula-1\/#article","isPartOf":{"@id":"https:\/\/soynuevaprensadigital.com\/news1053fm\/efemerides-deportivas-13-de-mayo-pastor-maldonado-gana-el-gp-de-espana-en-la-formula-1\/"},"author":{"name":"Alvis Cristina Herrera","@id":"https:\/\/soynuevaprensadigital.com\/news1053fm\/#\/schema\/person\/aa2d09ab130e943e3c7b360a32177538"},"headline":"Efem\u00e9rides Deportivas 13 de mayo: Pastor Maldonado gana el GP de Espa\u00f1a en la F\u00f3rmula 1","datePublished":"2021-05-14T00:18:12+00:00","dateModified":"2021-05-19T01:46:45+00:00","mainEntityOfPage":{"@id":"https:\/\/soynuevaprensadigital.com\/news1053fm\/efemerides-deportivas-13-de-mayo-pastor-maldonado-gana-el-gp-de-espana-en-la-formula-1\/"},"wordCount":236,"articleSection":["Featured","Mundo Deportivo"],"inLanguage":"es"},{"@type":"WebPage","@id":"https:\/\/soynuevaprensadigital.com\/news1053fm\/efemerides-deportivas-13-de-mayo-pastor-maldonado-gana-el-gp-de-espana-en-la-formula-1\/","url":"https:\/\/soynuevaprensadigital.com\/news1053fm\/efemerides-deportivas-13-de-mayo-pastor-maldonado-gana-el-gp-de-espana-en-la-formula-1\/","name":"Efem\u00e9rides Deportivas 13 de mayo: Pastor Maldonado gana el GP de Espa\u00f1a en la F\u00f3rmula 1 - News 105.3 FM","isPartOf":{"@id":"https:\/\/soynuevaprensadigital.com\/news1053fm\/#website"},"datePublished":"2021-05-14T00:18:12+00:00","dateModified":"2021-05-19T01:46:45+00:00","author":{"@id":"https:\/\/soynuevaprensadigital.com\/news1053fm\/#\/schema\/person\/aa2d09ab130e943e3c7b360a32177538"},"breadcrumb":{"@id":"https:\/\/soynuevaprensadigital.com\/news1053fm\/efemerides-deportivas-13-de-mayo-pastor-maldonado-gana-el-gp-de-espana-en-la-formula-1\/#breadcrumb"},"inLanguage":"es","potentialAction":[{"@type":"ReadAction","target":["https:\/\/soynuevaprensadigital.com\/news1053fm\/efemerides-deportivas-13-de-mayo-pastor-maldonado-gana-el-gp-de-espana-en-la-formula-1\/"]}]},{"@type":"BreadcrumbList","@id":"https:\/\/soynuevaprensadigital.com\/news1053fm\/efemerides-deportivas-13-de-mayo-pastor-maldonado-gana-el-gp-de-espana-en-la-formula-1\/#breadcrumb","itemListElement":[{"@type":"ListItem","position":1,"name":"Portada","item":"https:\/\/soynuevaprensadigital.com\/news1053fm\/"},{"@type":"ListItem","position":2,"name":"Efem\u00e9rides Deportivas 13 de mayo: Pastor Maldonado gana el GP de Espa\u00f1a en la F\u00f3rmula 1"}]},{"@type":"WebSite","@id":"https:\/\/soynuevaprensadigital.com\/news1053fm\/#website","url":"https:\/\/soynuevaprensadigital.com\/news1053fm\/","name":"News 105.3 FM","description":"Nuestro compromiso contigo nos permite ofrecerte la radio de mejor calidad, la frecuencia m\u00e1s limpia yel entretenimiento para todos los gustos.","potentialAction":[{"@type":"SearchAction","target":{"@type":"EntryPoint","urlTemplate":"https:\/\/soynuevaprensadigital.com\/news1053fm\/?s={search_term_string}"},"query-input":{"@type":"PropertyValueSpecification","valueRequired":true,"valueName":"search_term_string"}}],"inLanguage":"es"},{"@type":"Person","@id":"https:\/\/soynuevaprensadigital.com\/news1053fm\/#\/schema\/person\/aa2d09ab130e943e3c7b360a32177538","name":"Alvis Cristina Herrera","image":{"@type":"ImageObject","inLanguage":"es","@id":"https:\/\/secure.gravatar.com\/avatar\/6a4b461595fbd8c4d0947e89062b7b1df5ea5bc6348126d9594f8d0cece5be89?s=96&d=mm&r=g","url":"https:\/\/secure.gravatar.com\/avatar\/6a4b461595fbd8c4d0947e89062b7b1df5ea5bc6348126d9594f8d0cece5be89?s=96&d=mm&r=g","contentUrl":"https:\/\/secure.gravatar.com\/avatar\/6a4b461595fbd8c4d0947e89062b7b1df5ea5bc6348126d9594f8d0cece5be89?s=96&d=mm&r=g","caption":"Alvis Cristina Herrera"},"sameAs":["https:\/\/www.facebook.com\/AlvisCristinaHe","https:\/\/www.instagram.com\/alviscristinahe\/","https:\/\/www.linkedin.com\/in\/alviscristinahe\/","https:\/\/x.com\/https:\/\/www.twitter.com\/alviscristinahe\/"],"url":"https:\/\/soynuevaprensadigital.com\/news1053fm\/author\/alvisherrera\/"}]}},"_links":{"self":[{"href":"https:\/\/soynuevaprensadigital.com\/news1053fm\/wp-json\/wp\/v2\/posts\/2102","targetHints":{"allow":["GET"]}}],"collection":[{"href":"https:\/\/soynuevaprensadigital.com\/news1053fm\/wp-json\/wp\/v2\/posts"}],"about":[{"href":"https:\/\/soynuevaprensadigital.com\/news1053fm\/wp-json\/wp\/v2\/types\/post"}],"author":[{"embeddable":true,"href":"https:\/\/soynuevaprensadigital.com\/news1053fm\/wp-json\/wp\/v2\/users\/158"}],"replies":[{"embeddable":true,"href":"https:\/\/soynuevaprensadigital.com\/news1053fm\/wp-json\/wp\/v2\/comments?post=2102"}],"version-history":[{"count":0,"href":"https:\/\/soynuevaprensadigital.com\/news1053fm\/wp-json\/wp\/v2\/posts\/2102\/revisions"}],"wp:attachment":[{"href":"https:\/\/soynuevaprensadigital.com\/news1053fm\/wp-json\/wp\/v2\/media?parent=2102"}],"wp:term":[{"taxonomy":"category","embeddable":true,"href":"https:\/\/soynuevaprensadigital.com\/news1053fm\/wp-json\/wp\/v2\/categories?post=2102"},{"taxonomy":"post_tag","embeddable":true,"href":"https:\/\/soynuevaprensadigital.com\/news1053fm\/wp-json\/wp\/v2\/tags?post=2102"}],"curies":[{"name":"wp","href":"https:\/\/api.w.org\/{rel}","templated":true}]}}