{"id":2105,"date":"2021-05-14T20:32:19","date_gmt":"2021-05-15T00:32:19","guid":{"rendered":"https:\/\/soynuevaprensadigital.com\/news1053fm\/?p=2105"},"modified":"2021-05-18T21:46:45","modified_gmt":"2021-05-19T01:46:45","slug":"efemerides-deportivas-14-de-mayo-sevilla-se-corona-campeon-de-la-europa-league-ante-el-benfica-en-penales-luego-de-finalizar-el-encuentro-empatado-0-0","status":"publish","type":"post","link":"https:\/\/soynuevaprensadigital.com\/news1053fm\/efemerides-deportivas-14-de-mayo-sevilla-se-corona-campeon-de-la-europa-league-ante-el-benfica-en-penales-luego-de-finalizar-el-encuentro-empatado-0-0\/","title":{"rendered":"Efem\u00e9rides Deportivas 14 de mayo: Sevilla se corona campe\u00f3n de la Europa League ante el Benfica, en penales luego de finalizar el encuentro empatado 0-0"},"content":{"rendered":"<p style=\"text-align: justify\"><strong>Ciudad Guayana.-<\/strong>El Sevilla se proclam\u00f3 campe\u00f3n de la UEFA Europa League 2014, tras vencer al Benfica en la final de Tur\u00edn por penaltis. Siete a\u00f1os despu\u00e9s de su \u00faltima Copa UEFA -antigua denominaci\u00f3n- los hispalenses regresan a lo m\u00e1s alto del torneo.<\/p>\n<p style=\"text-align: justify\">Los espa\u00f1oles han tenido que esperar bastante menos que el Benfica, que aumenta a ocho las finales europeas y 52 a\u00f1os sin levantar un trofeo continental. Un mal que achacan a la maldici\u00f3n de Bela Guttman, el t\u00e9cnico h\u00fangaro que les hizo bicampeones de Europa en los sesenta.<\/p>\n<p style=\"text-align: justify\">Incapaces de anotar un gol en m\u00e1s de 120 minutos de juego, la decisiva tanda de penaltis castig\u00f3 la falta de acierto del Benfica, que tuvo m\u00e1s ocasiones durante el tiempo de juego.<\/p>\n<p style=\"text-align: justify\">Las &#8216;\u00e1guilas&#8217; replegaron las garras en la tanda decisiva, condenados por los fallos del paraguayo Cardozo y el hispano brasile\u00f1o Rodrigo; el meta portugu\u00e9s Beto, parad\u00f3jicamente, hizo de villano ante sus compatriotas. Por contra, los sevillistas Bacca, M&#8217;Bia, Coke y Gameiro fusilaron a Oblak.<\/p>\n<p style=\"text-align: justify\">El Sevilla consigui\u00f3 su tercer t\u00edtulo en ocho a\u00f1os, tras ganar la competici\u00f3n en 2006 y 2007. Con este triunfo, se unieron a Juventus ( 1977 , 1990 , 1993 ), Inter de Mil\u00e1n ( 1991 , 1994 , 1998 ) y Liverpool ( 1973 , 1976 , 2001 ) como los equipos con m\u00e1s victorias.<\/p>\n<p style=\"text-align: justify\">Actualmente, el Sevilla es m\u00e1s ganador de la Europa League con seis t\u00edtulo, el ultimo conquistado la pasada temporada en ante el Inter de Milan (3-2).<\/p>\n","protected":false},"excerpt":{"rendered":"<p>Ciudad Guayana.-El Sevilla se proclam\u00f3 campe\u00f3n de la UEFA Europa League 2014, tras vencer al Benfica en la final de Tur\u00edn por penaltis. Siete a\u00f1os despu\u00e9s de su \u00faltima Copa UEFA -antigua denominaci\u00f3n- los hispalenses regresan a lo m\u00e1s alto del torneo. Los espa\u00f1oles han tenido que esperar bastante menos que el Benfica, que aumenta [&hellip;]<\/p>\n","protected":false},"author":158,"featured_media":0,"comment_status":"closed","ping_status":"closed","sticky":false,"template":"","format":"standard","meta":{"footnotes":""},"categories":[2,19],"tags":[],"class_list":["post-2105","post","type-post","status-publish","format-standard","hentry","category-featured","category-mundo-deportivo"],"yoast_head":"<!-- This site is optimized with the Yoast SEO plugin v27.3 - https:\/\/yoast.com\/product\/yoast-seo-wordpress\/ -->\n<title>Efem\u00e9rides Deportivas 14 de mayo: Sevilla se corona campe\u00f3n de la Europa League ante el Benfica, en penales luego de finalizar el encuentro empatado 0-0 - News 105.3 FM<\/title>\n<meta name=\"robots\" content=\"index, follow, max-snippet:-1, max-image-preview:large, max-video-preview:-1\" \/>\n<link rel=\"canonical\" href=\"https:\/\/soynuevaprensadigital.com\/news1053fm\/efemerides-deportivas-14-de-mayo-sevilla-se-corona-campeon-de-la-europa-league-ante-el-benfica-en-penales-luego-de-finalizar-el-encuentro-empatado-0-0\/\" \/>\n<meta property=\"og:locale\" content=\"es_ES\" \/>\n<meta property=\"og:type\" content=\"article\" \/>\n<meta property=\"og:title\" content=\"Efem\u00e9rides Deportivas 14 de mayo: Sevilla se corona campe\u00f3n de la Europa League ante el Benfica, en penales luego de finalizar el encuentro empatado 0-0 - News 105.3 FM\" \/>\n<meta property=\"og:description\" content=\"Ciudad Guayana.-El Sevilla se proclam\u00f3 campe\u00f3n de la UEFA Europa League 2014, tras vencer al Benfica en la final de Tur\u00edn por penaltis. Siete a\u00f1os despu\u00e9s de su \u00faltima Copa UEFA -antigua denominaci\u00f3n- los hispalenses regresan a lo m\u00e1s alto del torneo. Los espa\u00f1oles han tenido que esperar bastante menos que el Benfica, que aumenta [&hellip;]\" \/>\n<meta property=\"og:url\" content=\"https:\/\/soynuevaprensadigital.com\/news1053fm\/efemerides-deportivas-14-de-mayo-sevilla-se-corona-campeon-de-la-europa-league-ante-el-benfica-en-penales-luego-de-finalizar-el-encuentro-empatado-0-0\/\" \/>\n<meta property=\"og:site_name\" content=\"News 105.3 FM\" \/>\n<meta property=\"article:publisher\" content=\"https:\/\/www.facebook.com\/News1053fm-1655395028099413\/\" \/>\n<meta property=\"article:author\" content=\"https:\/\/www.facebook.com\/AlvisCristinaHe\" \/>\n<meta property=\"article:published_time\" content=\"2021-05-15T00:32:19+00:00\" \/>\n<meta property=\"article:modified_time\" content=\"2021-05-19T01:46:45+00:00\" \/>\n<meta property=\"og:image\" content=\"https:\/\/soynuevaprensadigital.com\/news1053fm\/wp-content\/uploads\/sites\/3\/2021\/05\/1400103330_extras_noticia_foton_7_0.jpg\" \/>\n\t<meta property=\"og:image:width\" content=\"630\" \/>\n\t<meta property=\"og:image:height\" content=\"340\" \/>\n\t<meta property=\"og:image:type\" content=\"image\/jpeg\" \/>\n<meta name=\"author\" content=\"Alvis Cristina Herrera\" \/>\n<meta name=\"twitter:card\" content=\"summary_large_image\" \/>\n<meta name=\"twitter:creator\" content=\"@https:\/\/www.twitter.com\/alviscristinahe\/\" \/>\n<meta name=\"twitter:site\" content=\"@news105_3fm\" \/>\n<meta name=\"twitter:label1\" content=\"Escrito por\" \/>\n\t<meta name=\"twitter:data1\" content=\"Alvis Cristina Herrera\" \/>\n\t<meta name=\"twitter:label2\" content=\"Tiempo de lectura\" \/>\n\t<meta name=\"twitter:data2\" content=\"2 minutos\" \/>\n<script type=\"application\/ld+json\" class=\"yoast-schema-graph\">{\"@context\":\"https:\\\/\\\/schema.org\",\"@graph\":[{\"@type\":\"Article\",\"@id\":\"https:\\\/\\\/soynuevaprensadigital.com\\\/news1053fm\\\/efemerides-deportivas-14-de-mayo-sevilla-se-corona-campeon-de-la-europa-league-ante-el-benfica-en-penales-luego-de-finalizar-el-encuentro-empatado-0-0\\\/#article\",\"isPartOf\":{\"@id\":\"https:\\\/\\\/soynuevaprensadigital.com\\\/news1053fm\\\/efemerides-deportivas-14-de-mayo-sevilla-se-corona-campeon-de-la-europa-league-ante-el-benfica-en-penales-luego-de-finalizar-el-encuentro-empatado-0-0\\\/\"},\"author\":{\"name\":\"Alvis Cristina Herrera\",\"@id\":\"https:\\\/\\\/soynuevaprensadigital.com\\\/news1053fm\\\/#\\\/schema\\\/person\\\/aa2d09ab130e943e3c7b360a32177538\"},\"headline\":\"Efem\u00e9rides Deportivas 14 de mayo: Sevilla se corona campe\u00f3n de la Europa League ante el Benfica, en penales luego de finalizar el encuentro empatado 0-0\",\"datePublished\":\"2021-05-15T00:32:19+00:00\",\"dateModified\":\"2021-05-19T01:46:45+00:00\",\"mainEntityOfPage\":{\"@id\":\"https:\\\/\\\/soynuevaprensadigital.com\\\/news1053fm\\\/efemerides-deportivas-14-de-mayo-sevilla-se-corona-campeon-de-la-europa-league-ante-el-benfica-en-penales-luego-de-finalizar-el-encuentro-empatado-0-0\\\/\"},\"wordCount\":274,\"articleSection\":[\"Featured\",\"Mundo Deportivo\"],\"inLanguage\":\"es\"},{\"@type\":\"WebPage\",\"@id\":\"https:\\\/\\\/soynuevaprensadigital.com\\\/news1053fm\\\/efemerides-deportivas-14-de-mayo-sevilla-se-corona-campeon-de-la-europa-league-ante-el-benfica-en-penales-luego-de-finalizar-el-encuentro-empatado-0-0\\\/\",\"url\":\"https:\\\/\\\/soynuevaprensadigital.com\\\/news1053fm\\\/efemerides-deportivas-14-de-mayo-sevilla-se-corona-campeon-de-la-europa-league-ante-el-benfica-en-penales-luego-de-finalizar-el-encuentro-empatado-0-0\\\/\",\"name\":\"Efem\u00e9rides Deportivas 14 de mayo: Sevilla se corona campe\u00f3n de la Europa League ante el Benfica, en penales luego de finalizar el encuentro empatado 0-0 - News 105.3 FM\",\"isPartOf\":{\"@id\":\"https:\\\/\\\/soynuevaprensadigital.com\\\/news1053fm\\\/#website\"},\"datePublished\":\"2021-05-15T00:32:19+00:00\",\"dateModified\":\"2021-05-19T01:46:45+00:00\",\"author\":{\"@id\":\"https:\\\/\\\/soynuevaprensadigital.com\\\/news1053fm\\\/#\\\/schema\\\/person\\\/aa2d09ab130e943e3c7b360a32177538\"},\"breadcrumb\":{\"@id\":\"https:\\\/\\\/soynuevaprensadigital.com\\\/news1053fm\\\/efemerides-deportivas-14-de-mayo-sevilla-se-corona-campeon-de-la-europa-league-ante-el-benfica-en-penales-luego-de-finalizar-el-encuentro-empatado-0-0\\\/#breadcrumb\"},\"inLanguage\":\"es\",\"potentialAction\":[{\"@type\":\"ReadAction\",\"target\":[\"https:\\\/\\\/soynuevaprensadigital.com\\\/news1053fm\\\/efemerides-deportivas-14-de-mayo-sevilla-se-corona-campeon-de-la-europa-league-ante-el-benfica-en-penales-luego-de-finalizar-el-encuentro-empatado-0-0\\\/\"]}]},{\"@type\":\"BreadcrumbList\",\"@id\":\"https:\\\/\\\/soynuevaprensadigital.com\\\/news1053fm\\\/efemerides-deportivas-14-de-mayo-sevilla-se-corona-campeon-de-la-europa-league-ante-el-benfica-en-penales-luego-de-finalizar-el-encuentro-empatado-0-0\\\/#breadcrumb\",\"itemListElement\":[{\"@type\":\"ListItem\",\"position\":1,\"name\":\"Portada\",\"item\":\"https:\\\/\\\/soynuevaprensadigital.com\\\/news1053fm\\\/\"},{\"@type\":\"ListItem\",\"position\":2,\"name\":\"Efem\u00e9rides Deportivas 14 de mayo: Sevilla se corona campe\u00f3n de la Europa League ante el Benfica, en penales luego de finalizar el encuentro empatado 0-0\"}]},{\"@type\":\"WebSite\",\"@id\":\"https:\\\/\\\/soynuevaprensadigital.com\\\/news1053fm\\\/#website\",\"url\":\"https:\\\/\\\/soynuevaprensadigital.com\\\/news1053fm\\\/\",\"name\":\"News 105.3 FM\",\"description\":\"Nuestro compromiso contigo nos permite ofrecerte la radio de mejor calidad, la frecuencia m\u00e1s limpia yel entretenimiento para todos los gustos.\",\"potentialAction\":[{\"@type\":\"SearchAction\",\"target\":{\"@type\":\"EntryPoint\",\"urlTemplate\":\"https:\\\/\\\/soynuevaprensadigital.com\\\/news1053fm\\\/?s={search_term_string}\"},\"query-input\":{\"@type\":\"PropertyValueSpecification\",\"valueRequired\":true,\"valueName\":\"search_term_string\"}}],\"inLanguage\":\"es\"},{\"@type\":\"Person\",\"@id\":\"https:\\\/\\\/soynuevaprensadigital.com\\\/news1053fm\\\/#\\\/schema\\\/person\\\/aa2d09ab130e943e3c7b360a32177538\",\"name\":\"Alvis Cristina Herrera\",\"image\":{\"@type\":\"ImageObject\",\"inLanguage\":\"es\",\"@id\":\"https:\\\/\\\/secure.gravatar.com\\\/avatar\\\/6a4b461595fbd8c4d0947e89062b7b1df5ea5bc6348126d9594f8d0cece5be89?s=96&d=mm&r=g\",\"url\":\"https:\\\/\\\/secure.gravatar.com\\\/avatar\\\/6a4b461595fbd8c4d0947e89062b7b1df5ea5bc6348126d9594f8d0cece5be89?s=96&d=mm&r=g\",\"contentUrl\":\"https:\\\/\\\/secure.gravatar.com\\\/avatar\\\/6a4b461595fbd8c4d0947e89062b7b1df5ea5bc6348126d9594f8d0cece5be89?s=96&d=mm&r=g\",\"caption\":\"Alvis Cristina Herrera\"},\"sameAs\":[\"https:\\\/\\\/www.facebook.com\\\/AlvisCristinaHe\",\"https:\\\/\\\/www.instagram.com\\\/alviscristinahe\\\/\",\"https:\\\/\\\/www.linkedin.com\\\/in\\\/alviscristinahe\\\/\",\"https:\\\/\\\/x.com\\\/https:\\\/\\\/www.twitter.com\\\/alviscristinahe\\\/\"],\"url\":\"https:\\\/\\\/soynuevaprensadigital.com\\\/news1053fm\\\/author\\\/alvisherrera\\\/\"}]}<\/script>\n<!-- \/ Yoast SEO plugin. -->","yoast_head_json":{"title":"Efem\u00e9rides Deportivas 14 de mayo: Sevilla se corona campe\u00f3n de la Europa League ante el Benfica, en penales luego de finalizar el encuentro empatado 0-0 - News 105.3 FM","robots":{"index":"index","follow":"follow","max-snippet":"max-snippet:-1","max-image-preview":"max-image-preview:large","max-video-preview":"max-video-preview:-1"},"canonical":"https:\/\/soynuevaprensadigital.com\/news1053fm\/efemerides-deportivas-14-de-mayo-sevilla-se-corona-campeon-de-la-europa-league-ante-el-benfica-en-penales-luego-de-finalizar-el-encuentro-empatado-0-0\/","og_locale":"es_ES","og_type":"article","og_title":"Efem\u00e9rides Deportivas 14 de mayo: Sevilla se corona campe\u00f3n de la Europa League ante el Benfica, en penales luego de finalizar el encuentro empatado 0-0 - News 105.3 FM","og_description":"Ciudad Guayana.-El Sevilla se proclam\u00f3 campe\u00f3n de la UEFA Europa League 2014, tras vencer al Benfica en la final de Tur\u00edn por penaltis. Siete a\u00f1os despu\u00e9s de su \u00faltima Copa UEFA -antigua denominaci\u00f3n- los hispalenses regresan a lo m\u00e1s alto del torneo. Los espa\u00f1oles han tenido que esperar bastante menos que el Benfica, que aumenta [&hellip;]","og_url":"https:\/\/soynuevaprensadigital.com\/news1053fm\/efemerides-deportivas-14-de-mayo-sevilla-se-corona-campeon-de-la-europa-league-ante-el-benfica-en-penales-luego-de-finalizar-el-encuentro-empatado-0-0\/","og_site_name":"News 105.3 FM","article_publisher":"https:\/\/www.facebook.com\/News1053fm-1655395028099413\/","article_author":"https:\/\/www.facebook.com\/AlvisCristinaHe","article_published_time":"2021-05-15T00:32:19+00:00","article_modified_time":"2021-05-19T01:46:45+00:00","og_image":[{"width":630,"height":340,"url":"https:\/\/soynuevaprensadigital.com\/news1053fm\/wp-content\/uploads\/sites\/3\/2021\/05\/1400103330_extras_noticia_foton_7_0.jpg","type":"image\/jpeg"}],"author":"Alvis Cristina Herrera","twitter_card":"summary_large_image","twitter_creator":"@https:\/\/www.twitter.com\/alviscristinahe\/","twitter_site":"@news105_3fm","twitter_misc":{"Escrito por":"Alvis Cristina Herrera","Tiempo de lectura":"2 minutos"},"schema":{"@context":"https:\/\/schema.org","@graph":[{"@type":"Article","@id":"https:\/\/soynuevaprensadigital.com\/news1053fm\/efemerides-deportivas-14-de-mayo-sevilla-se-corona-campeon-de-la-europa-league-ante-el-benfica-en-penales-luego-de-finalizar-el-encuentro-empatado-0-0\/#article","isPartOf":{"@id":"https:\/\/soynuevaprensadigital.com\/news1053fm\/efemerides-deportivas-14-de-mayo-sevilla-se-corona-campeon-de-la-europa-league-ante-el-benfica-en-penales-luego-de-finalizar-el-encuentro-empatado-0-0\/"},"author":{"name":"Alvis Cristina Herrera","@id":"https:\/\/soynuevaprensadigital.com\/news1053fm\/#\/schema\/person\/aa2d09ab130e943e3c7b360a32177538"},"headline":"Efem\u00e9rides Deportivas 14 de mayo: Sevilla se corona campe\u00f3n de la Europa League ante el Benfica, en penales luego de finalizar el encuentro empatado 0-0","datePublished":"2021-05-15T00:32:19+00:00","dateModified":"2021-05-19T01:46:45+00:00","mainEntityOfPage":{"@id":"https:\/\/soynuevaprensadigital.com\/news1053fm\/efemerides-deportivas-14-de-mayo-sevilla-se-corona-campeon-de-la-europa-league-ante-el-benfica-en-penales-luego-de-finalizar-el-encuentro-empatado-0-0\/"},"wordCount":274,"articleSection":["Featured","Mundo Deportivo"],"inLanguage":"es"},{"@type":"WebPage","@id":"https:\/\/soynuevaprensadigital.com\/news1053fm\/efemerides-deportivas-14-de-mayo-sevilla-se-corona-campeon-de-la-europa-league-ante-el-benfica-en-penales-luego-de-finalizar-el-encuentro-empatado-0-0\/","url":"https:\/\/soynuevaprensadigital.com\/news1053fm\/efemerides-deportivas-14-de-mayo-sevilla-se-corona-campeon-de-la-europa-league-ante-el-benfica-en-penales-luego-de-finalizar-el-encuentro-empatado-0-0\/","name":"Efem\u00e9rides Deportivas 14 de mayo: Sevilla se corona campe\u00f3n de la Europa League ante el Benfica, en penales luego de finalizar el encuentro empatado 0-0 - News 105.3 FM","isPartOf":{"@id":"https:\/\/soynuevaprensadigital.com\/news1053fm\/#website"},"datePublished":"2021-05-15T00:32:19+00:00","dateModified":"2021-05-19T01:46:45+00:00","author":{"@id":"https:\/\/soynuevaprensadigital.com\/news1053fm\/#\/schema\/person\/aa2d09ab130e943e3c7b360a32177538"},"breadcrumb":{"@id":"https:\/\/soynuevaprensadigital.com\/news1053fm\/efemerides-deportivas-14-de-mayo-sevilla-se-corona-campeon-de-la-europa-league-ante-el-benfica-en-penales-luego-de-finalizar-el-encuentro-empatado-0-0\/#breadcrumb"},"inLanguage":"es","potentialAction":[{"@type":"ReadAction","target":["https:\/\/soynuevaprensadigital.com\/news1053fm\/efemerides-deportivas-14-de-mayo-sevilla-se-corona-campeon-de-la-europa-league-ante-el-benfica-en-penales-luego-de-finalizar-el-encuentro-empatado-0-0\/"]}]},{"@type":"BreadcrumbList","@id":"https:\/\/soynuevaprensadigital.com\/news1053fm\/efemerides-deportivas-14-de-mayo-sevilla-se-corona-campeon-de-la-europa-league-ante-el-benfica-en-penales-luego-de-finalizar-el-encuentro-empatado-0-0\/#breadcrumb","itemListElement":[{"@type":"ListItem","position":1,"name":"Portada","item":"https:\/\/soynuevaprensadigital.com\/news1053fm\/"},{"@type":"ListItem","position":2,"name":"Efem\u00e9rides Deportivas 14 de mayo: Sevilla se corona campe\u00f3n de la Europa League ante el Benfica, en penales luego de finalizar el encuentro empatado 0-0"}]},{"@type":"WebSite","@id":"https:\/\/soynuevaprensadigital.com\/news1053fm\/#website","url":"https:\/\/soynuevaprensadigital.com\/news1053fm\/","name":"News 105.3 FM","description":"Nuestro compromiso contigo nos permite ofrecerte la radio de mejor calidad, la frecuencia m\u00e1s limpia yel entretenimiento para todos los gustos.","potentialAction":[{"@type":"SearchAction","target":{"@type":"EntryPoint","urlTemplate":"https:\/\/soynuevaprensadigital.com\/news1053fm\/?s={search_term_string}"},"query-input":{"@type":"PropertyValueSpecification","valueRequired":true,"valueName":"search_term_string"}}],"inLanguage":"es"},{"@type":"Person","@id":"https:\/\/soynuevaprensadigital.com\/news1053fm\/#\/schema\/person\/aa2d09ab130e943e3c7b360a32177538","name":"Alvis Cristina Herrera","image":{"@type":"ImageObject","inLanguage":"es","@id":"https:\/\/secure.gravatar.com\/avatar\/6a4b461595fbd8c4d0947e89062b7b1df5ea5bc6348126d9594f8d0cece5be89?s=96&d=mm&r=g","url":"https:\/\/secure.gravatar.com\/avatar\/6a4b461595fbd8c4d0947e89062b7b1df5ea5bc6348126d9594f8d0cece5be89?s=96&d=mm&r=g","contentUrl":"https:\/\/secure.gravatar.com\/avatar\/6a4b461595fbd8c4d0947e89062b7b1df5ea5bc6348126d9594f8d0cece5be89?s=96&d=mm&r=g","caption":"Alvis Cristina Herrera"},"sameAs":["https:\/\/www.facebook.com\/AlvisCristinaHe","https:\/\/www.instagram.com\/alviscristinahe\/","https:\/\/www.linkedin.com\/in\/alviscristinahe\/","https:\/\/x.com\/https:\/\/www.twitter.com\/alviscristinahe\/"],"url":"https:\/\/soynuevaprensadigital.com\/news1053fm\/author\/alvisherrera\/"}]}},"_links":{"self":[{"href":"https:\/\/soynuevaprensadigital.com\/news1053fm\/wp-json\/wp\/v2\/posts\/2105","targetHints":{"allow":["GET"]}}],"collection":[{"href":"https:\/\/soynuevaprensadigital.com\/news1053fm\/wp-json\/wp\/v2\/posts"}],"about":[{"href":"https:\/\/soynuevaprensadigital.com\/news1053fm\/wp-json\/wp\/v2\/types\/post"}],"author":[{"embeddable":true,"href":"https:\/\/soynuevaprensadigital.com\/news1053fm\/wp-json\/wp\/v2\/users\/158"}],"replies":[{"embeddable":true,"href":"https:\/\/soynuevaprensadigital.com\/news1053fm\/wp-json\/wp\/v2\/comments?post=2105"}],"version-history":[{"count":0,"href":"https:\/\/soynuevaprensadigital.com\/news1053fm\/wp-json\/wp\/v2\/posts\/2105\/revisions"}],"wp:attachment":[{"href":"https:\/\/soynuevaprensadigital.com\/news1053fm\/wp-json\/wp\/v2\/media?parent=2105"}],"wp:term":[{"taxonomy":"category","embeddable":true,"href":"https:\/\/soynuevaprensadigital.com\/news1053fm\/wp-json\/wp\/v2\/categories?post=2105"},{"taxonomy":"post_tag","embeddable":true,"href":"https:\/\/soynuevaprensadigital.com\/news1053fm\/wp-json\/wp\/v2\/tags?post=2105"}],"curies":[{"name":"wp","href":"https:\/\/api.w.org\/{rel}","templated":true}]}}