{"id":2119,"date":"2021-05-15T20:38:05","date_gmt":"2021-05-16T00:38:05","guid":{"rendered":"https:\/\/soynuevaprensadigital.com\/news1053fm\/?p=2119"},"modified":"2021-05-18T21:46:45","modified_gmt":"2021-05-19T01:46:45","slug":"familia-derbez-se-va-al-otro-extremo-y-llega-al-bosque-en-su-reality","status":"publish","type":"post","link":"https:\/\/soynuevaprensadigital.com\/news1053fm\/familia-derbez-se-va-al-otro-extremo-y-llega-al-bosque-en-su-reality\/","title":{"rendered":"Familia Derbez se va \u00abal otro extremo\u00bb y llega al bosque en su \u00abreality\u00bb"},"content":{"rendered":"<p style=\"text-align: justify\"><strong>Ciudad de M\u00e9xico.-<\/strong>Los Derbez, la familia mexicana m\u00e1s conocida de la televisi\u00f3n, tomaron la dif\u00edcil decisi\u00f3n de regresar a las pantallas con un viaje m\u00e1s \u00ab\u00edntimo\u00bb y menos conflictivo que su experiencia en Marruecos para su \u00abreality\u00bb, \u00abDe viaje con los Derbez\u00bb.<\/p>\n<p>\u00abFue complicado ponernos de acuerdo porque despu\u00e9s de la primera temporada, la mitad de la familia dijo, &#8216;yo nunca m\u00e1s&#8217;, y la otra mitad dijimos &#8216;yo s\u00ed le entro&#8217;. Fue dif\u00edcil lograr que todos dijeran &#8216;va'\u00bb, explic\u00f3 a Efe Alessandra Rosaldo, pareja del reconocido actor Eugenio Derbez, sobre la serie que se estrenar\u00e1 en Latinoam\u00e9rica el 20 de mayo por Amazon Prime Video.<\/p>\n<p>Despu\u00e9s de haber viajado a Marruecos en la primera temporada, la familia de Eugenio Derbez fue \u00abal otro extremo\u00bb y se adentr\u00f3 a parques nacionales del noroeste de Estados Unidos que sacaron de su zona de confort a la familia mexicana.<\/p>\n<p>Para hacerlo posible fue necesario cambiar las reglas del juego para la realizaci\u00f3n del proyecto, seg\u00fan explicaron los miembros de la familia.<\/p>\n<p>\u00abTuvimos que hacer una lista de las cosas que nos molestaron mucho y decir bueno, vamos, pero esto se cambia, esto se quita, tenemos que tener cuidado con esto. Cada quien hizo su lista y lo pulimos para la segunda temporada\u00bb, contest\u00f3 Eugenio, el jefe de la familia.<\/p>\n<p>El viaje se realiz\u00f3 en plena pandemia y llevaron a cabo todas las medidas de salud y de prevenci\u00f3n necesarias. Fue precisamente la situaci\u00f3n mundial lo que orill\u00f3 a la familia a viajar v\u00eda terrestre a espacios poco poblados, situaci\u00f3n contraria a la primer traves\u00eda.<\/p>\n<p>\u00abDe viaje con los Derbez\u00bb comenz\u00f3 transmisiones en 2019 con Alessandra, Eugenio, Vadhir, Jos\u00e9 Eduardo, Aitana, Aislinn, su entonces esposo Mauricio Ochmann y la hija de ambos, Kailani.<\/p>\n<p>Despu\u00e9s de pleitos en el \u00abreality\u00bb y de llegar a acuerdos fuera de las c\u00e1maras, Aislinn y Mauricio tomaron la decisi\u00f3n de separarse, por lo que en esta nueva temporada ni Ochmann ni Kailani fueron parte del proyecto.<\/p>\n<p>No obstante, entre los nuevos integrantes se encuentra Fiona, la perrita bulldog del comediante Eugenio Derbez.<\/p>\n<p>\u00abMe sent\u00ed mucho m\u00e1s ligera en este viaje, Mau y yo decidimos que Kai se quedara porque las jornadas de trabajo son pesadas para un beb\u00e9 y no es disfrutable si van beb\u00e9s tan peque\u00f1itos\u00bb, explic\u00f3 Aislinn a Efe.<\/p>\n<p>Aunque esto fue algo complicado para ella, pues nunca se hab\u00eda separado de Kailani por tanto tiempo, la actriz asegura que se divirti\u00f3 m\u00e1s en esta experiencia que en la pasada.<\/p>\n<p>\u00abMe toco ir y vivir otra faceta de hija y de hermana, me sent\u00eda un poquito culpable de no estar con mi beb\u00e9, pero tambi\u00e9n aprend\u00ed eso, que me puedo dar unas vacaciones, que puedo disfrutar, que puedo relajarme y que no pasa nada y lo disfrut\u00e9 much\u00edsimo\u00bb, apunt\u00f3.<\/p>\n<p><strong>NUEVOS COMIENZOS, MENOS CONFLICTOS<\/strong><\/p>\n<p>El viaje tambi\u00e9n ayud\u00f3 a reconciliar a Eugenio con su primog\u00e9nita, Aislinn, pues pese a que su relaci\u00f3n siempre hab\u00eda sido muy buena, la experiencia del \u00abreality\u00bb anterior los distanci\u00f3 de sobremanera.<\/p>\n<p>\u00abYo era u\u00f1a y mugre con mi hija y en Marruecos como que no encajamos bien y nos peleamos mucho, en este segundo viaje fue mucho mejor. En los dos viajes he conocido un lado diferente de cada uno de la familia\u00bb, asever\u00f3 el patriarca.<\/p>\n<p>A Alessandra los viajes le han ayudado a crecer en un \u00e1mbito m\u00e1s personal, aunque tambi\u00e9n ha conocido de cerca a los dem\u00e1s, ha aprendido a tener m\u00e1s autocontrol de sus emociones.<\/p>\n<p>\u00abProcuro aprender de m\u00ed, estar muy pendiente de las partes que tengo que trabajar, de qu\u00e9 cosas me detonan y por qu\u00e9 y en qu\u00e9 partes tengo que ser m\u00e1s paciente o tolerante\u00bb, asegur\u00f3.<\/p>\n<p>Por su parte, Vadhir mencion\u00f3 que en esta segunda temporada aprendi\u00f3 \u00aba la mala\u00bb ciertas cosas que perjudicaron el proyecto familiar, mientras que Jos\u00e9 Eduardo seguir\u00e1 divirti\u00e9ndose y sacando lo bueno de cualquier circunstancia, aunque sufri\u00f3 un poco el entorno natural al que se sumergieron.<\/p>\n<p>\u00abEs mucha m\u00e1s naturaleza, hay m\u00e1s animales e insectos, que para m\u00ed no son tan padres\u00bb, asegur\u00f3 el &#8216;youtuber&#8217;.<\/p>\n<p>Eugenio est\u00e1 convencido de que esta temporada \u00abes mucho m\u00e1s divertida, amena y ligera\u00bb y que se adentraron en temas \u00abm\u00e1s profundos\u00bb que en la primera.<\/p>\n<p>\u00abEntre m\u00e1s conoces a tu familia se forman lazos m\u00e1s fuertes, nos hemos unido m\u00e1s\u00bb, sentenci\u00f3 Vadhir.<\/p>\n","protected":false},"excerpt":{"rendered":"<p>Ciudad de M\u00e9xico.-Los Derbez, la familia mexicana m\u00e1s conocida de la televisi\u00f3n, tomaron la dif\u00edcil decisi\u00f3n de regresar a las pantallas con un viaje m\u00e1s \u00ab\u00edntimo\u00bb y menos conflictivo que su experiencia en Marruecos para su \u00abreality\u00bb, \u00abDe viaje con los Derbez\u00bb. \u00abFue complicado ponernos de acuerdo porque despu\u00e9s de la primera temporada, la mitad [&hellip;]<\/p>\n","protected":false},"author":158,"featured_media":0,"comment_status":"closed","ping_status":"closed","sticky":false,"template":"","format":"standard","meta":{"footnotes":""},"categories":[2,14],"tags":[],"class_list":["post-2119","post","type-post","status-publish","format-standard","hentry","category-featured","category-noticias"],"yoast_head":"<!-- This site is optimized with the Yoast SEO plugin v27.3 - https:\/\/yoast.com\/product\/yoast-seo-wordpress\/ -->\n<title>Familia Derbez se va &quot;al otro extremo&quot; y llega al bosque en su &quot;reality&quot; - News 105.3 FM<\/title>\n<meta name=\"robots\" content=\"index, follow, max-snippet:-1, max-image-preview:large, max-video-preview:-1\" \/>\n<link rel=\"canonical\" href=\"https:\/\/soynuevaprensadigital.com\/news1053fm\/familia-derbez-se-va-al-otro-extremo-y-llega-al-bosque-en-su-reality\/\" \/>\n<meta property=\"og:locale\" content=\"es_ES\" \/>\n<meta property=\"og:type\" content=\"article\" \/>\n<meta property=\"og:title\" content=\"Familia Derbez se va &quot;al otro extremo&quot; y llega al bosque en su &quot;reality&quot; - News 105.3 FM\" \/>\n<meta property=\"og:description\" content=\"Ciudad de M\u00e9xico.-Los Derbez, la familia mexicana m\u00e1s conocida de la televisi\u00f3n, tomaron la dif\u00edcil decisi\u00f3n de regresar a las pantallas con un viaje m\u00e1s \u00ab\u00edntimo\u00bb y menos conflictivo que su experiencia en Marruecos para su \u00abreality\u00bb, \u00abDe viaje con los Derbez\u00bb. \u00abFue complicado ponernos de acuerdo porque despu\u00e9s de la primera temporada, la mitad [&hellip;]\" \/>\n<meta property=\"og:url\" content=\"https:\/\/soynuevaprensadigital.com\/news1053fm\/familia-derbez-se-va-al-otro-extremo-y-llega-al-bosque-en-su-reality\/\" \/>\n<meta property=\"og:site_name\" content=\"News 105.3 FM\" \/>\n<meta property=\"article:publisher\" content=\"https:\/\/www.facebook.com\/News1053fm-1655395028099413\/\" \/>\n<meta property=\"article:author\" content=\"https:\/\/www.facebook.com\/AlvisCristinaHe\" \/>\n<meta property=\"article:published_time\" content=\"2021-05-16T00:38:05+00:00\" \/>\n<meta property=\"article:modified_time\" content=\"2021-05-19T01:46:45+00:00\" \/>\n<meta property=\"og:image\" content=\"https:\/\/soynuevaprensadigital.com\/news1053fm\/wp-content\/uploads\/sites\/3\/2021\/05\/b5854fc4756e44c013016a742455f35f35d06af4w.jpg\" \/>\n\t<meta property=\"og:image:width\" content=\"1920\" \/>\n\t<meta property=\"og:image:height\" content=\"1110\" \/>\n\t<meta property=\"og:image:type\" content=\"image\/jpeg\" \/>\n<meta name=\"author\" content=\"Alvis Cristina Herrera\" \/>\n<meta name=\"twitter:card\" content=\"summary_large_image\" \/>\n<meta name=\"twitter:creator\" content=\"@https:\/\/www.twitter.com\/alviscristinahe\/\" \/>\n<meta name=\"twitter:site\" content=\"@news105_3fm\" \/>\n<meta name=\"twitter:label1\" content=\"Escrito por\" \/>\n\t<meta name=\"twitter:data1\" content=\"Alvis Cristina Herrera\" \/>\n\t<meta name=\"twitter:label2\" content=\"Tiempo de lectura\" \/>\n\t<meta name=\"twitter:data2\" content=\"4 minutos\" \/>\n<script type=\"application\/ld+json\" class=\"yoast-schema-graph\">{\"@context\":\"https:\\\/\\\/schema.org\",\"@graph\":[{\"@type\":\"Article\",\"@id\":\"https:\\\/\\\/soynuevaprensadigital.com\\\/news1053fm\\\/familia-derbez-se-va-al-otro-extremo-y-llega-al-bosque-en-su-reality\\\/#article\",\"isPartOf\":{\"@id\":\"https:\\\/\\\/soynuevaprensadigital.com\\\/news1053fm\\\/familia-derbez-se-va-al-otro-extremo-y-llega-al-bosque-en-su-reality\\\/\"},\"author\":{\"name\":\"Alvis Cristina Herrera\",\"@id\":\"https:\\\/\\\/soynuevaprensadigital.com\\\/news1053fm\\\/#\\\/schema\\\/person\\\/aa2d09ab130e943e3c7b360a32177538\"},\"headline\":\"Familia Derbez se va \u00abal otro extremo\u00bb y llega al bosque en su \u00abreality\u00bb\",\"datePublished\":\"2021-05-16T00:38:05+00:00\",\"dateModified\":\"2021-05-19T01:46:45+00:00\",\"mainEntityOfPage\":{\"@id\":\"https:\\\/\\\/soynuevaprensadigital.com\\\/news1053fm\\\/familia-derbez-se-va-al-otro-extremo-y-llega-al-bosque-en-su-reality\\\/\"},\"wordCount\":776,\"articleSection\":[\"Featured\",\"Noticias\"],\"inLanguage\":\"es\"},{\"@type\":\"WebPage\",\"@id\":\"https:\\\/\\\/soynuevaprensadigital.com\\\/news1053fm\\\/familia-derbez-se-va-al-otro-extremo-y-llega-al-bosque-en-su-reality\\\/\",\"url\":\"https:\\\/\\\/soynuevaprensadigital.com\\\/news1053fm\\\/familia-derbez-se-va-al-otro-extremo-y-llega-al-bosque-en-su-reality\\\/\",\"name\":\"Familia Derbez se va \\\"al otro extremo\\\" y llega al bosque en su \\\"reality\\\" - News 105.3 FM\",\"isPartOf\":{\"@id\":\"https:\\\/\\\/soynuevaprensadigital.com\\\/news1053fm\\\/#website\"},\"datePublished\":\"2021-05-16T00:38:05+00:00\",\"dateModified\":\"2021-05-19T01:46:45+00:00\",\"author\":{\"@id\":\"https:\\\/\\\/soynuevaprensadigital.com\\\/news1053fm\\\/#\\\/schema\\\/person\\\/aa2d09ab130e943e3c7b360a32177538\"},\"breadcrumb\":{\"@id\":\"https:\\\/\\\/soynuevaprensadigital.com\\\/news1053fm\\\/familia-derbez-se-va-al-otro-extremo-y-llega-al-bosque-en-su-reality\\\/#breadcrumb\"},\"inLanguage\":\"es\",\"potentialAction\":[{\"@type\":\"ReadAction\",\"target\":[\"https:\\\/\\\/soynuevaprensadigital.com\\\/news1053fm\\\/familia-derbez-se-va-al-otro-extremo-y-llega-al-bosque-en-su-reality\\\/\"]}]},{\"@type\":\"BreadcrumbList\",\"@id\":\"https:\\\/\\\/soynuevaprensadigital.com\\\/news1053fm\\\/familia-derbez-se-va-al-otro-extremo-y-llega-al-bosque-en-su-reality\\\/#breadcrumb\",\"itemListElement\":[{\"@type\":\"ListItem\",\"position\":1,\"name\":\"Portada\",\"item\":\"https:\\\/\\\/soynuevaprensadigital.com\\\/news1053fm\\\/\"},{\"@type\":\"ListItem\",\"position\":2,\"name\":\"Familia Derbez se va \u00abal otro extremo\u00bb y llega al bosque en su \u00abreality\u00bb\"}]},{\"@type\":\"WebSite\",\"@id\":\"https:\\\/\\\/soynuevaprensadigital.com\\\/news1053fm\\\/#website\",\"url\":\"https:\\\/\\\/soynuevaprensadigital.com\\\/news1053fm\\\/\",\"name\":\"News 105.3 FM\",\"description\":\"Nuestro compromiso contigo nos permite ofrecerte la radio de mejor calidad, la frecuencia m\u00e1s limpia yel entretenimiento para todos los gustos.\",\"potentialAction\":[{\"@type\":\"SearchAction\",\"target\":{\"@type\":\"EntryPoint\",\"urlTemplate\":\"https:\\\/\\\/soynuevaprensadigital.com\\\/news1053fm\\\/?s={search_term_string}\"},\"query-input\":{\"@type\":\"PropertyValueSpecification\",\"valueRequired\":true,\"valueName\":\"search_term_string\"}}],\"inLanguage\":\"es\"},{\"@type\":\"Person\",\"@id\":\"https:\\\/\\\/soynuevaprensadigital.com\\\/news1053fm\\\/#\\\/schema\\\/person\\\/aa2d09ab130e943e3c7b360a32177538\",\"name\":\"Alvis Cristina Herrera\",\"image\":{\"@type\":\"ImageObject\",\"inLanguage\":\"es\",\"@id\":\"https:\\\/\\\/secure.gravatar.com\\\/avatar\\\/6a4b461595fbd8c4d0947e89062b7b1df5ea5bc6348126d9594f8d0cece5be89?s=96&d=mm&r=g\",\"url\":\"https:\\\/\\\/secure.gravatar.com\\\/avatar\\\/6a4b461595fbd8c4d0947e89062b7b1df5ea5bc6348126d9594f8d0cece5be89?s=96&d=mm&r=g\",\"contentUrl\":\"https:\\\/\\\/secure.gravatar.com\\\/avatar\\\/6a4b461595fbd8c4d0947e89062b7b1df5ea5bc6348126d9594f8d0cece5be89?s=96&d=mm&r=g\",\"caption\":\"Alvis Cristina Herrera\"},\"sameAs\":[\"https:\\\/\\\/www.facebook.com\\\/AlvisCristinaHe\",\"https:\\\/\\\/www.instagram.com\\\/alviscristinahe\\\/\",\"https:\\\/\\\/www.linkedin.com\\\/in\\\/alviscristinahe\\\/\",\"https:\\\/\\\/x.com\\\/https:\\\/\\\/www.twitter.com\\\/alviscristinahe\\\/\"],\"url\":\"https:\\\/\\\/soynuevaprensadigital.com\\\/news1053fm\\\/author\\\/alvisherrera\\\/\"}]}<\/script>\n<!-- \/ Yoast SEO plugin. -->","yoast_head_json":{"title":"Familia Derbez se va \"al otro extremo\" y llega al bosque en su \"reality\" - News 105.3 FM","robots":{"index":"index","follow":"follow","max-snippet":"max-snippet:-1","max-image-preview":"max-image-preview:large","max-video-preview":"max-video-preview:-1"},"canonical":"https:\/\/soynuevaprensadigital.com\/news1053fm\/familia-derbez-se-va-al-otro-extremo-y-llega-al-bosque-en-su-reality\/","og_locale":"es_ES","og_type":"article","og_title":"Familia Derbez se va \"al otro extremo\" y llega al bosque en su \"reality\" - News 105.3 FM","og_description":"Ciudad de M\u00e9xico.-Los Derbez, la familia mexicana m\u00e1s conocida de la televisi\u00f3n, tomaron la dif\u00edcil decisi\u00f3n de regresar a las pantallas con un viaje m\u00e1s \u00ab\u00edntimo\u00bb y menos conflictivo que su experiencia en Marruecos para su \u00abreality\u00bb, \u00abDe viaje con los Derbez\u00bb. \u00abFue complicado ponernos de acuerdo porque despu\u00e9s de la primera temporada, la mitad [&hellip;]","og_url":"https:\/\/soynuevaprensadigital.com\/news1053fm\/familia-derbez-se-va-al-otro-extremo-y-llega-al-bosque-en-su-reality\/","og_site_name":"News 105.3 FM","article_publisher":"https:\/\/www.facebook.com\/News1053fm-1655395028099413\/","article_author":"https:\/\/www.facebook.com\/AlvisCristinaHe","article_published_time":"2021-05-16T00:38:05+00:00","article_modified_time":"2021-05-19T01:46:45+00:00","og_image":[{"width":1920,"height":1110,"url":"https:\/\/soynuevaprensadigital.com\/news1053fm\/wp-content\/uploads\/sites\/3\/2021\/05\/b5854fc4756e44c013016a742455f35f35d06af4w.jpg","type":"image\/jpeg"}],"author":"Alvis Cristina Herrera","twitter_card":"summary_large_image","twitter_creator":"@https:\/\/www.twitter.com\/alviscristinahe\/","twitter_site":"@news105_3fm","twitter_misc":{"Escrito por":"Alvis Cristina Herrera","Tiempo de lectura":"4 minutos"},"schema":{"@context":"https:\/\/schema.org","@graph":[{"@type":"Article","@id":"https:\/\/soynuevaprensadigital.com\/news1053fm\/familia-derbez-se-va-al-otro-extremo-y-llega-al-bosque-en-su-reality\/#article","isPartOf":{"@id":"https:\/\/soynuevaprensadigital.com\/news1053fm\/familia-derbez-se-va-al-otro-extremo-y-llega-al-bosque-en-su-reality\/"},"author":{"name":"Alvis Cristina Herrera","@id":"https:\/\/soynuevaprensadigital.com\/news1053fm\/#\/schema\/person\/aa2d09ab130e943e3c7b360a32177538"},"headline":"Familia Derbez se va \u00abal otro extremo\u00bb y llega al bosque en su \u00abreality\u00bb","datePublished":"2021-05-16T00:38:05+00:00","dateModified":"2021-05-19T01:46:45+00:00","mainEntityOfPage":{"@id":"https:\/\/soynuevaprensadigital.com\/news1053fm\/familia-derbez-se-va-al-otro-extremo-y-llega-al-bosque-en-su-reality\/"},"wordCount":776,"articleSection":["Featured","Noticias"],"inLanguage":"es"},{"@type":"WebPage","@id":"https:\/\/soynuevaprensadigital.com\/news1053fm\/familia-derbez-se-va-al-otro-extremo-y-llega-al-bosque-en-su-reality\/","url":"https:\/\/soynuevaprensadigital.com\/news1053fm\/familia-derbez-se-va-al-otro-extremo-y-llega-al-bosque-en-su-reality\/","name":"Familia Derbez se va \"al otro extremo\" y llega al bosque en su \"reality\" - News 105.3 FM","isPartOf":{"@id":"https:\/\/soynuevaprensadigital.com\/news1053fm\/#website"},"datePublished":"2021-05-16T00:38:05+00:00","dateModified":"2021-05-19T01:46:45+00:00","author":{"@id":"https:\/\/soynuevaprensadigital.com\/news1053fm\/#\/schema\/person\/aa2d09ab130e943e3c7b360a32177538"},"breadcrumb":{"@id":"https:\/\/soynuevaprensadigital.com\/news1053fm\/familia-derbez-se-va-al-otro-extremo-y-llega-al-bosque-en-su-reality\/#breadcrumb"},"inLanguage":"es","potentialAction":[{"@type":"ReadAction","target":["https:\/\/soynuevaprensadigital.com\/news1053fm\/familia-derbez-se-va-al-otro-extremo-y-llega-al-bosque-en-su-reality\/"]}]},{"@type":"BreadcrumbList","@id":"https:\/\/soynuevaprensadigital.com\/news1053fm\/familia-derbez-se-va-al-otro-extremo-y-llega-al-bosque-en-su-reality\/#breadcrumb","itemListElement":[{"@type":"ListItem","position":1,"name":"Portada","item":"https:\/\/soynuevaprensadigital.com\/news1053fm\/"},{"@type":"ListItem","position":2,"name":"Familia Derbez se va \u00abal otro extremo\u00bb y llega al bosque en su \u00abreality\u00bb"}]},{"@type":"WebSite","@id":"https:\/\/soynuevaprensadigital.com\/news1053fm\/#website","url":"https:\/\/soynuevaprensadigital.com\/news1053fm\/","name":"News 105.3 FM","description":"Nuestro compromiso contigo nos permite ofrecerte la radio de mejor calidad, la frecuencia m\u00e1s limpia yel entretenimiento para todos los gustos.","potentialAction":[{"@type":"SearchAction","target":{"@type":"EntryPoint","urlTemplate":"https:\/\/soynuevaprensadigital.com\/news1053fm\/?s={search_term_string}"},"query-input":{"@type":"PropertyValueSpecification","valueRequired":true,"valueName":"search_term_string"}}],"inLanguage":"es"},{"@type":"Person","@id":"https:\/\/soynuevaprensadigital.com\/news1053fm\/#\/schema\/person\/aa2d09ab130e943e3c7b360a32177538","name":"Alvis Cristina Herrera","image":{"@type":"ImageObject","inLanguage":"es","@id":"https:\/\/secure.gravatar.com\/avatar\/6a4b461595fbd8c4d0947e89062b7b1df5ea5bc6348126d9594f8d0cece5be89?s=96&d=mm&r=g","url":"https:\/\/secure.gravatar.com\/avatar\/6a4b461595fbd8c4d0947e89062b7b1df5ea5bc6348126d9594f8d0cece5be89?s=96&d=mm&r=g","contentUrl":"https:\/\/secure.gravatar.com\/avatar\/6a4b461595fbd8c4d0947e89062b7b1df5ea5bc6348126d9594f8d0cece5be89?s=96&d=mm&r=g","caption":"Alvis Cristina Herrera"},"sameAs":["https:\/\/www.facebook.com\/AlvisCristinaHe","https:\/\/www.instagram.com\/alviscristinahe\/","https:\/\/www.linkedin.com\/in\/alviscristinahe\/","https:\/\/x.com\/https:\/\/www.twitter.com\/alviscristinahe\/"],"url":"https:\/\/soynuevaprensadigital.com\/news1053fm\/author\/alvisherrera\/"}]}},"_links":{"self":[{"href":"https:\/\/soynuevaprensadigital.com\/news1053fm\/wp-json\/wp\/v2\/posts\/2119","targetHints":{"allow":["GET"]}}],"collection":[{"href":"https:\/\/soynuevaprensadigital.com\/news1053fm\/wp-json\/wp\/v2\/posts"}],"about":[{"href":"https:\/\/soynuevaprensadigital.com\/news1053fm\/wp-json\/wp\/v2\/types\/post"}],"author":[{"embeddable":true,"href":"https:\/\/soynuevaprensadigital.com\/news1053fm\/wp-json\/wp\/v2\/users\/158"}],"replies":[{"embeddable":true,"href":"https:\/\/soynuevaprensadigital.com\/news1053fm\/wp-json\/wp\/v2\/comments?post=2119"}],"version-history":[{"count":0,"href":"https:\/\/soynuevaprensadigital.com\/news1053fm\/wp-json\/wp\/v2\/posts\/2119\/revisions"}],"wp:attachment":[{"href":"https:\/\/soynuevaprensadigital.com\/news1053fm\/wp-json\/wp\/v2\/media?parent=2119"}],"wp:term":[{"taxonomy":"category","embeddable":true,"href":"https:\/\/soynuevaprensadigital.com\/news1053fm\/wp-json\/wp\/v2\/categories?post=2119"},{"taxonomy":"post_tag","embeddable":true,"href":"https:\/\/soynuevaprensadigital.com\/news1053fm\/wp-json\/wp\/v2\/tags?post=2119"}],"curies":[{"name":"wp","href":"https:\/\/api.w.org\/{rel}","templated":true}]}}