{"id":3008,"date":"2022-06-09T15:14:14","date_gmt":"2022-06-09T19:14:14","guid":{"rendered":"https:\/\/soynuevaprensadigital.com\/news1053fm\/?p=3008"},"modified":"2022-06-09T16:29:15","modified_gmt":"2022-06-09T20:29:15","slug":"artistas-se-reunieron-a-beneficio-de-chyno","status":"publish","type":"post","link":"https:\/\/soynuevaprensadigital.com\/news1053fm\/artistas-se-reunieron-a-beneficio-de-chyno\/","title":{"rendered":"Artistas se reunieron a beneficio de Chyno"},"content":{"rendered":"<p><strong>Miami.-<\/strong>El evento en beneficio a la recuperaci\u00f3n del cantante venezolano Chyno Miranda estuvo lleno de artistas y presentadores importantes de la palestra nacional e internacional.<\/p>\n<p>El concierto se dio en las instalaciones de La Scala de Miami y estuvo dirigido por figuras de la televisi\u00f3n venezolana como Nelson Bustamante, Daniel Sarcos, Patricia Zavala y el creador de contenido Marko M\u00fasica.<\/p>\n<p>Este \u00faltimo comparti\u00f3 los detalles del recital a trav\u00e9s de sus redes sociales.<\/p>\n<p>En el show, estuvieron presente un conjunto de artistas venezolanos que se lucieron como el d\u00fao SanLuis, los hermanos Primera Servando y Florentino, V\u00edctor Drija, Jerry Di, Jonathan Moly junto a su padre Miguel Moly, V\u00edctor Mu\u00f1oz, Reggi El Aut\u00e9ntico y Ronald Brojas.<\/p>\n<p>No solo hubo presencia criolla, tambi\u00e9n se presentaron los cantantes dominicanos Maffio y Sharlene y el puertorrique\u00f1o Guaynaa.<\/p>\n<p>La presentaci\u00f3n realizada por los amigos del artista, destinar\u00e1n el dinero a la familia de Chyno en Venezuela.<\/p>\n<p>Lo recaudado ser\u00e1 para costear los gastos m\u00e9dicos en la cl\u00ednica de rehabilitaci\u00f3n, donde se encuentra Miranda internado en Caracas.<\/p>\n<p><strong>Su Ying Lee Yang<\/strong><\/p>\n","protected":false},"excerpt":{"rendered":"<p>Miami.-El evento en beneficio a la recuperaci\u00f3n del cantante venezolano Chyno Miranda estuvo lleno de artistas y presentadores importantes de la palestra nacional e internacional. El concierto se dio en las instalaciones de La Scala de Miami y estuvo dirigido por figuras de la televisi\u00f3n venezolana como Nelson Bustamante, Daniel Sarcos, Patricia Zavala y el [&hellip;]<\/p>\n","protected":false},"author":158,"featured_media":3009,"comment_status":"closed","ping_status":"closed","sticky":false,"template":"","format":"standard","meta":{"footnotes":""},"categories":[2,14],"tags":[2611,2547,2528,2639],"class_list":["post-3008","post","type-post","status-publish","format-standard","has-post-thumbnail","hentry","category-featured","category-noticias","tag-chyno-miranda","tag-concierto","tag-espectaculos","tag-todos-somos-chyno"],"yoast_head":"<!-- This site is optimized with the Yoast SEO plugin v27.3 - https:\/\/yoast.com\/product\/yoast-seo-wordpress\/ -->\n<title>Artistas se reunieron a beneficio de Chyno - News 105.3 FM<\/title>\n<meta name=\"robots\" content=\"index, follow, max-snippet:-1, max-image-preview:large, max-video-preview:-1\" \/>\n<link rel=\"canonical\" href=\"https:\/\/soynuevaprensadigital.com\/news1053fm\/artistas-se-reunieron-a-beneficio-de-chyno\/\" \/>\n<meta property=\"og:locale\" content=\"es_ES\" \/>\n<meta property=\"og:type\" content=\"article\" \/>\n<meta property=\"og:title\" content=\"Artistas se reunieron a beneficio de Chyno - News 105.3 FM\" \/>\n<meta property=\"og:description\" content=\"Miami.-El evento en beneficio a la recuperaci\u00f3n del cantante venezolano Chyno Miranda estuvo lleno de artistas y presentadores importantes de la palestra nacional e internacional. El concierto se dio en las instalaciones de La Scala de Miami y estuvo dirigido por figuras de la televisi\u00f3n venezolana como Nelson Bustamante, Daniel Sarcos, Patricia Zavala y el [&hellip;]\" \/>\n<meta property=\"og:url\" content=\"https:\/\/soynuevaprensadigital.com\/news1053fm\/artistas-se-reunieron-a-beneficio-de-chyno\/\" \/>\n<meta property=\"og:site_name\" content=\"News 105.3 FM\" \/>\n<meta property=\"article:publisher\" content=\"https:\/\/www.facebook.com\/News1053fm-1655395028099413\/\" \/>\n<meta property=\"article:author\" content=\"https:\/\/www.facebook.com\/AlvisCristinaHe\" \/>\n<meta property=\"article:published_time\" content=\"2022-06-09T19:14:14+00:00\" \/>\n<meta property=\"article:modified_time\" content=\"2022-06-09T20:29:15+00:00\" \/>\n<meta property=\"og:image\" content=\"https:\/\/soynuevaprensadigital.com\/news1053fm\/wp-content\/uploads\/sites\/3\/2022\/06\/Chyno-Miranda.jpg\" \/>\n\t<meta property=\"og:image:width\" content=\"538\" \/>\n\t<meta property=\"og:image:height\" content=\"228\" \/>\n\t<meta property=\"og:image:type\" content=\"image\/jpeg\" \/>\n<meta name=\"author\" content=\"Alvis Cristina Herrera\" \/>\n<meta name=\"twitter:card\" content=\"summary_large_image\" \/>\n<meta name=\"twitter:creator\" content=\"@https:\/\/www.twitter.com\/alviscristinahe\/\" \/>\n<meta name=\"twitter:site\" content=\"@news105_3fm\" \/>\n<meta name=\"twitter:label1\" content=\"Escrito por\" \/>\n\t<meta name=\"twitter:data1\" content=\"Alvis Cristina Herrera\" \/>\n\t<meta name=\"twitter:label2\" content=\"Tiempo de lectura\" \/>\n\t<meta name=\"twitter:data2\" content=\"1 minuto\" \/>\n<script type=\"application\/ld+json\" class=\"yoast-schema-graph\">{\"@context\":\"https:\\\/\\\/schema.org\",\"@graph\":[{\"@type\":\"Article\",\"@id\":\"https:\\\/\\\/soynuevaprensadigital.com\\\/news1053fm\\\/artistas-se-reunieron-a-beneficio-de-chyno\\\/#article\",\"isPartOf\":{\"@id\":\"https:\\\/\\\/soynuevaprensadigital.com\\\/news1053fm\\\/artistas-se-reunieron-a-beneficio-de-chyno\\\/\"},\"author\":{\"name\":\"Alvis Cristina Herrera\",\"@id\":\"https:\\\/\\\/soynuevaprensadigital.com\\\/news1053fm\\\/#\\\/schema\\\/person\\\/aa2d09ab130e943e3c7b360a32177538\"},\"headline\":\"Artistas se reunieron a beneficio de Chyno\",\"datePublished\":\"2022-06-09T19:14:14+00:00\",\"dateModified\":\"2022-06-09T20:29:15+00:00\",\"mainEntityOfPage\":{\"@id\":\"https:\\\/\\\/soynuevaprensadigital.com\\\/news1053fm\\\/artistas-se-reunieron-a-beneficio-de-chyno\\\/\"},\"wordCount\":200,\"image\":{\"@id\":\"https:\\\/\\\/soynuevaprensadigital.com\\\/news1053fm\\\/artistas-se-reunieron-a-beneficio-de-chyno\\\/#primaryimage\"},\"thumbnailUrl\":\"https:\\\/\\\/soynuevaprensadigital.com\\\/news1053fm\\\/wp-content\\\/uploads\\\/sites\\\/3\\\/2022\\\/06\\\/Chyno-Miranda.jpg\",\"keywords\":[\"Chyno Miranda\",\"Concierto\",\"Espect\u00e1culos\",\"Todos Somos Chyno\"],\"articleSection\":[\"Featured\",\"Noticias\"],\"inLanguage\":\"es\"},{\"@type\":\"WebPage\",\"@id\":\"https:\\\/\\\/soynuevaprensadigital.com\\\/news1053fm\\\/artistas-se-reunieron-a-beneficio-de-chyno\\\/\",\"url\":\"https:\\\/\\\/soynuevaprensadigital.com\\\/news1053fm\\\/artistas-se-reunieron-a-beneficio-de-chyno\\\/\",\"name\":\"Artistas se reunieron a beneficio de Chyno - News 105.3 FM\",\"isPartOf\":{\"@id\":\"https:\\\/\\\/soynuevaprensadigital.com\\\/news1053fm\\\/#website\"},\"primaryImageOfPage\":{\"@id\":\"https:\\\/\\\/soynuevaprensadigital.com\\\/news1053fm\\\/artistas-se-reunieron-a-beneficio-de-chyno\\\/#primaryimage\"},\"image\":{\"@id\":\"https:\\\/\\\/soynuevaprensadigital.com\\\/news1053fm\\\/artistas-se-reunieron-a-beneficio-de-chyno\\\/#primaryimage\"},\"thumbnailUrl\":\"https:\\\/\\\/soynuevaprensadigital.com\\\/news1053fm\\\/wp-content\\\/uploads\\\/sites\\\/3\\\/2022\\\/06\\\/Chyno-Miranda.jpg\",\"datePublished\":\"2022-06-09T19:14:14+00:00\",\"dateModified\":\"2022-06-09T20:29:15+00:00\",\"author\":{\"@id\":\"https:\\\/\\\/soynuevaprensadigital.com\\\/news1053fm\\\/#\\\/schema\\\/person\\\/aa2d09ab130e943e3c7b360a32177538\"},\"breadcrumb\":{\"@id\":\"https:\\\/\\\/soynuevaprensadigital.com\\\/news1053fm\\\/artistas-se-reunieron-a-beneficio-de-chyno\\\/#breadcrumb\"},\"inLanguage\":\"es\",\"potentialAction\":[{\"@type\":\"ReadAction\",\"target\":[\"https:\\\/\\\/soynuevaprensadigital.com\\\/news1053fm\\\/artistas-se-reunieron-a-beneficio-de-chyno\\\/\"]}]},{\"@type\":\"ImageObject\",\"inLanguage\":\"es\",\"@id\":\"https:\\\/\\\/soynuevaprensadigital.com\\\/news1053fm\\\/artistas-se-reunieron-a-beneficio-de-chyno\\\/#primaryimage\",\"url\":\"https:\\\/\\\/soynuevaprensadigital.com\\\/news1053fm\\\/wp-content\\\/uploads\\\/sites\\\/3\\\/2022\\\/06\\\/Chyno-Miranda.jpg\",\"contentUrl\":\"https:\\\/\\\/soynuevaprensadigital.com\\\/news1053fm\\\/wp-content\\\/uploads\\\/sites\\\/3\\\/2022\\\/06\\\/Chyno-Miranda.jpg\",\"width\":538,\"height\":228,\"caption\":\"Chyno\"},{\"@type\":\"BreadcrumbList\",\"@id\":\"https:\\\/\\\/soynuevaprensadigital.com\\\/news1053fm\\\/artistas-se-reunieron-a-beneficio-de-chyno\\\/#breadcrumb\",\"itemListElement\":[{\"@type\":\"ListItem\",\"position\":1,\"name\":\"Portada\",\"item\":\"https:\\\/\\\/soynuevaprensadigital.com\\\/news1053fm\\\/\"},{\"@type\":\"ListItem\",\"position\":2,\"name\":\"Artistas se reunieron a beneficio de Chyno\"}]},{\"@type\":\"WebSite\",\"@id\":\"https:\\\/\\\/soynuevaprensadigital.com\\\/news1053fm\\\/#website\",\"url\":\"https:\\\/\\\/soynuevaprensadigital.com\\\/news1053fm\\\/\",\"name\":\"News 105.3 FM\",\"description\":\"Nuestro compromiso contigo nos permite ofrecerte la radio de mejor calidad, la frecuencia m\u00e1s limpia yel entretenimiento para todos los gustos.\",\"potentialAction\":[{\"@type\":\"SearchAction\",\"target\":{\"@type\":\"EntryPoint\",\"urlTemplate\":\"https:\\\/\\\/soynuevaprensadigital.com\\\/news1053fm\\\/?s={search_term_string}\"},\"query-input\":{\"@type\":\"PropertyValueSpecification\",\"valueRequired\":true,\"valueName\":\"search_term_string\"}}],\"inLanguage\":\"es\"},{\"@type\":\"Person\",\"@id\":\"https:\\\/\\\/soynuevaprensadigital.com\\\/news1053fm\\\/#\\\/schema\\\/person\\\/aa2d09ab130e943e3c7b360a32177538\",\"name\":\"Alvis Cristina Herrera\",\"image\":{\"@type\":\"ImageObject\",\"inLanguage\":\"es\",\"@id\":\"https:\\\/\\\/secure.gravatar.com\\\/avatar\\\/6a4b461595fbd8c4d0947e89062b7b1df5ea5bc6348126d9594f8d0cece5be89?s=96&d=mm&r=g\",\"url\":\"https:\\\/\\\/secure.gravatar.com\\\/avatar\\\/6a4b461595fbd8c4d0947e89062b7b1df5ea5bc6348126d9594f8d0cece5be89?s=96&d=mm&r=g\",\"contentUrl\":\"https:\\\/\\\/secure.gravatar.com\\\/avatar\\\/6a4b461595fbd8c4d0947e89062b7b1df5ea5bc6348126d9594f8d0cece5be89?s=96&d=mm&r=g\",\"caption\":\"Alvis Cristina Herrera\"},\"sameAs\":[\"https:\\\/\\\/www.facebook.com\\\/AlvisCristinaHe\",\"https:\\\/\\\/www.instagram.com\\\/alviscristinahe\\\/\",\"https:\\\/\\\/www.linkedin.com\\\/in\\\/alviscristinahe\\\/\",\"https:\\\/\\\/x.com\\\/https:\\\/\\\/www.twitter.com\\\/alviscristinahe\\\/\"],\"url\":\"https:\\\/\\\/soynuevaprensadigital.com\\\/news1053fm\\\/author\\\/alvisherrera\\\/\"}]}<\/script>\n<!-- \/ Yoast SEO plugin. -->","yoast_head_json":{"title":"Artistas se reunieron a beneficio de Chyno - News 105.3 FM","robots":{"index":"index","follow":"follow","max-snippet":"max-snippet:-1","max-image-preview":"max-image-preview:large","max-video-preview":"max-video-preview:-1"},"canonical":"https:\/\/soynuevaprensadigital.com\/news1053fm\/artistas-se-reunieron-a-beneficio-de-chyno\/","og_locale":"es_ES","og_type":"article","og_title":"Artistas se reunieron a beneficio de Chyno - News 105.3 FM","og_description":"Miami.-El evento en beneficio a la recuperaci\u00f3n del cantante venezolano Chyno Miranda estuvo lleno de artistas y presentadores importantes de la palestra nacional e internacional. El concierto se dio en las instalaciones de La Scala de Miami y estuvo dirigido por figuras de la televisi\u00f3n venezolana como Nelson Bustamante, Daniel Sarcos, Patricia Zavala y el [&hellip;]","og_url":"https:\/\/soynuevaprensadigital.com\/news1053fm\/artistas-se-reunieron-a-beneficio-de-chyno\/","og_site_name":"News 105.3 FM","article_publisher":"https:\/\/www.facebook.com\/News1053fm-1655395028099413\/","article_author":"https:\/\/www.facebook.com\/AlvisCristinaHe","article_published_time":"2022-06-09T19:14:14+00:00","article_modified_time":"2022-06-09T20:29:15+00:00","og_image":[{"width":538,"height":228,"url":"https:\/\/soynuevaprensadigital.com\/news1053fm\/wp-content\/uploads\/sites\/3\/2022\/06\/Chyno-Miranda.jpg","type":"image\/jpeg"}],"author":"Alvis Cristina Herrera","twitter_card":"summary_large_image","twitter_creator":"@https:\/\/www.twitter.com\/alviscristinahe\/","twitter_site":"@news105_3fm","twitter_misc":{"Escrito por":"Alvis Cristina Herrera","Tiempo de lectura":"1 minuto"},"schema":{"@context":"https:\/\/schema.org","@graph":[{"@type":"Article","@id":"https:\/\/soynuevaprensadigital.com\/news1053fm\/artistas-se-reunieron-a-beneficio-de-chyno\/#article","isPartOf":{"@id":"https:\/\/soynuevaprensadigital.com\/news1053fm\/artistas-se-reunieron-a-beneficio-de-chyno\/"},"author":{"name":"Alvis Cristina Herrera","@id":"https:\/\/soynuevaprensadigital.com\/news1053fm\/#\/schema\/person\/aa2d09ab130e943e3c7b360a32177538"},"headline":"Artistas se reunieron a beneficio de Chyno","datePublished":"2022-06-09T19:14:14+00:00","dateModified":"2022-06-09T20:29:15+00:00","mainEntityOfPage":{"@id":"https:\/\/soynuevaprensadigital.com\/news1053fm\/artistas-se-reunieron-a-beneficio-de-chyno\/"},"wordCount":200,"image":{"@id":"https:\/\/soynuevaprensadigital.com\/news1053fm\/artistas-se-reunieron-a-beneficio-de-chyno\/#primaryimage"},"thumbnailUrl":"https:\/\/soynuevaprensadigital.com\/news1053fm\/wp-content\/uploads\/sites\/3\/2022\/06\/Chyno-Miranda.jpg","keywords":["Chyno Miranda","Concierto","Espect\u00e1culos","Todos Somos Chyno"],"articleSection":["Featured","Noticias"],"inLanguage":"es"},{"@type":"WebPage","@id":"https:\/\/soynuevaprensadigital.com\/news1053fm\/artistas-se-reunieron-a-beneficio-de-chyno\/","url":"https:\/\/soynuevaprensadigital.com\/news1053fm\/artistas-se-reunieron-a-beneficio-de-chyno\/","name":"Artistas se reunieron a beneficio de Chyno - News 105.3 FM","isPartOf":{"@id":"https:\/\/soynuevaprensadigital.com\/news1053fm\/#website"},"primaryImageOfPage":{"@id":"https:\/\/soynuevaprensadigital.com\/news1053fm\/artistas-se-reunieron-a-beneficio-de-chyno\/#primaryimage"},"image":{"@id":"https:\/\/soynuevaprensadigital.com\/news1053fm\/artistas-se-reunieron-a-beneficio-de-chyno\/#primaryimage"},"thumbnailUrl":"https:\/\/soynuevaprensadigital.com\/news1053fm\/wp-content\/uploads\/sites\/3\/2022\/06\/Chyno-Miranda.jpg","datePublished":"2022-06-09T19:14:14+00:00","dateModified":"2022-06-09T20:29:15+00:00","author":{"@id":"https:\/\/soynuevaprensadigital.com\/news1053fm\/#\/schema\/person\/aa2d09ab130e943e3c7b360a32177538"},"breadcrumb":{"@id":"https:\/\/soynuevaprensadigital.com\/news1053fm\/artistas-se-reunieron-a-beneficio-de-chyno\/#breadcrumb"},"inLanguage":"es","potentialAction":[{"@type":"ReadAction","target":["https:\/\/soynuevaprensadigital.com\/news1053fm\/artistas-se-reunieron-a-beneficio-de-chyno\/"]}]},{"@type":"ImageObject","inLanguage":"es","@id":"https:\/\/soynuevaprensadigital.com\/news1053fm\/artistas-se-reunieron-a-beneficio-de-chyno\/#primaryimage","url":"https:\/\/soynuevaprensadigital.com\/news1053fm\/wp-content\/uploads\/sites\/3\/2022\/06\/Chyno-Miranda.jpg","contentUrl":"https:\/\/soynuevaprensadigital.com\/news1053fm\/wp-content\/uploads\/sites\/3\/2022\/06\/Chyno-Miranda.jpg","width":538,"height":228,"caption":"Chyno"},{"@type":"BreadcrumbList","@id":"https:\/\/soynuevaprensadigital.com\/news1053fm\/artistas-se-reunieron-a-beneficio-de-chyno\/#breadcrumb","itemListElement":[{"@type":"ListItem","position":1,"name":"Portada","item":"https:\/\/soynuevaprensadigital.com\/news1053fm\/"},{"@type":"ListItem","position":2,"name":"Artistas se reunieron a beneficio de Chyno"}]},{"@type":"WebSite","@id":"https:\/\/soynuevaprensadigital.com\/news1053fm\/#website","url":"https:\/\/soynuevaprensadigital.com\/news1053fm\/","name":"News 105.3 FM","description":"Nuestro compromiso contigo nos permite ofrecerte la radio de mejor calidad, la frecuencia m\u00e1s limpia yel entretenimiento para todos los gustos.","potentialAction":[{"@type":"SearchAction","target":{"@type":"EntryPoint","urlTemplate":"https:\/\/soynuevaprensadigital.com\/news1053fm\/?s={search_term_string}"},"query-input":{"@type":"PropertyValueSpecification","valueRequired":true,"valueName":"search_term_string"}}],"inLanguage":"es"},{"@type":"Person","@id":"https:\/\/soynuevaprensadigital.com\/news1053fm\/#\/schema\/person\/aa2d09ab130e943e3c7b360a32177538","name":"Alvis Cristina Herrera","image":{"@type":"ImageObject","inLanguage":"es","@id":"https:\/\/secure.gravatar.com\/avatar\/6a4b461595fbd8c4d0947e89062b7b1df5ea5bc6348126d9594f8d0cece5be89?s=96&d=mm&r=g","url":"https:\/\/secure.gravatar.com\/avatar\/6a4b461595fbd8c4d0947e89062b7b1df5ea5bc6348126d9594f8d0cece5be89?s=96&d=mm&r=g","contentUrl":"https:\/\/secure.gravatar.com\/avatar\/6a4b461595fbd8c4d0947e89062b7b1df5ea5bc6348126d9594f8d0cece5be89?s=96&d=mm&r=g","caption":"Alvis Cristina Herrera"},"sameAs":["https:\/\/www.facebook.com\/AlvisCristinaHe","https:\/\/www.instagram.com\/alviscristinahe\/","https:\/\/www.linkedin.com\/in\/alviscristinahe\/","https:\/\/x.com\/https:\/\/www.twitter.com\/alviscristinahe\/"],"url":"https:\/\/soynuevaprensadigital.com\/news1053fm\/author\/alvisherrera\/"}]}},"_links":{"self":[{"href":"https:\/\/soynuevaprensadigital.com\/news1053fm\/wp-json\/wp\/v2\/posts\/3008","targetHints":{"allow":["GET"]}}],"collection":[{"href":"https:\/\/soynuevaprensadigital.com\/news1053fm\/wp-json\/wp\/v2\/posts"}],"about":[{"href":"https:\/\/soynuevaprensadigital.com\/news1053fm\/wp-json\/wp\/v2\/types\/post"}],"author":[{"embeddable":true,"href":"https:\/\/soynuevaprensadigital.com\/news1053fm\/wp-json\/wp\/v2\/users\/158"}],"replies":[{"embeddable":true,"href":"https:\/\/soynuevaprensadigital.com\/news1053fm\/wp-json\/wp\/v2\/comments?post=3008"}],"version-history":[{"count":0,"href":"https:\/\/soynuevaprensadigital.com\/news1053fm\/wp-json\/wp\/v2\/posts\/3008\/revisions"}],"wp:featuredmedia":[{"embeddable":true,"href":"https:\/\/soynuevaprensadigital.com\/news1053fm\/wp-json\/wp\/v2\/media\/3009"}],"wp:attachment":[{"href":"https:\/\/soynuevaprensadigital.com\/news1053fm\/wp-json\/wp\/v2\/media?parent=3008"}],"wp:term":[{"taxonomy":"category","embeddable":true,"href":"https:\/\/soynuevaprensadigital.com\/news1053fm\/wp-json\/wp\/v2\/categories?post=3008"},{"taxonomy":"post_tag","embeddable":true,"href":"https:\/\/soynuevaprensadigital.com\/news1053fm\/wp-json\/wp\/v2\/tags?post=3008"}],"curies":[{"name":"wp","href":"https:\/\/api.w.org\/{rel}","templated":true}]}}